{"id":4604,"date":"2023-07-14T15:12:07","date_gmt":"2023-07-14T15:12:07","guid":{"rendered":"https:\/\/www.rbc.com\/fr\/objectif-avenir\/?post_type=rbc_story&#038;p=4604"},"modified":"2023-07-31T16:57:45","modified_gmt":"2023-07-31T16:57:45","slug":"letude-perspectives-jeunesse-2023","status":"publish","type":"rbc_story","link":"https:\/\/www.rbc.com\/fr\/objectif-avenir\/stories\/letude-perspectives-jeunesse-2023\/","title":{"rendered":"L\u2019exp\u00e9rience de travail pratique serait le facteur d\u2019embauche le plus important selon une \u00e9tude aupr\u00e8s de jeunes employ\u00e9s"},"content":{"rendered":"\n<section class=\"wp-block-rbc-section-block  pos-rel section-cool-white pad-t-0 pad-b-0\" style=\"border-radius:0px\">\n<div class=\"wp-block-rbc-section-inner-block  section-inner inner-section-cool-white pad-b-0 pad-t-0\" style=\"border-radius:0x\">\t\n\t<div class=\"wp-block-tk-spacer id-c114cbc7-b1af-4cdc-a1d6-d6d093c55dc7\" aria-hidden=\"true\"><\/div>\n\t\n\n\n<div class=\"wp-block-columns is-layout-flex wp-container-6 are-vertically-aligned-center default is-style-default mar-b-0 wp-container-core-columns-is-layout-28f84493 wp-block-columns-is-layout-flex\">\n<div class=\"wp-block-column is-vertically-aligned-center mar-r mob-mar-r-0 mob-mar-b is-layout-flow wp-block-column-is-layout-flow\">\n<div class=\"wp-block-group is-vertical is-layout-flex is-style-default default wp-container-core-group-is-layout-fe9cc265 wp-block-group-is-layout-flex\"><h2 class=\"h2 mar-t mob-mar-t-hlf mar-b mob-mar-b-hlf wp-block-post-title\">L\u2019exp\u00e9rience de travail pratique serait le facteur d\u2019embauche le plus important selon une \u00e9tude aupr\u00e8s de jeunes employ\u00e9s<\/h2>\n\n\n<div class=\"wp-block-buttons is-layout-flex wp-block-buttons-is-layout-flex\"><div>\n<div class=\"wp-block-button is-style-primary primary btn before mob-mar-b\" style=\"text-transform:none\"><a class=\"wp-block-button__link wp-element-button\" href=\"https:\/\/www.rbc.com\/en\/future-launch\/wp-content\/uploads\/sites\/9\/2022\/09\/RBC-Youth-Outlook-Study-2023_Infographic-FR.pdf\" data-dig-id=\"LP-4604-003868de\" data-dig-category=\"LP\" data-dig-action=\"button click\" data-dig-label=\"T\u00e9l\u00e9charger le r\u00e9sum\u00e9 de L\u2019\u00e9tude perspectives jeunesse-https:\/\/www.rbc.com\/en\/future-launch\/wp-content\/uploads\/sites\/9\/2022\/09\/RBC-Youth-Outlook-Study-2023_Infographic-FR.pdf \">T\u00e9l\u00e9charger le r\u00e9sum\u00e9 de L\u2019\u00e9tude perspectives jeunesse<\/a><\/div>\n<\/div><\/div>\n<\/div>\n<\/div>\n\n\n\n<div class=\"wp-block-column is-layout-flow wp-block-column-is-layout-flow\"><figure style=\"width:570px;height:375px;\" class=\"wp-block-post-featured-image\"><img loading=\"lazy\" decoding=\"async\" width=\"1024\" height=\"683\" src=\"https:\/\/www.rbc.com\/fr\/objectif-avenir\/wp-content\/uploads\/sites\/10\/2023\/07\/GettyImages-598524057_medium.jpg?quality=80&amp;w=1024\" class=\"attachment-post-thumbnail size-post-thumbnail wp-post-image\" alt=\"\" style=\"height:375px;object-fit:cover;\" srcset=\"https:\/\/www.rbc.com\/fr\/objectif-avenir\/wp-content\/uploads\/sites\/10\/2023\/07\/GettyImages-598524057_medium.jpg 2121w, https:\/\/www.rbc.com\/fr\/objectif-avenir\/wp-content\/uploads\/sites\/10\/2023\/07\/GettyImages-598524057_medium.jpg?resize=300,200 300w, https:\/\/www.rbc.com\/fr\/objectif-avenir\/wp-content\/uploads\/sites\/10\/2023\/07\/GettyImages-598524057_medium.jpg?resize=768,512 768w, https:\/\/www.rbc.com\/fr\/objectif-avenir\/wp-content\/uploads\/sites\/10\/2023\/07\/GettyImages-598524057_medium.jpg?resize=1024,683 1024w, https:\/\/www.rbc.com\/fr\/objectif-avenir\/wp-content\/uploads\/sites\/10\/2023\/07\/GettyImages-598524057_medium.jpg?resize=1536,1024 1536w, https:\/\/www.rbc.com\/fr\/objectif-avenir\/wp-content\/uploads\/sites\/10\/2023\/07\/GettyImages-598524057_medium.jpg?resize=2048,1365 2048w\" sizes=\"auto, (max-width: 1024px) 100vw, 1024px\" \/><\/figure><\/div>\n<\/div>\n\n\n\t\n\t<div class=\"wp-block-tk-spacer id-876bb6f1-5305-4713-acf4-45012602870b\" aria-hidden=\"true\"><\/div>\n\t<\/div>\n<\/section>\n\n\n\n<section class=\"wp-block-rbc-section-block  pos-rel pad-t-0 pad-b-0\" style=\"border-radius:0px\">\n<div class=\"wp-block-rbc-section-inner-block  section-inner pad-t-0 pad-b-0\" style=\"border-radius:0x\">\t\n\t<div class=\"wp-block-tk-spacer id-c8cc18f8-6dd8-417b-9892-38dc26360071\" aria-hidden=\"true\"><\/div>\n\t\n\n\n<div class=\"wp-block-columns mar-b-qtr is-layout-flex wp-container-core-columns-is-layout-28f84493 wp-block-columns-is-layout-flex\">\n<div class=\"wp-block-column mar-r mob-mar-r-0 mob-mar-b-hlf is-layout-flow wp-block-column-is-layout-flow\" style=\"flex-basis:770px\">\n<p class=\"mar-b\">M\u00eame devant l\u2019inflation vertigineuse, la menace d\u2019une r\u00e9cession, les conflits internationaux et la crise climatique, les jeunes Canadiens continuent de garder espoir. L\u2019\u00e9tude Perspectives jeunesse de 2023, men\u00e9e par la firme Ipsos en partenariat avec RBC&nbsp;Fondation, a sond\u00e9 1&nbsp;800&nbsp;jeunes Canadiens \u00e2g\u00e9s de 14 \u00e0 29&nbsp;ans afin d\u2019en savoir plus sur un \u00e9ventail de sujets, dont l\u2019acc\u00e8s aux services, la&nbsp;<a href=\"https:\/\/www.rbc.com\/en\/future-launch\/resource-type\/research-insights\/mental-health-youth-outlook-study-2023\/\" target=\"_blank\" rel=\"noreferrer noopener\"><\/a><a href=\"https:\/\/www.rbc.com\/en\/future-launch\/resource-type\/research-insights\/mental-health-youth-outlook-study-2023\/\" data-dig-id=\"LP-4604-05bce705\" data-dig-category=\"LP\" data-dig-action=\"link click\" data-dig-label=\"sant\u00e9 mentale\" class=\"rbc-link-format\">sant\u00e9 mentale<\/a>, l\u2019acquisition de comp\u00e9tences et l\u2019exp\u00e9rience professionnelle. Il en ressort notamment que les jeunes se montrent plus optimistes quant \u00e0 l\u2019avenir du travail \u00e0 mesure qu\u2019ils retrouvent l\u2019apprentissage en personne et s\u2019adaptent au travail hybride.<\/p>\n\n\n\n<h3 class=\"mar-b-hlf has-rbc-bright-blue-color has-text-color wp-block-heading\" id=\"anchor2\">Portrait de l\u2019\u00e9tat d\u2019esprit des jeunes Canadiens<\/h3>\n\n\n\n<p class=\"mar-b\">Par rapport \u00e0 <a href=\"https:\/\/www.rbc.com\/dms\/enterprise\/futurelaunch\/_assets-custom\/pdf\/future-launch-youth-outlook-study-2022-infographic-fr.pdf\" data-dig-id=\"LP-4604-372ffdcb\" data-dig-category=\"LP\" data-dig-action=\"link click\" data-dig-label=\"2022,\" class=\"rbc-link-format\">2022,<\/a> ils sont plus nombreux \u00e0 se d\u00e9clarer heureux et motiv\u00e9s la plupart du temps. Toujours par rapport \u00e0 l\u2019ann\u00e9e pass\u00e9e, ils sont moins nombreux \u00e0 se sentir d\u00e9pass\u00e9s ou isol\u00e9s, et ils sont consid\u00e9rablement plus satisfaits de leur vie. On note toutefois des variations selon les groupes d\u00e9mographiques. Les jeunes femmes et les jeunes filles, les personnes handicap\u00e9es et la communaut\u00e9 LGBTQ2S+ continuent de combattre l\u2019adversit\u00e9, alors que d\u2019autres personnes (particuli\u00e8rement les jeunes hommes) se portent mieux, ce qui t\u00e9moigne de probl\u00e8mes syst\u00e9miques bien ancr\u00e9s.<br><br>Explorez plus en d\u00e9tail les autres conclusions importantes de l\u2019\u00e9tude&nbsp;:<\/p>\n\n\n\n<div class=\"wp-block-group mar-b is-nowrap is-layout-flex wp-container-core-group-is-layout-6c531013 wp-block-group-is-layout-flex\">\n<div class=\"wp-block-rbc-icon-block mar-r-hlf\"><img loading=\"lazy\" decoding=\"async\" width=\"75\" height=\"75\" class=\"icon icon-40\" src=\"https:\/\/www.rbc.com\/fr\/objectif-avenir\/wp-content\/plugins\/rbc-blocks\/\/assets\/img\/icons\/icon-number-1.svg\" alt=\"icons\/icon-number-1\" \/><\/div>\n\n\n\n<h4 class=\"wp-block-heading\">Avenir du monde du travail<\/h4>\n<\/div>\n\n\n\n<p class=\"mar-b-hlf\"><strong>Plus de la moiti\u00e9 des jeunes Canadiens sont emball\u00e9s par leur avenir professionnel. <\/strong>Pour les personnes aux prises avec des probl\u00e8mes de bien-\u00eatre psychologique ou financier, l\u2019avenir demeure inqui\u00e9tant, qu\u2019il s\u2019agisse de la recherche de l\u2019emploi id\u00e9al, du manque de formation ou d\u2019exp\u00e9rience, ou encore de la menace de l\u2019automatisation.<\/p>\n\n\n\n<div class=\"wp-block-rbc-rbc-default-collapsible  mar-b\"><p><button class=\"collapse-toggle collapsed\" data-target=\"#collapse636d5283\" data-toggle=\"collapse\" aria-expanded=\"false\" aria-controls=\"collapse636d5283\" data-dig-id=\"LP-4604-636d5283\" data-dig-category=\"LP\" data-dig-action=\"accordion closed\" action-closed=\"accordion closed\" action-opened=\"accordion open\" data-dig-label=\"Voici l\u2019aide qu\u2019Objectif avenir RBC peut apporter\"><div>Voici l\u2019aide qu\u2019Objectif avenir RBC peut apporter<\/div><\/button><\/p><div class=\"collapse-content collapse\" id=\"collapse636d5283\">\n<div class=\"wp-block-rbc-collapsible-inner-block collapse-inner\">\n<h5 class=\"wp-block-heading\">Discover career opportunities with skills you have or want to gain<\/h5>\n\n\n\n<p class=\"pad-b\">Optimis\u00e9 par FutureFit&nbsp;AI, Hopcarri\u00e8re RBC est un outil de gestion de carri\u00e8re gratuit et intelligent qui apprend \u00e0 vous conna\u00eetre&nbsp;\u2013 vos aptitudes professionnelles, vos int\u00e9r\u00eats, votre exp\u00e9rience de travail et vos ant\u00e9c\u00e9dents scolaires pertinents \u2013 pour vous aider \u00e0 d\u00e9couvrir et \u00e0 d\u00e9crocher l\u2019emploi dont vous r\u00eavez.<\/p>\n\n\n\t\t\t\t<div class=\"wp-block-rbc-single-post-card-v2\">\n\t\t\t\t\t\n<article id=\"post-501\" class=\"rbccom-single-post-card single-post-card-v2-horizontal post-501 post type-post status-publish format-standard has-post-thumbnail hentry category-uncategorized rbc_location-alberta rbc_location-colombie-britannique rbc_location-en-ligne rbc_location-ile-du-prince-edouard rbc_location-manitoba rbc_location-nouveau-brunswick rbc_location-nouvelle-ecosse rbc_location-nunavut rbc_location-ontario rbc_location-quebec rbc_location-saskatchewan rbc_location-terre-neuve-et-labrador rbc_location-territoires-du-nord-ouest rbc_location-yukon rbc_topic-preparation-a-lemploi rbc_topic-ressources-en-matiere-de-carriere rbc_topic-soutien-a-la-carriere rbc_goal-aux-etudes rbc_goal-je-cherche-un-emploi rbc_goal-je-reflechis-a-la-prochaine-etape rbc_goal-je-veux-faire-avancer-ma-carriere rbc_resource_type-outils\">\n  <a target=\"_self\" href=\"https:\/\/www.rbc.com\/fr\/objectif-avenir\/type-de-ressource\/outils\/hopcarriere\">\n    <div class=\"single-post-card-v2-container\">\n      <div class=\"col-wpr\">\n        <div class=\"col-4\">\n                      <div class=\"single-post-card-v2-image-container\" style=\"background-image:url('https:\/\/www.rbc.com\/fr\/objectif-avenir\/wp-content\/uploads\/sites\/10\/2023\/02\/iStock-2206649798.jpg?quality=80&#038;w=1024)\"><\/div>\n                  <\/div>\n        <div class=\"col-auto\">\n                      <div class=\"wp-block-post-terms article-post-tag mar-b\">\n                              <p>Pr\u00e9paration \u00e0 l\u2019emploi<\/p>\n                              <p>Ressources en mati\u00e8re de carri\u00e8re<\/p>\n                              <p>Soutien \u00e0 la carri\u00e8re<\/p>\n                          <\/div>\n                    <div class=\"single-post-card-v2-content-container\">\n            <h4 class=\"mar-b-hlf mar-t-0 truncate-third-line\">Hopcarri\u00e8re, optimis\u00e9 par FutureFit AI : D\u00e9couvrez et lib\u00e9rez votre potentiel professionnel<\/h4>\n\t\t\t\t\t\t\t\t\t\t\t\t\t<p class=\"mar-b-hlf\">Utilisez cet outil de gestion de carri\u00e8re gratuit et intelligent qui se fonde sur vos aptitudes professionnelles, vos int\u00e9r\u00eats, votre exp\u00e9rience&#8230;<\/p>\n\t\t\t\t\t\t\t          <\/div>\n        <\/div>\n      <\/div>\n    <\/div>\n  <\/a>\n<\/article>\n\t\t\t\t<\/div>\n\t\t\t<\/div>\n<\/div><\/div>\n\n\n\n<div class=\"wp-block-group mar-b is-nowrap is-layout-flex wp-container-core-group-is-layout-6c531013 wp-block-group-is-layout-flex\">\n<div class=\"wp-block-rbc-icon-block mar-r-hlf\"><img loading=\"lazy\" decoding=\"async\" width=\"75\" height=\"75\" class=\"icon icon-40\" src=\"https:\/\/www.rbc.com\/fr\/objectif-avenir\/wp-content\/plugins\/rbc-blocks\/\/assets\/img\/icons\/icon-number-2.svg\" alt=\"icons\/icon-number-2\" \/><\/div>\n\n\n\n<h4 class=\"wp-block-heading\" id=\"h-la-cle-des-perspectives-de-carriere-l-experience-de-travail-pratique\">La cl\u00e9 des perspectives de carri\u00e8re&nbsp;: l\u2019exp\u00e9rience de travail pratique<\/h4>\n<\/div>\n\n\n\n<p class=\"mar-b-hlf\"><strong>Les jeunes Canadiens croient qu\u2019en conservant leur emploi actuel, ils pourront surmonter les d\u00e9fis \u00e9conomiques qui se profilent \u00e0 l\u2019horizon. <\/strong>Toutefois, quatre jeunes sur dix se disent pr\u00eats \u00e0 changer d\u2019emploi si une occasion int\u00e9ressante se pr\u00e9sente. Quoi qu\u2019il en soit, les jeunes conviennent qu\u2019une exp\u00e9rience professionnelle pratique est essentielle pour faire progresser sa carri\u00e8re.<\/p>\n\n\n\n<div class=\"wp-block-rbc-rbc-default-collapsible mar-b\"><p><button class=\"collapse-toggle collapsed\" data-target=\"#collapse39bef718\" data-toggle=\"collapse\" aria-expanded=\"false\" aria-controls=\"collapse39bef718\" data-dig-id=\"LP-4604-39bef718\" data-dig-category=\"LP\" data-dig-action=\"accordion closed\" action-closed=\"accordion closed\" action-opened=\"accordion open\" data-dig-label=\"Voici l\u2019aide qu\u2019Objectif avenir RBC peut apporter\"><div>Voici l\u2019aide qu\u2019Objectif avenir RBC peut apporter<\/div><\/button><\/p><div class=\"collapse-content collapse\" id=\"collapse39bef718\">\n<div class=\"wp-block-rbc-collapsible-inner-block collapse-inner\">\n<h5 class=\"mar-b-hlf mar-t wp-block-heading\" id=\"h-l-apprentissage-experientiel-pendant-les-etudes\"><strong>L\u2019apprentissage exp\u00e9rientiel pendant les \u00e9tudes<\/strong><\/h5>\n\n\n\n<p class=\"mar-b-hlf\">Riipen offre un microapprentissage int\u00e9gr\u00e9 au travail rendu possible gr\u00e2ce \u00e0 l\u2019\u00e9cosyst\u00e8me collaboratif qu\u2019il a \u00e9tabli, qui r\u00e9unit des \u00e9tablissements d\u2019enseignement postsecondaire et des entreprises de tous genres pour offrir aux \u00e9tudiants des exp\u00e9riences concr\u00e8tes \u00e9chelonnables.<\/p>\n\n\n\t\t\t\t<div class=\"wp-block-rbc-single-post-card-v2\">\n\t\t\t\t\t\n<article id=\"post-401\" class=\"rbccom-single-post-card single-post-card-v2-horizontal post-401 post type-post status-publish format-standard has-post-thumbnail hentry category-uncategorized rbc_location-alberta rbc_location-colombie-britannique rbc_location-manitoba rbc_location-nouveau-brunswick rbc_location-nouvelle-ecosse rbc_location-ontario rbc_location-quebec rbc_location-saskatchewan rbc_topic-experience-de-travail rbc_topic-formation-liee-au-travail rbc_goal-aux-etudes rbc_goal-je-cherche-un-emploi rbc_resource_type-outils\">\n  <a target=\"_self\" href=\"https:\/\/www.rbc.com\/fr\/objectif-avenir\/type-de-ressource\/outils\/lapprentissage-experientiel-par-riipen\">\n    <div class=\"single-post-card-v2-container\">\n      <div class=\"col-wpr\">\n        <div class=\"col-4\">\n                      <div class=\"single-post-card-v2-image-container\" style=\"background-image:url('https:\/\/www.rbc.com\/fr\/objectif-avenir\/wp-content\/uploads\/sites\/10\/2023\/02\/FL_Tech_Collaborate_shutterstock_1036212835.jpg?quality=80&#038;w=1024)\"><\/div>\n                  <\/div>\n        <div class=\"col-auto\">\n                      <div class=\"wp-block-post-terms article-post-tag mar-b\">\n                              <p>Exp\u00e9rience de travail<\/p>\n                              <p>Formation li\u00e9e au travail<\/p>\n                              <p>Outils<\/p>\n                          <\/div>\n                    <div class=\"single-post-card-v2-content-container\">\n            <h4 class=\"mar-b-hlf mar-t-0 truncate-third-line\">Riipen : L\u2019apprentissage exp\u00e9rientiel pendant les \u00e9tudes<\/h4>\n\t\t\t\t\t\t\t\t\t\t\t\t\t<p class=\"mar-b-hlf\">Acqu\u00e9rez une exp\u00e9rience de travail qui facilitera votre transition au march\u00e9 du travail. Avec Riipen, vous pourrez mettre en pratique les notions&#8230;<\/p>\n\t\t\t\t\t\t\t          <\/div>\n        <\/div>\n      <\/div>\n    <\/div>\n  <\/a>\n<\/article>\n\t\t\t\t<\/div>\n\t\t\t<\/div>\n<\/div><\/div>\n\n\n\n<div class=\"wp-block-group mar-b is-nowrap is-layout-flex wp-container-core-group-is-layout-6c531013 wp-block-group-is-layout-flex\">\n<div class=\"wp-block-rbc-icon-block mar-r-hlf\"><img loading=\"lazy\" decoding=\"async\" width=\"75\" height=\"75\" class=\"icon icon-40\" src=\"https:\/\/www.rbc.com\/fr\/objectif-avenir\/wp-content\/plugins\/rbc-blocks\/\/assets\/img\/icons\/icon-number-3.svg\" alt=\"icons\/icon-number-3\" \/><\/div>\n\n\n\n<h4 class=\"wp-block-heading\" id=\"h-le-bonheur-au-travail\">Le bonheur au travail<\/h4>\n<\/div>\n\n\n\n<p class=\"mar-b-hlf\"><strong>Le taux de satisfaction des jeunes Canadiens \u00e0 l\u2019\u00e9gard de leur emploi est plus \u00e9lev\u00e9 qu\u2019en&nbsp;2022<\/strong>, mais il demeure inf\u00e9rieur \u00e0 celui r\u00e9v\u00e9l\u00e9 par l\u2019enqu\u00eate de&nbsp;2020. Pr\u00e8s d\u2019un jeune sur huit se dit apte \u00e0 g\u00e9rer le stress professionnel, et six sur dix croient pouvoir mener une carri\u00e8re enrichissante, relevant au passage la n\u00e9cessit\u00e9 de compter sur des aptitudes non techniques comme la pers\u00e9v\u00e9rance et l\u2019agilit\u00e9 pour d\u00e9crocher un emploi.<br><br>En mati\u00e8re de soutien professionnel, les jeunes Canadiens (de&nbsp;14 \u00e0 17&nbsp;ans) sont plus nombreux \u00e0 sentir qu\u2019ils peuvent compter sur les conseils d\u2019un mentor, ce qui peut s\u2019expliquer par l\u2019acc\u00e8s \u00e0 des conseillers d\u2019orientation et \u00e0 un soutien professionnel int\u00e9gr\u00e9 pr\u00e9vus au programme des \u00e9coles secondaires, mais ce sentiment est plus faible chez les personnes handicap\u00e9es ou issues de la communaut\u00e9 LGBTQ2+.<\/p>\n\n\n\n<div class=\"wp-block-rbc-rbc-default-collapsible  mar-b\"><p><button class=\"collapse-toggle collapsed\" data-target=\"#collapsec22c56ca\" data-toggle=\"collapse\" aria-expanded=\"false\" aria-controls=\"collapsec22c56ca\" data-dig-id=\"LP-4604-c22c56ca\" data-dig-category=\"LP\" data-dig-action=\"accordion closed\" action-closed=\"accordion closed\" action-opened=\"accordion open\" data-dig-label=\"Voici l\u2019aide qu\u2019Objectif avenir RBC peut apporter\"><div>Voici l\u2019aide qu\u2019Objectif avenir RBC peut apporter<\/div><\/button><\/p><div class=\"collapse-content collapse\" id=\"collapsec22c56ca\">\n<div class=\"wp-block-rbc-collapsible-inner-block collapse-inner\">\n<h5 class=\"mar-b-hlf mar-t wp-block-heading\" id=\"h-jumelage-avec-des-professionnels-et-reseautage-avec-vos-pairs\"><strong>Jumelage avec des professionnels et r\u00e9seautage avec vos pairs<\/strong><\/h5>\n\n\n\n<p class=\"mar-b-hlf\">Les jeunes n\u2019ont pas suffisamment acc\u00e8s au soutien, aux conseils et aux occasions qui leur permettraient de d\u00e9couvrir et d\u2019explorer la r\u00e9alit\u00e9 des emplois qui les int\u00e9ressent. Objectif avenir RBC s\u2019est associ\u00e9 \u00e0 Ten Thousand Coffees afin d\u2019offrir aux \u00e9tudiants de niveau postsecondaire plus d\u2019occasions de r\u00e9seautage gr\u00e2ce \u00e0 l\u2019\u00e9tablissement de relations avec d\u2019actuels et d\u2019anciens \u00e9tudiants de plus de 54&nbsp;\u00e9tablissements d\u2019enseignement postsecondaire au Canada.<\/p>\n\n\n\t\t\t\t<div class=\"wp-block-rbc-single-post-card-v2\">\n\t\t\t\t\t\n<article id=\"post-478\" class=\"rbccom-single-post-card single-post-card-v2-horizontal post-478 post type-post status-publish format-standard has-post-thumbnail hentry category-uncategorized rbc_location-alberta rbc_location-colombie-britannique rbc_location-en-ligne rbc_location-ile-du-prince-edouard rbc_location-manitoba rbc_location-nouveau-brunswick rbc_location-nouvelle-ecosse rbc_location-nunavut rbc_location-ontario rbc_location-quebec rbc_location-saskatchewan rbc_location-saskatechewan rbc_location-terre-neuve-et-labrador rbc_location-territoires-du-nord-ouest rbc_location-yukon rbc_topic-mentorat rbc_topic-reseautage rbc_topic-soutien-a-la-carriere rbc_goal-aux-etudes rbc_resource_type-outils\">\n  <a target=\"_self\" href=\"https:\/\/www.rbc.com\/fr\/objectif-avenir\/type-de-ressource\/outils\/le-reseautage-par-ten-thousand-coffees\">\n    <div class=\"single-post-card-v2-container\">\n      <div class=\"col-wpr\">\n        <div class=\"col-4\">\n                      <div class=\"single-post-card-v2-image-container\" style=\"background-image:url('https:\/\/www.rbc.com\/fr\/objectif-avenir\/wp-content\/uploads\/sites\/10\/2023\/02\/RBC_FL_10KCoffees_ProudlySupporting_FR2-Newschools1.png?quality=80&#038;w=1024)\"><\/div>\n                  <\/div>\n        <div class=\"col-auto\">\n                      <div class=\"wp-block-post-terms article-post-tag mar-b\">\n                              <p>Mentorat<\/p>\n                              <p>R\u00e9seautage<\/p>\n                              <p>Soutien \u00e0 la carri\u00e8re<\/p>\n                          <\/div>\n                    <div class=\"single-post-card-v2-content-container\">\n            <h4 class=\"mar-b-hlf mar-t-0 truncate-third-line\">Ten Thousand Coffees : Un programme de r\u00e9seautage et de mentorat<\/h4>\n\t\t\t\t\t\t\t\t\t\t\t\t\t<p class=\"mar-b-hlf\">\u00c9tablissez un r\u00e9seau avec d\u2019autres \u00e9tudiants et des dipl\u00f4m\u00e9s de fra\u00eeche ou de longue date. Ce programme vous met en relation avec des&#8230;<\/p>\n\t\t\t\t\t\t\t          <\/div>\n        <\/div>\n      <\/div>\n    <\/div>\n  <\/a>\n<\/article>\n\t\t\t\t<\/div>\n\t\t\t<\/div>\n<\/div><\/div>\n\n\n\n<div class=\"wp-block-group mar-b is-nowrap is-layout-flex wp-container-core-group-is-layout-6c531013 wp-block-group-is-layout-flex\">\n<div class=\"wp-block-rbc-icon-block mar-r-hlf\"><img loading=\"lazy\" decoding=\"async\" width=\"75\" height=\"75\" class=\"icon icon-40\" src=\"https:\/\/www.rbc.com\/fr\/objectif-avenir\/wp-content\/plugins\/rbc-blocks\/\/assets\/img\/icons\/icon-number-4.svg\" alt=\"icons\/icon-number-4\" \/><\/div>\n\n\n\n<h4 class=\"wp-block-heading\" id=\"h-les-aptitudes-qui-menent-a-un-emploi\">Les aptitudes qui m\u00e8nent \u00e0 un emploi <\/h4>\n<\/div>\n\n\n\n<p class=\"mar-b\"><strong>La communication, la r\u00e9solution de probl\u00e8me et l\u2019esprit critique sont toujours consid\u00e9r\u00e9s comme les comp\u00e9tences les plus recherch\u00e9es par les employeurs. <\/strong>Mais trois jeunes sur dix sont d\u2019avis que les comp\u00e9tences financi\u00e8res devraient \u00eatre enseign\u00e9es elles aussi. Parmi les personnes qui se disent insatisfaites de leur vie, 44&nbsp;% \u00e9tablissent une corr\u00e9lation directe avec leur bien-\u00eatre financier.<\/p>\n\n\n\n<div class=\"wp-block-rbc-rbc-default-collapsible  mar-b\"><p><button class=\"collapse-toggle collapsed\" data-target=\"#collapsef4f9b7c9\" data-toggle=\"collapse\" aria-expanded=\"false\" aria-controls=\"collapsef4f9b7c9\" data-dig-id=\"LP-4604-f4f9b7c9\" data-dig-category=\"LP\" data-dig-action=\"accordion closed\" action-closed=\"accordion closed\" action-opened=\"accordion open\" data-dig-label=\"Voici l\u2019aide qu\u2019Objectif avenir RBC peut apporter\"><div>Voici l\u2019aide qu\u2019Objectif avenir RBC peut apporter<\/div><\/button><\/p><div class=\"collapse-content collapse\" id=\"collapsef4f9b7c9\">\n<div class=\"wp-block-rbc-collapsible-inner-block collapse-inner\">\n<h5 class=\"mar-b-hlf mar-t wp-block-heading\" id=\"h-acquerez-les-connaissances-et-la-confiance-necessaires-pour-prendre-des-decisions-financieres-judicieuses\"><strong>Acqu\u00e9rez les connaissances et la confiance n\u00e9cessaires pour prendre des d\u00e9cisions financi\u00e8res judicieuses<\/strong><\/h5>\n\n\n\n<p class=\"mar-b-hlf\">Pour en savoir plus sur l\u2019\u00e9tablissement d\u2019un budget, le cr\u00e9dit ou l\u2019achat d\u2019une r\u00e9sidence, suivez le cours Finances personnelles pour tous par McGill, donn\u00e9 en ligne par des professeurs de la Facult\u00e9 de gestion Desautels de l\u2019Universit\u00e9 McGill. Il est gratuit et accessible \u00e0 tous.<\/p>\n\n\n\t\t\t\t<div class=\"wp-block-rbc-single-post-card-v2\">\n\t\t\t\t\t\n<article id=\"post-1288\" class=\"rbccom-single-post-card single-post-card-v2-horizontal post-1288 post type-post status-publish format-standard has-post-thumbnail hentry category-uncategorized rbc_industry-finances rbc_location-alberta rbc_location-colombie-britannique rbc_location-en-ligne rbc_location-ile-du-prince-edouard rbc_location-manitoba rbc_location-nouveau-brunswick rbc_location-nouvelle-ecosse rbc_location-nunavut rbc_location-ontario rbc_location-quebec rbc_location-saskatechewan rbc_location-terre-neuve-et-labrador rbc_location-territoires-du-nord-ouest rbc_location-yukon rbc_topic-developpement-des-aptitudes rbc_topic-litteratie-financiere-developpement-des-aptitudes rbc_goal-aux-etudes rbc_goal-je-cherche-un-emploi rbc_goal-je-reflechis-a-la-prochaine-etape rbc_goal-je-veux-faire-avancer-ma-carriere rbc_resource_type-programmes-et-services\">\n  <a target=\"_blank\" href=\"https:\/\/mcgillfinancespersonnelles.com\/\">\n    <div class=\"single-post-card-v2-container\">\n      <div class=\"col-wpr\">\n        <div class=\"col-4\">\n                      <div class=\"single-post-card-v2-image-container\" style=\"background-image:url('https:\/\/www.rbc.com\/fr\/objectif-avenir\/wp-content\/uploads\/sites\/10\/2023\/02\/MPFE_FR.jpg?quality=80&#038;w=1024)\"><\/div>\n                  <\/div>\n        <div class=\"col-auto\">\n                      <div class=\"wp-block-post-terms article-post-tag mar-b\">\n                              <p>Finances<\/p>\n                              <p>D\u00e9veloppement des aptitudes<\/p>\n                              <p>Litt\u00e9ratie financi\u00e8re<\/p>\n                          <\/div>\n                    <div class=\"single-post-card-v2-content-container\">\n            <h4 class=\"mar-b-hlf mar-t-0 truncate-third-line\">Finances personnelles pour tous par McGill<\/h4>\n\t\t\t\t\t\t\t\t\t\t\t\t\t<p class=\"mar-b-hlf\">Si vous \u00eates pr\u00eat \u00e0 prendre en main vos finances personnelles, vous \u00eates au bon endroit ! Investissez quelques heures dans ce cours en ligne&#8230;<\/p>\n\t\t\t\t\t\t\t          <\/div>\n        <\/div>\n      <\/div>\n    <\/div>\n  <\/a>\n<\/article>\n\t\t\t\t<\/div>\n\t\t\t<\/div>\n<\/div><\/div>\n\n\n\n<h3 class=\"mar-b has-rbc-bright-blue-color has-text-color wp-block-heading\" id=\"h-objectif-avenir-rbc-vous-accompagne-a-chaque-etape\">Objectif avenir RBC vous accompagne \u00e0 chaque \u00e9tape<\/h3>\n\n\n\n<p>Un jeune sur quatre dit avoir besoin de plus de ressources de bien-\u00eatre mental. Suivent le perfectionnement des aptitudes et l\u2019enseignement, la formation et le perfectionnement professionnel.<br><br>Objectif avenir RBC repr\u00e9sente l\u2019engagement de RBC Fondation \u00e0 outiller les jeunes Canadiens pour les emplois de demain. Nous collaborons avec plus de 500&nbsp;partenaires au Canada pour fournir aux jeunes Canadiens des ressources gratuites qui les aideront \u00e0 trouver un emploi enrichissant. Par le perfectionnement de vos aptitudes, l\u2019orientation professionnelle, le r\u00e9seautage et le soutien mental, Objectif avenir RBC vous accompagne dans votre recherche d\u2019emploi pour que vous soyez promis \u00e0 un avenir plus radieux. Pour en savoir plus, <a href=\"http:\/\/www.rbc.com\/objectifavenir\" data-dig-id=\"LP-4604-8111172c\" data-dig-label=\"consultez notre site Web d\u00e8s aujourd\u2019hui.\" data-dig-action=\"link click\" data-dig-category=\"LP\" class=\"rbc-link-format\">consultez notre site Web d\u00e8s aujourd\u2019hui.<\/a><\/p>\n\n\n\t\n\t<div class=\"wp-block-tk-spacer id-9ff6981a-537e-4ac8-b6ac-e64a696442e8\" aria-hidden=\"true\"><\/div>\n\t\n\n\n<div class=\"wp-block-buttons mar-b is-content-justification-left is-layout-flex wp-container-core-buttons-is-layout-f3afa3a0 wp-block-buttons-is-layout-flex\"><div>\n<div class=\"wp-block-button is-style-primary primary btn before\" style=\"text-transform:none\"><a class=\"wp-block-button__link wp-element-button\" href=\"https:\/\/www.rbc.com\/en\/future-launch\/wp-content\/uploads\/sites\/9\/2022\/09\/RBC-Youth-Outlook-Study-2023_Infographic-FR.pdf\" data-dig-id=\"LP-4604-bdba3b83\" data-dig-category=\"LP\" data-dig-action=\"button click\" data-dig-label=\"T\u00e9l\u00e9charger le r\u00e9sum\u00e9 de L\u2019\u00e9tude perspectives jeunesse-https:\/\/www.rbc.com\/en\/future-launch\/wp-content\/uploads\/sites\/9\/2022\/09\/RBC-Youth-Outlook-Study-2023_Infographic-FR.pdf \">T\u00e9l\u00e9charger le r\u00e9sum\u00e9 de L\u2019\u00e9tude perspectives jeunesse<\/a><\/div>\n<\/div><\/div>\n<\/div>\n\n\n\n<div class=\"wp-block-column is-layout-flow wp-block-column-is-layout-flow\" style=\"flex-basis:370px\">\n<p>Source&nbsp;: \u00c9tude Perspectives jeunesse&nbsp;2023 de RBC<\/p>\n\n\n\n<p class=\"h4 mar-b-hlf\">Partagez cet article<\/p>\n\n\n\n\n\n<p class=\"h4 mar-b mar-t-0\">Ressources associ\u00e9es<\/p>\n\n\n\n<div class=\"wp-block-rbc-related-resources\">\t\t\t\t<a class=\"related-resources-single-card\" href=\"https:\/\/www.rbc.com\/fr\/objectif-avenir\/type-de-ressource\/recherche-et-information\/sante-mentale-letude-perspectives-jeunesse-2023\" target=\"http:\/\/_self\">\n\t\t\t\t\t<div class=\"related-resources-flex-container\">\n\t\t\t\t\t\t\t\t\t\t\t\t\t<div class=\"related-resources-featured-image-container\"\n\t\t\t\t\t\t\t\tstyle=\"background-image:url('https:\/\/www.rbc.com\/fr\/objectif-avenir\/wp-content\/uploads\/sites\/10\/2023\/05\/iStock-601392466.jpg?quality=80&#038;w=1024)\">\n\t\t\t\t\t\t\t<\/div>\n\t\t\t\t\t\t\t\t\t\t\t\t<div>\n\t\t\t\t\t\t\t<p class=\"related-resource-card-title mar-b-hlf truncate-third-line\">Les jeunes h\u00e9sitent \u00e0 avoir acc\u00e8s \u00e0 des ressources en sant\u00e9 mentale<\/p>\n\t\t\t\t\t\t\t\t\t\t\t\t\t\t\t<p class=\"related-resource-card-excerpt\">L\u2019\u00e9tude Perspectives jeunesse 2023 r\u00e9v\u00e8le les&#8230;<\/p>\n\t\t\t\t\t\t\t\t\t\t\t\t\t<\/div>\n\t\t\t\t\t<\/div>\n\t\t\t\t<\/a>\n\t\t\t\n\n\n\n\t\t\t\t<a class=\"related-resources-single-card\" href=\"https:\/\/www.rbc.com\/fr\/objectif-avenir\/type-de-ressource\/outils\/le-reseautage-par-ten-thousand-coffees\" target=\"http:\/\/_self\">\n\t\t\t\t\t<div class=\"related-resources-flex-container\">\n\t\t\t\t\t\t\t\t\t\t\t\t\t<div class=\"related-resources-featured-image-container\"\n\t\t\t\t\t\t\t\tstyle=\"background-image:url('https:\/\/www.rbc.com\/fr\/objectif-avenir\/wp-content\/uploads\/sites\/10\/2023\/02\/RBC_FL_10KCoffees_ProudlySupporting_FR2-Newschools1.png?quality=80&#038;w=1024)\">\n\t\t\t\t\t\t\t<\/div>\n\t\t\t\t\t\t\t\t\t\t\t\t<div>\n\t\t\t\t\t\t\t<p class=\"related-resource-card-title mar-b-hlf truncate-third-line\">Ten Thousand Coffees : Un programme de r\u00e9seautage et de mentorat<\/p>\n\t\t\t\t\t\t\t\t\t\t\t\t\t\t\t<p class=\"related-resource-card-excerpt\">\u00c9tablissez un r\u00e9seau avec d\u2019autres \u00e9tudiants&#8230;<\/p>\n\t\t\t\t\t\t\t\t\t\t\t\t\t<\/div>\n\t\t\t\t\t<\/div>\n\t\t\t\t<\/a>\n\t\t\t<\/div>\n<\/div>\n<\/div>\n\n\n\t\n\t<div class=\"wp-block-tk-spacer id-789de130-c653-4373-9d8c-a92748bb2b66\" aria-hidden=\"true\"><\/div>\n\t<\/div>\n<\/section>\n<style class=\"advgb-styles-renderer\">\n\t\t.wp-block-tk-spacer.id-c114cbc7-b1af-4cdc-a1d6-d6d093c55dc7 {\n\t\theight: 60px;\n\t}\n\n\t@media ( max-width: 480px ) {\n\t\t.wp-block-tk-spacer.id-c114cbc7-b1af-4cdc-a1d6-d6d093c55dc7 {\n\t\t\theight: 30px;\n\t\t}\n\t}\t\n\t\t.wp-block-tk-spacer.id-876bb6f1-5305-4713-acf4-45012602870b {\n\t\theight: 60px;\n\t}\n\n\t@media ( max-width: 480px ) {\n\t\t.wp-block-tk-spacer.id-876bb6f1-5305-4713-acf4-45012602870b {\n\t\t\theight: 1px;\n\t\t}\n\t}\t\n\t\t.wp-block-tk-spacer.id-c8cc18f8-6dd8-417b-9892-38dc26360071 {\n\t\theight: 80px;\n\t}\n\n\t@media ( max-width: 480px ) {\n\t\t.wp-block-tk-spacer.id-c8cc18f8-6dd8-417b-9892-38dc26360071 {\n\t\t\theight: 20px;\n\t\t}\n\t}\t\n\t\t.wp-block-tk-spacer.id-9ff6981a-537e-4ac8-b6ac-e64a696442e8 {\n\t\theight: 40px;\n\t}\n\n\t@media ( max-width: 480px ) {\n\t\t.wp-block-tk-spacer.id-9ff6981a-537e-4ac8-b6ac-e64a696442e8 {\n\t\t\theight: 20px;\n\t\t}\n\t}\t\n\t\t.wp-block-tk-spacer.id-789de130-c653-4373-9d8c-a92748bb2b66 {\n\t\theight: 80px;\n\t}\n\n\t@media ( max-width: 480px ) {\n\t\t.wp-block-tk-spacer.id-789de130-c653-4373-9d8c-a92748bb2b66 {\n\t\t\theight: 40px;\n\t\t}\n\t}\t<\/style>","protected":false},"excerpt":{"rendered":"<p>L\u2019\u00e9tude Perspectives jeunesse Objectif avenir RBC 2023 r\u00e9v\u00e8le que les jeunes sont l\u00e9g\u00e8rement plus satisfaits de leur vie et emball\u00e9s par leur avenir professionnel qu\u2019en 2022.<\/p>\n","protected":false},"author":133,"featured_media":4605,"template":"","class_list":["post-4604","rbc_story","type-rbc_story","status-publish","has-post-thumbnail","hentry"],"acf":{"rbc_external_link":""},"yoast_head":"<!-- This site is optimized with the Yoast SEO Premium plugin v27.2 (Yoast SEO v27.2) - https:\/\/yoast.com\/product\/yoast-seo-premium-wordpress\/ -->\n<title>L\u2019\u00e9tude Perspectives jeunesse 2023 | Objectif avenir RBC<\/title>\n<meta name=\"description\" content=\"L\u2019\u00e9tude Perspectives jeunesse Objectif avenir RBC 2023 r\u00e9v\u00e8le que les jeunes sont l\u00e9g\u00e8rement plus satisfaits de leur vie et emball\u00e9s par leur avenir professionnel qu\u2019en 2022.\" \/>\n<meta name=\"robots\" content=\"noindex, follow\" \/>\n<meta property=\"og:locale\" content=\"fr_FR\" \/>\n<meta property=\"og:type\" content=\"article\" \/>\n<meta property=\"og:title\" content=\"L\u2019\u00e9tude Perspectives jeunesse 2023 | Objectif avenir RBC\" \/>\n<meta property=\"og:description\" content=\"L\u2019\u00e9tude Perspectives jeunesse Objectif avenir RBC 2023 r\u00e9v\u00e8le que les jeunes sont l\u00e9g\u00e8rement plus satisfaits de leur vie et emball\u00e9s par leur avenir professionnel qu\u2019en 2022.\" \/>\n<meta property=\"og:url\" content=\"https:\/\/www.rbc.com\/fr\/objectif-avenir\/stories\/letude-perspectives-jeunesse-2023\/\" \/>\n<meta property=\"og:site_name\" content=\"Objectif avenir RBC\" \/>\n<meta property=\"article:modified_time\" content=\"2023-07-31T16:57:45+00:00\" \/>\n<meta property=\"og:image\" content=\"https:\/\/www.rbc.com\/fr\/objectif-avenir\/wp-content\/uploads\/sites\/10\/2023\/07\/GettyImages-598524057_medium.jpg\" \/>\n\t<meta property=\"og:image:width\" content=\"2121\" \/>\n\t<meta property=\"og:image:height\" content=\"1414\" \/>\n\t<meta property=\"og:image:type\" content=\"image\/jpeg\" \/>\n<meta name=\"twitter:card\" content=\"summary_large_image\" \/>\n<meta name=\"twitter:label1\" content=\"Est. reading time\" \/>\n\t<meta name=\"twitter:data1\" content=\"6 minutes\" \/>\n<script type=\"application\/ld+json\" class=\"yoast-schema-graph\">{\"@context\":\"https:\/\/schema.org\",\"@graph\":[{\"@type\":\"WebPage\",\"@id\":\"https:\/\/www.rbc.com\/fr\/objectif-avenir\/stories\/letude-perspectives-jeunesse-2023\/\",\"url\":\"https:\/\/www.rbc.com\/fr\/objectif-avenir\/stories\/letude-perspectives-jeunesse-2023\/\",\"name\":\"L\u2019\u00e9tude Perspectives jeunesse 2023 | Objectif avenir RBC\",\"isPartOf\":{\"@id\":\"https:\/\/www.rbc.com\/fr\/objectif-avenir\/#website\"},\"primaryImageOfPage\":{\"@id\":\"https:\/\/www.rbc.com\/fr\/objectif-avenir\/stories\/letude-perspectives-jeunesse-2023\/#primaryimage\"},\"image\":{\"@id\":\"https:\/\/www.rbc.com\/fr\/objectif-avenir\/stories\/letude-perspectives-jeunesse-2023\/#primaryimage\"},\"thumbnailUrl\":\"https:\/\/www.rbc.com\/fr\/objectif-avenir\/wp-content\/uploads\/sites\/10\/2023\/07\/GettyImages-598524057_medium.jpg?quality=80\",\"datePublished\":\"2023-07-14T15:12:07+00:00\",\"dateModified\":\"2023-07-31T16:57:45+00:00\",\"description\":\"L\u2019\u00e9tude Perspectives jeunesse Objectif avenir RBC 2023 r\u00e9v\u00e8le que les jeunes sont l\u00e9g\u00e8rement plus satisfaits de leur vie et emball\u00e9s par leur avenir professionnel qu\u2019en 2022.\",\"inLanguage\":\"fr-FR\",\"potentialAction\":[{\"@type\":\"ReadAction\",\"target\":[\"https:\/\/www.rbc.com\/fr\/objectif-avenir\/stories\/letude-perspectives-jeunesse-2023\/\"]}]},{\"@type\":\"ImageObject\",\"inLanguage\":\"fr-FR\",\"@id\":\"https:\/\/www.rbc.com\/fr\/objectif-avenir\/stories\/letude-perspectives-jeunesse-2023\/#primaryimage\",\"url\":\"https:\/\/www.rbc.com\/fr\/objectif-avenir\/wp-content\/uploads\/sites\/10\/2023\/07\/GettyImages-598524057_medium.jpg?quality=80\",\"contentUrl\":\"https:\/\/www.rbc.com\/fr\/objectif-avenir\/wp-content\/uploads\/sites\/10\/2023\/07\/GettyImages-598524057_medium.jpg?quality=80\",\"width\":2121,\"height\":1414},{\"@type\":\"WebSite\",\"@id\":\"https:\/\/www.rbc.com\/fr\/objectif-avenir\/#website\",\"url\":\"https:\/\/www.rbc.com\/fr\/objectif-avenir\/\",\"name\":\"Objectif avenir RBC\",\"description\":\"Nous voyons un avenir prometteur pour vous\",\"publisher\":{\"@id\":\"https:\/\/www.rbc.com\/fr\/objectif-avenir\/#organization\"},\"potentialAction\":[{\"@type\":\"SearchAction\",\"target\":{\"@type\":\"EntryPoint\",\"urlTemplate\":\"https:\/\/www.rbc.com\/fr\/objectif-avenir\/?s={search_term_string}\"},\"query-input\":{\"@type\":\"PropertyValueSpecification\",\"valueRequired\":true,\"valueName\":\"search_term_string\"}}],\"inLanguage\":\"fr-FR\"},{\"@type\":\"Organization\",\"@id\":\"https:\/\/www.rbc.com\/fr\/objectif-avenir\/#organization\",\"name\":\"Objectif avenir RBC\",\"url\":\"https:\/\/www.rbc.com\/fr\/objectif-avenir\/\",\"logo\":{\"@type\":\"ImageObject\",\"inLanguage\":\"fr-FR\",\"@id\":\"https:\/\/www.rbc.com\/fr\/objectif-avenir\/#\/schema\/logo\/image\/\",\"url\":\"https:\/\/www.rbc.com\/fr\/objectif-avenir\/wp-content\/uploads\/sites\/10\/2023\/02\/RBC_FL_shield_stacked_cmyk_RF.png?quality=80\",\"contentUrl\":\"https:\/\/www.rbc.com\/fr\/objectif-avenir\/wp-content\/uploads\/sites\/10\/2023\/02\/RBC_FL_shield_stacked_cmyk_RF.png?quality=80\",\"width\":1540,\"height\":689,\"caption\":\"Objectif avenir RBC\"},\"image\":{\"@id\":\"https:\/\/www.rbc.com\/fr\/objectif-avenir\/#\/schema\/logo\/image\/\"}}]}<\/script>\n<!-- \/ Yoast SEO Premium plugin. -->","yoast_head_json":{"title":"L\u2019\u00e9tude Perspectives jeunesse 2023 | Objectif avenir RBC","description":"L\u2019\u00e9tude Perspectives jeunesse Objectif avenir RBC 2023 r\u00e9v\u00e8le que les jeunes sont l\u00e9g\u00e8rement plus satisfaits de leur vie et emball\u00e9s par leur avenir professionnel qu\u2019en 2022.","robots":{"index":"noindex","follow":"follow"},"og_locale":"fr_FR","og_type":"article","og_title":"L\u2019\u00e9tude Perspectives jeunesse 2023 | Objectif avenir RBC","og_description":"L\u2019\u00e9tude Perspectives jeunesse Objectif avenir RBC 2023 r\u00e9v\u00e8le que les jeunes sont l\u00e9g\u00e8rement plus satisfaits de leur vie et emball\u00e9s par leur avenir professionnel qu\u2019en 2022.","og_url":"https:\/\/www.rbc.com\/fr\/objectif-avenir\/stories\/letude-perspectives-jeunesse-2023\/","og_site_name":"Objectif avenir RBC","article_modified_time":"2023-07-31T16:57:45+00:00","og_image":[{"width":2121,"height":1414,"url":"https:\/\/www.rbc.com\/fr\/objectif-avenir\/wp-content\/uploads\/sites\/10\/2023\/07\/GettyImages-598524057_medium.jpg","type":"image\/jpeg"}],"twitter_card":"summary_large_image","twitter_misc":{"Est. reading time":"6 minutes"},"schema":{"@context":"https:\/\/schema.org","@graph":[{"@type":"WebPage","@id":"https:\/\/www.rbc.com\/fr\/objectif-avenir\/stories\/letude-perspectives-jeunesse-2023\/","url":"https:\/\/www.rbc.com\/fr\/objectif-avenir\/stories\/letude-perspectives-jeunesse-2023\/","name":"L\u2019\u00e9tude Perspectives jeunesse 2023 | Objectif avenir RBC","isPartOf":{"@id":"https:\/\/www.rbc.com\/fr\/objectif-avenir\/#website"},"primaryImageOfPage":{"@id":"https:\/\/www.rbc.com\/fr\/objectif-avenir\/stories\/letude-perspectives-jeunesse-2023\/#primaryimage"},"image":{"@id":"https:\/\/www.rbc.com\/fr\/objectif-avenir\/stories\/letude-perspectives-jeunesse-2023\/#primaryimage"},"thumbnailUrl":"https:\/\/www.rbc.com\/fr\/objectif-avenir\/wp-content\/uploads\/sites\/10\/2023\/07\/GettyImages-598524057_medium.jpg?quality=80","datePublished":"2023-07-14T15:12:07+00:00","dateModified":"2023-07-31T16:57:45+00:00","description":"L\u2019\u00e9tude Perspectives jeunesse Objectif avenir RBC 2023 r\u00e9v\u00e8le que les jeunes sont l\u00e9g\u00e8rement plus satisfaits de leur vie et emball\u00e9s par leur avenir professionnel qu\u2019en 2022.","inLanguage":"fr-FR","potentialAction":[{"@type":"ReadAction","target":["https:\/\/www.rbc.com\/fr\/objectif-avenir\/stories\/letude-perspectives-jeunesse-2023\/"]}]},{"@type":"ImageObject","inLanguage":"fr-FR","@id":"https:\/\/www.rbc.com\/fr\/objectif-avenir\/stories\/letude-perspectives-jeunesse-2023\/#primaryimage","url":"https:\/\/www.rbc.com\/fr\/objectif-avenir\/wp-content\/uploads\/sites\/10\/2023\/07\/GettyImages-598524057_medium.jpg?quality=80","contentUrl":"https:\/\/www.rbc.com\/fr\/objectif-avenir\/wp-content\/uploads\/sites\/10\/2023\/07\/GettyImages-598524057_medium.jpg?quality=80","width":2121,"height":1414},{"@type":"WebSite","@id":"https:\/\/www.rbc.com\/fr\/objectif-avenir\/#website","url":"https:\/\/www.rbc.com\/fr\/objectif-avenir\/","name":"Objectif avenir RBC","description":"Nous voyons un avenir prometteur pour vous","publisher":{"@id":"https:\/\/www.rbc.com\/fr\/objectif-avenir\/#organization"},"potentialAction":[{"@type":"SearchAction","target":{"@type":"EntryPoint","urlTemplate":"https:\/\/www.rbc.com\/fr\/objectif-avenir\/?s={search_term_string}"},"query-input":{"@type":"PropertyValueSpecification","valueRequired":true,"valueName":"search_term_string"}}],"inLanguage":"fr-FR"},{"@type":"Organization","@id":"https:\/\/www.rbc.com\/fr\/objectif-avenir\/#organization","name":"Objectif avenir RBC","url":"https:\/\/www.rbc.com\/fr\/objectif-avenir\/","logo":{"@type":"ImageObject","inLanguage":"fr-FR","@id":"https:\/\/www.rbc.com\/fr\/objectif-avenir\/#\/schema\/logo\/image\/","url":"https:\/\/www.rbc.com\/fr\/objectif-avenir\/wp-content\/uploads\/sites\/10\/2023\/02\/RBC_FL_shield_stacked_cmyk_RF.png?quality=80","contentUrl":"https:\/\/www.rbc.com\/fr\/objectif-avenir\/wp-content\/uploads\/sites\/10\/2023\/02\/RBC_FL_shield_stacked_cmyk_RF.png?quality=80","width":1540,"height":689,"caption":"Objectif avenir RBC"},"image":{"@id":"https:\/\/www.rbc.com\/fr\/objectif-avenir\/#\/schema\/logo\/image\/"}}]}},"parsely":{"version":"1.1.0","canonical_url":"https:\/\/rbc.com\/fr\/objectif-avenir\/stories\/letude-perspectives-jeunesse-2023\/","smart_links":{"inbound":0,"outbound":0},"traffic_boost_suggestions_count":0,"meta":{"@context":"https:\/\/schema.org","@type":"NewsArticle","headline":"L\u2019exp\u00e9rience de travail pratique serait le facteur d\u2019embauche le plus important selon une \u00e9tude aupr\u00e8s de jeunes employ\u00e9s","url":"http:\/\/www.rbc.com\/fr\/objectif-avenir\/stories\/letude-perspectives-jeunesse-2023\/","mainEntityOfPage":{"@type":"WebPage","@id":"http:\/\/www.rbc.com\/fr\/objectif-avenir\/stories\/letude-perspectives-jeunesse-2023\/"},"thumbnailUrl":"https:\/\/www.rbc.com\/fr\/objectif-avenir\/wp-content\/uploads\/sites\/10\/2023\/07\/GettyImages-598524057_medium.jpg?quality=80&w=150&h=150&crop=1","image":{"@type":"ImageObject","url":"https:\/\/www.rbc.com\/fr\/objectif-avenir\/wp-content\/uploads\/sites\/10\/2023\/07\/GettyImages-598524057_medium.jpg?quality=80"},"articleSection":"Uncategorized","author":[{"@type":"Person","name":"allisontam"}],"creator":["allisontam"],"publisher":{"@type":"Organization","name":"Objectif avenir RBC","logo":"https:\/\/www.rbc.com\/fr\/objectif-avenir\/wp-content\/uploads\/sites\/10\/2023\/02\/RBC_FL_shield_stacked_cmyk_RF.png?quality=80"},"keywords":[],"dateCreated":"2023-07-14T15:12:07Z","datePublished":"2023-07-14T15:12:07Z","dateModified":"2023-07-31T16:57:45Z"},"rendered":"<script type=\"application\/ld+json\" class=\"wp-parsely-metadata\">{\"@context\":\"https:\\\/\\\/schema.org\",\"@type\":\"NewsArticle\",\"headline\":\"L\\u2019exp\\u00e9rience de travail pratique serait le facteur d\\u2019embauche le plus important selon une \\u00e9tude aupr\\u00e8s de jeunes employ\\u00e9s\",\"url\":\"http:\\\/\\\/www.rbc.com\\\/fr\\\/objectif-avenir\\\/stories\\\/letude-perspectives-jeunesse-2023\\\/\",\"mainEntityOfPage\":{\"@type\":\"WebPage\",\"@id\":\"http:\\\/\\\/www.rbc.com\\\/fr\\\/objectif-avenir\\\/stories\\\/letude-perspectives-jeunesse-2023\\\/\"},\"thumbnailUrl\":\"https:\\\/\\\/www.rbc.com\\\/fr\\\/objectif-avenir\\\/wp-content\\\/uploads\\\/sites\\\/10\\\/2023\\\/07\\\/GettyImages-598524057_medium.jpg?quality=80&w=150&h=150&crop=1\",\"image\":{\"@type\":\"ImageObject\",\"url\":\"https:\\\/\\\/www.rbc.com\\\/fr\\\/objectif-avenir\\\/wp-content\\\/uploads\\\/sites\\\/10\\\/2023\\\/07\\\/GettyImages-598524057_medium.jpg?quality=80\"},\"articleSection\":\"Uncategorized\",\"author\":[{\"@type\":\"Person\",\"name\":\"allisontam\"}],\"creator\":[\"allisontam\"],\"publisher\":{\"@type\":\"Organization\",\"name\":\"Objectif avenir RBC\",\"logo\":\"https:\\\/\\\/www.rbc.com\\\/fr\\\/objectif-avenir\\\/wp-content\\\/uploads\\\/sites\\\/10\\\/2023\\\/02\\\/RBC_FL_shield_stacked_cmyk_RF.png?quality=80\"},\"keywords\":[],\"dateCreated\":\"2023-07-14T15:12:07Z\",\"datePublished\":\"2023-07-14T15:12:07Z\",\"dateModified\":\"2023-07-31T16:57:45Z\"}<\/script>","tracker_url":"https:\/\/cdn.parsely.com\/keys\/rbc.com\/p.js"},"featured_img":"https:\/\/www.rbc.com\/fr\/objectif-avenir\/wp-content\/uploads\/sites\/10\/2023\/07\/GettyImages-598524057_medium.jpg?quality=80&w=1024","coauthors":[],"author_meta":{"author_link":"https:\/\/www.rbc.com\/fr\/objectif-avenir\/author\/allisontam\/","display_name":"allisontam"},"relative_dates":{"created":"Publi\u00e9 3 ans il y a","modified":"Mis \u00e0 jour 3 ans il y a"},"absolute_dates":{"created":"Publi\u00e9 le 14 juillet 2023","modified":"Mise \u00e0 jour le 31 juillet 2023"},"absolute_dates_time":{"created":"Publi\u00e9 le 14 juillet 2023 3:12  ","modified":"Mise \u00e0 jour le 31 juillet 2023 4:57  "},"featured_img_caption":"","tax_additional":{"ep_custom_result":{"linked":[],"unlinked":[],"slug":"ep_custom_result","name":"Custom Results"}},"series_order":"","jetpack_sharing_enabled":true,"_links":{"self":[{"href":"https:\/\/www.rbc.com\/fr\/objectif-avenir\/wp-json\/wp\/v2\/rbc_story\/4604","targetHints":{"allow":["GET"]}}],"collection":[{"href":"https:\/\/www.rbc.com\/fr\/objectif-avenir\/wp-json\/wp\/v2\/rbc_story"}],"about":[{"href":"https:\/\/www.rbc.com\/fr\/objectif-avenir\/wp-json\/wp\/v2\/types\/rbc_story"}],"author":[{"embeddable":true,"href":"https:\/\/www.rbc.com\/fr\/objectif-avenir\/wp-json\/wp\/v2\/users\/133"}],"version-history":[{"count":13,"href":"https:\/\/www.rbc.com\/fr\/objectif-avenir\/wp-json\/wp\/v2\/rbc_story\/4604\/revisions"}],"predecessor-version":[{"id":4652,"href":"https:\/\/www.rbc.com\/fr\/objectif-avenir\/wp-json\/wp\/v2\/rbc_story\/4604\/revisions\/4652"}],"wp:featuredmedia":[{"embeddable":true,"href":"https:\/\/www.rbc.com\/fr\/objectif-avenir\/wp-json\/wp\/v2\/media\/4605"}],"wp:attachment":[{"href":"https:\/\/www.rbc.com\/fr\/objectif-avenir\/wp-json\/wp\/v2\/media?parent=4604"}],"curies":[{"name":"wp","href":"https:\/\/api.w.org\/{rel}","templated":true}]}}