{"id":764,"date":"2023-08-15T15:31:33","date_gmt":"2023-08-15T15:31:33","guid":{"rendered":""},"modified":"2025-03-26T04:54:22","modified_gmt":"2025-03-26T04:54:22","slug":"ete-chaud-mais-refroidissement-du-marche-du-logement-au-canada","status":"publish","type":"post","link":"https:\/\/www.rbc.com\/fr\/economique\/analyse-pour-le-canada\/logement-au-canada\/rapport-mensuel-sur-le-marche-du-logement\/ete-chaud-mais-refroidissement-du-marche-du-logement-au-canada\/","title":{"rendered":"\u00c9t\u00e9 chaud, mais refroidissement du march\u00e9 du logement au Canada"},"content":{"rendered":"<p>Les derni\u00e8res hausses cons\u00e9cutives de la Banque du Canada ont frein\u00e9 le rebond du march\u00e9 du logement cet \u00e9t\u00e9. Les chaleurs extr\u00eames et les incendies de for\u00eat d\u00e9vastateurs se sont peut-\u00eatre aussi r\u00e9percut\u00e9s sur l\u2019activit\u00e9 dans certaines r\u00e9gions. En juillet, les reventes d\u2019habitations ont diminu\u00e9 (-0,7 % d\u2019un mois sur l\u2019autre) \u00e0 l\u2019\u00e9chelle nationale pour la premi\u00e8re fois en six mois.<\/p>\n<p>Cette baisse s\u2019est produite en d\u00e9pit d\u2019une autre forte augmentation des nouvelles inscriptions (5,6 % d\u2019un mois sur l\u2019autre), qui devrait contribuer \u00e0 un d\u00e9blocage de l\u2019offre. Le bond de 24 % des nouvelles inscriptions depuis avril a compl\u00e8tement annul\u00e9 les baisses survenues au d\u00e9but de l\u2019ann\u00e9e. L\u2019\u00e9volution des march\u00e9s au cours des deux derniers mois a ramen\u00e9 l\u2019\u00e9quilibre entre la demande et l\u2019offre au Canada apr\u00e8s un resserrement \u00e9tonnamment rapide au printemps.<\/p>\n<p>La valeur des propri\u00e9t\u00e9s continue g\u00e9n\u00e9ralement de s\u2019appr\u00e9cier sensiblement \u00e0 ce stade, bien que le rythme ait nettement ralenti en juillet. L\u2019Indice des prix des propri\u00e9t\u00e9s MLS a augment\u00e9 de 1,1 % d\u2019un mois sur l\u2019autre, soit moins que le taux moyen de 1,9 % au cours des trois mois pr\u00e9c\u00e9dents. Nous pr\u00e9voyons que les hausses de prix continueront de s\u2019att\u00e9nuer lors des prochains mois, car le meilleur \u00e9quilibre entre la demande et l\u2019offre r\u00e9duira les pressions haussi\u00e8res sur les prix et l\u2019augmentation des taux d\u2019int\u00e9r\u00eat comprimera les budgets des acheteurs.<\/p>\n<div id=\"everviz-f1Ay349GK\" class=\"everviz-f1Ay349GK\"><script src=https:\/\/app.everviz.com\/inject\/f1Ay349GK\/?v=3 defer=\"defer\"><\/script><\/div>\n<h2>Ralentissement du rythme des ventes en Colombie-Britannique et dans certaines r\u00e9gions de l\u2019Ontario<\/h2>\n<p>Le mois dernier, les ventes ont \u00e9t\u00e9 particuli\u00e8rement faibles en Colombie-Britannique, notamment dans la vall\u00e9e du Fraser (-11,1 % d\u2019un mois sur l\u2019autre) et, dans une moindre mesure, \u00e0 Vancouver (-0,8 %). L\u2019Ontario a enregistr\u00e9 des r\u00e9sultats plus contrast\u00e9s. De fortes baisses ont \u00e9t\u00e9 observ\u00e9es \u00e0 Toronto (-8,7 %) et dans les r\u00e9gions avoisinantes comme Hamilton (-3,7 %) et Kitchener-Waterloo (-5,9 %). Toutefois, les ventes ont augment\u00e9 dans les march\u00e9s plus abordables de l\u2019ouest de la province (p. ex. London, Niagara et Windsor). L\u2019activit\u00e9 a \u00e9galement continu\u00e9 de se redresser au Qu\u00e9bec (y compris \u00e0 Montr\u00e9al), dans les Prairies (y compris \u00e0 Calgary, Edmonton, Regina, Saskatoon et Winnipeg) et dans certaines parties des provinces de l\u2019Atlantique (y compris \u00e0 Saint John).<\/p>\n<h2>Hausse des logements mis en vente d\u2019un oc\u00e9an \u00e0 l\u2019autre<\/h2>\n<p>Le retour en sc\u00e8ne des vendeurs dans toutes les r\u00e9gions du pays a fait augmenter consid\u00e9rablement les nouvelles inscriptions dans certains march\u00e9s. Une telle \u00e9volution s\u2019est produite le mois dernier \u00e0 Victoria (+9,5 % d\u2019un mois sur l\u2019autre), dans la vall\u00e9e du Fraser (+9,5 %), \u00e0 Edmonton (+11,9 %), \u00e0 Calgary (+7,5 %), \u00e0 Regina (+6,9 %), \u00e0 Hamilton (+15,2 %), \u00e0 Kitchener-Waterloo (+21,2 %), \u00e0 London (+19,9 %), \u00e0 Toronto (+7,8 %), \u00e0 Ottawa (+5,6 %) et au Saguenay (+28,2 %). Ces augmentations sont impressionnantes, mais elles ont eu lieu apr\u00e8s que des niveaux exceptionnellement bas eurent \u00e9t\u00e9 atteints au d\u00e9but de l\u2019ann\u00e9e. Dans la plupart des cas, elles ne font que replacer la barre plus pr\u00e8s de la normale.<\/p>\n<div id=\"everviz-Y1V25yesb\" class=\"everviz-Y1V25yesb\"><script src=https:\/\/app.everviz.com\/inject\/Y1V25yesb\/?v=3 defer=\"defer\"><\/script><\/div>\n<h2>Les prix des logements continuent d\u2019augmenter grandement dans la plupart des r\u00e9gions<\/h2>\n<p>Le resserrement printanier du rapport entre la demande et l\u2019offre dispara\u00eet rapidement en Colombie-Britannique et en Ontario. Le fl\u00e9chissement des ventes et l\u2019augmentation des nouvelles inscriptions ont ramen\u00e9 l\u2019\u00e9quilibre sur la plupart des march\u00e9s de ces provinces, Toronto n\u2019ayant jamais \u00e9t\u00e9 aussi pr\u00e8s depuis janvier d\u2019\u00eatre un march\u00e9 favorable aux acheteurs. N\u00e9anmoins, la hausse des prix demeure g\u00e9n\u00e9ralement vive : elle d\u00e9passe 1 % d\u2019un mois sur l\u2019autre (selon l\u2019Indice des prix des propri\u00e9t\u00e9s MLS) dans la majorit\u00e9 des cas, notamment \u00e0 Vancouver (1,7 %), \u00e0 Hamilton (1,8 %), \u00e0 Toronto (1,1 %) et \u00e0 Ottawa (1,3 %).<\/p>\n<p>Il en va de m\u00eame au Qu\u00e9bec et dans la plupart des provinces de l\u2019Atlantique, o\u00f9 la trajectoire des prix demeure g\u00e9n\u00e9ralement haussi\u00e8re. L\u2019Indice des prix des propri\u00e9t\u00e9s MLS d\u00e9note m\u00eame une acc\u00e9l\u00e9ration en juillet \u00e0 Montr\u00e9al (1,7 % d\u2019un mois sur l\u2019autre) et \u00e0 Halifax (2,2 %).<\/p>\n<p>Fait int\u00e9ressant, les augmentations de prix ont \u00e9t\u00e9 relativement mod\u00e9r\u00e9es le mois dernier dans les Prairies. L\u2019Indice des prix des propri\u00e9t\u00e9s d\u2019Edmonton a progress\u00e9 de seulement 0,2 % d\u2019un mois sur l\u2019autre (1,0 % \u00e0 Calgary, 0,8 % \u00e0 Regina et 0,4 % \u00e0 Saskatoon). Il en est peut-\u00eatre ainsi parce que la valeur des propri\u00e9t\u00e9s dans ces march\u00e9s n\u2019a pas diminu\u00e9 autant (pas du tout dans le cas de Calgary) au cours de la r\u00e9cente correction.<\/p>\n<div id=\"everviz-slcMna7_Q\" class=\"everviz-slcMna7_Q\"><script src=https:\/\/app.everviz.com\/inject\/slcMna7_Q\/?v=3 defer=\"defer\"><\/script><\/div>\n<h2>D\u2019une vigueur inattendue \u00e0 la stagnation ?<\/h2>\n<p>Le cheminement du march\u00e9 canadien s\u2019annonce cahoteux. Nous nous attendons \u00e0 ce que l\u2019accroissement des taux d\u2019int\u00e9r\u00eat continue de refroidir l\u2019enthousiasme des acheteurs pendant les mois \u00e0 venir, tout en for\u00e7ant peut-\u00eatre certains propri\u00e9taires actuels \u00e0 vendre. Une r\u00e9cession entra\u00eenerait d\u2019autres difficult\u00e9s, car la hausse des pertes d\u2019emploi et l\u2019incertitude \u00e9conomique mineraient la confiance des participants au march\u00e9.<\/p>\n<p>Le ralentissement estival prouve selon nous que la vigueur \u00e9tonnante de la reprise printani\u00e8re \u00e9tait intenable. Nous sommes toujours d\u2019avis que la reprise sera lente jusqu\u2019\u00e0 ce que les taux d\u2019int\u00e9r\u00eat baissent. Le redressement du printemps a toutefois eu pour effet de devancer le creux du cycle des prix que nous avions entrevu pour l\u2019automne. Les prix ayant augment\u00e9 plus t\u00f4t, l\u2019ampleur de la correction s\u2019est av\u00e9r\u00e9e plus faible que pr\u00e9vu. Nous pensons que le creux plus \u00e9lev\u00e9 r\u00e9sultant de cette situation (mesur\u00e9 selon le niveau) freinera le rythme de la progression future des prix.<\/p>\n<div class=\"rds-callout-white\" style=\"border: 1px solid #c4c8cc;\">\n<div class=\"rds-gcw\">\n<div style=\"display:inline-block; vertical-align: top;\" class=\"img w-mob-100\"><img loading=\"lazy\" decoding=\"async\" src=\"https:\/\/www.rbc.com\/fr\/economique\/wp-content\/uploads\/sites\/24\/2025\/03\/econ-download-1.png\" alt=\"\" width=\"261\" height=\"177\" class=\"aligncenter size-full wp-image-30186\" \/><\/div>\n<div class=\"rds-inline pad-hlf\" style=\"display:inline-block; vertical-align: top;\">\n<h4 class=\"mar-t\">Lire le rapport<br \/>\n<\/h4>\n<p><a class=\"btn tertiary\" role=\"button\" href=\"https:\/\/www.rbc.com\/fr\/economique\/wp-content\/uploads\/sites\/4\/2024\/11\/Housing-Affordability_0323-FR.pdf\" target=\"_blank\" rel=\"noopener noreferrer\" data-dig-id=\"TNL_211007\" data-dig-category=\"TNL Economics\" data-dig-action=\"mid-funnel click\" data-dig-label=\"Housing Affordability - Sep 2022\">T\u00e9l\u00e9charger<\/a>\n<\/div>\n<\/div>\n<\/div>\n<style class=\"advgb-styles-renderer\">h2{font-size:23px;font-weight: 500;line-height: 1.2;}<\/style>\n","protected":false},"excerpt":{"rendered":"<p>Les derni\u00e8res hausses cons\u00e9cutives de la Banque du Canada ont frein\u00e9 le rebond du march\u00e9 du logement cet \u00e9t\u00e9.<\/p>\n","protected":false},"author":300,"featured_media":763,"comment_status":"open","ping_status":"open","sticky":false,"template":"","format":"standard","meta":{"_acf_changed":false,"advgb_blocks_editor_width":"","advgb_blocks_columns_visual_guide":"","footnotes":""},"categories":[71,23,26],"tags":[],"rbc_econ_content_type":[],"class_list":["post-764","post","type-post","status-publish","format-standard","has-post-thumbnail","hentry","category-analyse-pour-le-canada","category-logement-au-canada","category-rapport-mensuel-sur-le-marche-du-logement"],"acf":[],"yoast_head":"<!-- This site is optimized with the Yoast SEO Premium plugin v27.2 (Yoast SEO v27.2) - https:\/\/yoast.com\/product\/yoast-seo-premium-wordpress\/ -->\n<title>\u00c9t\u00e9 chaud, mais refroidissement du march\u00e9 du logement au Canada - RBC Economique<\/title>\n<meta name=\"description\" content=\"Les derni\u00e8res hausses cons\u00e9cutives de la Banque du Canada ont frein\u00e9 le rebond du march\u00e9 du logement cet \u00e9t\u00e9.\" \/>\n<meta name=\"robots\" content=\"index, follow, max-snippet:-1, max-image-preview:large, max-video-preview:-1\" \/>\n<link rel=\"canonical\" href=\"https:\/\/www.rbc.com\/fr\/economique\/analyse-pour-le-canada\/logement-au-canada\/rapport-mensuel-sur-le-marche-du-logement\/ete-chaud-mais-refroidissement-du-marche-du-logement-au-canada\/\" \/>\n<meta property=\"og:locale\" content=\"fr_FR\" \/>\n<meta property=\"og:type\" content=\"article\" \/>\n<meta property=\"og:title\" content=\"\u00c9t\u00e9 chaud, mais refroidissement du march\u00e9 du logement au Canada\" \/>\n<meta property=\"og:description\" content=\"Les derni\u00e8res hausses cons\u00e9cutives de la Banque du Canada ont frein\u00e9 le rebond du march\u00e9 du logement cet \u00e9t\u00e9.\" \/>\n<meta property=\"og:url\" content=\"https:\/\/www.rbc.com\/fr\/economique\/analyse-pour-le-canada\/logement-au-canada\/rapport-mensuel-sur-le-marche-du-logement\/ete-chaud-mais-refroidissement-du-marche-du-logement-au-canada\/\" \/>\n<meta property=\"og:site_name\" content=\"RBC Economique\" \/>\n<meta property=\"article:published_time\" content=\"2023-08-15T15:31:33+00:00\" \/>\n<meta property=\"article:modified_time\" content=\"2025-03-26T04:54:22+00:00\" \/>\n<meta property=\"og:image\" content=\"https:\/\/www.rbc.com\/fr\/economique\/wp-content\/uploads\/sites\/24\/\/2025\/03\/Branded-1200x627-554.jpg?quality=80\" \/>\n\t<meta property=\"og:image:width\" content=\"1200\" \/>\n\t<meta property=\"og:image:height\" content=\"627\" \/>\n\t<meta property=\"og:image:type\" content=\"image\/jpeg\" \/>\n<meta name=\"author\" content=\"Shiplu Talukder\" \/>\n<meta name=\"twitter:card\" content=\"summary_large_image\" \/>\n<meta name=\"twitter:label1\" content=\"Written by\" \/>\n\t<meta name=\"twitter:data1\" content=\"Shiplu Talukder\" \/>\n\t<meta name=\"twitter:label2\" content=\"Est. reading time\" \/>\n\t<meta name=\"twitter:data2\" content=\"5 minutes\" \/>\n<script type=\"application\/ld+json\" class=\"yoast-schema-graph\">{\"@context\":\"https:\/\/schema.org\",\"@graph\":[{\"@type\":\"Article\",\"@id\":\"https:\/\/www.rbc.com\/fr\/economique\/analyse-pour-le-canada\/logement-au-canada\/rapport-mensuel-sur-le-marche-du-logement\/ete-chaud-mais-refroidissement-du-marche-du-logement-au-canada\/#article\",\"isPartOf\":{\"@id\":\"https:\/\/www.rbc.com\/fr\/economique\/analyse-pour-le-canada\/logement-au-canada\/rapport-mensuel-sur-le-marche-du-logement\/ete-chaud-mais-refroidissement-du-marche-du-logement-au-canada\/\"},\"author\":{\"name\":\"Shiplu Talukder\",\"@id\":\"https:\/\/www.rbc.com\/fr\/economique\/#\/schema\/person\/b7c4a2210393781a5f2ddfb7843f4563\"},\"headline\":\"\u00c9t\u00e9 chaud, mais refroidissement du march\u00e9 du logement au Canada\",\"datePublished\":\"2023-08-15T15:31:33+00:00\",\"dateModified\":\"2025-03-26T04:54:22+00:00\",\"mainEntityOfPage\":{\"@id\":\"https:\/\/www.rbc.com\/fr\/economique\/analyse-pour-le-canada\/logement-au-canada\/rapport-mensuel-sur-le-marche-du-logement\/ete-chaud-mais-refroidissement-du-marche-du-logement-au-canada\/\"},\"wordCount\":977,\"commentCount\":0,\"image\":{\"@id\":\"https:\/\/www.rbc.com\/fr\/economique\/analyse-pour-le-canada\/logement-au-canada\/rapport-mensuel-sur-le-marche-du-logement\/ete-chaud-mais-refroidissement-du-marche-du-logement-au-canada\/#primaryimage\"},\"thumbnailUrl\":\"https:\/\/www.rbc.com\/fr\/economique\/wp-content\/uploads\/sites\/24\/\/2025\/03\/Branded-1200x627-554.jpg?quality=80\",\"articleSection\":[\"Analyse pour le Canada\",\"Logement au Canada\",\"Rapport mensuel sur le march\u00e9 du logement\"],\"inLanguage\":\"fr-FR\",\"potentialAction\":[{\"@type\":\"CommentAction\",\"name\":\"Comment\",\"target\":[\"https:\/\/www.rbc.com\/fr\/economique\/analyse-pour-le-canada\/logement-au-canada\/rapport-mensuel-sur-le-marche-du-logement\/ete-chaud-mais-refroidissement-du-marche-du-logement-au-canada\/#respond\"]}]},{\"@type\":\"WebPage\",\"@id\":\"https:\/\/www.rbc.com\/fr\/economique\/analyse-pour-le-canada\/logement-au-canada\/rapport-mensuel-sur-le-marche-du-logement\/ete-chaud-mais-refroidissement-du-marche-du-logement-au-canada\/\",\"url\":\"https:\/\/www.rbc.com\/fr\/economique\/analyse-pour-le-canada\/logement-au-canada\/rapport-mensuel-sur-le-marche-du-logement\/ete-chaud-mais-refroidissement-du-marche-du-logement-au-canada\/\",\"name\":\"\u00c9t\u00e9 chaud, mais refroidissement du march\u00e9 du logement au Canada - RBC Economique\",\"isPartOf\":{\"@id\":\"https:\/\/www.rbc.com\/fr\/economique\/#website\"},\"primaryImageOfPage\":{\"@id\":\"https:\/\/www.rbc.com\/fr\/economique\/analyse-pour-le-canada\/logement-au-canada\/rapport-mensuel-sur-le-marche-du-logement\/ete-chaud-mais-refroidissement-du-marche-du-logement-au-canada\/#primaryimage\"},\"image\":{\"@id\":\"https:\/\/www.rbc.com\/fr\/economique\/analyse-pour-le-canada\/logement-au-canada\/rapport-mensuel-sur-le-marche-du-logement\/ete-chaud-mais-refroidissement-du-marche-du-logement-au-canada\/#primaryimage\"},\"thumbnailUrl\":\"https:\/\/www.rbc.com\/fr\/economique\/wp-content\/uploads\/sites\/24\/\/2025\/03\/Branded-1200x627-554.jpg?quality=80\",\"datePublished\":\"2023-08-15T15:31:33+00:00\",\"dateModified\":\"2025-03-26T04:54:22+00:00\",\"author\":{\"@id\":\"https:\/\/www.rbc.com\/fr\/economique\/#\/schema\/person\/b7c4a2210393781a5f2ddfb7843f4563\"},\"description\":\"Les derni\u00e8res hausses cons\u00e9cutives de la Banque du Canada ont frein\u00e9 le rebond du march\u00e9 du logement cet \u00e9t\u00e9.\",\"breadcrumb\":{\"@id\":\"https:\/\/www.rbc.com\/fr\/economique\/analyse-pour-le-canada\/logement-au-canada\/rapport-mensuel-sur-le-marche-du-logement\/ete-chaud-mais-refroidissement-du-marche-du-logement-au-canada\/#breadcrumb\"},\"inLanguage\":\"fr-FR\",\"potentialAction\":[{\"@type\":\"ReadAction\",\"target\":[\"https:\/\/www.rbc.com\/fr\/economique\/analyse-pour-le-canada\/logement-au-canada\/rapport-mensuel-sur-le-marche-du-logement\/ete-chaud-mais-refroidissement-du-marche-du-logement-au-canada\/\"]}]},{\"@type\":\"ImageObject\",\"inLanguage\":\"fr-FR\",\"@id\":\"https:\/\/www.rbc.com\/fr\/economique\/analyse-pour-le-canada\/logement-au-canada\/rapport-mensuel-sur-le-marche-du-logement\/ete-chaud-mais-refroidissement-du-marche-du-logement-au-canada\/#primaryimage\",\"url\":\"https:\/\/www.rbc.com\/fr\/economique\/wp-content\/uploads\/sites\/24\/\/2025\/03\/Branded-1200x627-554.jpg?quality=80\",\"contentUrl\":\"https:\/\/www.rbc.com\/fr\/economique\/wp-content\/uploads\/sites\/24\/\/2025\/03\/Branded-1200x627-554.jpg?quality=80\",\"width\":1200,\"height\":627},{\"@type\":\"BreadcrumbList\",\"@id\":\"https:\/\/www.rbc.com\/fr\/economique\/analyse-pour-le-canada\/logement-au-canada\/rapport-mensuel-sur-le-marche-du-logement\/ete-chaud-mais-refroidissement-du-marche-du-logement-au-canada\/#breadcrumb\",\"itemListElement\":[{\"@type\":\"ListItem\",\"position\":1,\"name\":\"Home\",\"item\":\"https:\/\/www.rbc.com\/fr\/economique\/\"},{\"@type\":\"ListItem\",\"position\":2,\"name\":\"\u00c9t\u00e9 chaud, mais refroidissement du march\u00e9 du logement au Canada\"}]},{\"@type\":\"WebSite\",\"@id\":\"https:\/\/www.rbc.com\/fr\/economique\/#website\",\"url\":\"https:\/\/www.rbc.com\/fr\/economique\/\",\"name\":\"RBC Economique\",\"description\":\"\",\"potentialAction\":[{\"@type\":\"SearchAction\",\"target\":{\"@type\":\"EntryPoint\",\"urlTemplate\":\"https:\/\/www.rbc.com\/fr\/economique\/?s={search_term_string}\"},\"query-input\":{\"@type\":\"PropertyValueSpecification\",\"valueRequired\":true,\"valueName\":\"search_term_string\"}}],\"inLanguage\":\"fr-FR\"},{\"@type\":\"Person\",\"@id\":\"https:\/\/www.rbc.com\/fr\/economique\/#\/schema\/person\/b7c4a2210393781a5f2ddfb7843f4563\",\"name\":\"Shiplu Talukder\",\"image\":{\"@type\":\"ImageObject\",\"inLanguage\":\"fr-FR\",\"@id\":\"https:\/\/secure.gravatar.com\/avatar\/fa94e79596270392553728c4c68156b055b4841cafb4c15693adb0c592ee6080?s=96&d=mm&r=g\",\"url\":\"https:\/\/secure.gravatar.com\/avatar\/fa94e79596270392553728c4c68156b055b4841cafb4c15693adb0c592ee6080?s=96&d=mm&r=g\",\"contentUrl\":\"https:\/\/secure.gravatar.com\/avatar\/fa94e79596270392553728c4c68156b055b4841cafb4c15693adb0c592ee6080?s=96&d=mm&r=g\",\"caption\":\"Shiplu Talukder\"},\"url\":\"https:\/\/www.rbc.com\/fr\/economique\/author\/shiplutalukder\/\"}]}<\/script>\n<!-- \/ Yoast SEO Premium plugin. -->","yoast_head_json":{"title":"\u00c9t\u00e9 chaud, mais refroidissement du march\u00e9 du logement au Canada - RBC Economique","description":"Les derni\u00e8res hausses cons\u00e9cutives de la Banque du Canada ont frein\u00e9 le rebond du march\u00e9 du logement cet \u00e9t\u00e9.","robots":{"index":"index","follow":"follow","max-snippet":"max-snippet:-1","max-image-preview":"max-image-preview:large","max-video-preview":"max-video-preview:-1"},"canonical":"https:\/\/www.rbc.com\/fr\/economique\/analyse-pour-le-canada\/logement-au-canada\/rapport-mensuel-sur-le-marche-du-logement\/ete-chaud-mais-refroidissement-du-marche-du-logement-au-canada\/","og_locale":"fr_FR","og_type":"article","og_title":"\u00c9t\u00e9 chaud, mais refroidissement du march\u00e9 du logement au Canada","og_description":"Les derni\u00e8res hausses cons\u00e9cutives de la Banque du Canada ont frein\u00e9 le rebond du march\u00e9 du logement cet \u00e9t\u00e9.","og_url":"https:\/\/www.rbc.com\/fr\/economique\/analyse-pour-le-canada\/logement-au-canada\/rapport-mensuel-sur-le-marche-du-logement\/ete-chaud-mais-refroidissement-du-marche-du-logement-au-canada\/","og_site_name":"RBC Economique","article_published_time":"2023-08-15T15:31:33+00:00","article_modified_time":"2025-03-26T04:54:22+00:00","og_image":[{"width":1200,"height":627,"url":"https:\/\/www.rbc.com\/fr\/economique\/wp-content\/uploads\/sites\/24\/\/2025\/03\/Branded-1200x627-554.jpg?quality=80","type":"image\/jpeg"}],"author":"Shiplu Talukder","twitter_card":"summary_large_image","twitter_misc":{"Written by":"Shiplu Talukder","Est. reading time":"5 minutes"},"schema":{"@context":"https:\/\/schema.org","@graph":[{"@type":"Article","@id":"https:\/\/www.rbc.com\/fr\/economique\/analyse-pour-le-canada\/logement-au-canada\/rapport-mensuel-sur-le-marche-du-logement\/ete-chaud-mais-refroidissement-du-marche-du-logement-au-canada\/#article","isPartOf":{"@id":"https:\/\/www.rbc.com\/fr\/economique\/analyse-pour-le-canada\/logement-au-canada\/rapport-mensuel-sur-le-marche-du-logement\/ete-chaud-mais-refroidissement-du-marche-du-logement-au-canada\/"},"author":{"name":"Shiplu Talukder","@id":"https:\/\/www.rbc.com\/fr\/economique\/#\/schema\/person\/b7c4a2210393781a5f2ddfb7843f4563"},"headline":"\u00c9t\u00e9 chaud, mais refroidissement du march\u00e9 du logement au Canada","datePublished":"2023-08-15T15:31:33+00:00","dateModified":"2025-03-26T04:54:22+00:00","mainEntityOfPage":{"@id":"https:\/\/www.rbc.com\/fr\/economique\/analyse-pour-le-canada\/logement-au-canada\/rapport-mensuel-sur-le-marche-du-logement\/ete-chaud-mais-refroidissement-du-marche-du-logement-au-canada\/"},"wordCount":977,"commentCount":0,"image":{"@id":"https:\/\/www.rbc.com\/fr\/economique\/analyse-pour-le-canada\/logement-au-canada\/rapport-mensuel-sur-le-marche-du-logement\/ete-chaud-mais-refroidissement-du-marche-du-logement-au-canada\/#primaryimage"},"thumbnailUrl":"https:\/\/www.rbc.com\/fr\/economique\/wp-content\/uploads\/sites\/24\/\/2025\/03\/Branded-1200x627-554.jpg?quality=80","articleSection":["Analyse pour le Canada","Logement au Canada","Rapport mensuel sur le march\u00e9 du logement"],"inLanguage":"fr-FR","potentialAction":[{"@type":"CommentAction","name":"Comment","target":["https:\/\/www.rbc.com\/fr\/economique\/analyse-pour-le-canada\/logement-au-canada\/rapport-mensuel-sur-le-marche-du-logement\/ete-chaud-mais-refroidissement-du-marche-du-logement-au-canada\/#respond"]}]},{"@type":"WebPage","@id":"https:\/\/www.rbc.com\/fr\/economique\/analyse-pour-le-canada\/logement-au-canada\/rapport-mensuel-sur-le-marche-du-logement\/ete-chaud-mais-refroidissement-du-marche-du-logement-au-canada\/","url":"https:\/\/www.rbc.com\/fr\/economique\/analyse-pour-le-canada\/logement-au-canada\/rapport-mensuel-sur-le-marche-du-logement\/ete-chaud-mais-refroidissement-du-marche-du-logement-au-canada\/","name":"\u00c9t\u00e9 chaud, mais refroidissement du march\u00e9 du logement au Canada - RBC Economique","isPartOf":{"@id":"https:\/\/www.rbc.com\/fr\/economique\/#website"},"primaryImageOfPage":{"@id":"https:\/\/www.rbc.com\/fr\/economique\/analyse-pour-le-canada\/logement-au-canada\/rapport-mensuel-sur-le-marche-du-logement\/ete-chaud-mais-refroidissement-du-marche-du-logement-au-canada\/#primaryimage"},"image":{"@id":"https:\/\/www.rbc.com\/fr\/economique\/analyse-pour-le-canada\/logement-au-canada\/rapport-mensuel-sur-le-marche-du-logement\/ete-chaud-mais-refroidissement-du-marche-du-logement-au-canada\/#primaryimage"},"thumbnailUrl":"https:\/\/www.rbc.com\/fr\/economique\/wp-content\/uploads\/sites\/24\/\/2025\/03\/Branded-1200x627-554.jpg?quality=80","datePublished":"2023-08-15T15:31:33+00:00","dateModified":"2025-03-26T04:54:22+00:00","author":{"@id":"https:\/\/www.rbc.com\/fr\/economique\/#\/schema\/person\/b7c4a2210393781a5f2ddfb7843f4563"},"description":"Les derni\u00e8res hausses cons\u00e9cutives de la Banque du Canada ont frein\u00e9 le rebond du march\u00e9 du logement cet \u00e9t\u00e9.","breadcrumb":{"@id":"https:\/\/www.rbc.com\/fr\/economique\/analyse-pour-le-canada\/logement-au-canada\/rapport-mensuel-sur-le-marche-du-logement\/ete-chaud-mais-refroidissement-du-marche-du-logement-au-canada\/#breadcrumb"},"inLanguage":"fr-FR","potentialAction":[{"@type":"ReadAction","target":["https:\/\/www.rbc.com\/fr\/economique\/analyse-pour-le-canada\/logement-au-canada\/rapport-mensuel-sur-le-marche-du-logement\/ete-chaud-mais-refroidissement-du-marche-du-logement-au-canada\/"]}]},{"@type":"ImageObject","inLanguage":"fr-FR","@id":"https:\/\/www.rbc.com\/fr\/economique\/analyse-pour-le-canada\/logement-au-canada\/rapport-mensuel-sur-le-marche-du-logement\/ete-chaud-mais-refroidissement-du-marche-du-logement-au-canada\/#primaryimage","url":"https:\/\/www.rbc.com\/fr\/economique\/wp-content\/uploads\/sites\/24\/\/2025\/03\/Branded-1200x627-554.jpg?quality=80","contentUrl":"https:\/\/www.rbc.com\/fr\/economique\/wp-content\/uploads\/sites\/24\/\/2025\/03\/Branded-1200x627-554.jpg?quality=80","width":1200,"height":627},{"@type":"BreadcrumbList","@id":"https:\/\/www.rbc.com\/fr\/economique\/analyse-pour-le-canada\/logement-au-canada\/rapport-mensuel-sur-le-marche-du-logement\/ete-chaud-mais-refroidissement-du-marche-du-logement-au-canada\/#breadcrumb","itemListElement":[{"@type":"ListItem","position":1,"name":"Home","item":"https:\/\/www.rbc.com\/fr\/economique\/"},{"@type":"ListItem","position":2,"name":"\u00c9t\u00e9 chaud, mais refroidissement du march\u00e9 du logement au Canada"}]},{"@type":"WebSite","@id":"https:\/\/www.rbc.com\/fr\/economique\/#website","url":"https:\/\/www.rbc.com\/fr\/economique\/","name":"RBC Economique","description":"","potentialAction":[{"@type":"SearchAction","target":{"@type":"EntryPoint","urlTemplate":"https:\/\/www.rbc.com\/fr\/economique\/?s={search_term_string}"},"query-input":{"@type":"PropertyValueSpecification","valueRequired":true,"valueName":"search_term_string"}}],"inLanguage":"fr-FR"},{"@type":"Person","@id":"https:\/\/www.rbc.com\/fr\/economique\/#\/schema\/person\/b7c4a2210393781a5f2ddfb7843f4563","name":"Shiplu Talukder","image":{"@type":"ImageObject","inLanguage":"fr-FR","@id":"https:\/\/secure.gravatar.com\/avatar\/fa94e79596270392553728c4c68156b055b4841cafb4c15693adb0c592ee6080?s=96&d=mm&r=g","url":"https:\/\/secure.gravatar.com\/avatar\/fa94e79596270392553728c4c68156b055b4841cafb4c15693adb0c592ee6080?s=96&d=mm&r=g","contentUrl":"https:\/\/secure.gravatar.com\/avatar\/fa94e79596270392553728c4c68156b055b4841cafb4c15693adb0c592ee6080?s=96&d=mm&r=g","caption":"Shiplu Talukder"},"url":"https:\/\/www.rbc.com\/fr\/economique\/author\/shiplutalukder\/"}]}},"author_meta":{"display_name":"Shiplu Talukder","author_link":"https:\/\/www.rbc.com\/fr\/economique\/author\/shiplutalukder\/"},"featured_img":"https:\/\/www.rbc.com\/fr\/economique\/wp-content\/uploads\/sites\/24\/\/2025\/03\/Branded-1200x627-554.jpg?quality=80&w=300","jetpack_featured_media_url":"https:\/\/www.rbc.com\/fr\/economique\/wp-content\/uploads\/sites\/24\/\/2025\/03\/Branded-1200x627-554.jpg?quality=80","coauthors":[],"tax_additional":{"categories":{"linked":["<a href=\"https:\/\/www.rbc.com\/fr\/economique\/category\/analyse-pour-le-canada\/\" class=\"advgb-post-tax-term\">Analyse pour le Canada<\/a>","<a href=\"https:\/\/www.rbc.com\/fr\/economique\/category\/analyse-pour-le-canada\/logement-au-canada\/\" class=\"advgb-post-tax-term\">Logement au Canada<\/a>","<a href=\"https:\/\/www.rbc.com\/fr\/economique\/category\/analyse-pour-le-canada\/logement-au-canada\/rapport-mensuel-sur-le-marche-du-logement\/\" class=\"advgb-post-tax-term\">Rapport mensuel sur le march\u00e9 du logement<\/a>"],"unlinked":["<span class=\"advgb-post-tax-term\">Analyse pour le Canada<\/span>","<span class=\"advgb-post-tax-term\">Logement au Canada<\/span>","<span class=\"advgb-post-tax-term\">Rapport mensuel sur le march\u00e9 du logement<\/span>"]}},"comment_count":0,"relative_dates":{"created":"Publi\u00e9 3 ans il y a","modified":"Mis \u00e0 jour 1 an il y a"},"absolute_dates":{"created":"Publi\u00e9 le 15 ao\u00fbt 2023","modified":"Mise \u00e0 jour le 26 mars 2025"},"absolute_dates_time":{"created":"Publi\u00e9 le 15 ao\u00fbt 2023 3:31  ","modified":"Mise \u00e0 jour le 26 mars 2025 4:54  "},"featured_img_caption":"","series_order":"","_links":{"self":[{"href":"https:\/\/www.rbc.com\/fr\/economique\/wp-json\/wp\/v2\/posts\/764","targetHints":{"allow":["GET"]}}],"collection":[{"href":"https:\/\/www.rbc.com\/fr\/economique\/wp-json\/wp\/v2\/posts"}],"about":[{"href":"https:\/\/www.rbc.com\/fr\/economique\/wp-json\/wp\/v2\/types\/post"}],"author":[{"embeddable":true,"href":"https:\/\/www.rbc.com\/fr\/economique\/wp-json\/wp\/v2\/users\/300"}],"replies":[{"embeddable":true,"href":"https:\/\/www.rbc.com\/fr\/economique\/wp-json\/wp\/v2\/comments?post=764"}],"version-history":[{"count":0,"href":"https:\/\/www.rbc.com\/fr\/economique\/wp-json\/wp\/v2\/posts\/764\/revisions"}],"wp:featuredmedia":[{"embeddable":true,"href":"https:\/\/www.rbc.com\/fr\/economique\/wp-json\/wp\/v2\/media\/763"}],"wp:attachment":[{"href":"https:\/\/www.rbc.com\/fr\/economique\/wp-json\/wp\/v2\/media?parent=764"}],"wp:term":[{"taxonomy":"category","embeddable":true,"href":"https:\/\/www.rbc.com\/fr\/economique\/wp-json\/wp\/v2\/categories?post=764"},{"taxonomy":"post_tag","embeddable":true,"href":"https:\/\/www.rbc.com\/fr\/economique\/wp-json\/wp\/v2\/tags?post=764"},{"taxonomy":"rbc_econ_content_type","embeddable":true,"href":"https:\/\/www.rbc.com\/fr\/economique\/wp-json\/wp\/v2\/rbc_econ_content_type?post=764"}],"curies":[{"name":"wp","href":"https:\/\/api.w.org\/{rel}","templated":true}]}}