{"id":7163,"date":"2026-08-28T15:39:51","date_gmt":"2026-08-28T15:39:51","guid":{"rendered":"https:\/\/www.rbc.com\/fr\/economique\/?p=7163"},"modified":"2026-09-02T17:03:09","modified_gmt":"2026-09-02T17:03:09","slug":"leconomie-canadienne-a-fortement-rebondi-au-deuxieme-trimestre-la-demande-interieure-setant-raffermie","status":"publish","type":"post","link":"https:\/\/www.rbc.com\/fr\/economique\/analyse-pour-le-canada\/rapports-de-donnees-provisoires\/leconomie-canadienne-a-fortement-rebondi-au-deuxieme-trimestre-la-demande-interieure-setant-raffermie\/","title":{"rendered":"L\u2019\u00e9conomie canadienne a fortement rebondi au deuxi\u00e8me trimestre, la demande int\u00e9rieure s\u2019\u00e9tant raffermie"},"content":{"rendered":"\n<section class=\"wp-block-rbc-section-block  pos-rel\" style=\"border-radius:0px\">\n<div class=\"wp-block-rbc-section-inner-block  section-inner\" style=\"border-radius:0x\">\n<h4 id=\"h-en-resume\" class=\"wp-block-heading has-rbc-bright-blue-color has-text-color has-link-color wp-elements-3e7439e5eabf708a60c559c9bab7213c\">En r\u00e9sum\u00e9 :<\/h4>\n\n\n\n<p class=\"wp-block-paragraph\">L\u2019\u00e9conomie canadienne a rebondi au deuxi\u00e8me trimestre, le PIB r\u00e9el ayant progress\u00e9 de 3,3&nbsp;% (taux annualis\u00e9), apr\u00e8s une petite r\u00e9vision \u00e0 la hausse de la croissance au premier trimestre, qui est pass\u00e9e d\u2019une l\u00e9g\u00e8re baisse de 0,1&nbsp;% \u00e0 une l\u00e9g\u00e8re (mais positive) hausse de 0,3&nbsp;%.<\/p>\n\n\n\n<p class=\"wp-block-paragraph\">Les donn\u00e9es trimestrielles et mensuelles sur le PIB sont volatiles et il est peu probable que le rythme de la croissance au deuxi\u00e8me trimestre se r\u00e9p\u00e8te dans la m\u00eame mesure dans les trimestres \u00e0 venir \u2013 l\u2019estimation pr\u00e9liminaire de la production de juillet n\u2019a pratiquement pas chang\u00e9 par rapport aux niveaux de juin.<\/p>\n\n\n\n<p class=\"wp-block-paragraph\">Toutefois, les donn\u00e9es sont conformes \u00e0 un contexte \u00e9conomique qui s\u2019am\u00e9liore graduellement, en particulier lorsqu\u2019on les mesure par habitant, car la population du Canada diminue.<\/p>\n\n\n\n<p class=\"wp-block-paragraph\">Une partie de cette vigueur refl\u00e8te un renversement de la faiblesse temporaire plus t\u00f4t dans l\u2019ann\u00e9e. Le commerce net a fortement contribu\u00e9 \u00e0 la croissance, les exportations ayant surpass\u00e9 les importations, en partie gr\u00e2ce \u00e0 la reprise de la production automobile et des exp\u00e9ditions apr\u00e8s les perturbations hivernales.<\/p>\n\n\n\n<p class=\"wp-block-paragraph\">N\u00e9anmoins, le rebond du deuxi\u00e8me trimestre s\u2019est \u00e9tendu au-del\u00e0 des \u00e9changes commerciaux. Les d\u00e9penses des m\u00e9nages se sont raffermies malgr\u00e9 la hausse des co\u00fbts du carburant, les investissements des entreprises ont augment\u00e9, tout comme les importations d\u2019\u00e9quipement plus fortes, et les investissements r\u00e9sidentiels se sont redress\u00e9s \u00e0 mesure que les reventes de logements et les mises en chantier s\u2019am\u00e9lioraient. Dans l\u2019ensemble, la demande int\u00e9rieure finale (d\u00e9penses des entreprises, des administrations et des consommateurs canadiens) a augment\u00e9 de 3,9&nbsp;% sur une base annualis\u00e9e, apr\u00e8s avoir l\u00e9g\u00e8rement fl\u00e9chi (-0,1&nbsp;%) au deuxi\u00e8me trimestre.<\/p>\n\n\n\n<p class=\"wp-block-paragraph\">La croissance devrait ralentir apr\u00e8s la forte progression enregistr\u00e9e au deuxi\u00e8me trimestre, tout en restant positive pour le reste de 2026. Les derniers droits de douane am\u00e9ricains de 50&nbsp;% augmentent le risque de baisse, m\u00eame si nous nous attendons \u00e0 ce que les effets se concentrent fortement dans certains secteurs\/produits expos\u00e9s, dont les r\u00e9percussions sur la croissance \u00e9conomique globale sont limit\u00e9es.<\/p>\n\n\n\n<p class=\"wp-block-paragraph\">Plus de 80&nbsp;% des exportations canadiennes continuent d\u2019entrer aux \u00c9tats-Unis en franchise de droits en vertu de l\u2019ACEUM, ce qui contribue \u00e0 pr\u00e9server le contexte de croissance \u00e9largi. Toutefois, les producteurs de plastique, de machinerie \u00e9lectrique, de meubles et de produits du bois font face \u00e0 des perturbations potentiellement graves, les effets r\u00e9gionaux \u00e9tant concentr\u00e9s au Qu\u00e9bec, en Colombie-Britannique et en Ontario. Les contre-tarifs et les mesures de r\u00e9torsion du Canada contribueront \u00e0 d\u00e9terminer l\u2019ampleur de la propagation de ces effets.<\/p>\n\n\n\n<p class=\"wp-block-paragraph\">Dans l\u2019ensemble, le rapport du deuxi\u00e8me trimestre confirme que l\u2019\u00e9conomie est entr\u00e9e dans cette derni\u00e8re p\u00e9riode de perturbations commerciales \u00e0 partir d\u2019un point de d\u00e9part plus solide.<\/p>\n\n\n\n<p class=\"wp-block-paragraph\">Notre hypoth\u00e8se de base demeure une reprise cyclique graduelle, mais les donn\u00e9es sur la croissance nationale masqueront des ajustements beaucoup plus difficiles pour les industries, les collectivit\u00e9s et les travailleurs touch\u00e9s. Nous nous attendons toujours \u00e0 ce que la Banque du Canada maintienne le taux du financement \u00e0 un jour inchang\u00e9 pour le reste de 2026.<\/p>\n\n\n\n<h4 id=\"h-en-detail\" class=\"wp-block-heading has-rbc-bright-blue-color has-text-color has-link-color wp-elements-8c239ca4129cec7ce58aa0042d524b8b\">En d\u00e9tail :<\/h4>\n\n\n\n<ul class=\"wp-block-rbc-list is-style-chevron-list mar-l-qtr mob-mar-l-qtr\">\n<li class=\"wp-block-rbc-list-item\">\n<p class=\"wp-block-paragraph\">Le PIB r\u00e9el a progress\u00e9 de 3,3&nbsp;% sur une base annualis\u00e9e au deuxi\u00e8me trimestre, apr\u00e8s une augmentation r\u00e9vis\u00e9e \u00e0 la hausse de 0,3&nbsp;% au premier trimestre (auparavant -0,1&nbsp;%). Il s\u2019agit d\u2019un rebond important apr\u00e8s un hiver morose, et les donn\u00e9es r\u00e9vis\u00e9es montrent que l\u2019\u00e9conomie canadienne ne s\u2019est pas contract\u00e9e pendant deux&nbsp;trimestres cons\u00e9cutifs. La croissance d\u00e9mographique a continu\u00e9 de diminuer et la croissance du PIB par habitant a de nouveau augment\u00e9 au deuxi\u00e8me trimestre.<\/p>\n<\/li>\n\n\n\n<li class=\"wp-block-rbc-list-item\">\n<p class=\"wp-block-paragraph\">La demande int\u00e9rieure finale a augment\u00e9 de 3,9&nbsp;% sur une base annualis\u00e9e, en raison des gains de consommation des m\u00e9nages, de machinerie et d\u2019\u00e9quipement, et des investissements r\u00e9sidentiels.<\/p>\n<\/li>\n\n\n\n<li class=\"wp-block-rbc-list-item\">\n<p class=\"wp-block-paragraph\">La consommation des m\u00e9nages a augment\u00e9 de 3,3&nbsp;% sur une base annualis\u00e9e, les d\u00e9penses en biens ayant progress\u00e9 de 2,6&nbsp;% et les d\u00e9penses en services, de 3,9&nbsp;%. Les gains sont principalement attribuables \u00e0 la cat\u00e9gorie des&nbsp;services.<\/p>\n<\/li>\n\n\n\n<li class=\"wp-block-rbc-list-item\">\n<p class=\"wp-block-paragraph\">Les co\u00fbts \u00e9lev\u00e9s de l\u2019\u00e9nergie ont continu\u00e9 de peser sur le pouvoir d\u2019achat des m\u00e9nages, mais le taux d\u2019\u00e9pargne des m\u00e9nages (la part du revenu disponible des m\u00e9nages qui n\u2019est pas d\u00e9pens\u00e9e pour la consommation actuelle) a progress\u00e9 \u00e0 3,7&nbsp;%, comparativement \u00e0 3,3&nbsp;% au premier trimestre. Le revenu disponible a augment\u00e9 en partie gr\u00e2ce \u00e0 un paiement unique du cr\u00e9dit pour la TPS\/TVH dans le cadre de la nouvelle Allocation canadienne pour l\u2019\u00e9picerie et les besoins essentiels.<\/p>\n<\/li>\n\n\n\n<li class=\"wp-block-rbc-list-item\">\n<p class=\"wp-block-paragraph\">Les investissements en immobilisations des entreprises ont bondi de 9,5&nbsp;%, soutenus par un bond de 22&nbsp;% des d\u00e9penses en machinerie et en \u00e9quipement qui s\u2019appuie sur une croissance de 11,5&nbsp;% au premier trimestre, ainsi que par un rebond de l\u2019investissement r\u00e9sidentiel \u00e0 la suite de baisses au cours des deux&nbsp;trimestres pr\u00e9c\u00e9dents.<\/p>\n<\/li>\n\n\n\n<li class=\"wp-block-rbc-list-item\">\n<p class=\"wp-block-paragraph\">La croissance des exportations a augment\u00e9 de 15,1&nbsp;%, men\u00e9e par la reprise des v\u00e9hicules automobiles apr\u00e8s des perturbations de la production en hiver, tandis que les importations ont gagn\u00e9 seulement 1&nbsp;%. Les \u00e9changes commerciaux nets ont ajout\u00e9 4,4&nbsp;points de pourcentage \u00e0 la croissance annualis\u00e9e du PIB, mais il est peu probable que la hausse li\u00e9e \u00e0 l\u2019automobile se reproduise dans la m\u00eame mesure au cours des trimestres suivants.<\/p>\n<\/li>\n\n\n\n<li class=\"wp-block-rbc-list-item\">\n<p class=\"wp-block-paragraph\">Le principal facteur qui a neutralis\u00e9 les gains r\u00e9alis\u00e9s ailleurs est venu de la soustraction de 4,9&nbsp;points de pourcentage du PIB attribuable \u00e0 la baisse des stocks des entreprises et du repli des d\u00e9penses en immobilisations du gouvernement.<\/p>\n<\/li>\n\n\n\n<li class=\"wp-block-rbc-list-item\">\n<p class=\"wp-block-paragraph\">Le PIB sectoriel a augment\u00e9 de 0,3&nbsp;% en juin, en particulier celui des industries de services (+0,4&nbsp;%), tandis que la faiblesse des industries de biens (-0,1&nbsp;%) a partiellement compens\u00e9 l\u2019effet de la hausse. Les donn\u00e9es mensuelles sur le PIB, calcul\u00e9es s\u00e9par\u00e9ment de la hausse trimestrielle des d\u00e9penses, ont enregistr\u00e9 une hausse annualis\u00e9e de 3,6&nbsp;% au deuxi\u00e8me trimestre, apr\u00e8s celle de 0,6&nbsp;% au premier.<\/p>\n<\/li>\n\n\n\n<li class=\"wp-block-rbc-list-item\">\n<p class=\"wp-block-paragraph\">Les estimations pr\u00e9liminaires de Statistique&nbsp;Canada indiquent que le PIB est demeur\u00e9 inchang\u00e9 en juillet, ce qui donne \u00e0 penser que l\u2019activit\u00e9 \u00e9conomique a probablement ralenti au d\u00e9but du troisi\u00e8me trimestre. Les gains dans les secteurs de l\u2019immobilier, de la location et du cr\u00e9dit-bail, ainsi que des services professionnels, scientifiques et techniques ont \u00e9t\u00e9 contrebalanc\u00e9s par les baisses dans le commerce de d\u00e9tail et la fabrication.<\/p>\n<\/li>\n<\/ul>\n\n\n\n<figure data-wp-context=\"{&quot;imageId&quot;:&quot;6a98c8abc4881&quot;}\" data-wp-interactive=\"core\/image\" data-wp-key=\"6a98c8abc4881\" class=\"wp-block-image size-full wp-lightbox-container\"><img loading=\"lazy\" decoding=\"async\" width=\"10759\" height=\"10134\" data-wp-class--hide=\"state.isContentHidden\" data-wp-class--show=\"state.isContentVisible\" data-wp-init=\"callbacks.setButtonStyles\" data-wp-on--click=\"actions.showLightbox\" data-wp-on--load=\"callbacks.setButtonStyles\" data-wp-on--pointerdown=\"actions.preloadImage\" data-wp-on--pointerenter=\"actions.preloadImageWithDelay\" data-wp-on--pointerleave=\"actions.cancelPreload\" data-wp-on-window--resize=\"callbacks.setButtonStyles\" src=\"https:\/\/www.rbc.com\/fr\/economique\/wp-content\/uploads\/sites\/24\/2026\/08\/GDP-table-sep26_final-fr-1.png\" alt=\"\" class=\"wp-image-7173\" srcset=\"https:\/\/www.rbc.com\/fr\/economique\/wp-content\/uploads\/sites\/24\/2026\/08\/GDP-table-sep26_final-fr-1.png 10759w, https:\/\/www.rbc.com\/fr\/economique\/wp-content\/uploads\/sites\/24\/2026\/08\/GDP-table-sep26_final-fr-1.png?resize=300,283 300w, https:\/\/www.rbc.com\/fr\/economique\/wp-content\/uploads\/sites\/24\/2026\/08\/GDP-table-sep26_final-fr-1.png?resize=768,723 768w, https:\/\/www.rbc.com\/fr\/economique\/wp-content\/uploads\/sites\/24\/2026\/08\/GDP-table-sep26_final-fr-1.png?resize=1024,965 1024w, https:\/\/www.rbc.com\/fr\/economique\/wp-content\/uploads\/sites\/24\/2026\/08\/GDP-table-sep26_final-fr-1.png?resize=1536,1447 1536w, https:\/\/www.rbc.com\/fr\/economique\/wp-content\/uploads\/sites\/24\/2026\/08\/GDP-table-sep26_final-fr-1.png?resize=2048,1929 2048w\" sizes=\"auto, (max-width: 10759px) 100vw, 10759px\" \/><button\n\t\t\tclass=\"lightbox-trigger\"\n\t\t\ttype=\"button\"\n\t\t\taria-haspopup=\"dialog\"\n\t\t\tdata-wp-bind--aria-label=\"state.thisImage.triggerButtonAriaLabel\"\n\t\t\tdata-wp-init=\"callbacks.initTriggerButton\"\n\t\t\tdata-wp-on--click=\"actions.showLightbox\"\n\t\t\tdata-wp-style--right=\"state.thisImage.buttonRight\"\n\t\t\tdata-wp-style--top=\"state.thisImage.buttonTop\"\n\t\t>\n\t\t\t<svg xmlns=\"http:\/\/www.w3.org\/2000\/svg\" width=\"12\" height=\"12\" fill=\"none\" viewBox=\"0 0 12 12\">\n\t\t\t\t<path fill=\"#fff\" d=\"M2 0a2 2 0 0 0-2 2v2h1.5V2a.5.5 0 0 1 .5-.5h2V0H2Zm2 10.5H2a.5.5 0 0 1-.5-.5V8H0v2a2 2 0 0 0 2 2h2v-1.5ZM8 12v-1.5h2a.5.5 0 0 0 .5-.5V8H12v2a2 2 0 0 1-2 2H8Zm2-12a2 2 0 0 1 2 2v2h-1.5V2a.5.5 0 0 0-.5-.5H8V0h2Z\" \/>\n\t\t\t<\/svg>\n\t\t<\/button><\/figure>\n\n\n\n<hr class=\"wp-block-separator has-alpha-channel-opacity is-style-wide wide\" \/>\n\n\n\n<p class=\"has-text-align-center wp-block-paragraph\"><strong>\u00c0 propos de l\u2019auteur<\/strong> <strong>:<\/strong><\/p>\n\n\n\n<p class=\"wp-block-paragraph\"><strong>Abbey Xu<\/strong><em>&nbsp;est \u00e9conomiste \u00e0 RBC. En tant que membre du groupe d\u2019analyse macro\u00e9conomique, elle se sp\u00e9cialise dans les mod\u00e8les de pr\u00e9visions macro\u00e9conomiques, et pr\u00e9sente des analyses et des mises \u00e0 jour opportunes sur les tendances \u00e9conomiques.<\/em><\/p>\n\n\n\n<hr class=\"wp-block-separator has-alpha-channel-opacity is-style-wide wide\" \/>\n<\/div>\n<\/section>\n","protected":false},"excerpt":{"rendered":"","protected":false},"author":318,"featured_media":6696,"comment_status":"open","ping_status":"open","sticky":false,"template":"","format":"standard","meta":{"_acf_changed":false,"advgb_blocks_editor_width":"","advgb_blocks_columns_visual_guide":"","editor_notices":[],"footnotes":"","jetpack_post_was_ever_published":false},"categories":[71,83],"tags":[88,14,102],"rbc_econ_content_type":[],"class_list":["post-7163","post","type-post","status-publish","format-standard","has-post-thumbnail","hentry","category-analyse-pour-le-canada","category-rapports-de-donnees-provisoires","tag-canada","tag-economie","tag-pib"],"acf":[],"yoast_head":"<!-- This site is optimized with the Yoast SEO Premium plugin v28.2 (Yoast SEO v28.2) - https:\/\/yoast.com\/product\/yoast-seo-premium-wordpress\/ -->\n<title>L\u2019\u00e9conomie canadienne a fortement rebondi au deuxi\u00e8me trimestre, la demande int\u00e9rieure s\u2019\u00e9tant raffermie - RBC Economique<\/title>\n<meta name=\"robots\" content=\"index, follow, max-snippet:-1, max-image-preview:large, max-video-preview:-1\" \/>\n<link rel=\"canonical\" href=\"https:\/\/www.rbc.com\/fr\/economique\/analyse-pour-le-canada\/rapports-de-donnees-provisoires\/leconomie-canadienne-a-fortement-rebondi-au-deuxieme-trimestre-la-demande-interieure-setant-raffermie\/\" \/>\n<meta property=\"og:locale\" content=\"fr_FR\" \/>\n<meta property=\"og:type\" content=\"article\" \/>\n<meta property=\"og:title\" content=\"L\u2019\u00e9conomie canadienne a fortement rebondi au deuxi\u00e8me trimestre, la demande int\u00e9rieure s\u2019\u00e9tant raffermie\" \/>\n<meta property=\"og:url\" content=\"https:\/\/www.rbc.com\/fr\/economique\/analyse-pour-le-canada\/rapports-de-donnees-provisoires\/leconomie-canadienne-a-fortement-rebondi-au-deuxieme-trimestre-la-demande-interieure-setant-raffermie\/\" \/>\n<meta property=\"og:site_name\" content=\"RBC Economique\" \/>\n<meta property=\"article:published_time\" content=\"2026-08-28T15:39:51+00:00\" \/>\n<meta property=\"article:modified_time\" content=\"2026-09-02T17:03:09+00:00\" \/>\n<meta property=\"og:image\" content=\"https:\/\/www.rbc.com\/fr\/economique\/wp-content\/uploads\/sites\/24\/2026\/08\/RBC-Economics-GDP-Canada-1.webp\" \/>\n\t<meta property=\"og:image:width\" content=\"3067\" \/>\n\t<meta property=\"og:image:height\" content=\"1850\" \/>\n\t<meta property=\"og:image:type\" content=\"image\/webp\" \/>\n<meta name=\"author\" content=\"viktoriyapanahova\" \/>\n<meta name=\"twitter:card\" content=\"summary_large_image\" \/>\n<meta name=\"twitter:label1\" content=\"Written by\" \/>\n\t<meta name=\"twitter:data1\" content=\"viktoriyapanahova\" \/>\n\t<meta name=\"twitter:label2\" content=\"Est. reading time\" \/>\n\t<meta name=\"twitter:data2\" content=\"6 minutes\" \/>\n<script type=\"application\/ld+json\" class=\"yoast-schema-graph\">{\"@context\":\"https:\\\/\\\/schema.org\",\"@graph\":[{\"@type\":\"Article\",\"@id\":\"https:\\\/\\\/www.rbc.com\\\/fr\\\/economique\\\/analyse-pour-le-canada\\\/rapports-de-donnees-provisoires\\\/leconomie-canadienne-a-fortement-rebondi-au-deuxieme-trimestre-la-demande-interieure-setant-raffermie\\\/#article\",\"isPartOf\":{\"@id\":\"https:\\\/\\\/www.rbc.com\\\/fr\\\/economique\\\/analyse-pour-le-canada\\\/rapports-de-donnees-provisoires\\\/leconomie-canadienne-a-fortement-rebondi-au-deuxieme-trimestre-la-demande-interieure-setant-raffermie\\\/\"},\"author\":{\"name\":\"viktoriyapanahova\",\"@id\":\"https:\\\/\\\/www.rbc.com\\\/fr\\\/economique\\\/#\\\/schema\\\/person\\\/109dd1bd3c90e818f8159356d46905ea\"},\"headline\":\"L\u2019\u00e9conomie canadienne a fortement rebondi au deuxi\u00e8me trimestre, la demande int\u00e9rieure s\u2019\u00e9tant raffermie\",\"datePublished\":\"2026-08-28T15:39:51+00:00\",\"dateModified\":\"2026-09-02T17:03:09+00:00\",\"mainEntityOfPage\":{\"@id\":\"https:\\\/\\\/www.rbc.com\\\/fr\\\/economique\\\/analyse-pour-le-canada\\\/rapports-de-donnees-provisoires\\\/leconomie-canadienne-a-fortement-rebondi-au-deuxieme-trimestre-la-demande-interieure-setant-raffermie\\\/\"},\"wordCount\":1197,\"commentCount\":0,\"image\":{\"@id\":\"https:\\\/\\\/www.rbc.com\\\/fr\\\/economique\\\/analyse-pour-le-canada\\\/rapports-de-donnees-provisoires\\\/leconomie-canadienne-a-fortement-rebondi-au-deuxieme-trimestre-la-demande-interieure-setant-raffermie\\\/#primaryimage\"},\"thumbnailUrl\":\"https:\\\/\\\/www.rbc.com\\\/fr\\\/economique\\\/wp-content\\\/uploads\\\/sites\\\/24\\\/2026\\\/08\\\/RBC-Economics-GDP-Canada-1.webp\",\"keywords\":[\"Canada\",\"\u00c9conomie\",\"PIB\"],\"articleSection\":[\"Analyse pour le Canada\",\"Rapports de donn\u00e9es provisoires\"],\"inLanguage\":\"fr-FR\",\"potentialAction\":[{\"@type\":\"CommentAction\",\"name\":\"Comment\",\"target\":[\"https:\\\/\\\/www.rbc.com\\\/fr\\\/economique\\\/analyse-pour-le-canada\\\/rapports-de-donnees-provisoires\\\/leconomie-canadienne-a-fortement-rebondi-au-deuxieme-trimestre-la-demande-interieure-setant-raffermie\\\/#respond\"]}]},{\"@type\":\"WebPage\",\"@id\":\"https:\\\/\\\/www.rbc.com\\\/fr\\\/economique\\\/analyse-pour-le-canada\\\/rapports-de-donnees-provisoires\\\/leconomie-canadienne-a-fortement-rebondi-au-deuxieme-trimestre-la-demande-interieure-setant-raffermie\\\/\",\"url\":\"https:\\\/\\\/www.rbc.com\\\/fr\\\/economique\\\/analyse-pour-le-canada\\\/rapports-de-donnees-provisoires\\\/leconomie-canadienne-a-fortement-rebondi-au-deuxieme-trimestre-la-demande-interieure-setant-raffermie\\\/\",\"name\":\"L\u2019\u00e9conomie canadienne a fortement rebondi au deuxi\u00e8me trimestre, la demande int\u00e9rieure s\u2019\u00e9tant raffermie - RBC Economique\",\"isPartOf\":{\"@id\":\"https:\\\/\\\/www.rbc.com\\\/fr\\\/economique\\\/#website\"},\"primaryImageOfPage\":{\"@id\":\"https:\\\/\\\/www.rbc.com\\\/fr\\\/economique\\\/analyse-pour-le-canada\\\/rapports-de-donnees-provisoires\\\/leconomie-canadienne-a-fortement-rebondi-au-deuxieme-trimestre-la-demande-interieure-setant-raffermie\\\/#primaryimage\"},\"image\":{\"@id\":\"https:\\\/\\\/www.rbc.com\\\/fr\\\/economique\\\/analyse-pour-le-canada\\\/rapports-de-donnees-provisoires\\\/leconomie-canadienne-a-fortement-rebondi-au-deuxieme-trimestre-la-demande-interieure-setant-raffermie\\\/#primaryimage\"},\"thumbnailUrl\":\"https:\\\/\\\/www.rbc.com\\\/fr\\\/economique\\\/wp-content\\\/uploads\\\/sites\\\/24\\\/2026\\\/08\\\/RBC-Economics-GDP-Canada-1.webp\",\"datePublished\":\"2026-08-28T15:39:51+00:00\",\"dateModified\":\"2026-09-02T17:03:09+00:00\",\"author\":{\"@id\":\"https:\\\/\\\/www.rbc.com\\\/fr\\\/economique\\\/#\\\/schema\\\/person\\\/109dd1bd3c90e818f8159356d46905ea\"},\"breadcrumb\":{\"@id\":\"https:\\\/\\\/www.rbc.com\\\/fr\\\/economique\\\/analyse-pour-le-canada\\\/rapports-de-donnees-provisoires\\\/leconomie-canadienne-a-fortement-rebondi-au-deuxieme-trimestre-la-demande-interieure-setant-raffermie\\\/#breadcrumb\"},\"inLanguage\":\"fr-FR\",\"potentialAction\":[{\"@type\":\"ReadAction\",\"target\":[\"https:\\\/\\\/www.rbc.com\\\/fr\\\/economique\\\/analyse-pour-le-canada\\\/rapports-de-donnees-provisoires\\\/leconomie-canadienne-a-fortement-rebondi-au-deuxieme-trimestre-la-demande-interieure-setant-raffermie\\\/\"]}]},{\"@type\":\"ImageObject\",\"inLanguage\":\"fr-FR\",\"@id\":\"https:\\\/\\\/www.rbc.com\\\/fr\\\/economique\\\/analyse-pour-le-canada\\\/rapports-de-donnees-provisoires\\\/leconomie-canadienne-a-fortement-rebondi-au-deuxieme-trimestre-la-demande-interieure-setant-raffermie\\\/#primaryimage\",\"url\":\"https:\\\/\\\/www.rbc.com\\\/fr\\\/economique\\\/wp-content\\\/uploads\\\/sites\\\/24\\\/2026\\\/08\\\/RBC-Economics-GDP-Canada-1.webp\",\"contentUrl\":\"https:\\\/\\\/www.rbc.com\\\/fr\\\/economique\\\/wp-content\\\/uploads\\\/sites\\\/24\\\/2026\\\/08\\\/RBC-Economics-GDP-Canada-1.webp\",\"width\":3067,\"height\":1850},{\"@type\":\"BreadcrumbList\",\"@id\":\"https:\\\/\\\/www.rbc.com\\\/fr\\\/economique\\\/analyse-pour-le-canada\\\/rapports-de-donnees-provisoires\\\/leconomie-canadienne-a-fortement-rebondi-au-deuxieme-trimestre-la-demande-interieure-setant-raffermie\\\/#breadcrumb\",\"itemListElement\":[{\"@type\":\"ListItem\",\"position\":1,\"name\":\"Home\",\"item\":\"https:\\\/\\\/www.rbc.com\\\/fr\\\/economique\\\/\"},{\"@type\":\"ListItem\",\"position\":2,\"name\":\"L\u2019\u00e9conomie canadienne a fortement rebondi au deuxi\u00e8me trimestre, la demande int\u00e9rieure s\u2019\u00e9tant raffermie\"}]},{\"@type\":\"WebSite\",\"@id\":\"https:\\\/\\\/www.rbc.com\\\/fr\\\/economique\\\/#website\",\"url\":\"https:\\\/\\\/www.rbc.com\\\/fr\\\/economique\\\/\",\"name\":\"RBC Economique\",\"description\":\"\",\"potentialAction\":[{\"@type\":\"SearchAction\",\"target\":{\"@type\":\"EntryPoint\",\"urlTemplate\":\"https:\\\/\\\/www.rbc.com\\\/fr\\\/economique\\\/?s={search_term_string}\"},\"query-input\":{\"@type\":\"PropertyValueSpecification\",\"valueRequired\":true,\"valueName\":\"search_term_string\"}}],\"inLanguage\":\"fr-FR\"},{\"@type\":\"Person\",\"@id\":\"https:\\\/\\\/www.rbc.com\\\/fr\\\/economique\\\/#\\\/schema\\\/person\\\/109dd1bd3c90e818f8159356d46905ea\",\"name\":\"viktoriyapanahova\",\"image\":{\"@type\":\"ImageObject\",\"inLanguage\":\"fr-FR\",\"@id\":\"https:\\\/\\\/secure.gravatar.com\\\/avatar\\\/885bcff339d33080f070ec9cbe77fcf3007653305ae17de7827e19af43e61913?s=96&d=mm&r=g\",\"url\":\"https:\\\/\\\/secure.gravatar.com\\\/avatar\\\/885bcff339d33080f070ec9cbe77fcf3007653305ae17de7827e19af43e61913?s=96&d=mm&r=g\",\"contentUrl\":\"https:\\\/\\\/secure.gravatar.com\\\/avatar\\\/885bcff339d33080f070ec9cbe77fcf3007653305ae17de7827e19af43e61913?s=96&d=mm&r=g\",\"caption\":\"viktoriyapanahova\"},\"url\":\"https:\\\/\\\/www.rbc.com\\\/fr\\\/economique\\\/author\\\/viktoriyapanahova\\\/\"}]}<\/script>\n<!-- \/ Yoast SEO Premium plugin. -->","yoast_head_json":{"title":"L\u2019\u00e9conomie canadienne a fortement rebondi au deuxi\u00e8me trimestre, la demande int\u00e9rieure s\u2019\u00e9tant raffermie - RBC Economique","robots":{"index":"index","follow":"follow","max-snippet":"max-snippet:-1","max-image-preview":"max-image-preview:large","max-video-preview":"max-video-preview:-1"},"canonical":"https:\/\/www.rbc.com\/fr\/economique\/analyse-pour-le-canada\/rapports-de-donnees-provisoires\/leconomie-canadienne-a-fortement-rebondi-au-deuxieme-trimestre-la-demande-interieure-setant-raffermie\/","og_locale":"fr_FR","og_type":"article","og_title":"L\u2019\u00e9conomie canadienne a fortement rebondi au deuxi\u00e8me trimestre, la demande int\u00e9rieure s\u2019\u00e9tant raffermie","og_url":"https:\/\/www.rbc.com\/fr\/economique\/analyse-pour-le-canada\/rapports-de-donnees-provisoires\/leconomie-canadienne-a-fortement-rebondi-au-deuxieme-trimestre-la-demande-interieure-setant-raffermie\/","og_site_name":"RBC Economique","article_published_time":"2026-08-28T15:39:51+00:00","article_modified_time":"2026-09-02T17:03:09+00:00","og_image":[{"width":3067,"height":1850,"url":"https:\/\/www.rbc.com\/fr\/economique\/wp-content\/uploads\/sites\/24\/2026\/08\/RBC-Economics-GDP-Canada-1.webp","type":"image\/webp"}],"author":"viktoriyapanahova","twitter_card":"summary_large_image","twitter_misc":{"Written by":"viktoriyapanahova","Est. reading time":"6 minutes"},"schema":{"@context":"https:\/\/schema.org","@graph":[{"@type":"Article","@id":"https:\/\/www.rbc.com\/fr\/economique\/analyse-pour-le-canada\/rapports-de-donnees-provisoires\/leconomie-canadienne-a-fortement-rebondi-au-deuxieme-trimestre-la-demande-interieure-setant-raffermie\/#article","isPartOf":{"@id":"https:\/\/www.rbc.com\/fr\/economique\/analyse-pour-le-canada\/rapports-de-donnees-provisoires\/leconomie-canadienne-a-fortement-rebondi-au-deuxieme-trimestre-la-demande-interieure-setant-raffermie\/"},"author":{"name":"viktoriyapanahova","@id":"https:\/\/www.rbc.com\/fr\/economique\/#\/schema\/person\/109dd1bd3c90e818f8159356d46905ea"},"headline":"L\u2019\u00e9conomie canadienne a fortement rebondi au deuxi\u00e8me trimestre, la demande int\u00e9rieure s\u2019\u00e9tant raffermie","datePublished":"2026-08-28T15:39:51+00:00","dateModified":"2026-09-02T17:03:09+00:00","mainEntityOfPage":{"@id":"https:\/\/www.rbc.com\/fr\/economique\/analyse-pour-le-canada\/rapports-de-donnees-provisoires\/leconomie-canadienne-a-fortement-rebondi-au-deuxieme-trimestre-la-demande-interieure-setant-raffermie\/"},"wordCount":1197,"commentCount":0,"image":{"@id":"https:\/\/www.rbc.com\/fr\/economique\/analyse-pour-le-canada\/rapports-de-donnees-provisoires\/leconomie-canadienne-a-fortement-rebondi-au-deuxieme-trimestre-la-demande-interieure-setant-raffermie\/#primaryimage"},"thumbnailUrl":"https:\/\/www.rbc.com\/fr\/economique\/wp-content\/uploads\/sites\/24\/2026\/08\/RBC-Economics-GDP-Canada-1.webp","keywords":["Canada","\u00c9conomie","PIB"],"articleSection":["Analyse pour le Canada","Rapports de donn\u00e9es provisoires"],"inLanguage":"fr-FR","potentialAction":[{"@type":"CommentAction","name":"Comment","target":["https:\/\/www.rbc.com\/fr\/economique\/analyse-pour-le-canada\/rapports-de-donnees-provisoires\/leconomie-canadienne-a-fortement-rebondi-au-deuxieme-trimestre-la-demande-interieure-setant-raffermie\/#respond"]}]},{"@type":"WebPage","@id":"https:\/\/www.rbc.com\/fr\/economique\/analyse-pour-le-canada\/rapports-de-donnees-provisoires\/leconomie-canadienne-a-fortement-rebondi-au-deuxieme-trimestre-la-demande-interieure-setant-raffermie\/","url":"https:\/\/www.rbc.com\/fr\/economique\/analyse-pour-le-canada\/rapports-de-donnees-provisoires\/leconomie-canadienne-a-fortement-rebondi-au-deuxieme-trimestre-la-demande-interieure-setant-raffermie\/","name":"L\u2019\u00e9conomie canadienne a fortement rebondi au deuxi\u00e8me trimestre, la demande int\u00e9rieure s\u2019\u00e9tant raffermie - RBC Economique","isPartOf":{"@id":"https:\/\/www.rbc.com\/fr\/economique\/#website"},"primaryImageOfPage":{"@id":"https:\/\/www.rbc.com\/fr\/economique\/analyse-pour-le-canada\/rapports-de-donnees-provisoires\/leconomie-canadienne-a-fortement-rebondi-au-deuxieme-trimestre-la-demande-interieure-setant-raffermie\/#primaryimage"},"image":{"@id":"https:\/\/www.rbc.com\/fr\/economique\/analyse-pour-le-canada\/rapports-de-donnees-provisoires\/leconomie-canadienne-a-fortement-rebondi-au-deuxieme-trimestre-la-demande-interieure-setant-raffermie\/#primaryimage"},"thumbnailUrl":"https:\/\/www.rbc.com\/fr\/economique\/wp-content\/uploads\/sites\/24\/2026\/08\/RBC-Economics-GDP-Canada-1.webp","datePublished":"2026-08-28T15:39:51+00:00","dateModified":"2026-09-02T17:03:09+00:00","author":{"@id":"https:\/\/www.rbc.com\/fr\/economique\/#\/schema\/person\/109dd1bd3c90e818f8159356d46905ea"},"breadcrumb":{"@id":"https:\/\/www.rbc.com\/fr\/economique\/analyse-pour-le-canada\/rapports-de-donnees-provisoires\/leconomie-canadienne-a-fortement-rebondi-au-deuxieme-trimestre-la-demande-interieure-setant-raffermie\/#breadcrumb"},"inLanguage":"fr-FR","potentialAction":[{"@type":"ReadAction","target":["https:\/\/www.rbc.com\/fr\/economique\/analyse-pour-le-canada\/rapports-de-donnees-provisoires\/leconomie-canadienne-a-fortement-rebondi-au-deuxieme-trimestre-la-demande-interieure-setant-raffermie\/"]}]},{"@type":"ImageObject","inLanguage":"fr-FR","@id":"https:\/\/www.rbc.com\/fr\/economique\/analyse-pour-le-canada\/rapports-de-donnees-provisoires\/leconomie-canadienne-a-fortement-rebondi-au-deuxieme-trimestre-la-demande-interieure-setant-raffermie\/#primaryimage","url":"https:\/\/www.rbc.com\/fr\/economique\/wp-content\/uploads\/sites\/24\/2026\/08\/RBC-Economics-GDP-Canada-1.webp","contentUrl":"https:\/\/www.rbc.com\/fr\/economique\/wp-content\/uploads\/sites\/24\/2026\/08\/RBC-Economics-GDP-Canada-1.webp","width":3067,"height":1850},{"@type":"BreadcrumbList","@id":"https:\/\/www.rbc.com\/fr\/economique\/analyse-pour-le-canada\/rapports-de-donnees-provisoires\/leconomie-canadienne-a-fortement-rebondi-au-deuxieme-trimestre-la-demande-interieure-setant-raffermie\/#breadcrumb","itemListElement":[{"@type":"ListItem","position":1,"name":"Home","item":"https:\/\/www.rbc.com\/fr\/economique\/"},{"@type":"ListItem","position":2,"name":"L\u2019\u00e9conomie canadienne a fortement rebondi au deuxi\u00e8me trimestre, la demande int\u00e9rieure s\u2019\u00e9tant raffermie"}]},{"@type":"WebSite","@id":"https:\/\/www.rbc.com\/fr\/economique\/#website","url":"https:\/\/www.rbc.com\/fr\/economique\/","name":"RBC Economique","description":"","potentialAction":[{"@type":"SearchAction","target":{"@type":"EntryPoint","urlTemplate":"https:\/\/www.rbc.com\/fr\/economique\/?s={search_term_string}"},"query-input":{"@type":"PropertyValueSpecification","valueRequired":true,"valueName":"search_term_string"}}],"inLanguage":"fr-FR"},{"@type":"Person","@id":"https:\/\/www.rbc.com\/fr\/economique\/#\/schema\/person\/109dd1bd3c90e818f8159356d46905ea","name":"viktoriyapanahova","image":{"@type":"ImageObject","inLanguage":"fr-FR","@id":"https:\/\/secure.gravatar.com\/avatar\/885bcff339d33080f070ec9cbe77fcf3007653305ae17de7827e19af43e61913?s=96&d=mm&r=g","url":"https:\/\/secure.gravatar.com\/avatar\/885bcff339d33080f070ec9cbe77fcf3007653305ae17de7827e19af43e61913?s=96&d=mm&r=g","contentUrl":"https:\/\/secure.gravatar.com\/avatar\/885bcff339d33080f070ec9cbe77fcf3007653305ae17de7827e19af43e61913?s=96&d=mm&r=g","caption":"viktoriyapanahova"},"url":"https:\/\/www.rbc.com\/fr\/economique\/author\/viktoriyapanahova\/"}]}},"author_meta":{"display_name":"viktoriyapanahova","author_link":"https:\/\/www.rbc.com\/fr\/economique\/author\/viktoriyapanahova\/"},"featured_img":"https:\/\/www.rbc.com\/fr\/economique\/wp-content\/uploads\/sites\/24\/2026\/08\/RBC-Economics-GDP-Canada-1.webp?quality=80&w=300","coauthors":[],"tax_additional":{"categories":{"linked":["<a href=\"https:\/\/www.rbc.com\/fr\/economique\/category\/analyse-pour-le-canada\/\" class=\"advgb-post-tax-term\">Analyse pour le Canada<\/a>","<a href=\"https:\/\/www.rbc.com\/fr\/economique\/category\/analyse-pour-le-canada\/rapports-de-donnees-provisoires\/\" class=\"advgb-post-tax-term\">Rapports de donn\u00e9es provisoires<\/a>"],"unlinked":["<span class=\"advgb-post-tax-term\">Analyse pour le Canada<\/span>","<span class=\"advgb-post-tax-term\">Rapports de donn\u00e9es provisoires<\/span>"]},"tags":{"linked":["<a href=\"https:\/\/www.rbc.com\/fr\/economique\/category\/analyse-pour-le-canada\/rapports-de-donnees-provisoires\/\" class=\"advgb-post-tax-term\">Canada<\/a>","<a href=\"https:\/\/www.rbc.com\/fr\/economique\/category\/analyse-pour-le-canada\/rapports-de-donnees-provisoires\/\" class=\"advgb-post-tax-term\">\u00c9conomie<\/a>","<a href=\"https:\/\/www.rbc.com\/fr\/economique\/category\/analyse-pour-le-canada\/rapports-de-donnees-provisoires\/\" class=\"advgb-post-tax-term\">PIB<\/a>"],"unlinked":["<span class=\"advgb-post-tax-term\">Canada<\/span>","<span class=\"advgb-post-tax-term\">\u00c9conomie<\/span>","<span class=\"advgb-post-tax-term\">PIB<\/span>"]}},"comment_count":"0","relative_dates":{"created":"Publi\u00e9 5 jours il y a","modified":"Mis \u00e0 jour 8 heures il y a"},"absolute_dates":{"created":"Publi\u00e9 le 28 ao\u00fbt 2026","modified":"Mise \u00e0 jour le 2 septembre 2026"},"absolute_dates_time":{"created":"Publi\u00e9 le 28 ao\u00fbt 2026 3:39  ","modified":"Mise \u00e0 jour le 2 septembre 2026 5:03  "},"featured_img_caption":"","series_order":"","jetpack_featured_media_url":"https:\/\/www.rbc.com\/fr\/economique\/wp-content\/uploads\/sites\/24\/2026\/08\/RBC-Economics-GDP-Canada-1.webp","_links":{"self":[{"href":"https:\/\/www.rbc.com\/fr\/economique\/wp-json\/wp\/v2\/posts\/7163","targetHints":{"allow":["GET"]}}],"collection":[{"href":"https:\/\/www.rbc.com\/fr\/economique\/wp-json\/wp\/v2\/posts"}],"about":[{"href":"https:\/\/www.rbc.com\/fr\/economique\/wp-json\/wp\/v2\/types\/post"}],"author":[{"embeddable":true,"href":"https:\/\/www.rbc.com\/fr\/economique\/wp-json\/wp\/v2\/users\/318"}],"replies":[{"embeddable":true,"href":"https:\/\/www.rbc.com\/fr\/economique\/wp-json\/wp\/v2\/comments?post=7163"}],"version-history":[{"count":5,"href":"https:\/\/www.rbc.com\/fr\/economique\/wp-json\/wp\/v2\/posts\/7163\/revisions"}],"predecessor-version":[{"id":7174,"href":"https:\/\/www.rbc.com\/fr\/economique\/wp-json\/wp\/v2\/posts\/7163\/revisions\/7174"}],"wp:featuredmedia":[{"embeddable":true,"href":"https:\/\/www.rbc.com\/fr\/economique\/wp-json\/wp\/v2\/media\/6696"}],"wp:attachment":[{"href":"https:\/\/www.rbc.com\/fr\/economique\/wp-json\/wp\/v2\/media?parent=7163"}],"wp:term":[{"taxonomy":"category","embeddable":true,"href":"https:\/\/www.rbc.com\/fr\/economique\/wp-json\/wp\/v2\/categories?post=7163"},{"taxonomy":"post_tag","embeddable":true,"href":"https:\/\/www.rbc.com\/fr\/economique\/wp-json\/wp\/v2\/tags?post=7163"},{"taxonomy":"rbc_econ_content_type","embeddable":true,"href":"https:\/\/www.rbc.com\/fr\/economique\/wp-json\/wp\/v2\/rbc_econ_content_type?post=7163"}],"curies":[{"name":"wp","href":"https:\/\/api.w.org\/{rel}","templated":true}]}}