{"id":7140,"date":"2026-09-01T21:29:39","date_gmt":"2026-09-01T21:29:39","guid":{"rendered":"https:\/\/www.rbc.com\/fr\/economique\/?p=7140"},"modified":"2026-09-01T21:29:41","modified_gmt":"2026-09-01T21:29:41","slug":"perspectives-de-mi-annee-pour-le-marche-canadien-du-logement-entre-correction-et-reprise","status":"publish","type":"post","link":"https:\/\/www.rbc.com\/fr\/economique\/analyse-pour-le-canada\/logement-au-canada\/rapports-speciaux-sur-le-logement\/perspectives-de-mi-annee-pour-le-marche-canadien-du-logement-entre-correction-et-reprise\/","title":{"rendered":"Perspectives de mi-ann\u00e9e pour le march\u00e9 canadien du logement : entre correction et reprise"},"content":{"rendered":"\n<section class=\"wp-block-rbc-section-block  pos-rel\" style=\"border-radius:0px\">\n<div class=\"wp-block-rbc-section-inner-block  section-inner\" style=\"border-radius:0x\">\n<p class=\"wp-block-paragraph\">Le march\u00e9 canadien du logement semble enfin faire des progr\u00e8s vers la reprise en 2026.<\/p>\n\n\n\n<p class=\"wp-block-paragraph\">Les reventes de logements sont en hausse depuis avril, les stocks se sont stabilis\u00e9s, et les prix semblent \u00e9galement se stabiliser ou du moins diminuer plus lentement.<\/p>\n\n\n\n<p class=\"wp-block-paragraph\">Nous estimons qu\u2019il existe un potentiel de progr\u00e8s graduels \u00e0 l\u2019avenir, \u00e0 mesure que l\u2019am\u00e9lioration de l\u2019accessibilit\u00e9 financi\u00e8re et l\u2019embellie des perspectives d\u2019emploi renforcent la confiance, ce qui lib\u00e8re de plus en plus la demande refoul\u00e9e et permet de r\u00e9duire progressivement les stocks accumul\u00e9s.<\/p>\n\n\n\n<p class=\"wp-block-paragraph\">Toutefois, il est peu probable que la voie soit harmonieuse ou uniforme \u00e0 l\u2019\u00e9chelle du pays. La correction prolong\u00e9e des march\u00e9s en Ontario et en Colombie-Britannique a profond\u00e9ment grug\u00e9 la confiance des consommateurs, et il faudra du temps pour que la situation s\u2019am\u00e9liore.<\/p>\n\n\n\n<p class=\"wp-block-paragraph\">Quant aux r\u00e9gions plus r\u00e9silientes, elles n\u2019ont plus beaucoup de marge de progression dans un contexte de taux d\u2019int\u00e9r\u00eat stables ou en hausse et de croissance d\u00e9mographique stagnante.<\/p>\n\n\n\n<p class=\"wp-block-paragraph\">Le redressement est \u00e9galement survenu trop tard pour emp\u00eacher les baisses \u00e0 l\u2019\u00e9chelle du Canada en&nbsp;2026.<\/p>\n\n\n\n<p class=\"wp-block-paragraph\">Selon nous, les reventes de logements et l\u2019indice de r\u00e9f\u00e9rence des prix devraient respectivement diminuer de&nbsp;3,6&nbsp;% pour atteindre 453&nbsp;200&nbsp;unit\u00e9s, et de&nbsp;2,3&nbsp;% pour atteindre 794&nbsp;200&nbsp;$ cette ann\u00e9e, ce qui t\u00e9moigne principalement de la faiblesse de cet hiver et du d\u00e9but du printemps.<\/p>\n\n\n\n<p class=\"wp-block-paragraph\">La reprise deviendra plus manifeste d\u2019ici 2027, ann\u00e9e o\u00f9 nous pr\u00e9voyons une hausse des transactions de 6,7&nbsp;% pour atteindre 483&nbsp;600&nbsp;unit\u00e9s, et une l\u00e9g\u00e8re augmentation de 0,8&nbsp;% de la valeur de r\u00e9f\u00e9rence, qui s\u2019\u00e9tablira \u00e0 800&nbsp;700&nbsp;$.<\/p>\n\n\n\n<p class=\"wp-block-paragraph\">Certes, une reprise de cette ampleur ne modifiera pas la situation en profondeur, mais elle est bienvenue.<\/p>\n\n\n\n<p class=\"wp-block-paragraph\">L\u2019\u00e9volution g\u00e9n\u00e9rale du march\u00e9 canadien restera mod\u00e9r\u00e9e, nos pr\u00e9visions de reventes \u00e9tant nettement inf\u00e9rieures aux niveaux d\u2019avant la pand\u00e9mie et la valeur des logements \u00e9tant tout juste sup\u00e9rieure au creux cyclique.<\/p>\n\n\n\n<hr class=\"wp-block-separator has-alpha-channel-opacity is-style-wide wide\" \/>\n\n\n\n<div id=\"everviz-E12Zb3ZJv\" class=\"everviz-E12Zb3ZJv\" data-view=\"graph\"><\/div>\n\n\n\n<hr class=\"wp-block-separator has-alpha-channel-opacity is-style-wide wide\" \/>\n\n\n\n<figure data-wp-context=\"{&quot;imageId&quot;:&quot;6a979f9bace6d&quot;}\" data-wp-interactive=\"core\/image\" data-wp-key=\"6a979f9bace6d\" class=\"wp-block-image size-full wp-lightbox-container\"><img loading=\"lazy\" decoding=\"async\" width=\"2084\" height=\"1220\" data-wp-class--hide=\"state.isContentHidden\" data-wp-class--show=\"state.isContentVisible\" data-wp-init=\"callbacks.setButtonStyles\" data-wp-on--click=\"actions.showLightbox\" data-wp-on--load=\"callbacks.setButtonStyles\" data-wp-on--pointerdown=\"actions.preloadImage\" data-wp-on--pointerenter=\"actions.preloadImageWithDelay\" data-wp-on--pointerleave=\"actions.cancelPreload\" data-wp-on-window--resize=\"callbacks.setButtonStyles\" src=\"https:\/\/www.rbc.com\/fr\/economique\/wp-content\/uploads\/sites\/24\/2026\/09\/Legere-hausse-de-la-valeur-des-logements-prevue-lan-prochain.png\" alt=\"\" class=\"wp-image-7141\" srcset=\"https:\/\/www.rbc.com\/fr\/economique\/wp-content\/uploads\/sites\/24\/2026\/09\/Legere-hausse-de-la-valeur-des-logements-prevue-lan-prochain.png 2084w, https:\/\/www.rbc.com\/fr\/economique\/wp-content\/uploads\/sites\/24\/2026\/09\/Legere-hausse-de-la-valeur-des-logements-prevue-lan-prochain.png?resize=300,176 300w, https:\/\/www.rbc.com\/fr\/economique\/wp-content\/uploads\/sites\/24\/2026\/09\/Legere-hausse-de-la-valeur-des-logements-prevue-lan-prochain.png?resize=768,450 768w, https:\/\/www.rbc.com\/fr\/economique\/wp-content\/uploads\/sites\/24\/2026\/09\/Legere-hausse-de-la-valeur-des-logements-prevue-lan-prochain.png?resize=1024,599 1024w, https:\/\/www.rbc.com\/fr\/economique\/wp-content\/uploads\/sites\/24\/2026\/09\/Legere-hausse-de-la-valeur-des-logements-prevue-lan-prochain.png?resize=1536,899 1536w, https:\/\/www.rbc.com\/fr\/economique\/wp-content\/uploads\/sites\/24\/2026\/09\/Legere-hausse-de-la-valeur-des-logements-prevue-lan-prochain.png?resize=2048,1199 2048w\" sizes=\"auto, (max-width: 2084px) 100vw, 2084px\" \/><button\n\t\t\tclass=\"lightbox-trigger\"\n\t\t\ttype=\"button\"\n\t\t\taria-haspopup=\"dialog\"\n\t\t\tdata-wp-bind--aria-label=\"state.thisImage.triggerButtonAriaLabel\"\n\t\t\tdata-wp-init=\"callbacks.initTriggerButton\"\n\t\t\tdata-wp-on--click=\"actions.showLightbox\"\n\t\t\tdata-wp-style--right=\"state.thisImage.buttonRight\"\n\t\t\tdata-wp-style--top=\"state.thisImage.buttonTop\"\n\t\t>\n\t\t\t<svg xmlns=\"http:\/\/www.w3.org\/2000\/svg\" width=\"12\" height=\"12\" fill=\"none\" viewBox=\"0 0 12 12\">\n\t\t\t\t<path fill=\"#fff\" d=\"M2 0a2 2 0 0 0-2 2v2h1.5V2a.5.5 0 0 1 .5-.5h2V0H2Zm2 10.5H2a.5.5 0 0 1-.5-.5V8H0v2a2 2 0 0 0 2 2h2v-1.5ZM8 12v-1.5h2a.5.5 0 0 0 .5-.5V8H12v2a2 2 0 0 1-2 2H8Zm2-12a2 2 0 0 1 2 2v2h-1.5V2a.5.5 0 0 0-.5-.5H8V0h2Z\" \/>\n\t\t\t<\/svg>\n\t\t<\/button><\/figure>\n\n\n\n<hr class=\"wp-block-separator has-alpha-channel-opacity is-style-wide wide\" \/>\n\n\n\n<h4 id=\"h-liberer-la-demande-refoulee-pour-contrebalancer-la-stagnation-de-la-croissance-demographique\" class=\"wp-block-heading has-rbc-bright-blue-color has-text-color has-link-color wp-elements-d4e998cd5a604853777860abab65328e\">Lib\u00e9rer la demande refoul\u00e9e pour contrebalancer la stagnation de la croissance d\u00e9mographique<\/h4>\n\n\n\n<p class=\"wp-block-paragraph\">L\u2019\u00e9volution des perspectives d\u00e9pendra de la mesure dans laquelle les acheteurs qui s\u2019\u00e9taient retir\u00e9s du march\u00e9 y reviendront.<\/p>\n\n\n\n<p class=\"wp-block-paragraph\">Nous pensons que des centaines de milliers de Canadiens pourraient avoir mis en pause leur projet d\u2019achat au cours des derni\u00e8res ann\u00e9es en raison de la forte hausse des co\u00fbts d\u2019accession \u00e0 la propri\u00e9t\u00e9.<\/p>\n\n\n\n<p class=\"wp-block-paragraph\">Bon nombre d\u2019entre eux vivent plus longtemps que ce qu\u2019ils auraient aim\u00e9 dans un logement en location, ou reportent leur projet de s\u2019installer dans un logement plus grand ou plus petit.<\/p>\n\n\n\n<p class=\"wp-block-paragraph\">En outre, un certain nombre de m\u00e9nages n\u2019ont pas encore \u00e9t\u00e9 form\u00e9s. Notre analyse des taux de chef de m\u00e9nage donne \u00e0 penser que la formation de plus de 400&nbsp;000&nbsp;m\u00e9nages a possiblement \u00e9t\u00e9 emp\u00each\u00e9e au Canada depuis&nbsp;2019.<\/p>\n\n\n\n<p class=\"wp-block-paragraph\">Si ces m\u00e9nages se forment, cela pourrait impliquer une croissance importante de la demande de logements.<\/p>\n\n\n\n<hr class=\"wp-block-separator has-alpha-channel-opacity is-style-wide wide\" \/>\n\n\n\n<div id=\"everviz-kdAXJd871\" class=\"everviz-kdAXJd871\" data-view=\"graph\"><\/div>\n\n\n\n<hr class=\"wp-block-separator has-alpha-channel-opacity is-style-wide wide\" \/>\n\n\n\n<p class=\"wp-block-paragraph\">Selon nous, les corrections de prix et l\u2019am\u00e9lioration importante de l\u2019accessibilit\u00e9 financi\u00e8re dans certaines r\u00e9gions du pays, et simplement le temps qui passe, attireront davantage d\u2019acheteurs auparavant \u00e9cart\u00e9s.<\/p>\n\n\n\n<p class=\"wp-block-paragraph\">Il ne faut pas sous-estimer l\u2019importance du calendrier, car de nombreux acheteurs potentiels ont travaill\u00e9 dur pour acheter un logement avec des \u00e9conomies proches de leur plus haut niveau depuis 25&nbsp;ans et le taux d\u2019emploi des 25-34&nbsp;ans est sup\u00e9rieur \u00e0 la moyenne historique.<\/p>\n\n\n\n<p class=\"wp-block-paragraph\">Nous constatons que cet afflux de personnes financi\u00e8rement pr\u00eates \u00e0 trouver un logement l\u2019emporte largement sur l\u2019accalmie de la demande parmi les nouveaux arrivants au Canada.<\/p>\n\n\n\n<p class=\"wp-block-paragraph\">La r\u00e9duction de l\u2019immigration, bien qu\u2019elle repr\u00e9sente un obstacle important, touchera plus directement les logements locatifs. Les nouveaux arrivants, en particulier les r\u00e9sidents temporaires, ont tendance \u00e0 vivre dans des logements locatifs pendant leurs cinq \u00e0 dix premi\u00e8res ann\u00e9es dans le pays.<\/p>\n\n\n\n<h4 id=\"h-la-guerison-de-l-economie-et-l-amelioration-des-perspectives-d-emploi-aideront-a-restaurer-la-confiance\" class=\"wp-block-heading has-rbc-bright-blue-color has-text-color has-link-color wp-elements-1288dd543b176b808c80db4324d8738e\">La gu\u00e9rison de l&rsquo;\u00e9conomie et l&rsquo;am\u00e9lioration des perspectives d&#8217;emploi aideront \u00e0 restaurer la confiance<\/h4>\n\n\n\n<p class=\"wp-block-paragraph\">Le manque de confiance a \u00e9t\u00e9 un obstacle majeur ces derni\u00e8res ann\u00e9es. Combin\u00e9es, la morosit\u00e9 du march\u00e9, la baisse de la valeur des propri\u00e9t\u00e9s, les difficult\u00e9s d\u2019accessibilit\u00e9, la faiblesse de l\u2019\u00e9conomie et les pr\u00e9occupations autour de l\u2019emploi ont beaucoup inqui\u00e9t\u00e9 les acheteurs potentiels.<\/p>\n\n\n\n<p class=\"wp-block-paragraph\">Toutefois, nous nous attendons \u00e0 ce que l\u2019am\u00e9lioration du contexte (malgr\u00e9 le retour de l\u2019incertitude li\u00e9e aux tarifs douaniers) contribue \u00e0 restaurer progressivement la confiance. Ce processus est probablement d\u00e9j\u00e0 en cours, l\u2019\u00e9conomie ayant fortement rebondi au deuxi\u00e8me trimestre et le march\u00e9 de l\u2019emploi ayant connu une am\u00e9lioration depuis la fin du printemps.<\/p>\n\n\n\n<p class=\"wp-block-paragraph\">Selon <a href=\"https:\/\/www.rbc.com\/fr\/economique\/analyse-pour-le-canada\/analyse-en-vedette\/mise-a-jour-trimestrielle-canadienne\/mise-a-jour-trimestrielle-canadienne-juin-2026\/\" target=\"_blank\" data-dig-id=\"LP-Rapportssp\u00e9ciauxsurlelogement-AnalysepourleCanada-7140-3c1d62b9\" data-dig-category=\"LP-Rapportssp\u00e9ciauxsurlelogement-AnalysepourleCanada\" data-dig-action=\"link click\" data-dig-label=\"notre sc\u00e9nario de base\" rel=\"noreferrer noopener\" class=\"rbc-link-format\">notre sc\u00e9nario de base<\/a>, la croissance du&nbsp;PIB devrait se poursuivre jusqu\u2019\u00e0 la fin de&nbsp;2027, mais ralentir par rapport au deuxi\u00e8me trimestre.<\/p>\n\n\n\n<p class=\"wp-block-paragraph\">Ce sc\u00e9nario \u00e9liminerait la capacit\u00e9 exc\u00e9dentaire sur le march\u00e9 du travail d\u2019ici le printemps prochain et entra\u00eenerait m\u00eame une l\u00e9g\u00e8re p\u00e9nurie de main-d\u2019\u0153uvre au deuxi\u00e8me semestre de&nbsp;2027.<\/p>\n\n\n\n<hr class=\"wp-block-separator has-alpha-channel-opacity is-style-wide wide\" \/>\n\n\n\n<figure data-wp-context=\"{&quot;imageId&quot;:&quot;6a979f9bafbf7&quot;}\" data-wp-interactive=\"core\/image\" data-wp-key=\"6a979f9bafbf7\" class=\"wp-block-image size-large wp-lightbox-container\"><img loading=\"lazy\" decoding=\"async\" data-wp-class--hide=\"state.isContentHidden\" data-wp-class--show=\"state.isContentVisible\" data-wp-init=\"callbacks.setButtonStyles\" data-wp-on--click=\"actions.showLightbox\" data-wp-on--load=\"callbacks.setButtonStyles\" data-wp-on--pointerdown=\"actions.preloadImage\" data-wp-on--pointerenter=\"actions.preloadImageWithDelay\" data-wp-on--pointerleave=\"actions.cancelPreload\" data-wp-on-window--resize=\"callbacks.setButtonStyles\" height=\"620\" width=\"1024\" src=\"https:\/\/www.rbc.com\/fr\/economique\/wp-content\/uploads\/sites\/24\/2026\/09\/Le-marche-canadien-de-lemploi-devrait-continuer-de-sameliorer.png?quality=80&amp;w=1024\" alt=\"\" class=\"wp-image-7144\" srcset=\"https:\/\/www.rbc.com\/fr\/economique\/wp-content\/uploads\/sites\/24\/2026\/09\/Le-marche-canadien-de-lemploi-devrait-continuer-de-sameliorer.png 2084w, https:\/\/www.rbc.com\/fr\/economique\/wp-content\/uploads\/sites\/24\/2026\/09\/Le-marche-canadien-de-lemploi-devrait-continuer-de-sameliorer.png?resize=300,182 300w, https:\/\/www.rbc.com\/fr\/economique\/wp-content\/uploads\/sites\/24\/2026\/09\/Le-marche-canadien-de-lemploi-devrait-continuer-de-sameliorer.png?resize=768,465 768w, https:\/\/www.rbc.com\/fr\/economique\/wp-content\/uploads\/sites\/24\/2026\/09\/Le-marche-canadien-de-lemploi-devrait-continuer-de-sameliorer.png?resize=1024,620 1024w, https:\/\/www.rbc.com\/fr\/economique\/wp-content\/uploads\/sites\/24\/2026\/09\/Le-marche-canadien-de-lemploi-devrait-continuer-de-sameliorer.png?resize=1536,929 1536w, https:\/\/www.rbc.com\/fr\/economique\/wp-content\/uploads\/sites\/24\/2026\/09\/Le-marche-canadien-de-lemploi-devrait-continuer-de-sameliorer.png?resize=2048,1239 2048w\" sizes=\"auto, (max-width: 1024px) 100vw, 1024px\" \/><button\n\t\t\tclass=\"lightbox-trigger\"\n\t\t\ttype=\"button\"\n\t\t\taria-haspopup=\"dialog\"\n\t\t\tdata-wp-bind--aria-label=\"state.thisImage.triggerButtonAriaLabel\"\n\t\t\tdata-wp-init=\"callbacks.initTriggerButton\"\n\t\t\tdata-wp-on--click=\"actions.showLightbox\"\n\t\t\tdata-wp-style--right=\"state.thisImage.buttonRight\"\n\t\t\tdata-wp-style--top=\"state.thisImage.buttonTop\"\n\t\t>\n\t\t\t<svg xmlns=\"http:\/\/www.w3.org\/2000\/svg\" width=\"12\" height=\"12\" fill=\"none\" viewBox=\"0 0 12 12\">\n\t\t\t\t<path fill=\"#fff\" d=\"M2 0a2 2 0 0 0-2 2v2h1.5V2a.5.5 0 0 1 .5-.5h2V0H2Zm2 10.5H2a.5.5 0 0 1-.5-.5V8H0v2a2 2 0 0 0 2 2h2v-1.5ZM8 12v-1.5h2a.5.5 0 0 0 .5-.5V8H12v2a2 2 0 0 1-2 2H8Zm2-12a2 2 0 0 1 2 2v2h-1.5V2a.5.5 0 0 0-.5-.5H8V0h2Z\" \/>\n\t\t\t<\/svg>\n\t\t<\/button><\/figure>\n\n\n\n<hr class=\"wp-block-separator has-alpha-channel-opacity is-style-wide wide\" \/>\n\n\n\n<p class=\"wp-block-paragraph\">Nous pensons que l\u2019am\u00e9lioration du march\u00e9 de l\u2019emploi renforcera fortement la confiance et incitera plus d\u2019acheteurs \u00e0 passer \u00e0 l\u2019action.<\/p>\n\n\n\n<h4 id=\"h-un-cercle-vertueux\" class=\"wp-block-heading has-rbc-bright-blue-color has-text-color has-link-color wp-elements-35de9dbe75c981c3d5de238cf343ec6b\">Un cercle vertueux<\/h4>\n\n\n\n<p class=\"wp-block-paragraph\">La stabilisation des prix des logements aura \u00e9galement un effet de soutien.<\/p>\n\n\n\n<p class=\"wp-block-paragraph\">La stabilisation de la valeur des propri\u00e9t\u00e9s, puis leur appr\u00e9ciation, apaiseront l\u2019inqui\u00e9tude d\u2019investir dans un actif dont la valeur diminue.<\/p>\n\n\n\n<p class=\"wp-block-paragraph\">\u00c0 mesure que l\u2019augmentation des transactions absorbera les unit\u00e9s en stock, un sentiment d\u2019urgence accru devrait se faire sentir. Attendre n\u2019est peut-\u00eatre pas une bonne strat\u00e9gie, car les bonnes options partent plus rapidement.<\/p>\n\n\n\n<p class=\"wp-block-paragraph\">Ces signaux, qui indiquent que c\u2019est le moment d\u2019entrer sur le march\u00e9, cr\u00e9eront une dynamique vertueuse. Plus les acheteurs seront nombreux, plus les signaux seront forts et, \u00e0 terme, plus la reprise sera marqu\u00e9e.<\/p>\n\n\n\n<h4 id=\"h-les-difficultes-d-accessibilite-persistent-mais-pesent-moins-lourdement\" class=\"wp-block-heading has-rbc-bright-blue-color has-text-color has-link-color wp-elements-2f15700a288ad62ef6f05b156321b51f\">Les difficult\u00e9s d\u2019accessibilit\u00e9 persistent, mais p\u00e8sent moins lourdement<\/h4>\n\n\n\n<p class=\"wp-block-paragraph\">Les co\u00fbts \u00e9lev\u00e9s d\u2019accession \u00e0 la propri\u00e9t\u00e9 repr\u00e9sentent toujours une difficult\u00e9 importante. C\u2019est l\u2019une des principales raisons pour lesquelles nous ne nous attendons pas \u00e0 une reprise marqu\u00e9e de l\u2019activit\u00e9.<\/p>\n\n\n\n<p class=\"wp-block-paragraph\">Toutefois, les co\u00fbts ont consid\u00e9rablement diminu\u00e9 sur les march\u00e9s les plus chers du Canada depuis les sommets records atteints pendant la pand\u00e9mie.<\/p>\n\n\n\n<p class=\"wp-block-paragraph\">Selon nous, cette am\u00e9lioration devrait attirer de plus en plus d\u2019acheteurs potentiels.<\/p>\n\n\n\n<hr class=\"wp-block-separator has-alpha-channel-opacity is-style-wide wide\" \/>\n\n\n\n<div id=\"everviz-eEarV0GOk\" class=\"everviz-eEarV0GOk\" data-view=\"graph\"><\/div>\n\n\n\n<hr class=\"wp-block-separator has-alpha-channel-opacity is-style-wide wide\" \/>\n\n\n\n<h4 id=\"h-les-taux-d-interet-ont-atteint-un-plancher\" class=\"wp-block-heading has-rbc-bright-blue-color has-text-color has-link-color wp-elements-1365cfbf7a3eaa0907a7d72725f999d3\">Les taux d\u2019int\u00e9r\u00eat ont atteint un plancher<\/h4>\n\n\n\n<p class=\"wp-block-paragraph\">Il est toutefois peu probable que les taux d\u2019int\u00e9r\u00eat favorisent davantage l\u2019accessibilit\u00e9 financi\u00e8re. Nous croyons qu\u2019ils ont atteint un niveau plancher pour ce cycle.<\/p>\n\n\n\n<p class=\"wp-block-paragraph\">En fait, les taux \u00e0 long terme augmentent. Les pressions \u00e0 la hausse sur les taux de rendement obligataires mondiaux ont une incidence sur les taux canadiens. Nous pr\u00e9voyons d\u2019autres hausses mod\u00e9r\u00e9es d\u2019ici la fin de 2027.<\/p>\n\n\n\n<p class=\"wp-block-paragraph\">Par ailleurs, nous pr\u00e9voyons que la Banque du Canada attendra la fin de l\u2019ann\u00e9e&nbsp;2027 avant de relever son taux directeur, le temps que l\u2019\u00e9conomie reprenne de la vigueur.<\/p>\n\n\n\n<hr class=\"wp-block-separator has-alpha-channel-opacity is-style-wide wide\" \/>\n\n\n\n<div id=\"everviz-HerBRwUco\" class=\"everviz-HerBRwUco\" data-view=\"graph\"><\/div>\n\n\n\n<hr class=\"wp-block-separator has-alpha-channel-opacity is-style-wide wide\" \/>\n\n\n\n<h4 id=\"h-le-chemin-n-est-pas-tout-trace\" class=\"wp-block-heading has-rbc-bright-blue-color has-text-color has-link-color wp-elements-70e23e02d5234f43a7ca2c62730d8756\">Le chemin n\u2019est pas tout trac\u00e9<\/h4>\n\n\n\n<p class=\"wp-block-paragraph\">La reprise n\u2019est pas certaine, compte tenu des nombreux risques auxquels l\u2019\u00e9conomie canadienne est confront\u00e9e.<\/p>\n\n\n\n<p class=\"wp-block-paragraph\">Nous avons d\u00e9nombr\u00e9 quatre faux d\u00e9parts depuis&nbsp;2023, des \u00e9v\u00e9nements externes (comme la guerre commerciale ou les flamb\u00e9es des prix de l\u2019\u00e9nergie) ayant fait d\u00e9railler des perspectives prometteuses d\u2019am\u00e9lioration durable, mais progressive.<\/p>\n\n\n\n<p class=\"wp-block-paragraph\">Ce sera peut-\u00eatre le cas aussi cette fois-ci. Une escalade de la guerre commerciale avec les \u00c9tats-Unis ou du conflit au Moyen-Orient pourrait \u00e9branler davantage la confiance.<\/p>\n\n\n\n<p class=\"wp-block-paragraph\">Au Canada, la r\u00e9duction de l\u2019immigration ou les probl\u00e8mes d\u2019abordabilit\u00e9 pourraient poser des difficult\u00e9s plus importantes que pr\u00e9vu.<\/p>\n\n\n\n<p class=\"wp-block-paragraph\">Ces risques menacent de perp\u00e9tuer la tendance en dents de scie du march\u00e9 du logement.<\/p>\n\n\n\n<p class=\"wp-block-paragraph\">M\u00eame dans le meilleur des cas, nous pensons que la reprise sera irr\u00e9guli\u00e8re, l\u2019activit\u00e9 avan\u00e7ant de deux pas puis reculant d\u2019un pas, et que les r\u00e9gions progresseront et reculeront en m\u00eame temps.<\/p>\n\n\n\n<hr class=\"wp-block-separator has-alpha-channel-opacity is-style-wide wide\" \/>\n\n\n\n<figure data-wp-context=\"{&quot;imageId&quot;:&quot;6a979f9bb3b19&quot;}\" data-wp-interactive=\"core\/image\" data-wp-key=\"6a979f9bb3b19\" class=\"wp-block-image size-full wp-lightbox-container\"><img loading=\"lazy\" decoding=\"async\" width=\"2084\" height=\"1261\" data-wp-class--hide=\"state.isContentHidden\" data-wp-class--show=\"state.isContentVisible\" data-wp-init=\"callbacks.setButtonStyles\" data-wp-on--click=\"actions.showLightbox\" data-wp-on--load=\"callbacks.setButtonStyles\" data-wp-on--pointerdown=\"actions.preloadImage\" data-wp-on--pointerenter=\"actions.preloadImageWithDelay\" data-wp-on--pointerleave=\"actions.cancelPreload\" data-wp-on-window--resize=\"callbacks.setButtonStyles\" src=\"https:\/\/www.rbc.com\/fr\/economique\/wp-content\/uploads\/sites\/24\/2026\/09\/Les-reductions-dimmigration-freinent-la-croissance-demographique-du-Canada.png\" alt=\"\" class=\"wp-image-7153\" srcset=\"https:\/\/www.rbc.com\/fr\/economique\/wp-content\/uploads\/sites\/24\/2026\/09\/Les-reductions-dimmigration-freinent-la-croissance-demographique-du-Canada.png 2084w, https:\/\/www.rbc.com\/fr\/economique\/wp-content\/uploads\/sites\/24\/2026\/09\/Les-reductions-dimmigration-freinent-la-croissance-demographique-du-Canada.png?resize=300,182 300w, https:\/\/www.rbc.com\/fr\/economique\/wp-content\/uploads\/sites\/24\/2026\/09\/Les-reductions-dimmigration-freinent-la-croissance-demographique-du-Canada.png?resize=768,465 768w, https:\/\/www.rbc.com\/fr\/economique\/wp-content\/uploads\/sites\/24\/2026\/09\/Les-reductions-dimmigration-freinent-la-croissance-demographique-du-Canada.png?resize=1024,620 1024w, https:\/\/www.rbc.com\/fr\/economique\/wp-content\/uploads\/sites\/24\/2026\/09\/Les-reductions-dimmigration-freinent-la-croissance-demographique-du-Canada.png?resize=1536,929 1536w, https:\/\/www.rbc.com\/fr\/economique\/wp-content\/uploads\/sites\/24\/2026\/09\/Les-reductions-dimmigration-freinent-la-croissance-demographique-du-Canada.png?resize=2048,1239 2048w\" sizes=\"auto, (max-width: 2084px) 100vw, 2084px\" \/><button\n\t\t\tclass=\"lightbox-trigger\"\n\t\t\ttype=\"button\"\n\t\t\taria-haspopup=\"dialog\"\n\t\t\tdata-wp-bind--aria-label=\"state.thisImage.triggerButtonAriaLabel\"\n\t\t\tdata-wp-init=\"callbacks.initTriggerButton\"\n\t\t\tdata-wp-on--click=\"actions.showLightbox\"\n\t\t\tdata-wp-style--right=\"state.thisImage.buttonRight\"\n\t\t\tdata-wp-style--top=\"state.thisImage.buttonTop\"\n\t\t>\n\t\t\t<svg xmlns=\"http:\/\/www.w3.org\/2000\/svg\" width=\"12\" height=\"12\" fill=\"none\" viewBox=\"0 0 12 12\">\n\t\t\t\t<path fill=\"#fff\" d=\"M2 0a2 2 0 0 0-2 2v2h1.5V2a.5.5 0 0 1 .5-.5h2V0H2Zm2 10.5H2a.5.5 0 0 1-.5-.5V8H0v2a2 2 0 0 0 2 2h2v-1.5ZM8 12v-1.5h2a.5.5 0 0 0 .5-.5V8H12v2a2 2 0 0 1-2 2H8Zm2-12a2 2 0 0 1 2 2v2h-1.5V2a.5.5 0 0 0-.5-.5H8V0h2Z\" \/>\n\t\t\t<\/svg>\n\t\t<\/button><\/figure>\n\n\n\n<hr class=\"wp-block-separator has-alpha-channel-opacity is-style-wide wide\" \/>\n\n\n\n<h4 id=\"h-les-divergences-regionales-devraient-diminuer\" class=\"wp-block-heading has-rbc-bright-blue-color has-text-color has-link-color wp-elements-fb64d789164378cbb51830096c166ddf\">Les divergences r\u00e9gionales devraient diminuer<\/h4>\n\n\n\n<p class=\"wp-block-paragraph\">Selon nos perspectives, les reventes et les prix devraient augmenter dans toutes les r\u00e9gions en&nbsp;2027.<\/p>\n\n\n\n<p class=\"wp-block-paragraph\">Nous pr\u00e9voyons que l&rsquo;Ontario et la Colombie-Britannique sortiront lentement de leur r\u00e9cession prolong\u00e9e avec une am\u00e9lioration substantielle de l&rsquo;accessibilit\u00e9 au logement \u2014 m\u00eame si elle part des niveaux les plus bas jamais atteints \u2014 contribuant ainsi \u00e0 lib\u00e9rer une importante demande refoul\u00e9e.<\/p>\n\n\n\n<p class=\"wp-block-paragraph\">Selon nous, les transactions devraient augmenter de 8,2&nbsp;% en Ontario et de 7,8&nbsp;% en Colombie-Britannique en&nbsp;2027, apr\u00e8s des baisses respectives de 0,5&nbsp;% et de 4,6&nbsp;% cette ann\u00e9e.<\/p>\n\n\n\n<p class=\"wp-block-paragraph\">De m\u00eame, pour la premi\u00e8re fois en deux ans, la valeur des propri\u00e9t\u00e9s en&nbsp;2027 (indice RPS des prix des logements) devrait augmenter de 0,7&nbsp;% en Ontario et de 0,5&nbsp;% en Colombie-Britannique, d\u2019apr\u00e8s nous.<\/p>\n\n\n\n<p class=\"wp-block-paragraph\">Toutefois, le segment des copropri\u00e9t\u00e9s mettra plus de temps \u00e0 se redresser. L\u2019abondance des stocks dans les r\u00e9gions de Toronto et de Vancouver, et l\u2019apathie des investisseurs devraient continuer de faire baisser les prix des appartements en copropri\u00e9t\u00e9, peut-\u00eatre jusqu\u2019en&nbsp;2027.<\/p>\n\n\n\n<p class=\"wp-block-paragraph\">Les rebonds mod\u00e9r\u00e9s des ventes l\u2019an prochain en Saskatchewan, au Manitoba, au Qu\u00e9bec et dans certaines r\u00e9gions du Canada atlantique t\u00e9moigneront de co\u00fbts d\u2019accession \u00e0 la propri\u00e9t\u00e9 plus stables, d\u2019une demande refoul\u00e9e \u00e0 lib\u00e9rer relativement plus faible et d\u2019un ralentissement de la croissance de la population.<\/p>\n\n\n\n<p class=\"wp-block-paragraph\">Par ailleurs, la croissance des stocks d\u00e9tendra la situation de l\u2019offre et de la demande.<\/p>\n\n\n\n<p class=\"wp-block-paragraph\">Nous nous attendons \u00e0 ce que cette \u00e9volution freine l\u2019appr\u00e9ciation de la valeur des propri\u00e9t\u00e9s dans bon nombre de ces r\u00e9gions. Selon nos pr\u00e9visions, le taux d\u2019augmentation de l\u2019indice global des prix devrait ralentir et passer de 4,8&nbsp;% en&nbsp;2026 \u00e0 2,5&nbsp;% en&nbsp;2027 en Saskatchewan, de 4,9&nbsp;% \u00e0 1,9&nbsp;% au Manitoba, de 6,4&nbsp;% \u00e0 1,2&nbsp;% au Qu\u00e9bec, de 5&nbsp;% \u00e0 0,9&nbsp;% au Nouveau-Brunswick, et de 4,8&nbsp;% \u00e0 1,3&nbsp;% \u00e0 Terre-Neuve-et-Labrador.<\/p>\n\n\n\n<p class=\"wp-block-paragraph\">Pour la Nouvelle-\u00c9cosse et l\u2019\u00cele-du-Prince-\u00c9douard, nous pr\u00e9voyons que les prix rebondiront de 1,1&nbsp;% et de 0,3&nbsp;% l\u2019an prochain, respectivement, apr\u00e8s avoir recul\u00e9 de 1,1&nbsp;% et de 2,7&nbsp;% en&nbsp;2026.<\/p>\n\n\n\n<p class=\"wp-block-paragraph\">Enfin, nous pensons que la robustesse relative de l\u2019\u00e9conomie et de la d\u00e9mographie de l\u2019Alberta stimuleront les reventes et feront augmenter la valeur des logements. Selon nous, le nombre de transactions devrait augmenter de 7,1&nbsp;% et l\u2019indice des prix des propri\u00e9t\u00e9s de RPS, de 1,8&nbsp;% en 2027, apr\u00e8s une baisse de 6,8&nbsp;% et une augmentation de 1,4&nbsp;% cette ann\u00e9e, respectivement.<\/p>\n\n\n\n<figure data-wp-context=\"{&quot;imageId&quot;:&quot;6a979f9bb5753&quot;}\" data-wp-interactive=\"core\/image\" data-wp-key=\"6a979f9bb5753\" class=\"wp-block-image size-full wp-lightbox-container\"><img loading=\"lazy\" decoding=\"async\" width=\"2831\" height=\"2728\" data-wp-class--hide=\"state.isContentHidden\" data-wp-class--show=\"state.isContentVisible\" data-wp-init=\"callbacks.setButtonStyles\" data-wp-on--click=\"actions.showLightbox\" data-wp-on--load=\"callbacks.setButtonStyles\" data-wp-on--pointerdown=\"actions.preloadImage\" data-wp-on--pointerenter=\"actions.preloadImageWithDelay\" data-wp-on--pointerleave=\"actions.cancelPreload\" data-wp-on-window--resize=\"callbacks.setButtonStyles\" src=\"https:\/\/www.rbc.com\/fr\/economique\/wp-content\/uploads\/sites\/24\/2026\/09\/FR-Home-resales-forecast-units-Sept-1-2026.png\" alt=\"\" class=\"wp-image-7148\" srcset=\"https:\/\/www.rbc.com\/fr\/economique\/wp-content\/uploads\/sites\/24\/2026\/09\/FR-Home-resales-forecast-units-Sept-1-2026.png 2831w, https:\/\/www.rbc.com\/fr\/economique\/wp-content\/uploads\/sites\/24\/2026\/09\/FR-Home-resales-forecast-units-Sept-1-2026.png?resize=300,289 300w, https:\/\/www.rbc.com\/fr\/economique\/wp-content\/uploads\/sites\/24\/2026\/09\/FR-Home-resales-forecast-units-Sept-1-2026.png?resize=768,740 768w, https:\/\/www.rbc.com\/fr\/economique\/wp-content\/uploads\/sites\/24\/2026\/09\/FR-Home-resales-forecast-units-Sept-1-2026.png?resize=1024,987 1024w, https:\/\/www.rbc.com\/fr\/economique\/wp-content\/uploads\/sites\/24\/2026\/09\/FR-Home-resales-forecast-units-Sept-1-2026.png?resize=1536,1480 1536w, https:\/\/www.rbc.com\/fr\/economique\/wp-content\/uploads\/sites\/24\/2026\/09\/FR-Home-resales-forecast-units-Sept-1-2026.png?resize=2048,1973 2048w\" sizes=\"auto, (max-width: 2831px) 100vw, 2831px\" \/><button\n\t\t\tclass=\"lightbox-trigger\"\n\t\t\ttype=\"button\"\n\t\t\taria-haspopup=\"dialog\"\n\t\t\tdata-wp-bind--aria-label=\"state.thisImage.triggerButtonAriaLabel\"\n\t\t\tdata-wp-init=\"callbacks.initTriggerButton\"\n\t\t\tdata-wp-on--click=\"actions.showLightbox\"\n\t\t\tdata-wp-style--right=\"state.thisImage.buttonRight\"\n\t\t\tdata-wp-style--top=\"state.thisImage.buttonTop\"\n\t\t>\n\t\t\t<svg xmlns=\"http:\/\/www.w3.org\/2000\/svg\" width=\"12\" height=\"12\" fill=\"none\" viewBox=\"0 0 12 12\">\n\t\t\t\t<path fill=\"#fff\" d=\"M2 0a2 2 0 0 0-2 2v2h1.5V2a.5.5 0 0 1 .5-.5h2V0H2Zm2 10.5H2a.5.5 0 0 1-.5-.5V8H0v2a2 2 0 0 0 2 2h2v-1.5ZM8 12v-1.5h2a.5.5 0 0 0 .5-.5V8H12v2a2 2 0 0 1-2 2H8Zm2-12a2 2 0 0 1 2 2v2h-1.5V2a.5.5 0 0 0-.5-.5H8V0h2Z\" \/>\n\t\t\t<\/svg>\n\t\t<\/button><\/figure>\n\n\n\n<hr class=\"wp-block-separator has-alpha-channel-opacity is-style-wide wide\" \/>\n\n\n\n<figure data-wp-context=\"{&quot;imageId&quot;:&quot;6a979f9bb64ab&quot;}\" data-wp-interactive=\"core\/image\" data-wp-key=\"6a979f9bb64ab\" class=\"wp-block-image size-full wp-lightbox-container\"><img loading=\"lazy\" decoding=\"async\" width=\"2831\" height=\"2728\" data-wp-class--hide=\"state.isContentHidden\" data-wp-class--show=\"state.isContentVisible\" data-wp-init=\"callbacks.setButtonStyles\" data-wp-on--click=\"actions.showLightbox\" data-wp-on--load=\"callbacks.setButtonStyles\" data-wp-on--pointerdown=\"actions.preloadImage\" data-wp-on--pointerenter=\"actions.preloadImageWithDelay\" data-wp-on--pointerleave=\"actions.cancelPreload\" data-wp-on-window--resize=\"callbacks.setButtonStyles\" src=\"https:\/\/www.rbc.com\/fr\/economique\/wp-content\/uploads\/sites\/24\/2026\/09\/FR-Home-price-forecast-Sept-1-2026.png\" alt=\"\" class=\"wp-image-7149\" srcset=\"https:\/\/www.rbc.com\/fr\/economique\/wp-content\/uploads\/sites\/24\/2026\/09\/FR-Home-price-forecast-Sept-1-2026.png 2831w, https:\/\/www.rbc.com\/fr\/economique\/wp-content\/uploads\/sites\/24\/2026\/09\/FR-Home-price-forecast-Sept-1-2026.png?resize=300,289 300w, https:\/\/www.rbc.com\/fr\/economique\/wp-content\/uploads\/sites\/24\/2026\/09\/FR-Home-price-forecast-Sept-1-2026.png?resize=768,740 768w, https:\/\/www.rbc.com\/fr\/economique\/wp-content\/uploads\/sites\/24\/2026\/09\/FR-Home-price-forecast-Sept-1-2026.png?resize=1024,987 1024w, https:\/\/www.rbc.com\/fr\/economique\/wp-content\/uploads\/sites\/24\/2026\/09\/FR-Home-price-forecast-Sept-1-2026.png?resize=1536,1480 1536w, https:\/\/www.rbc.com\/fr\/economique\/wp-content\/uploads\/sites\/24\/2026\/09\/FR-Home-price-forecast-Sept-1-2026.png?resize=2048,1973 2048w\" sizes=\"auto, (max-width: 2831px) 100vw, 2831px\" \/><button\n\t\t\tclass=\"lightbox-trigger\"\n\t\t\ttype=\"button\"\n\t\t\taria-haspopup=\"dialog\"\n\t\t\tdata-wp-bind--aria-label=\"state.thisImage.triggerButtonAriaLabel\"\n\t\t\tdata-wp-init=\"callbacks.initTriggerButton\"\n\t\t\tdata-wp-on--click=\"actions.showLightbox\"\n\t\t\tdata-wp-style--right=\"state.thisImage.buttonRight\"\n\t\t\tdata-wp-style--top=\"state.thisImage.buttonTop\"\n\t\t>\n\t\t\t<svg xmlns=\"http:\/\/www.w3.org\/2000\/svg\" width=\"12\" height=\"12\" fill=\"none\" viewBox=\"0 0 12 12\">\n\t\t\t\t<path fill=\"#fff\" d=\"M2 0a2 2 0 0 0-2 2v2h1.5V2a.5.5 0 0 1 .5-.5h2V0H2Zm2 10.5H2a.5.5 0 0 1-.5-.5V8H0v2a2 2 0 0 0 2 2h2v-1.5ZM8 12v-1.5h2a.5.5 0 0 0 .5-.5V8H12v2a2 2 0 0 1-2 2H8Zm2-12a2 2 0 0 1 2 2v2h-1.5V2a.5.5 0 0 0-.5-.5H8V0h2Z\" \/>\n\t\t\t<\/svg>\n\t\t<\/button><\/figure>\n\n\n\n<hr class=\"wp-block-separator has-alpha-channel-opacity is-style-wide wide\" \/>\n\n\n\n<p class=\"has-text-align-center wp-block-paragraph\"><strong>\u00c0 propos de l\u2019auteur<\/strong> <strong>:<\/strong><\/p>\n\n\n\n<p class=\"wp-block-paragraph\"><em><br><strong>Robert Hogue<\/strong><em>est membre du l\u2019\u00e9quipe \u00c9conomique et leadership avis\u00e9 RBC, se sp\u00e9cialisant dans l\u2019analyse et les pr\u00e9visions pour le march\u00e9 de l\u2019habitation canadien et les \u00e9conomies provinciales. Il compte parmi ses publications Tendances immobili\u00e8res et accessibilit\u00e9 \u00e0 la propri\u00e9t\u00e9, Perspectives provinciales et l\u2019analyse des budgets provinciaux. Dans ses fonctions, il est fr\u00e9quemment appel\u00e9 \u00e0 commenter l\u2019\u00e9volution de la conjoncture \u00e9conomique aupr\u00e8s de la direction de RBC, de ses clients et des m\u00e9dias<\/em><\/em>.<\/p>\n\n\n\n<hr class=\"wp-block-separator has-alpha-channel-opacity is-style-wide wide\" \/>\n<\/div>\n<\/section>\n","protected":false},"excerpt":{"rendered":"","protected":false},"author":318,"featured_media":1380,"comment_status":"open","ping_status":"open","sticky":false,"template":"","format":"standard","meta":{"_acf_changed":false,"advgb_blocks_editor_width":"","advgb_blocks_columns_visual_guide":"","editor_notices":[],"footnotes":"","jetpack_post_was_ever_published":false},"categories":[71,23,24],"tags":[88,14,32],"rbc_econ_content_type":[],"class_list":["post-7140","post","type-post","status-publish","format-standard","has-post-thumbnail","hentry","category-analyse-pour-le-canada","category-logement-au-canada","category-rapports-speciaux-sur-le-logement","tag-canada","tag-economie","tag-logement"],"acf":[],"yoast_head":"<!-- This site is optimized with the Yoast SEO Premium plugin v28.2 (Yoast SEO v28.2) - https:\/\/yoast.com\/product\/yoast-seo-premium-wordpress\/ -->\n<title>Perspectives de mi-ann\u00e9e pour le march\u00e9 canadien du logement : entre correction et reprise - RBC Economique<\/title>\n<meta name=\"robots\" content=\"index, follow, max-snippet:-1, max-image-preview:large, max-video-preview:-1\" \/>\n<link rel=\"canonical\" href=\"https:\/\/www.rbc.com\/fr\/economique\/analyse-pour-le-canada\/logement-au-canada\/rapports-speciaux-sur-le-logement\/perspectives-de-mi-annee-pour-le-marche-canadien-du-logement-entre-correction-et-reprise\/\" \/>\n<meta property=\"og:locale\" content=\"fr_FR\" \/>\n<meta property=\"og:type\" content=\"article\" \/>\n<meta property=\"og:title\" content=\"Perspectives de mi-ann\u00e9e pour le march\u00e9 canadien du logement : entre correction et reprise\" \/>\n<meta property=\"og:url\" content=\"https:\/\/www.rbc.com\/fr\/economique\/analyse-pour-le-canada\/logement-au-canada\/rapports-speciaux-sur-le-logement\/perspectives-de-mi-annee-pour-le-marche-canadien-du-logement-entre-correction-et-reprise\/\" \/>\n<meta property=\"og:site_name\" content=\"RBC Economique\" \/>\n<meta property=\"article:published_time\" content=\"2026-09-01T21:29:39+00:00\" \/>\n<meta property=\"article:modified_time\" content=\"2026-09-01T21:29:41+00:00\" \/>\n<meta name=\"author\" content=\"viktoriyapanahova\" \/>\n<meta name=\"twitter:card\" content=\"summary_large_image\" \/>\n<meta name=\"twitter:image\" content=\"https:\/\/www.rbc.com\/fr\/economique\/wp-content\/uploads\/sites\/24\/\/2025\/07\/compressed-housing-S-1.png\" \/>\n<meta name=\"twitter:label1\" content=\"Written by\" \/>\n\t<meta name=\"twitter:data1\" content=\"viktoriyapanahova\" \/>\n\t<meta name=\"twitter:label2\" content=\"Est. reading time\" \/>\n\t<meta name=\"twitter:data2\" content=\"10 minutes\" \/>\n<script type=\"application\/ld+json\" class=\"yoast-schema-graph\">{\"@context\":\"https:\\\/\\\/schema.org\",\"@graph\":[{\"@type\":\"Article\",\"@id\":\"https:\\\/\\\/www.rbc.com\\\/fr\\\/economique\\\/analyse-pour-le-canada\\\/logement-au-canada\\\/rapports-speciaux-sur-le-logement\\\/perspectives-de-mi-annee-pour-le-marche-canadien-du-logement-entre-correction-et-reprise\\\/#article\",\"isPartOf\":{\"@id\":\"https:\\\/\\\/www.rbc.com\\\/fr\\\/economique\\\/analyse-pour-le-canada\\\/logement-au-canada\\\/rapports-speciaux-sur-le-logement\\\/perspectives-de-mi-annee-pour-le-marche-canadien-du-logement-entre-correction-et-reprise\\\/\"},\"author\":{\"name\":\"viktoriyapanahova\",\"@id\":\"https:\\\/\\\/www.rbc.com\\\/fr\\\/economique\\\/#\\\/schema\\\/person\\\/109dd1bd3c90e818f8159356d46905ea\"},\"headline\":\"Perspectives de mi-ann\u00e9e pour le march\u00e9 canadien du logement : entre correction et reprise\",\"datePublished\":\"2026-09-01T21:29:39+00:00\",\"dateModified\":\"2026-09-01T21:29:41+00:00\",\"mainEntityOfPage\":{\"@id\":\"https:\\\/\\\/www.rbc.com\\\/fr\\\/economique\\\/analyse-pour-le-canada\\\/logement-au-canada\\\/rapports-speciaux-sur-le-logement\\\/perspectives-de-mi-annee-pour-le-marche-canadien-du-logement-entre-correction-et-reprise\\\/\"},\"wordCount\":1937,\"commentCount\":0,\"image\":{\"@id\":\"https:\\\/\\\/www.rbc.com\\\/fr\\\/economique\\\/analyse-pour-le-canada\\\/logement-au-canada\\\/rapports-speciaux-sur-le-logement\\\/perspectives-de-mi-annee-pour-le-marche-canadien-du-logement-entre-correction-et-reprise\\\/#primaryimage\"},\"thumbnailUrl\":\"https:\\\/\\\/www.rbc.com\\\/fr\\\/economique\\\/wp-content\\\/uploads\\\/sites\\\/24\\\/\\\/2025\\\/07\\\/compressed-housing-S-1.png\",\"keywords\":[\"Canada\",\"\u00c9conomie\",\"Logement\"],\"articleSection\":[\"Analyse pour le Canada\",\"Logement au Canada\",\"Rapports sp\u00e9ciaux sur le logement\"],\"inLanguage\":\"fr-FR\",\"potentialAction\":[{\"@type\":\"CommentAction\",\"name\":\"Comment\",\"target\":[\"https:\\\/\\\/www.rbc.com\\\/fr\\\/economique\\\/analyse-pour-le-canada\\\/logement-au-canada\\\/rapports-speciaux-sur-le-logement\\\/perspectives-de-mi-annee-pour-le-marche-canadien-du-logement-entre-correction-et-reprise\\\/#respond\"]}]},{\"@type\":\"WebPage\",\"@id\":\"https:\\\/\\\/www.rbc.com\\\/fr\\\/economique\\\/analyse-pour-le-canada\\\/logement-au-canada\\\/rapports-speciaux-sur-le-logement\\\/perspectives-de-mi-annee-pour-le-marche-canadien-du-logement-entre-correction-et-reprise\\\/\",\"url\":\"https:\\\/\\\/www.rbc.com\\\/fr\\\/economique\\\/analyse-pour-le-canada\\\/logement-au-canada\\\/rapports-speciaux-sur-le-logement\\\/perspectives-de-mi-annee-pour-le-marche-canadien-du-logement-entre-correction-et-reprise\\\/\",\"name\":\"Perspectives de mi-ann\u00e9e pour le march\u00e9 canadien du logement : entre correction et reprise - RBC Economique\",\"isPartOf\":{\"@id\":\"https:\\\/\\\/www.rbc.com\\\/fr\\\/economique\\\/#website\"},\"primaryImageOfPage\":{\"@id\":\"https:\\\/\\\/www.rbc.com\\\/fr\\\/economique\\\/analyse-pour-le-canada\\\/logement-au-canada\\\/rapports-speciaux-sur-le-logement\\\/perspectives-de-mi-annee-pour-le-marche-canadien-du-logement-entre-correction-et-reprise\\\/#primaryimage\"},\"image\":{\"@id\":\"https:\\\/\\\/www.rbc.com\\\/fr\\\/economique\\\/analyse-pour-le-canada\\\/logement-au-canada\\\/rapports-speciaux-sur-le-logement\\\/perspectives-de-mi-annee-pour-le-marche-canadien-du-logement-entre-correction-et-reprise\\\/#primaryimage\"},\"thumbnailUrl\":\"https:\\\/\\\/www.rbc.com\\\/fr\\\/economique\\\/wp-content\\\/uploads\\\/sites\\\/24\\\/\\\/2025\\\/07\\\/compressed-housing-S-1.png\",\"datePublished\":\"2026-09-01T21:29:39+00:00\",\"dateModified\":\"2026-09-01T21:29:41+00:00\",\"author\":{\"@id\":\"https:\\\/\\\/www.rbc.com\\\/fr\\\/economique\\\/#\\\/schema\\\/person\\\/109dd1bd3c90e818f8159356d46905ea\"},\"breadcrumb\":{\"@id\":\"https:\\\/\\\/www.rbc.com\\\/fr\\\/economique\\\/analyse-pour-le-canada\\\/logement-au-canada\\\/rapports-speciaux-sur-le-logement\\\/perspectives-de-mi-annee-pour-le-marche-canadien-du-logement-entre-correction-et-reprise\\\/#breadcrumb\"},\"inLanguage\":\"fr-FR\",\"potentialAction\":[{\"@type\":\"ReadAction\",\"target\":[\"https:\\\/\\\/www.rbc.com\\\/fr\\\/economique\\\/analyse-pour-le-canada\\\/logement-au-canada\\\/rapports-speciaux-sur-le-logement\\\/perspectives-de-mi-annee-pour-le-marche-canadien-du-logement-entre-correction-et-reprise\\\/\"]}]},{\"@type\":\"ImageObject\",\"inLanguage\":\"fr-FR\",\"@id\":\"https:\\\/\\\/www.rbc.com\\\/fr\\\/economique\\\/analyse-pour-le-canada\\\/logement-au-canada\\\/rapports-speciaux-sur-le-logement\\\/perspectives-de-mi-annee-pour-le-marche-canadien-du-logement-entre-correction-et-reprise\\\/#primaryimage\",\"url\":\"https:\\\/\\\/www.rbc.com\\\/fr\\\/economique\\\/wp-content\\\/uploads\\\/sites\\\/24\\\/\\\/2025\\\/07\\\/compressed-housing-S-1.png\",\"contentUrl\":\"https:\\\/\\\/www.rbc.com\\\/fr\\\/economique\\\/wp-content\\\/uploads\\\/sites\\\/24\\\/\\\/2025\\\/07\\\/compressed-housing-S-1.png\",\"width\":6134,\"height\":3700},{\"@type\":\"BreadcrumbList\",\"@id\":\"https:\\\/\\\/www.rbc.com\\\/fr\\\/economique\\\/analyse-pour-le-canada\\\/logement-au-canada\\\/rapports-speciaux-sur-le-logement\\\/perspectives-de-mi-annee-pour-le-marche-canadien-du-logement-entre-correction-et-reprise\\\/#breadcrumb\",\"itemListElement\":[{\"@type\":\"ListItem\",\"position\":1,\"name\":\"Home\",\"item\":\"https:\\\/\\\/www.rbc.com\\\/fr\\\/economique\\\/\"},{\"@type\":\"ListItem\",\"position\":2,\"name\":\"Perspectives de mi-ann\u00e9e pour le march\u00e9 canadien du logement : entre correction et reprise\"}]},{\"@type\":\"WebSite\",\"@id\":\"https:\\\/\\\/www.rbc.com\\\/fr\\\/economique\\\/#website\",\"url\":\"https:\\\/\\\/www.rbc.com\\\/fr\\\/economique\\\/\",\"name\":\"RBC Economique\",\"description\":\"\",\"potentialAction\":[{\"@type\":\"SearchAction\",\"target\":{\"@type\":\"EntryPoint\",\"urlTemplate\":\"https:\\\/\\\/www.rbc.com\\\/fr\\\/economique\\\/?s={search_term_string}\"},\"query-input\":{\"@type\":\"PropertyValueSpecification\",\"valueRequired\":true,\"valueName\":\"search_term_string\"}}],\"inLanguage\":\"fr-FR\"},{\"@type\":\"Person\",\"@id\":\"https:\\\/\\\/www.rbc.com\\\/fr\\\/economique\\\/#\\\/schema\\\/person\\\/109dd1bd3c90e818f8159356d46905ea\",\"name\":\"viktoriyapanahova\",\"image\":{\"@type\":\"ImageObject\",\"inLanguage\":\"fr-FR\",\"@id\":\"https:\\\/\\\/secure.gravatar.com\\\/avatar\\\/885bcff339d33080f070ec9cbe77fcf3007653305ae17de7827e19af43e61913?s=96&d=mm&r=g\",\"url\":\"https:\\\/\\\/secure.gravatar.com\\\/avatar\\\/885bcff339d33080f070ec9cbe77fcf3007653305ae17de7827e19af43e61913?s=96&d=mm&r=g\",\"contentUrl\":\"https:\\\/\\\/secure.gravatar.com\\\/avatar\\\/885bcff339d33080f070ec9cbe77fcf3007653305ae17de7827e19af43e61913?s=96&d=mm&r=g\",\"caption\":\"viktoriyapanahova\"},\"url\":\"https:\\\/\\\/www.rbc.com\\\/fr\\\/economique\\\/author\\\/viktoriyapanahova\\\/\"}]}<\/script>\n<!-- \/ Yoast SEO Premium plugin. -->","yoast_head_json":{"title":"Perspectives de mi-ann\u00e9e pour le march\u00e9 canadien du logement : entre correction et reprise - RBC Economique","robots":{"index":"index","follow":"follow","max-snippet":"max-snippet:-1","max-image-preview":"max-image-preview:large","max-video-preview":"max-video-preview:-1"},"canonical":"https:\/\/www.rbc.com\/fr\/economique\/analyse-pour-le-canada\/logement-au-canada\/rapports-speciaux-sur-le-logement\/perspectives-de-mi-annee-pour-le-marche-canadien-du-logement-entre-correction-et-reprise\/","og_locale":"fr_FR","og_type":"article","og_title":"Perspectives de mi-ann\u00e9e pour le march\u00e9 canadien du logement : entre correction et reprise","og_url":"https:\/\/www.rbc.com\/fr\/economique\/analyse-pour-le-canada\/logement-au-canada\/rapports-speciaux-sur-le-logement\/perspectives-de-mi-annee-pour-le-marche-canadien-du-logement-entre-correction-et-reprise\/","og_site_name":"RBC Economique","article_published_time":"2026-09-01T21:29:39+00:00","article_modified_time":"2026-09-01T21:29:41+00:00","author":"viktoriyapanahova","twitter_card":"summary_large_image","twitter_image":"https:\/\/www.rbc.com\/fr\/economique\/wp-content\/uploads\/sites\/24\/\/2025\/07\/compressed-housing-S-1.png","twitter_misc":{"Written by":"viktoriyapanahova","Est. reading time":"10 minutes"},"schema":{"@context":"https:\/\/schema.org","@graph":[{"@type":"Article","@id":"https:\/\/www.rbc.com\/fr\/economique\/analyse-pour-le-canada\/logement-au-canada\/rapports-speciaux-sur-le-logement\/perspectives-de-mi-annee-pour-le-marche-canadien-du-logement-entre-correction-et-reprise\/#article","isPartOf":{"@id":"https:\/\/www.rbc.com\/fr\/economique\/analyse-pour-le-canada\/logement-au-canada\/rapports-speciaux-sur-le-logement\/perspectives-de-mi-annee-pour-le-marche-canadien-du-logement-entre-correction-et-reprise\/"},"author":{"name":"viktoriyapanahova","@id":"https:\/\/www.rbc.com\/fr\/economique\/#\/schema\/person\/109dd1bd3c90e818f8159356d46905ea"},"headline":"Perspectives de mi-ann\u00e9e pour le march\u00e9 canadien du logement : entre correction et reprise","datePublished":"2026-09-01T21:29:39+00:00","dateModified":"2026-09-01T21:29:41+00:00","mainEntityOfPage":{"@id":"https:\/\/www.rbc.com\/fr\/economique\/analyse-pour-le-canada\/logement-au-canada\/rapports-speciaux-sur-le-logement\/perspectives-de-mi-annee-pour-le-marche-canadien-du-logement-entre-correction-et-reprise\/"},"wordCount":1937,"commentCount":0,"image":{"@id":"https:\/\/www.rbc.com\/fr\/economique\/analyse-pour-le-canada\/logement-au-canada\/rapports-speciaux-sur-le-logement\/perspectives-de-mi-annee-pour-le-marche-canadien-du-logement-entre-correction-et-reprise\/#primaryimage"},"thumbnailUrl":"https:\/\/www.rbc.com\/fr\/economique\/wp-content\/uploads\/sites\/24\/\/2025\/07\/compressed-housing-S-1.png","keywords":["Canada","\u00c9conomie","Logement"],"articleSection":["Analyse pour le Canada","Logement au Canada","Rapports sp\u00e9ciaux sur le logement"],"inLanguage":"fr-FR","potentialAction":[{"@type":"CommentAction","name":"Comment","target":["https:\/\/www.rbc.com\/fr\/economique\/analyse-pour-le-canada\/logement-au-canada\/rapports-speciaux-sur-le-logement\/perspectives-de-mi-annee-pour-le-marche-canadien-du-logement-entre-correction-et-reprise\/#respond"]}]},{"@type":"WebPage","@id":"https:\/\/www.rbc.com\/fr\/economique\/analyse-pour-le-canada\/logement-au-canada\/rapports-speciaux-sur-le-logement\/perspectives-de-mi-annee-pour-le-marche-canadien-du-logement-entre-correction-et-reprise\/","url":"https:\/\/www.rbc.com\/fr\/economique\/analyse-pour-le-canada\/logement-au-canada\/rapports-speciaux-sur-le-logement\/perspectives-de-mi-annee-pour-le-marche-canadien-du-logement-entre-correction-et-reprise\/","name":"Perspectives de mi-ann\u00e9e pour le march\u00e9 canadien du logement : entre correction et reprise - RBC Economique","isPartOf":{"@id":"https:\/\/www.rbc.com\/fr\/economique\/#website"},"primaryImageOfPage":{"@id":"https:\/\/www.rbc.com\/fr\/economique\/analyse-pour-le-canada\/logement-au-canada\/rapports-speciaux-sur-le-logement\/perspectives-de-mi-annee-pour-le-marche-canadien-du-logement-entre-correction-et-reprise\/#primaryimage"},"image":{"@id":"https:\/\/www.rbc.com\/fr\/economique\/analyse-pour-le-canada\/logement-au-canada\/rapports-speciaux-sur-le-logement\/perspectives-de-mi-annee-pour-le-marche-canadien-du-logement-entre-correction-et-reprise\/#primaryimage"},"thumbnailUrl":"https:\/\/www.rbc.com\/fr\/economique\/wp-content\/uploads\/sites\/24\/\/2025\/07\/compressed-housing-S-1.png","datePublished":"2026-09-01T21:29:39+00:00","dateModified":"2026-09-01T21:29:41+00:00","author":{"@id":"https:\/\/www.rbc.com\/fr\/economique\/#\/schema\/person\/109dd1bd3c90e818f8159356d46905ea"},"breadcrumb":{"@id":"https:\/\/www.rbc.com\/fr\/economique\/analyse-pour-le-canada\/logement-au-canada\/rapports-speciaux-sur-le-logement\/perspectives-de-mi-annee-pour-le-marche-canadien-du-logement-entre-correction-et-reprise\/#breadcrumb"},"inLanguage":"fr-FR","potentialAction":[{"@type":"ReadAction","target":["https:\/\/www.rbc.com\/fr\/economique\/analyse-pour-le-canada\/logement-au-canada\/rapports-speciaux-sur-le-logement\/perspectives-de-mi-annee-pour-le-marche-canadien-du-logement-entre-correction-et-reprise\/"]}]},{"@type":"ImageObject","inLanguage":"fr-FR","@id":"https:\/\/www.rbc.com\/fr\/economique\/analyse-pour-le-canada\/logement-au-canada\/rapports-speciaux-sur-le-logement\/perspectives-de-mi-annee-pour-le-marche-canadien-du-logement-entre-correction-et-reprise\/#primaryimage","url":"https:\/\/www.rbc.com\/fr\/economique\/wp-content\/uploads\/sites\/24\/\/2025\/07\/compressed-housing-S-1.png","contentUrl":"https:\/\/www.rbc.com\/fr\/economique\/wp-content\/uploads\/sites\/24\/\/2025\/07\/compressed-housing-S-1.png","width":6134,"height":3700},{"@type":"BreadcrumbList","@id":"https:\/\/www.rbc.com\/fr\/economique\/analyse-pour-le-canada\/logement-au-canada\/rapports-speciaux-sur-le-logement\/perspectives-de-mi-annee-pour-le-marche-canadien-du-logement-entre-correction-et-reprise\/#breadcrumb","itemListElement":[{"@type":"ListItem","position":1,"name":"Home","item":"https:\/\/www.rbc.com\/fr\/economique\/"},{"@type":"ListItem","position":2,"name":"Perspectives de mi-ann\u00e9e pour le march\u00e9 canadien du logement : entre correction et reprise"}]},{"@type":"WebSite","@id":"https:\/\/www.rbc.com\/fr\/economique\/#website","url":"https:\/\/www.rbc.com\/fr\/economique\/","name":"RBC Economique","description":"","potentialAction":[{"@type":"SearchAction","target":{"@type":"EntryPoint","urlTemplate":"https:\/\/www.rbc.com\/fr\/economique\/?s={search_term_string}"},"query-input":{"@type":"PropertyValueSpecification","valueRequired":true,"valueName":"search_term_string"}}],"inLanguage":"fr-FR"},{"@type":"Person","@id":"https:\/\/www.rbc.com\/fr\/economique\/#\/schema\/person\/109dd1bd3c90e818f8159356d46905ea","name":"viktoriyapanahova","image":{"@type":"ImageObject","inLanguage":"fr-FR","@id":"https:\/\/secure.gravatar.com\/avatar\/885bcff339d33080f070ec9cbe77fcf3007653305ae17de7827e19af43e61913?s=96&d=mm&r=g","url":"https:\/\/secure.gravatar.com\/avatar\/885bcff339d33080f070ec9cbe77fcf3007653305ae17de7827e19af43e61913?s=96&d=mm&r=g","contentUrl":"https:\/\/secure.gravatar.com\/avatar\/885bcff339d33080f070ec9cbe77fcf3007653305ae17de7827e19af43e61913?s=96&d=mm&r=g","caption":"viktoriyapanahova"},"url":"https:\/\/www.rbc.com\/fr\/economique\/author\/viktoriyapanahova\/"}]}},"author_meta":{"display_name":"viktoriyapanahova","author_link":"https:\/\/www.rbc.com\/fr\/economique\/author\/viktoriyapanahova\/"},"featured_img":"https:\/\/www.rbc.com\/fr\/economique\/wp-content\/uploads\/sites\/24\/\/2025\/07\/compressed-housing-S-1.png?quality=80&w=300","coauthors":[],"tax_additional":{"categories":{"linked":["<a href=\"https:\/\/www.rbc.com\/fr\/economique\/category\/analyse-pour-le-canada\/\" class=\"advgb-post-tax-term\">Analyse pour le Canada<\/a>","<a href=\"https:\/\/www.rbc.com\/fr\/economique\/category\/analyse-pour-le-canada\/logement-au-canada\/\" class=\"advgb-post-tax-term\">Logement au Canada<\/a>","<a href=\"https:\/\/www.rbc.com\/fr\/economique\/category\/analyse-pour-le-canada\/logement-au-canada\/rapports-speciaux-sur-le-logement\/\" class=\"advgb-post-tax-term\">Rapports sp\u00e9ciaux sur le logement<\/a>"],"unlinked":["<span class=\"advgb-post-tax-term\">Analyse pour le Canada<\/span>","<span class=\"advgb-post-tax-term\">Logement au Canada<\/span>","<span class=\"advgb-post-tax-term\">Rapports sp\u00e9ciaux sur le logement<\/span>"]},"tags":{"linked":["<a href=\"https:\/\/www.rbc.com\/fr\/economique\/category\/analyse-pour-le-canada\/logement-au-canada\/rapports-speciaux-sur-le-logement\/\" class=\"advgb-post-tax-term\">Canada<\/a>","<a href=\"https:\/\/www.rbc.com\/fr\/economique\/category\/analyse-pour-le-canada\/logement-au-canada\/rapports-speciaux-sur-le-logement\/\" class=\"advgb-post-tax-term\">\u00c9conomie<\/a>","<a href=\"https:\/\/www.rbc.com\/fr\/economique\/category\/analyse-pour-le-canada\/logement-au-canada\/rapports-speciaux-sur-le-logement\/\" class=\"advgb-post-tax-term\">Logement<\/a>"],"unlinked":["<span class=\"advgb-post-tax-term\">Canada<\/span>","<span class=\"advgb-post-tax-term\">\u00c9conomie<\/span>","<span class=\"advgb-post-tax-term\">Logement<\/span>"]}},"comment_count":"0","relative_dates":{"created":"Publi\u00e9 7 heures il y a","modified":"Mis \u00e0 jour 7 heures il y a"},"absolute_dates":{"created":"Publi\u00e9 le 1 septembre 2026","modified":"Mise \u00e0 jour le 1 septembre 2026"},"absolute_dates_time":{"created":"Publi\u00e9 le 1 septembre 2026 9:29  ","modified":"Mise \u00e0 jour le 1 septembre 2026 9:29  "},"featured_img_caption":"","series_order":"","jetpack_featured_media_url":"https:\/\/www.rbc.com\/fr\/economique\/wp-content\/uploads\/sites\/24\/\/2025\/07\/compressed-housing-S-1.png","_links":{"self":[{"href":"https:\/\/www.rbc.com\/fr\/economique\/wp-json\/wp\/v2\/posts\/7140","targetHints":{"allow":["GET"]}}],"collection":[{"href":"https:\/\/www.rbc.com\/fr\/economique\/wp-json\/wp\/v2\/posts"}],"about":[{"href":"https:\/\/www.rbc.com\/fr\/economique\/wp-json\/wp\/v2\/types\/post"}],"author":[{"embeddable":true,"href":"https:\/\/www.rbc.com\/fr\/economique\/wp-json\/wp\/v2\/users\/318"}],"replies":[{"embeddable":true,"href":"https:\/\/www.rbc.com\/fr\/economique\/wp-json\/wp\/v2\/comments?post=7140"}],"version-history":[{"count":16,"href":"https:\/\/www.rbc.com\/fr\/economique\/wp-json\/wp\/v2\/posts\/7140\/revisions"}],"predecessor-version":[{"id":7161,"href":"https:\/\/www.rbc.com\/fr\/economique\/wp-json\/wp\/v2\/posts\/7140\/revisions\/7161"}],"wp:featuredmedia":[{"embeddable":true,"href":"https:\/\/www.rbc.com\/fr\/economique\/wp-json\/wp\/v2\/media\/1380"}],"wp:attachment":[{"href":"https:\/\/www.rbc.com\/fr\/economique\/wp-json\/wp\/v2\/media?parent=7140"}],"wp:term":[{"taxonomy":"category","embeddable":true,"href":"https:\/\/www.rbc.com\/fr\/economique\/wp-json\/wp\/v2\/categories?post=7140"},{"taxonomy":"post_tag","embeddable":true,"href":"https:\/\/www.rbc.com\/fr\/economique\/wp-json\/wp\/v2\/tags?post=7140"},{"taxonomy":"rbc_econ_content_type","embeddable":true,"href":"https:\/\/www.rbc.com\/fr\/economique\/wp-json\/wp\/v2\/rbc_econ_content_type?post=7140"}],"curies":[{"name":"wp","href":"https:\/\/api.w.org\/{rel}","templated":true}]}}