{"id":7106,"date":"2026-08-27T20:53:49","date_gmt":"2026-08-27T20:53:49","guid":{"rendered":"https:\/\/www.rbc.com\/fr\/economique\/?p=7106"},"modified":"2026-08-31T21:11:25","modified_gmt":"2026-08-31T21:11:25","slug":"nouveaux-developpements-dans-la-guerre-commerciale-entre-les-etats-unis-et-le-canada-les-repercussions-sur-les-deux-economies","status":"publish","type":"post","link":"https:\/\/www.rbc.com\/fr\/economique\/analyse-pour-le-canada\/analyse-en-vedette\/perspectives\/nouveaux-developpements-dans-la-guerre-commerciale-entre-les-etats-unis-et-le-canada-les-repercussions-sur-les-deux-economies\/","title":{"rendered":"Nouveaux d\u00e9veloppements dans la guerre commerciale entre les \u00c9tats-Unis et le Canada : les r\u00e9percussions sur les deux \u00e9conomies"},"content":{"rendered":"\n<section class=\"wp-block-rbc-section-block  pos-rel\" style=\"border-radius:0px\">\n<div class=\"wp-block-rbc-section-inner-block  section-inner\" style=\"border-radius:0x\">\n<p class=\"wp-block-paragraph\">De nouveaux d\u00e9veloppements importants dans la guerre commerciale ont vu le jour depuis l\u2019entr\u00e9e en vigueur des droits de douane impos\u00e9s par les \u00c9tats-Unis en vertu de l\u2019article 338 le 22 ao\u00fbt, notamment la mise en place de mesures de soutien du gouvernement canadien, de droits de douane de repr\u00e9sailles, ainsi que de nouvelles menaces am\u00e9ricaines contre le secteur canadien de l\u2019automobile.<\/p>\n\n\n\n<p class=\"wp-block-paragraph\">Le pr\u00e9sent rapport s\u2019appuie sur notre <a href=\"https:\/\/www.rbc.com\/fr\/economique\/analyse-pour-le-canada\/analyse-en-vedette\/perspectives\/le-prochain-chapitre-de-la-guerre-commerciale-entre-les-etats-unis-et-le-canada-ce-que-nous-savons-et-ce-que-nous-ignorons-au-sujet-des-tarifs-douaniers-imposes-en-vertu-de-larticle-338\/\" target=\"_blank\" data-dig-id=\"LP-Analyseenvedette-Perspectives-7106-98638e03\" data-dig-category=\"LP-Analyseenvedette-Perspectives\" data-dig-action=\"link click\" data-dig-label=\"analyse pr\u00e9c\u00e9dente\" rel=\"noreferrer noopener\" class=\"rbc-link-format\">analyse pr\u00e9c\u00e9dente<\/a> pour r\u00e9pondre aux questions les plus pressantes que nous recevons dans un contexte commercial en constante \u00e9volution qui a des r\u00e9percussions sur les deux \u00e9conomies.<\/p>\n\n\n\n<h4 id=\"h-1-l-intensification-de-la-guerre-commerciale-a-t-elle-modifie-vos-perspectives-de-croissance-pour-le-canada-cette-annee\" class=\"wp-block-heading has-rbc-bright-blue-color has-text-color has-link-color wp-elements-eae6c88730874a2a378290e2373dbad4\">1. L\u2019intensification de la guerre commerciale a-t-elle modifi\u00e9 vos perspectives de croissance pour le Canada cette ann\u00e9e?<\/h4>\n\n\n\n<p class=\"wp-block-paragraph\">Notre sc\u00e9nario de base n\u2019a pas chang\u00e9&nbsp;: nous continuons \u00e0 faire preuve d\u2019un optimisme prudent quant \u00e0 la croissance \u00e0 court terme du Canada.<\/p>\n\n\n\n<p class=\"wp-block-paragraph\">Toutefois, les mesures r\u00e9centes ont quelque peu assombri les signes d\u2019un momentum de l\u2019\u00e9conomie et ont fait pencher la balance des risques associ\u00e9s \u00e0 cette pr\u00e9vision vers le bas.&nbsp;<\/p>\n\n\n\n<p class=\"wp-block-paragraph\">Ces risques sont en grande partie li\u00e9s \u00e0 la possibilit\u00e9 d\u2019une escalade de la guerre commerciale entre les \u00c9tats-Unis et le Canada plut\u00f4t qu\u2019aux mesures actuelles.&nbsp;<\/p>\n\n\n\n<p class=\"wp-block-paragraph\">Les nouveaux droits de douane impos\u00e9s en ao\u00fbt auront des r\u00e9percussions importantes pour des secteurs et des industries sp\u00e9cifiques. Les entreprises qui ont la malchance de se retrouver dans la ligne de mire de ces droits de douane seront durement touch\u00e9es au Canada et aux \u00c9tats-Unis.<\/p>\n\n\n\n<p class=\"wp-block-paragraph\">Mais en fin de compte, ces mesures ne touchent qu\u2019une petite partie de l\u2019\u00e9conomie. Les droits de douane am\u00e9ricains ne concernent qu\u2019environ 5&nbsp;% des exportations canadiennes vers les \u00c9tats-Unis et qu\u2019environ 0,4&nbsp;% du produit int\u00e9rieur brut et des emplois au Canada. Les droits de douane de repr\u00e9sailles annonc\u00e9s par le Canada repr\u00e9sentent environ 3&nbsp;% des importations canadiennes, et la liste a d\u00e9j\u00e0 \u00e9t\u00e9 modifi\u00e9e (retrait des produits de la mer, ajout d\u2019autres groupes de produits, comme la pierre et le cuivre), selon les commentaires recueillis aupr\u00e8s des entreprises.<\/p>\n\n\n\n<p class=\"wp-block-paragraph\">Par ailleurs, la politique budg\u00e9taire aidera \u00e0 compenser certains des co\u00fbts li\u00e9s aux droits de douane. Le gouvernement f\u00e9d\u00e9ral a annonc\u00e9 un nouveau programme de soutien de 7,5&nbsp;milliards de dollars pour les travailleurs et les entreprises directement touch\u00e9s (environ 0,2&nbsp;% du PIB nominal). Cette aide devrait permettre de limiter les pertes d\u2019emplois imm\u00e9diates et juguler l\u2019h\u00e9morragie pour l\u2019\u00e9conomie en g\u00e9n\u00e9ral.<\/p>\n\n\n\n<p class=\"wp-block-paragraph\">Les d\u00e9veloppements r\u00e9cents au Canada ont \u00e9t\u00e9 positifs. La croissance montrait des signes de raffermissement, et le taux de ch\u00f4mage a l\u00e9g\u00e8rement baiss\u00e9 d\u2019un demi-pour cent par rapport \u00e0 juillet dernier, malgr\u00e9 l\u2019incertitude commerciale persistante. <\/p>\n\n\n\n<p class=\"wp-block-paragraph\">Par le pass\u00e9, les tensions commerciales ont \u00e9galement beaucoup fluctu\u00e9, mais la tendance g\u00e9n\u00e9rale des taux tarifaires am\u00e9ricains \u00e0 l\u2019\u00e9chelle mondiale s\u2019est orient\u00e9e plut\u00f4t \u00e0 la baisse en&nbsp;2026.<\/p>\n\n\n\n<hr class=\"wp-block-separator has-alpha-channel-opacity is-style-wide wide\" \/>\n\n\n\n<div id=\"everviz-KKVBViq62\" class=\"everviz-KKVBViq62\" data-view=\"graph\"><\/div>\n\n\n\n<hr class=\"wp-block-separator has-alpha-channel-opacity is-style-wide wide\" \/>\n\n\n\n<h4 id=\"h-2-la-trajectoire-de-l-inflation-au-canada-a-t-elle-ete-modifiee-quelle-sera-la-lecture-de-la-banque-du-canada-de-ces-developpements\" class=\"wp-block-heading has-rbc-bright-blue-color has-text-color has-link-color wp-elements-428e5e56b3658108d5f1ba7199313c8a\">2. La trajectoire de l\u2019inflation au Canada a-t-elle \u00e9t\u00e9 modifi\u00e9e? Quelle sera la lecture de la Banque du Canada de ces d\u00e9veloppements?<\/h4>\n\n\n\n<p class=\"wp-block-paragraph\">Oui, mais pas de fa\u00e7on significative. Les derniers droits de douane de repr\u00e9sailles compliqueront le retour durable de l\u2019inflation \u00e0 la cible de 2&nbsp;%, mais il faudra probablement une nouvelle escalade pour influencer consid\u00e9rablement les tendances globales de l\u2019inflation.&nbsp;Les nouveaux droits de douane d\u2019ao\u00fbt causeront des difficult\u00e9s aux entreprises touch\u00e9es, mais ils ne touchent qu\u2019une petite partie du commerce transfrontalier dans son ensemble.<\/p>\n\n\n\n<p class=\"wp-block-paragraph\">Chose importante, comme la Banque du Canada l\u2019a constat\u00e9 <a href=\"https:\/\/www.banqueducanada.ca\/2026\/05\/article-sparks-et-bank-2026-13\/\" target=\"_blank\" data-dig-id=\"LP-Analyseenvedette-Perspectives-7106-98638e03\" data-dig-category=\"LP-Analyseenvedette-Perspectives\" data-dig-action=\"link click\" data-dig-label=\"ici\" rel=\"noreferrer noopener\" class=\"rbc-link-format\">ici<\/a>, les r\u00e9percussions sur l\u2019inflation d\u00e9pendent de l\u2019ampleur des droits de douane, des attentes des d\u00e9taillants quant \u00e0 la dur\u00e9e d\u2019application des mesures et du niveau de visibilit\u00e9 des changements de prix pour les consommateurs. Fait important, les augmentations de prix attribuables aux droits de douane de repr\u00e9sailles impos\u00e9s en&nbsp;2025 se sont rapidement r\u00e9sorb\u00e9es d\u00e8s leur retrait.<\/p>\n\n\n\n<p class=\"wp-block-paragraph\">Cela donne \u00e0 penser que les droits de douane de repr\u00e9sailles int\u00e9rieurs pourraient avoir un effet important, mais partiel et, en fin de compte, temporaire sur les prix \u00e0 la consommation au Canada. Il est \u00e9galement important de souligner ici le point de d\u00e9part sain des tendances de l\u2019inflation avant le dernier diff\u00e9rend commercial. Les mesures de l\u2019indice des prix \u00e0 la consommation de r\u00e9f\u00e9rence privil\u00e9gi\u00e9 de la Banque du Canada sont rest\u00e9es autour de 2&nbsp;% depuis avril.<\/p>\n\n\n\n<p class=\"wp-block-paragraph\">Le risque, bien s\u00fbr, est que la guerre commerciale s\u2019intensifie, mais une escalade importante serait \u00e9galement n\u00e9gative pour l\u2019\u00e9conomie, ce qui l\u2019emporterait vraisemblablement sur les craintes li\u00e9es \u00e0 l\u2019inflation et pourrait inciter la banque centrale \u00e0 r\u00e9agir en r\u00e9duisant le taux directeur.&nbsp; Pour l\u2019instant, cependant, nous pr\u00e9voyons que la combinaison de la baisse r\u00e9cente de l\u2019inflation et de l\u2019augmentation des risques li\u00e9s au commerce international, temp\u00e9r\u00e9e par des donn\u00e9es de croissance r\u00e9trospectives plus fermes, s\u2019\u00e9quilibre pour maintenir les taux de la Banque du Canada inchang\u00e9s pour le reste de 2026.<\/p>\n\n\n\n<hr class=\"wp-block-separator has-alpha-channel-opacity is-style-wide wide\" \/>\n\n\n\n<figure data-wp-context=\"{&quot;imageId&quot;:&quot;6a96ae063034a&quot;}\" data-wp-interactive=\"core\/image\" data-wp-key=\"6a96ae063034a\" class=\"wp-block-image size-full wp-lightbox-container\"><img loading=\"lazy\" decoding=\"async\" width=\"3721\" height=\"2080\" data-wp-class--hide=\"state.isContentHidden\" data-wp-class--show=\"state.isContentVisible\" data-wp-init=\"callbacks.setButtonStyles\" data-wp-on--click=\"actions.showLightbox\" data-wp-on--load=\"callbacks.setButtonStyles\" data-wp-on--pointerdown=\"actions.preloadImage\" data-wp-on--pointerenter=\"actions.preloadImageWithDelay\" data-wp-on--pointerleave=\"actions.cancelPreload\" data-wp-on-window--resize=\"callbacks.setButtonStyles\" src=\"https:\/\/www.rbc.com\/fr\/economique\/wp-content\/uploads\/sites\/24\/2026\/08\/FEQChart3FR.png\" alt=\"\" class=\"wp-image-7108\" srcset=\"https:\/\/www.rbc.com\/fr\/economique\/wp-content\/uploads\/sites\/24\/2026\/08\/FEQChart3FR.png 3721w, https:\/\/www.rbc.com\/fr\/economique\/wp-content\/uploads\/sites\/24\/2026\/08\/FEQChart3FR.png?resize=300,168 300w, https:\/\/www.rbc.com\/fr\/economique\/wp-content\/uploads\/sites\/24\/2026\/08\/FEQChart3FR.png?resize=768,429 768w, https:\/\/www.rbc.com\/fr\/economique\/wp-content\/uploads\/sites\/24\/2026\/08\/FEQChart3FR.png?resize=1024,572 1024w, https:\/\/www.rbc.com\/fr\/economique\/wp-content\/uploads\/sites\/24\/2026\/08\/FEQChart3FR.png?resize=1536,859 1536w, https:\/\/www.rbc.com\/fr\/economique\/wp-content\/uploads\/sites\/24\/2026\/08\/FEQChart3FR.png?resize=2048,1145 2048w\" sizes=\"auto, (max-width: 3721px) 100vw, 3721px\" \/><button\n\t\t\tclass=\"lightbox-trigger\"\n\t\t\ttype=\"button\"\n\t\t\taria-haspopup=\"dialog\"\n\t\t\tdata-wp-bind--aria-label=\"state.thisImage.triggerButtonAriaLabel\"\n\t\t\tdata-wp-init=\"callbacks.initTriggerButton\"\n\t\t\tdata-wp-on--click=\"actions.showLightbox\"\n\t\t\tdata-wp-style--right=\"state.thisImage.buttonRight\"\n\t\t\tdata-wp-style--top=\"state.thisImage.buttonTop\"\n\t\t>\n\t\t\t<svg xmlns=\"http:\/\/www.w3.org\/2000\/svg\" width=\"12\" height=\"12\" fill=\"none\" viewBox=\"0 0 12 12\">\n\t\t\t\t<path fill=\"#fff\" d=\"M2 0a2 2 0 0 0-2 2v2h1.5V2a.5.5 0 0 1 .5-.5h2V0H2Zm2 10.5H2a.5.5 0 0 1-.5-.5V8H0v2a2 2 0 0 0 2 2h2v-1.5ZM8 12v-1.5h2a.5.5 0 0 0 .5-.5V8H12v2a2 2 0 0 1-2 2H8Zm2-12a2 2 0 0 1 2 2v2h-1.5V2a.5.5 0 0 0-.5-.5H8V0h2Z\" \/>\n\t\t\t<\/svg>\n\t\t<\/button><\/figure>\n\n\n\n<hr class=\"wp-block-separator has-alpha-channel-opacity is-style-wide wide\" \/>\n\n\n\n<h4 id=\"h-3-quelles-seraient-les-repercussions-des-nouveaux-droits-de-douane-sur-les-automobiles-s-ils-etaient-imposes-le-1er-janvier\" class=\"wp-block-heading has-rbc-bright-blue-color has-text-color has-link-color wp-elements-759697ceca9bc8f1daf2ec33592739bb\">3. Quelles seraient les r\u00e9percussions des nouveaux droits de douane sur les automobiles s\u2019ils \u00e9taient impos\u00e9s le 1er janvier?<\/h4>\n\n\n\n<p class=\"wp-block-paragraph\">La menace des droits de douane sur les automobiles est clairement pr\u00e9occupante pour le secteur. Le nombre de v\u00e9hicules produits au Canada diminue depuis des d\u00e9cennies, mais 120&nbsp;000&nbsp;emplois d\u00e9pendent toujours directement de la production de v\u00e9hicules et de pi\u00e8ces d\u00e9tach\u00e9es, ce qui repr\u00e9sente 0,7&nbsp;% de l\u2019emploi et du PIB du Canada.<\/p>\n\n\n\n<p class=\"wp-block-paragraph\">Toutefois, la mise en place de droits de douane \u00e0 l\u2019ensemble du secteur de l\u2019automobile serait unique en ce sens que, s\u2019ils \u00e9taient impos\u00e9s, ils constitueraient \u00e9galement une charge plus lourde pour les exportateurs am\u00e9ricains que pour les exportateurs canadiens.<\/p>\n\n\n\n<p class=\"wp-block-paragraph\">Il faut savoir que plus de la moiti\u00e9 de la valeur des exportations de v\u00e9hicules canadiens vers les \u00c9tats-Unis provient de pi\u00e8ces import\u00e9es des \u00c9tats-Unis et achet\u00e9es pendant l\u2019assemblage. Moins du tiers correspond \u00e0 la production de valeur ajout\u00e9e canadienne, le reste provenant de march\u00e9s \u00e9trangers, comme le Mexique.<\/p>\n\n\n\n<p class=\"wp-block-paragraph\">Une int\u00e9gration profonde signifie que les droits de douane impos\u00e9s \u00e0 tout partenaire de la zone de libre-\u00e9change nord-am\u00e9ricaine feraient augmenter les co\u00fbts dans l\u2019ensemble du secteur automobile nord-am\u00e9ricain, ce qui plomberait sa comp\u00e9titivit\u00e9 par rapport aux fabricants \u00e9trangers, comme la Chine.<\/p>\n\n\n\n<p class=\"wp-block-paragraph\">Cela explique probablement pourquoi des droits de douane globaux sur les automobiles n\u2019ont pas encore \u00e9t\u00e9 pleinement mis en \u0153uvre jusqu\u2019\u00e0 pr\u00e9sent. Les droits de douane sur les importations d\u2019automobiles am\u00e9ricaines en provenance du Canada et du Mexique ont \u00e9t\u00e9 limit\u00e9s \u00e0 la valeur ajout\u00e9e non am\u00e9ricaine, et la plupart des pi\u00e8ces de v\u00e9hicules sont exempt\u00e9es si elles sont conformes \u00e0 l\u2019Accord Canada\u2013\u00c9tats-Unis\u2013Mexique (ACEUM).&nbsp;<\/p>\n\n\n\n<p class=\"wp-block-paragraph\">Des droits de douane suppl\u00e9mentaires sur le secteur de l\u2019automobile repr\u00e9sentent toujours un risque, mais, plus que toute autre industrie, ils auraient des r\u00e9percussions n\u00e9gatives autant sur les \u00c9tats-Unis que sur les exportateurs canadiens.<\/p>\n\n\n\n<hr class=\"wp-block-separator has-alpha-channel-opacity is-style-wide wide\" \/>\n\n\n\n<div id=\"everviz-hHVX7dzag\" class=\"everviz-hHVX7dzag\" data-view=\"graph\"><\/div>\n\n\n\n<hr class=\"wp-block-separator has-alpha-channel-opacity is-style-wide wide\" \/>\n\n\n\n<h4 id=\"h-4-comment-les-droits-de-douane-de-represailles-du-canada-auront-ils-une-incidence-sur-le-canada-et-les-etats-unis\" class=\"wp-block-heading has-rbc-bright-blue-color has-text-color has-link-color wp-elements-75ae9cf7b3388eb18bc972cf34c60a98\">4. Comment les droits de douane de repr\u00e9sailles du Canada auront-ils une incidence sur le Canada et les \u00c9tats-Unis?<\/h4>\n\n\n\n<p class=\"wp-block-paragraph\">L\u2019objectif des mesures commerciales de repr\u00e9sailles est habituellement de causer une perturbation aussi visible que possible pour les exportateurs \u00e9trangers, tout en limitant les r\u00e9percussions sur les importateurs nationaux.&nbsp;<\/p>\n\n\n\n<p class=\"wp-block-paragraph\">Dans les faits, id\u00e9alement, personne ne paie de droits de douane de repr\u00e9sailles. L\u2019id\u00e9e est qu\u2019ils incitent les entreprises canadiennes \u00e0 importer en provenance de pays autres que les \u00c9tats-Unis ou \u00e0 acheter aupr\u00e8s de fournisseurs nationaux ou \u00e0 se tourner vers des produits de substitution.&nbsp;<\/p>\n\n\n\n<p class=\"wp-block-paragraph\">La nouvelle liste des droits de douane de repr\u00e9sailles du Canada, qui pr\u00e9voit des droits de douane de 25 \u00e0 50&nbsp;% sur environ 3&nbsp;% de ses importations totales, vise particuli\u00e8rement la machinerie, les produits du papier et les plastiques. Mais, en moyenne, ces produits repr\u00e9sentent une part plus faible des importations actuelles en provenance des \u00c9tats-Unis, ce qui laisse plus d\u2019options que le produit moyen pour se tourner vers d\u2019autres march\u00e9s d\u2019importation. C\u2019est \u00e9galement dans ces secteurs que les exp\u00e9ditions vers le Canada repr\u00e9sentent une part disproportionn\u00e9e des exportations am\u00e9ricaines.<\/p>\n\n\n\n<p class=\"wp-block-paragraph\">Les \u00c9tats-Unis repr\u00e9sentent en moyenne environ 26&nbsp;% des produits figurant sur la liste des droits de douane de repr\u00e9sailles du Canada.&nbsp;Le Canada repr\u00e9sente environ 20&nbsp;% des exportations totales am\u00e9ricaines de ces produits, un chiffre sup\u00e9rieur \u00e0 la moyenne d\u2019environ 15&nbsp;% de l\u2019ensemble des produits (2025).&nbsp; Pour certaines industries et certains produits, la part canadienne est beaucoup plus \u00e9lev\u00e9e. Selon nos calculs, le Canada repr\u00e9sente 80&nbsp;% ou plus de la part totale des exportations am\u00e9ricaines, soit environ 10&nbsp;% de la valeur en dollars des produits vis\u00e9s par les mesures de repr\u00e9sailles canadiennes.<\/p>\n\n\n\n<h4 id=\"h-5-le-canada-peut-il-compenser-la-perte-de-la-demande-americaine-par-une-demande-interieure-ou-internationale\" class=\"wp-block-heading has-rbc-bright-blue-color has-text-color has-link-color wp-elements-d26476b1b814fbfa55dbd2424db83427\">5. Le Canada peut-il compenser la perte de la demande am\u00e9ricaine par une demande int\u00e9rieure ou internationale?<\/h4>\n\n\n\n<p class=\"wp-block-paragraph\">Oui, il existe une marge de man\u0153uvre pour des produits de substitution nationaux, m\u00eame si elle est assez mince et qu\u2019elle prendra de l\u2019ampleur au fil du temps.<\/p>\n\n\n\n<p class=\"wp-block-paragraph\">Selon nos calculs, environ 80&nbsp;% des exportations canadiennes de produits figurant sur les listes des droits de douane de l\u2019article&nbsp;338 \u00e9taient destin\u00e9es aux \u00c9tats-Unis en&nbsp;2025, ce qui t\u00e9moigne d\u2019un niveau \u00e9lev\u00e9 de concentration des exportations. La bonne nouvelle pour ces produits est que la demande \u00e9trang\u00e8re repr\u00e9sente g\u00e9n\u00e9ralement une part plus faible de la production nationale totale, par rapport aux produits vis\u00e9s lors des pr\u00e9c\u00e9dentes vagues de droits de douane impos\u00e9s en vertu de l\u2019article&nbsp;232, notamment les automobiles et les pi\u00e8ces d\u00e9tach\u00e9es, les m\u00e9taux et leurs d\u00e9riv\u00e9s et le bois d\u2019\u0153uvre.<\/p>\n\n\n\n<p class=\"wp-block-paragraph\">De plus, le Canada est en fait un importateur net des produits figurant sur la liste des produits vis\u00e9s selon l\u2019article&nbsp;338, de sorte qu\u2019il est possible pour les acheteurs nationaux de se tourner vers des fournisseurs nationaux et de remplacer ainsi au moins une partie des ventes \u00e0 l\u2019exportation perdues. Cela signifie que la consommation int\u00e9rieure dispose d\u2019une marge de progression suppl\u00e9mentaire et compense la r\u00e9duction de la demande am\u00e9ricaine.<\/p>\n\n\n\n<h4 id=\"h-6-les-canadiens-ont-ils-modifie-leur-comportement-pendant-ce-conflit-commercial\" class=\"wp-block-heading has-rbc-bright-blue-color has-text-color has-link-color wp-elements-b3768dab2f7747c1df86cc363115db00\">6. Les Canadiens ont-ils modifi\u00e9 leur comportement pendant ce conflit commercial?<\/h4>\n\n\n\n<p class=\"wp-block-paragraph\">Oui, et on assiste \u00e0 une nette tendance \u00e0 l\u2019achat de produits canadiens, particuli\u00e8rement dans le secteur du tourisme. Les \u00c9tats-Unis restent la principale source d\u2019importations de biens mat\u00e9riels du Canada, mais les Canadiens ont clairement indiqu\u00e9 qu\u2019ils pr\u00e9f\u00e9raient \u00e9viter de voyager et de d\u00e9penser aux \u00c9tats-Unis.<\/p>\n\n\n\n<p class=\"wp-block-paragraph\">Cela ne veut pas dire que les Canadiens ne voyagent pas. Les d\u00e9penses touristiques au premier trimestre de&nbsp;2026 sont rest\u00e9es globalement stables, mais leur r\u00e9partition a chang\u00e9. Les Canadiens d\u00e9pensent leur argent destin\u00e9 au tourisme pour voyager chez eux ou pour d\u2019autres destinations \u00e0 l\u2019\u00e9tranger, hors \u00c9tats-Unis. Le nombre de Canadiens voyageant aux \u00c9tats-Unis pour des voyages avec nuit\u00e9e est inf\u00e9rieur de 25&nbsp;% par rapport \u00e0 2024, depuis l\u2019intensification des tensions commerciales d\u00e9but&nbsp;2025.<\/p>\n\n\n\n<figure data-wp-context=\"{&quot;imageId&quot;:&quot;6a96ae0631bdb&quot;}\" data-wp-interactive=\"core\/image\" data-wp-key=\"6a96ae0631bdb\" class=\"wp-block-image aligncenter size-full is-resized mob-mar-b-hlf mar-b wp-lightbox-container\"><img loading=\"lazy\" decoding=\"async\" width=\"4167\" height=\"3842\" data-wp-class--hide=\"state.isContentHidden\" data-wp-class--show=\"state.isContentVisible\" data-wp-init=\"callbacks.setButtonStyles\" data-wp-on--click=\"actions.showLightbox\" data-wp-on--load=\"callbacks.setButtonStyles\" data-wp-on--pointerdown=\"actions.preloadImage\" data-wp-on--pointerenter=\"actions.preloadImageWithDelay\" data-wp-on--pointerleave=\"actions.cancelPreload\" data-wp-on-window--resize=\"callbacks.setButtonStyles\" src=\"https:\/\/www.rbc.com\/fr\/economique\/wp-content\/uploads\/sites\/24\/2026\/08\/tourism-inf-fr.png\" alt=\"\" class=\"wp-image-7124\" style=\"width:650px\" srcset=\"https:\/\/www.rbc.com\/fr\/economique\/wp-content\/uploads\/sites\/24\/2026\/08\/tourism-inf-fr.png 4167w, https:\/\/www.rbc.com\/fr\/economique\/wp-content\/uploads\/sites\/24\/2026\/08\/tourism-inf-fr.png?resize=300,277 300w, https:\/\/www.rbc.com\/fr\/economique\/wp-content\/uploads\/sites\/24\/2026\/08\/tourism-inf-fr.png?resize=768,708 768w, https:\/\/www.rbc.com\/fr\/economique\/wp-content\/uploads\/sites\/24\/2026\/08\/tourism-inf-fr.png?resize=1024,944 1024w, https:\/\/www.rbc.com\/fr\/economique\/wp-content\/uploads\/sites\/24\/2026\/08\/tourism-inf-fr.png?resize=1536,1416 1536w, https:\/\/www.rbc.com\/fr\/economique\/wp-content\/uploads\/sites\/24\/2026\/08\/tourism-inf-fr.png?resize=2048,1888 2048w\" sizes=\"auto, (max-width: 4167px) 100vw, 4167px\" \/><button\n\t\t\tclass=\"lightbox-trigger\"\n\t\t\ttype=\"button\"\n\t\t\taria-haspopup=\"dialog\"\n\t\t\tdata-wp-bind--aria-label=\"state.thisImage.triggerButtonAriaLabel\"\n\t\t\tdata-wp-init=\"callbacks.initTriggerButton\"\n\t\t\tdata-wp-on--click=\"actions.showLightbox\"\n\t\t\tdata-wp-style--right=\"state.thisImage.buttonRight\"\n\t\t\tdata-wp-style--top=\"state.thisImage.buttonTop\"\n\t\t>\n\t\t\t<svg xmlns=\"http:\/\/www.w3.org\/2000\/svg\" width=\"12\" height=\"12\" fill=\"none\" viewBox=\"0 0 12 12\">\n\t\t\t\t<path fill=\"#fff\" d=\"M2 0a2 2 0 0 0-2 2v2h1.5V2a.5.5 0 0 1 .5-.5h2V0H2Zm2 10.5H2a.5.5 0 0 1-.5-.5V8H0v2a2 2 0 0 0 2 2h2v-1.5ZM8 12v-1.5h2a.5.5 0 0 0 .5-.5V8H12v2a2 2 0 0 1-2 2H8Zm2-12a2 2 0 0 1 2 2v2h-1.5V2a.5.5 0 0 0-.5-.5H8V0h2Z\" \/>\n\t\t\t<\/svg>\n\t\t<\/button><\/figure>\n\n\n\n<p class=\"wp-block-paragraph\">\u00c0 l\u2019avenir, cela pourrait devenir int\u00e9ressant. L\u2019incertitude commerciale a de nouveau atteint des sommets aux deuxi\u00e8me et troisi\u00e8me trimestres en raison des conflits g\u00e9opolitiques et des tarifs impos\u00e9s en vertu de l\u2019article 232. Nous suivrons donc de pr\u00e8s l\u2019\u00e9volution des habitudes de d\u00e9penses. Les consommateurs pourraient r\u00e9duire davantage leurs voyages transfrontaliers \u00e0 mesure que l\u2019instabilit\u00e9 s\u2019accentue.<\/p>\n\n\n\n<hr class=\"wp-block-separator has-alpha-channel-opacity is-style-wide wide\" \/>\n\n\n\n<div id=\"everviz-Yn4DUYUHk\" class=\"everviz-Yn4DUYUHk\" data-view=\"graph\"><\/div>\n\n\n\n<hr class=\"wp-block-separator has-alpha-channel-opacity is-style-wide wide\" \/>\n\n\n\n<h4 id=\"h-7-certaines-regions-du-canada-sont-elles-particulierement-inquietes-des-droits-de-douane-actuels-et-nouveaux\" class=\"wp-block-heading has-rbc-bright-blue-color has-text-color has-link-color wp-elements-d82a405180829524d6327a805c1eff86\">7. Certaines r\u00e9gions du Canada sont-elles particuli\u00e8rement inqui\u00e8tes des droits de douane actuels et nouveaux?<\/h4>\n\n\n\n<p class=\"wp-block-paragraph\">Oui. Les secteurs des produits en plastique, des machines \u00e9lectriques, des meubles et des produits du bois sont parmi les plus touch\u00e9s par les nouvelles mesures en vertu de l\u2019article 338. Cela signifie que les r\u00e9percussions se font particuli\u00e8rement sentir au Qu\u00e9bec, en Colombie-Britannique et en Ontario.<\/p>\n\n\n\n<p class=\"wp-block-paragraph\">Pour ces provinces, les nouvelles mesures viennent s\u2019ajouter aux pressions existantes sur des produits comme l\u2019automobile, l\u2019acier et le bois d\u2019\u0153uvre. Elles visent environ 10 % des exportations du Qu\u00e9bec et de la Colombie-Britannique, et environ 8 % des exportations de l\u2019Ontario vers les \u00c9tats-Unis.<sup data-fn=\"40c5fea2-32d2-47d1-8235-73f8102298d6\" class=\"fn\"><a href=\"#40c5fea2-32d2-47d1-8235-73f8102298d6\" id=\"40c5fea2-32d2-47d1-8235-73f8102298d6-link\">1<\/a><\/sup> Elles pourraient <a href=\"https:\/\/www.rbc.com\/fr\/economique\/indications-prospectives\/six-points-a-retenir-quant-aux-dernieres-menaces-tarifaires-des-etats-unis-pour-le-canada-le-pib-a-probablement-encore-augmente-en-mai\/\" data-dig-id=\"LP-Analyseenvedette-Perspectives-7106-98638e03\" data-dig-category=\"LP-Analyseenvedette-Perspectives\" data-dig-action=\"link click\" data-dig-label=\"augmenter substantiellement le taux tarifaire effectif moyen auquel les exportations de ces provinces\" class=\"rbc-link-format\">augmenter substantiellement le taux tarifaire effectif moyen auquel les exportations de ces provinces<\/a> sont soumises \u2013 bien au-dessus de la moyenne nationale d\u2019environ 6 %.<\/p>\n\n\n\n<p class=\"wp-block-paragraph\">S\u2019ils sont maintenus, les droits de douane impos\u00e9s en vertu de l\u2019article 338 pourraient exacerber davantage la divergence de croissance r\u00e9gionale entre les provinces fortement expos\u00e9es et celles moins touch\u00e9es par les mesures am\u00e9ricaines, comme l\u2019Alberta, la Saskatchewan et certaines parties du Canada atlantique.<\/p>\n\n\n\n<p class=\"wp-block-paragraph\">Des difficult\u00e9s pourraient \u00e9galement d\u00e9couler des propres mesures de repr\u00e9sailles mises \u00e0 jour par le Canada le 26 ao\u00fbt.<\/p>\n\n\n\n<p class=\"wp-block-paragraph\">D\u2019apr\u00e8s nos calculs, les droits de douane r\u00e9ciproques canadiens (tels qu\u2019annonc\u00e9s au moment de la r\u00e9daction du pr\u00e9sent rapport) toucheraient une plus grande part des importations de marchandises cibl\u00e9es \u00e0 l\u2019\u00cele-du-Prince-\u00c9douard (78 %), en Saskatchewan (74 %), au Nouveau-Brunswick (70 %) et au Manitoba (65 %), ce qui rendrait probablement plus difficile pour les importateurs de trouver des solutions de rechange \u00e0 moindre co\u00fbt.<\/p>\n\n\n\n<hr class=\"wp-block-separator has-alpha-channel-opacity is-style-wide wide\" \/>\n\n\n\n<div id=\"everviz-ejqEQjOYU\" class=\"everviz-ejqEQjOYU\" data-view=\"graph\"><\/div>\n\n\n\n<hr class=\"wp-block-separator has-alpha-channel-opacity is-style-wide wide\" \/>\n\n\n\n<h4 id=\"h-8-comment-ces-nouveaux-droits-de-douane-ont-ils-eu-une-influence-sur-vos-perspectives-pour-les-etats-unis\" class=\"wp-block-heading has-rbc-bright-blue-color has-text-color has-link-color wp-elements-adbdd9f32a7e626467c7e58f7fd12ef1\">8. Comment ces nouveaux droits de douane ont-ils eu une influence sur vos perspectives pour les \u00c9tats-Unis?<\/h4>\n\n\n\n<p class=\"wp-block-paragraph\">\u00c0 l\u2019instar de notre point de vue sur le Canada, nos perspectives de r\u00e9f\u00e9rence pour les \u00c9tats-Unis, soit une croissance de 2&nbsp;% en 2026 et en 2027 et une l\u00e9g\u00e8re am\u00e9lioration de l\u2019inflation (qui reste toutefois toujours \u00e9lev\u00e9e), demeurent inchang\u00e9es face aux nouveaux d\u00e9veloppements commerciaux.<\/p>\n\n\n\n<p class=\"wp-block-paragraph\">Cependant, tout comme pour le Canada, nos perspectives risquent de changer. Les \u00c9tats-Unis ont b\u00e9n\u00e9fici\u00e9 d\u2019un r\u00e9pit bienvenu \u00e0 la suite de l\u2019annulation des droits de douane impos\u00e9s en vertu de l\u2019IEEPA par la Cour supr\u00eame des \u00c9tats-Unis en f\u00e9vrier. Dans les mois qui ont suivi, la pression exerc\u00e9e sur l\u2019inflation des biens a diminu\u00e9, et les emplois dans les secteurs li\u00e9s au commerce ont commenc\u00e9 \u00e0 se redresser.<\/p>\n\n\n\n<p class=\"wp-block-paragraph\">Ces nouveaux droits de douane menacent ces progr\u00e8s. L\u2019inflation est particuli\u00e8rement probl\u00e9matique, \u00e9tant donn\u00e9 que les pressions sur les prix sont un probl\u00e8me persistant, contrairement au Canada, o\u00f9 l\u2019inflation a \u00e9t\u00e9 mieux contenue. &nbsp;<\/p>\n\n\n\n<hr class=\"wp-block-separator has-alpha-channel-opacity is-style-wide wide\" \/>\n\n\n\n<figure data-wp-context=\"{&quot;imageId&quot;:&quot;6a96ae0633821&quot;}\" data-wp-interactive=\"core\/image\" data-wp-key=\"6a96ae0633821\" class=\"wp-block-image size-full wp-lightbox-container\"><img loading=\"lazy\" decoding=\"async\" width=\"15521\" height=\"8646\" data-wp-class--hide=\"state.isContentHidden\" data-wp-class--show=\"state.isContentVisible\" data-wp-init=\"callbacks.setButtonStyles\" data-wp-on--click=\"actions.showLightbox\" data-wp-on--load=\"callbacks.setButtonStyles\" data-wp-on--pointerdown=\"actions.preloadImage\" data-wp-on--pointerenter=\"actions.preloadImageWithDelay\" data-wp-on--pointerleave=\"actions.cancelPreload\" data-wp-on-window--resize=\"callbacks.setButtonStyles\" src=\"https:\/\/www.rbc.com\/fr\/economique\/wp-content\/uploads\/sites\/24\/2026\/08\/fr-Tariff-policies-are-driving-trade-exposed-U.S.-hiring.png\" alt=\"\" class=\"wp-image-7114\" srcset=\"https:\/\/www.rbc.com\/fr\/economique\/wp-content\/uploads\/sites\/24\/2026\/08\/fr-Tariff-policies-are-driving-trade-exposed-U.S.-hiring.png 15521w, https:\/\/www.rbc.com\/fr\/economique\/wp-content\/uploads\/sites\/24\/2026\/08\/fr-Tariff-policies-are-driving-trade-exposed-U.S.-hiring.png?resize=300,167 300w, https:\/\/www.rbc.com\/fr\/economique\/wp-content\/uploads\/sites\/24\/2026\/08\/fr-Tariff-policies-are-driving-trade-exposed-U.S.-hiring.png?resize=768,428 768w, https:\/\/www.rbc.com\/fr\/economique\/wp-content\/uploads\/sites\/24\/2026\/08\/fr-Tariff-policies-are-driving-trade-exposed-U.S.-hiring.png?resize=1024,570 1024w, https:\/\/www.rbc.com\/fr\/economique\/wp-content\/uploads\/sites\/24\/2026\/08\/fr-Tariff-policies-are-driving-trade-exposed-U.S.-hiring.png?resize=1536,856 1536w, https:\/\/www.rbc.com\/fr\/economique\/wp-content\/uploads\/sites\/24\/2026\/08\/fr-Tariff-policies-are-driving-trade-exposed-U.S.-hiring.png?resize=2048,1141 2048w\" sizes=\"auto, (max-width: 15521px) 100vw, 15521px\" \/><button\n\t\t\tclass=\"lightbox-trigger\"\n\t\t\ttype=\"button\"\n\t\t\taria-haspopup=\"dialog\"\n\t\t\tdata-wp-bind--aria-label=\"state.thisImage.triggerButtonAriaLabel\"\n\t\t\tdata-wp-init=\"callbacks.initTriggerButton\"\n\t\t\tdata-wp-on--click=\"actions.showLightbox\"\n\t\t\tdata-wp-style--right=\"state.thisImage.buttonRight\"\n\t\t\tdata-wp-style--top=\"state.thisImage.buttonTop\"\n\t\t>\n\t\t\t<svg xmlns=\"http:\/\/www.w3.org\/2000\/svg\" width=\"12\" height=\"12\" fill=\"none\" viewBox=\"0 0 12 12\">\n\t\t\t\t<path fill=\"#fff\" d=\"M2 0a2 2 0 0 0-2 2v2h1.5V2a.5.5 0 0 1 .5-.5h2V0H2Zm2 10.5H2a.5.5 0 0 1-.5-.5V8H0v2a2 2 0 0 0 2 2h2v-1.5ZM8 12v-1.5h2a.5.5 0 0 0 .5-.5V8H12v2a2 2 0 0 1-2 2H8Zm2-12a2 2 0 0 1 2 2v2h-1.5V2a.5.5 0 0 0-.5-.5H8V0h2Z\" \/>\n\t\t\t<\/svg>\n\t\t<\/button><\/figure>\n\n\n\n<hr class=\"wp-block-separator has-alpha-channel-opacity is-style-wide wide\" \/>\n\n\n\n<h4 id=\"h-9-quels-sont-les-etats-americains-les-plus-exposes-aux-nouveaux-droits-de-douane\" class=\"wp-block-heading has-rbc-bright-blue-color has-text-color has-link-color wp-elements-e5d9011c6439c869c07e166af4414a10\">9. Quels sont les \u00c9tats am\u00e9ricains les plus expos\u00e9s aux nouveaux droits de douane?<\/h4>\n\n\n\n<p class=\"wp-block-paragraph\">Les droits de douane impos\u00e9s par les \u00c9tats-Unis et le Canada ont une incidence consid\u00e9rable sur les \u00c9tats situ\u00e9s le long de la fronti\u00e8re nord des \u00c9tats-Unis. Le Montana, le Dakota du Nord, le Maine et le Vermont semblent particuli\u00e8rement expos\u00e9s, compte tenu de la proximit\u00e9 g\u00e9ographique et de la diversit\u00e9 des secteurs cibl\u00e9s par les deux c\u00f4t\u00e9s. Chacun de ces \u00c9tats r\u00e9alise la majorit\u00e9 de ses \u00e9changes commerciaux avec le Canada (c.\u2011\u00e0\u2011d. plus de 50 % de l\u2019ensemble de ses importations et de ses exportations).<\/p>\n\n\n\n<hr class=\"wp-block-separator has-alpha-channel-opacity is-style-wide wide\" \/>\n\n\n\n<figure data-wp-context=\"{&quot;imageId&quot;:&quot;6a96ae0634389&quot;}\" data-wp-interactive=\"core\/image\" data-wp-key=\"6a96ae0634389\" class=\"wp-block-image size-full wp-lightbox-container\"><img loading=\"lazy\" decoding=\"async\" width=\"3025\" height=\"2075\" data-wp-class--hide=\"state.isContentHidden\" data-wp-class--show=\"state.isContentVisible\" data-wp-init=\"callbacks.setButtonStyles\" data-wp-on--click=\"actions.showLightbox\" data-wp-on--load=\"callbacks.setButtonStyles\" data-wp-on--pointerdown=\"actions.preloadImage\" data-wp-on--pointerenter=\"actions.preloadImageWithDelay\" data-wp-on--pointerleave=\"actions.cancelPreload\" data-wp-on-window--resize=\"callbacks.setButtonStyles\" src=\"https:\/\/www.rbc.com\/fr\/economique\/wp-content\/uploads\/sites\/24\/2026\/08\/candabystate-FR.png\" alt=\"\" class=\"wp-image-7116\" srcset=\"https:\/\/www.rbc.com\/fr\/economique\/wp-content\/uploads\/sites\/24\/2026\/08\/candabystate-FR.png 3025w, https:\/\/www.rbc.com\/fr\/economique\/wp-content\/uploads\/sites\/24\/2026\/08\/candabystate-FR.png?resize=300,206 300w, https:\/\/www.rbc.com\/fr\/economique\/wp-content\/uploads\/sites\/24\/2026\/08\/candabystate-FR.png?resize=768,527 768w, https:\/\/www.rbc.com\/fr\/economique\/wp-content\/uploads\/sites\/24\/2026\/08\/candabystate-FR.png?resize=1024,702 1024w, https:\/\/www.rbc.com\/fr\/economique\/wp-content\/uploads\/sites\/24\/2026\/08\/candabystate-FR.png?resize=1536,1054 1536w, https:\/\/www.rbc.com\/fr\/economique\/wp-content\/uploads\/sites\/24\/2026\/08\/candabystate-FR.png?resize=2048,1405 2048w\" sizes=\"auto, (max-width: 3025px) 100vw, 3025px\" \/><button\n\t\t\tclass=\"lightbox-trigger\"\n\t\t\ttype=\"button\"\n\t\t\taria-haspopup=\"dialog\"\n\t\t\tdata-wp-bind--aria-label=\"state.thisImage.triggerButtonAriaLabel\"\n\t\t\tdata-wp-init=\"callbacks.initTriggerButton\"\n\t\t\tdata-wp-on--click=\"actions.showLightbox\"\n\t\t\tdata-wp-style--right=\"state.thisImage.buttonRight\"\n\t\t\tdata-wp-style--top=\"state.thisImage.buttonTop\"\n\t\t>\n\t\t\t<svg xmlns=\"http:\/\/www.w3.org\/2000\/svg\" width=\"12\" height=\"12\" fill=\"none\" viewBox=\"0 0 12 12\">\n\t\t\t\t<path fill=\"#fff\" d=\"M2 0a2 2 0 0 0-2 2v2h1.5V2a.5.5 0 0 1 .5-.5h2V0H2Zm2 10.5H2a.5.5 0 0 1-.5-.5V8H0v2a2 2 0 0 0 2 2h2v-1.5ZM8 12v-1.5h2a.5.5 0 0 0 .5-.5V8H12v2a2 2 0 0 1-2 2H8Zm2-12a2 2 0 0 1 2 2v2h-1.5V2a.5.5 0 0 0-.5-.5H8V0h2Z\" \/>\n\t\t\t<\/svg>\n\t\t<\/button><\/figure>\n\n\n\n<hr class=\"wp-block-separator has-alpha-channel-opacity is-style-wide wide\" \/>\n<\/div>\n<\/section>\n\n\n<ol class=\"wp-block-footnotes\"><li id=\"40c5fea2-32d2-47d1-8235-73f8102298d6\">\u00c0 l\u2019exclusion des marchandises figurant \u00e9galement dans la liste en vertu de l\u2019article\u00a0232, au niveau\u00a0HS6, bas\u00e9 sur les \u00e9changes commerciaux de 2025.\u00a0 <a href=\"#40c5fea2-32d2-47d1-8235-73f8102298d6-link\" aria-label=\"Jump to footnote reference 1\">\u21a9\ufe0e<\/a><\/li><\/ol>","protected":false},"excerpt":{"rendered":"","protected":false},"author":318,"featured_media":1360,"comment_status":"open","ping_status":"open","sticky":false,"template":"","format":"standard","meta":{"_acf_changed":false,"advgb_blocks_editor_width":"","advgb_blocks_columns_visual_guide":"","editor_notices":[],"footnotes":"[{\"id\":\"40c5fea2-32d2-47d1-8235-73f8102298d6\",\"content\":\"\\u00c0 l\\u2019exclusion des marchandises figurant \\u00e9galement dans la liste en vertu de l\\u2019article\\u00a0232, au niveau\\u00a0HS6, bas\\u00e9 sur les \\u00e9changes commerciaux de 2025.\\u00a0\"}]","jetpack_post_was_ever_published":false},"categories":[77,71,79],"tags":[],"rbc_econ_content_type":[],"class_list":["post-7106","post","type-post","status-publish","format-standard","has-post-thumbnail","hentry","category-analyse-en-vedette","category-analyse-pour-le-canada","category-perspectives"],"acf":[],"yoast_head":"<!-- This site is optimized with the Yoast SEO Premium plugin v28.2 (Yoast SEO v28.2) - https:\/\/yoast.com\/product\/yoast-seo-premium-wordpress\/ -->\n<title>Nouveaux d\u00e9veloppements dans la guerre commerciale entre les \u00c9tats-Unis et le Canada : les r\u00e9percussions sur les deux \u00e9conomies - RBC Economique<\/title>\n<meta name=\"robots\" content=\"index, follow, max-snippet:-1, max-image-preview:large, max-video-preview:-1\" \/>\n<link rel=\"canonical\" href=\"https:\/\/www.rbc.com\/fr\/economique\/analyse-pour-le-canada\/analyse-en-vedette\/perspectives\/nouveaux-developpements-dans-la-guerre-commerciale-entre-les-etats-unis-et-le-canada-les-repercussions-sur-les-deux-economies\/\" \/>\n<meta property=\"og:locale\" content=\"fr_FR\" \/>\n<meta property=\"og:type\" content=\"article\" \/>\n<meta property=\"og:title\" content=\"Nouveaux d\u00e9veloppements dans la guerre commerciale entre les \u00c9tats-Unis et le Canada : les r\u00e9percussions sur les deux \u00e9conomies\" \/>\n<meta property=\"og:url\" content=\"https:\/\/www.rbc.com\/fr\/economique\/analyse-pour-le-canada\/analyse-en-vedette\/perspectives\/nouveaux-developpements-dans-la-guerre-commerciale-entre-les-etats-unis-et-le-canada-les-repercussions-sur-les-deux-economies\/\" \/>\n<meta property=\"og:site_name\" content=\"RBC Economique\" \/>\n<meta property=\"article:published_time\" content=\"2026-08-27T20:53:49+00:00\" \/>\n<meta property=\"article:modified_time\" content=\"2026-08-31T21:11:25+00:00\" \/>\n<meta name=\"author\" content=\"viktoriyapanahova\" \/>\n<meta name=\"twitter:card\" content=\"summary_large_image\" \/>\n<meta name=\"twitter:image\" content=\"https:\/\/www.rbc.com\/fr\/economique\/wp-content\/uploads\/sites\/24\/\/2025\/06\/Generic-Compressed.png\" \/>\n<meta name=\"twitter:label1\" content=\"Written by\" \/>\n\t<meta name=\"twitter:data1\" content=\"viktoriyapanahova\" \/>\n\t<meta name=\"twitter:label2\" content=\"Est. reading time\" \/>\n\t<meta name=\"twitter:data2\" content=\"13 minutes\" \/>\n<script type=\"application\/ld+json\" class=\"yoast-schema-graph\">{\"@context\":\"https:\\\/\\\/schema.org\",\"@graph\":[{\"@type\":\"Article\",\"@id\":\"https:\\\/\\\/www.rbc.com\\\/fr\\\/economique\\\/analyse-pour-le-canada\\\/analyse-en-vedette\\\/perspectives\\\/nouveaux-developpements-dans-la-guerre-commerciale-entre-les-etats-unis-et-le-canada-les-repercussions-sur-les-deux-economies\\\/#article\",\"isPartOf\":{\"@id\":\"https:\\\/\\\/www.rbc.com\\\/fr\\\/economique\\\/analyse-pour-le-canada\\\/analyse-en-vedette\\\/perspectives\\\/nouveaux-developpements-dans-la-guerre-commerciale-entre-les-etats-unis-et-le-canada-les-repercussions-sur-les-deux-economies\\\/\"},\"author\":{\"name\":\"viktoriyapanahova\",\"@id\":\"https:\\\/\\\/www.rbc.com\\\/fr\\\/economique\\\/#\\\/schema\\\/person\\\/109dd1bd3c90e818f8159356d46905ea\"},\"headline\":\"Nouveaux d\u00e9veloppements dans la guerre commerciale entre les \u00c9tats-Unis et le Canada : les r\u00e9percussions sur les deux \u00e9conomies\",\"datePublished\":\"2026-08-27T20:53:49+00:00\",\"dateModified\":\"2026-08-31T21:11:25+00:00\",\"mainEntityOfPage\":{\"@id\":\"https:\\\/\\\/www.rbc.com\\\/fr\\\/economique\\\/analyse-pour-le-canada\\\/analyse-en-vedette\\\/perspectives\\\/nouveaux-developpements-dans-la-guerre-commerciale-entre-les-etats-unis-et-le-canada-les-repercussions-sur-les-deux-economies\\\/\"},\"wordCount\":2591,\"commentCount\":0,\"image\":{\"@id\":\"https:\\\/\\\/www.rbc.com\\\/fr\\\/economique\\\/analyse-pour-le-canada\\\/analyse-en-vedette\\\/perspectives\\\/nouveaux-developpements-dans-la-guerre-commerciale-entre-les-etats-unis-et-le-canada-les-repercussions-sur-les-deux-economies\\\/#primaryimage\"},\"thumbnailUrl\":\"https:\\\/\\\/www.rbc.com\\\/fr\\\/economique\\\/wp-content\\\/uploads\\\/sites\\\/24\\\/\\\/2025\\\/06\\\/Generic-Compressed.png\",\"articleSection\":[\"Analyse en vedette\",\"Analyse pour le Canada\",\"Perspectives\"],\"inLanguage\":\"fr-FR\",\"potentialAction\":[{\"@type\":\"CommentAction\",\"name\":\"Comment\",\"target\":[\"https:\\\/\\\/www.rbc.com\\\/fr\\\/economique\\\/analyse-pour-le-canada\\\/analyse-en-vedette\\\/perspectives\\\/nouveaux-developpements-dans-la-guerre-commerciale-entre-les-etats-unis-et-le-canada-les-repercussions-sur-les-deux-economies\\\/#respond\"]}]},{\"@type\":\"WebPage\",\"@id\":\"https:\\\/\\\/www.rbc.com\\\/fr\\\/economique\\\/analyse-pour-le-canada\\\/analyse-en-vedette\\\/perspectives\\\/nouveaux-developpements-dans-la-guerre-commerciale-entre-les-etats-unis-et-le-canada-les-repercussions-sur-les-deux-economies\\\/\",\"url\":\"https:\\\/\\\/www.rbc.com\\\/fr\\\/economique\\\/analyse-pour-le-canada\\\/analyse-en-vedette\\\/perspectives\\\/nouveaux-developpements-dans-la-guerre-commerciale-entre-les-etats-unis-et-le-canada-les-repercussions-sur-les-deux-economies\\\/\",\"name\":\"Nouveaux d\u00e9veloppements dans la guerre commerciale entre les \u00c9tats-Unis et le Canada : les r\u00e9percussions sur les deux \u00e9conomies - RBC Economique\",\"isPartOf\":{\"@id\":\"https:\\\/\\\/www.rbc.com\\\/fr\\\/economique\\\/#website\"},\"primaryImageOfPage\":{\"@id\":\"https:\\\/\\\/www.rbc.com\\\/fr\\\/economique\\\/analyse-pour-le-canada\\\/analyse-en-vedette\\\/perspectives\\\/nouveaux-developpements-dans-la-guerre-commerciale-entre-les-etats-unis-et-le-canada-les-repercussions-sur-les-deux-economies\\\/#primaryimage\"},\"image\":{\"@id\":\"https:\\\/\\\/www.rbc.com\\\/fr\\\/economique\\\/analyse-pour-le-canada\\\/analyse-en-vedette\\\/perspectives\\\/nouveaux-developpements-dans-la-guerre-commerciale-entre-les-etats-unis-et-le-canada-les-repercussions-sur-les-deux-economies\\\/#primaryimage\"},\"thumbnailUrl\":\"https:\\\/\\\/www.rbc.com\\\/fr\\\/economique\\\/wp-content\\\/uploads\\\/sites\\\/24\\\/\\\/2025\\\/06\\\/Generic-Compressed.png\",\"datePublished\":\"2026-08-27T20:53:49+00:00\",\"dateModified\":\"2026-08-31T21:11:25+00:00\",\"author\":{\"@id\":\"https:\\\/\\\/www.rbc.com\\\/fr\\\/economique\\\/#\\\/schema\\\/person\\\/109dd1bd3c90e818f8159356d46905ea\"},\"breadcrumb\":{\"@id\":\"https:\\\/\\\/www.rbc.com\\\/fr\\\/economique\\\/analyse-pour-le-canada\\\/analyse-en-vedette\\\/perspectives\\\/nouveaux-developpements-dans-la-guerre-commerciale-entre-les-etats-unis-et-le-canada-les-repercussions-sur-les-deux-economies\\\/#breadcrumb\"},\"inLanguage\":\"fr-FR\",\"potentialAction\":[{\"@type\":\"ReadAction\",\"target\":[\"https:\\\/\\\/www.rbc.com\\\/fr\\\/economique\\\/analyse-pour-le-canada\\\/analyse-en-vedette\\\/perspectives\\\/nouveaux-developpements-dans-la-guerre-commerciale-entre-les-etats-unis-et-le-canada-les-repercussions-sur-les-deux-economies\\\/\"]}]},{\"@type\":\"ImageObject\",\"inLanguage\":\"fr-FR\",\"@id\":\"https:\\\/\\\/www.rbc.com\\\/fr\\\/economique\\\/analyse-pour-le-canada\\\/analyse-en-vedette\\\/perspectives\\\/nouveaux-developpements-dans-la-guerre-commerciale-entre-les-etats-unis-et-le-canada-les-repercussions-sur-les-deux-economies\\\/#primaryimage\",\"url\":\"https:\\\/\\\/www.rbc.com\\\/fr\\\/economique\\\/wp-content\\\/uploads\\\/sites\\\/24\\\/\\\/2025\\\/06\\\/Generic-Compressed.png\",\"contentUrl\":\"https:\\\/\\\/www.rbc.com\\\/fr\\\/economique\\\/wp-content\\\/uploads\\\/sites\\\/24\\\/\\\/2025\\\/06\\\/Generic-Compressed.png\",\"width\":6134,\"height\":3700,\"caption\":\"RBC Economics\"},{\"@type\":\"BreadcrumbList\",\"@id\":\"https:\\\/\\\/www.rbc.com\\\/fr\\\/economique\\\/analyse-pour-le-canada\\\/analyse-en-vedette\\\/perspectives\\\/nouveaux-developpements-dans-la-guerre-commerciale-entre-les-etats-unis-et-le-canada-les-repercussions-sur-les-deux-economies\\\/#breadcrumb\",\"itemListElement\":[{\"@type\":\"ListItem\",\"position\":1,\"name\":\"Home\",\"item\":\"https:\\\/\\\/www.rbc.com\\\/fr\\\/economique\\\/\"},{\"@type\":\"ListItem\",\"position\":2,\"name\":\"Nouveaux d\u00e9veloppements dans la guerre commerciale entre les \u00c9tats-Unis et le Canada : les r\u00e9percussions sur les deux \u00e9conomies\"}]},{\"@type\":\"WebSite\",\"@id\":\"https:\\\/\\\/www.rbc.com\\\/fr\\\/economique\\\/#website\",\"url\":\"https:\\\/\\\/www.rbc.com\\\/fr\\\/economique\\\/\",\"name\":\"RBC Economique\",\"description\":\"\",\"potentialAction\":[{\"@type\":\"SearchAction\",\"target\":{\"@type\":\"EntryPoint\",\"urlTemplate\":\"https:\\\/\\\/www.rbc.com\\\/fr\\\/economique\\\/?s={search_term_string}\"},\"query-input\":{\"@type\":\"PropertyValueSpecification\",\"valueRequired\":true,\"valueName\":\"search_term_string\"}}],\"inLanguage\":\"fr-FR\"},{\"@type\":\"Person\",\"@id\":\"https:\\\/\\\/www.rbc.com\\\/fr\\\/economique\\\/#\\\/schema\\\/person\\\/109dd1bd3c90e818f8159356d46905ea\",\"name\":\"viktoriyapanahova\",\"image\":{\"@type\":\"ImageObject\",\"inLanguage\":\"fr-FR\",\"@id\":\"https:\\\/\\\/secure.gravatar.com\\\/avatar\\\/885bcff339d33080f070ec9cbe77fcf3007653305ae17de7827e19af43e61913?s=96&d=mm&r=g\",\"url\":\"https:\\\/\\\/secure.gravatar.com\\\/avatar\\\/885bcff339d33080f070ec9cbe77fcf3007653305ae17de7827e19af43e61913?s=96&d=mm&r=g\",\"contentUrl\":\"https:\\\/\\\/secure.gravatar.com\\\/avatar\\\/885bcff339d33080f070ec9cbe77fcf3007653305ae17de7827e19af43e61913?s=96&d=mm&r=g\",\"caption\":\"viktoriyapanahova\"},\"url\":\"https:\\\/\\\/www.rbc.com\\\/fr\\\/economique\\\/author\\\/viktoriyapanahova\\\/\"}]}<\/script>\n<!-- \/ Yoast SEO Premium plugin. -->","yoast_head_json":{"title":"Nouveaux d\u00e9veloppements dans la guerre commerciale entre les \u00c9tats-Unis et le Canada : les r\u00e9percussions sur les deux \u00e9conomies - RBC Economique","robots":{"index":"index","follow":"follow","max-snippet":"max-snippet:-1","max-image-preview":"max-image-preview:large","max-video-preview":"max-video-preview:-1"},"canonical":"https:\/\/www.rbc.com\/fr\/economique\/analyse-pour-le-canada\/analyse-en-vedette\/perspectives\/nouveaux-developpements-dans-la-guerre-commerciale-entre-les-etats-unis-et-le-canada-les-repercussions-sur-les-deux-economies\/","og_locale":"fr_FR","og_type":"article","og_title":"Nouveaux d\u00e9veloppements dans la guerre commerciale entre les \u00c9tats-Unis et le Canada : les r\u00e9percussions sur les deux \u00e9conomies","og_url":"https:\/\/www.rbc.com\/fr\/economique\/analyse-pour-le-canada\/analyse-en-vedette\/perspectives\/nouveaux-developpements-dans-la-guerre-commerciale-entre-les-etats-unis-et-le-canada-les-repercussions-sur-les-deux-economies\/","og_site_name":"RBC Economique","article_published_time":"2026-08-27T20:53:49+00:00","article_modified_time":"2026-08-31T21:11:25+00:00","author":"viktoriyapanahova","twitter_card":"summary_large_image","twitter_image":"https:\/\/www.rbc.com\/fr\/economique\/wp-content\/uploads\/sites\/24\/\/2025\/06\/Generic-Compressed.png","twitter_misc":{"Written by":"viktoriyapanahova","Est. reading time":"13 minutes"},"schema":{"@context":"https:\/\/schema.org","@graph":[{"@type":"Article","@id":"https:\/\/www.rbc.com\/fr\/economique\/analyse-pour-le-canada\/analyse-en-vedette\/perspectives\/nouveaux-developpements-dans-la-guerre-commerciale-entre-les-etats-unis-et-le-canada-les-repercussions-sur-les-deux-economies\/#article","isPartOf":{"@id":"https:\/\/www.rbc.com\/fr\/economique\/analyse-pour-le-canada\/analyse-en-vedette\/perspectives\/nouveaux-developpements-dans-la-guerre-commerciale-entre-les-etats-unis-et-le-canada-les-repercussions-sur-les-deux-economies\/"},"author":{"name":"viktoriyapanahova","@id":"https:\/\/www.rbc.com\/fr\/economique\/#\/schema\/person\/109dd1bd3c90e818f8159356d46905ea"},"headline":"Nouveaux d\u00e9veloppements dans la guerre commerciale entre les \u00c9tats-Unis et le Canada : les r\u00e9percussions sur les deux \u00e9conomies","datePublished":"2026-08-27T20:53:49+00:00","dateModified":"2026-08-31T21:11:25+00:00","mainEntityOfPage":{"@id":"https:\/\/www.rbc.com\/fr\/economique\/analyse-pour-le-canada\/analyse-en-vedette\/perspectives\/nouveaux-developpements-dans-la-guerre-commerciale-entre-les-etats-unis-et-le-canada-les-repercussions-sur-les-deux-economies\/"},"wordCount":2591,"commentCount":0,"image":{"@id":"https:\/\/www.rbc.com\/fr\/economique\/analyse-pour-le-canada\/analyse-en-vedette\/perspectives\/nouveaux-developpements-dans-la-guerre-commerciale-entre-les-etats-unis-et-le-canada-les-repercussions-sur-les-deux-economies\/#primaryimage"},"thumbnailUrl":"https:\/\/www.rbc.com\/fr\/economique\/wp-content\/uploads\/sites\/24\/\/2025\/06\/Generic-Compressed.png","articleSection":["Analyse en vedette","Analyse pour le Canada","Perspectives"],"inLanguage":"fr-FR","potentialAction":[{"@type":"CommentAction","name":"Comment","target":["https:\/\/www.rbc.com\/fr\/economique\/analyse-pour-le-canada\/analyse-en-vedette\/perspectives\/nouveaux-developpements-dans-la-guerre-commerciale-entre-les-etats-unis-et-le-canada-les-repercussions-sur-les-deux-economies\/#respond"]}]},{"@type":"WebPage","@id":"https:\/\/www.rbc.com\/fr\/economique\/analyse-pour-le-canada\/analyse-en-vedette\/perspectives\/nouveaux-developpements-dans-la-guerre-commerciale-entre-les-etats-unis-et-le-canada-les-repercussions-sur-les-deux-economies\/","url":"https:\/\/www.rbc.com\/fr\/economique\/analyse-pour-le-canada\/analyse-en-vedette\/perspectives\/nouveaux-developpements-dans-la-guerre-commerciale-entre-les-etats-unis-et-le-canada-les-repercussions-sur-les-deux-economies\/","name":"Nouveaux d\u00e9veloppements dans la guerre commerciale entre les \u00c9tats-Unis et le Canada : les r\u00e9percussions sur les deux \u00e9conomies - RBC Economique","isPartOf":{"@id":"https:\/\/www.rbc.com\/fr\/economique\/#website"},"primaryImageOfPage":{"@id":"https:\/\/www.rbc.com\/fr\/economique\/analyse-pour-le-canada\/analyse-en-vedette\/perspectives\/nouveaux-developpements-dans-la-guerre-commerciale-entre-les-etats-unis-et-le-canada-les-repercussions-sur-les-deux-economies\/#primaryimage"},"image":{"@id":"https:\/\/www.rbc.com\/fr\/economique\/analyse-pour-le-canada\/analyse-en-vedette\/perspectives\/nouveaux-developpements-dans-la-guerre-commerciale-entre-les-etats-unis-et-le-canada-les-repercussions-sur-les-deux-economies\/#primaryimage"},"thumbnailUrl":"https:\/\/www.rbc.com\/fr\/economique\/wp-content\/uploads\/sites\/24\/\/2025\/06\/Generic-Compressed.png","datePublished":"2026-08-27T20:53:49+00:00","dateModified":"2026-08-31T21:11:25+00:00","author":{"@id":"https:\/\/www.rbc.com\/fr\/economique\/#\/schema\/person\/109dd1bd3c90e818f8159356d46905ea"},"breadcrumb":{"@id":"https:\/\/www.rbc.com\/fr\/economique\/analyse-pour-le-canada\/analyse-en-vedette\/perspectives\/nouveaux-developpements-dans-la-guerre-commerciale-entre-les-etats-unis-et-le-canada-les-repercussions-sur-les-deux-economies\/#breadcrumb"},"inLanguage":"fr-FR","potentialAction":[{"@type":"ReadAction","target":["https:\/\/www.rbc.com\/fr\/economique\/analyse-pour-le-canada\/analyse-en-vedette\/perspectives\/nouveaux-developpements-dans-la-guerre-commerciale-entre-les-etats-unis-et-le-canada-les-repercussions-sur-les-deux-economies\/"]}]},{"@type":"ImageObject","inLanguage":"fr-FR","@id":"https:\/\/www.rbc.com\/fr\/economique\/analyse-pour-le-canada\/analyse-en-vedette\/perspectives\/nouveaux-developpements-dans-la-guerre-commerciale-entre-les-etats-unis-et-le-canada-les-repercussions-sur-les-deux-economies\/#primaryimage","url":"https:\/\/www.rbc.com\/fr\/economique\/wp-content\/uploads\/sites\/24\/\/2025\/06\/Generic-Compressed.png","contentUrl":"https:\/\/www.rbc.com\/fr\/economique\/wp-content\/uploads\/sites\/24\/\/2025\/06\/Generic-Compressed.png","width":6134,"height":3700,"caption":"RBC Economics"},{"@type":"BreadcrumbList","@id":"https:\/\/www.rbc.com\/fr\/economique\/analyse-pour-le-canada\/analyse-en-vedette\/perspectives\/nouveaux-developpements-dans-la-guerre-commerciale-entre-les-etats-unis-et-le-canada-les-repercussions-sur-les-deux-economies\/#breadcrumb","itemListElement":[{"@type":"ListItem","position":1,"name":"Home","item":"https:\/\/www.rbc.com\/fr\/economique\/"},{"@type":"ListItem","position":2,"name":"Nouveaux d\u00e9veloppements dans la guerre commerciale entre les \u00c9tats-Unis et le Canada : les r\u00e9percussions sur les deux \u00e9conomies"}]},{"@type":"WebSite","@id":"https:\/\/www.rbc.com\/fr\/economique\/#website","url":"https:\/\/www.rbc.com\/fr\/economique\/","name":"RBC Economique","description":"","potentialAction":[{"@type":"SearchAction","target":{"@type":"EntryPoint","urlTemplate":"https:\/\/www.rbc.com\/fr\/economique\/?s={search_term_string}"},"query-input":{"@type":"PropertyValueSpecification","valueRequired":true,"valueName":"search_term_string"}}],"inLanguage":"fr-FR"},{"@type":"Person","@id":"https:\/\/www.rbc.com\/fr\/economique\/#\/schema\/person\/109dd1bd3c90e818f8159356d46905ea","name":"viktoriyapanahova","image":{"@type":"ImageObject","inLanguage":"fr-FR","@id":"https:\/\/secure.gravatar.com\/avatar\/885bcff339d33080f070ec9cbe77fcf3007653305ae17de7827e19af43e61913?s=96&d=mm&r=g","url":"https:\/\/secure.gravatar.com\/avatar\/885bcff339d33080f070ec9cbe77fcf3007653305ae17de7827e19af43e61913?s=96&d=mm&r=g","contentUrl":"https:\/\/secure.gravatar.com\/avatar\/885bcff339d33080f070ec9cbe77fcf3007653305ae17de7827e19af43e61913?s=96&d=mm&r=g","caption":"viktoriyapanahova"},"url":"https:\/\/www.rbc.com\/fr\/economique\/author\/viktoriyapanahova\/"}]}},"author_meta":{"display_name":"viktoriyapanahova","author_link":"https:\/\/www.rbc.com\/fr\/economique\/author\/viktoriyapanahova\/"},"featured_img":"https:\/\/www.rbc.com\/fr\/economique\/wp-content\/uploads\/sites\/24\/\/2025\/06\/Generic-Compressed.png?quality=80&w=300","coauthors":[],"tax_additional":{"categories":{"linked":["<a href=\"https:\/\/www.rbc.com\/fr\/economique\/category\/analyse-pour-le-canada\/analyse-en-vedette\/\" class=\"advgb-post-tax-term\">Analyse en vedette<\/a>","<a href=\"https:\/\/www.rbc.com\/fr\/economique\/category\/analyse-pour-le-canada\/\" class=\"advgb-post-tax-term\">Analyse pour le Canada<\/a>","<a href=\"https:\/\/www.rbc.com\/fr\/economique\/category\/analyse-pour-le-canada\/analyse-en-vedette\/perspectives\/\" class=\"advgb-post-tax-term\">Perspectives<\/a>"],"unlinked":["<span class=\"advgb-post-tax-term\">Analyse en vedette<\/span>","<span class=\"advgb-post-tax-term\">Analyse pour le Canada<\/span>","<span class=\"advgb-post-tax-term\">Perspectives<\/span>"]}},"comment_count":"0","relative_dates":{"created":"Publi\u00e9 5 jours il y a","modified":"Mis \u00e0 jour 14 heures il y a"},"absolute_dates":{"created":"Publi\u00e9 le 27 ao\u00fbt 2026","modified":"Mise \u00e0 jour le 31 ao\u00fbt 2026"},"absolute_dates_time":{"created":"Publi\u00e9 le 27 ao\u00fbt 2026 8:53  ","modified":"Mise \u00e0 jour le 31 ao\u00fbt 2026 9:11  "},"featured_img_caption":"RBC Economics","series_order":"","jetpack_featured_media_url":"https:\/\/www.rbc.com\/fr\/economique\/wp-content\/uploads\/sites\/24\/\/2025\/06\/Generic-Compressed.png","_links":{"self":[{"href":"https:\/\/www.rbc.com\/fr\/economique\/wp-json\/wp\/v2\/posts\/7106","targetHints":{"allow":["GET"]}}],"collection":[{"href":"https:\/\/www.rbc.com\/fr\/economique\/wp-json\/wp\/v2\/posts"}],"about":[{"href":"https:\/\/www.rbc.com\/fr\/economique\/wp-json\/wp\/v2\/types\/post"}],"author":[{"embeddable":true,"href":"https:\/\/www.rbc.com\/fr\/economique\/wp-json\/wp\/v2\/users\/318"}],"replies":[{"embeddable":true,"href":"https:\/\/www.rbc.com\/fr\/economique\/wp-json\/wp\/v2\/comments?post=7106"}],"version-history":[{"count":8,"href":"https:\/\/www.rbc.com\/fr\/economique\/wp-json\/wp\/v2\/posts\/7106\/revisions"}],"predecessor-version":[{"id":7126,"href":"https:\/\/www.rbc.com\/fr\/economique\/wp-json\/wp\/v2\/posts\/7106\/revisions\/7126"}],"wp:featuredmedia":[{"embeddable":true,"href":"https:\/\/www.rbc.com\/fr\/economique\/wp-json\/wp\/v2\/media\/1360"}],"wp:attachment":[{"href":"https:\/\/www.rbc.com\/fr\/economique\/wp-json\/wp\/v2\/media?parent=7106"}],"wp:term":[{"taxonomy":"category","embeddable":true,"href":"https:\/\/www.rbc.com\/fr\/economique\/wp-json\/wp\/v2\/categories?post=7106"},{"taxonomy":"post_tag","embeddable":true,"href":"https:\/\/www.rbc.com\/fr\/economique\/wp-json\/wp\/v2\/tags?post=7106"},{"taxonomy":"rbc_econ_content_type","embeddable":true,"href":"https:\/\/www.rbc.com\/fr\/economique\/wp-json\/wp\/v2\/rbc_econ_content_type?post=7106"}],"curies":[{"name":"wp","href":"https:\/\/api.w.org\/{rel}","templated":true}]}}