{"id":7040,"date":"2026-08-26T15:17:28","date_gmt":"2026-08-26T15:17:28","guid":{"rendered":"https:\/\/www.rbc.com\/fr\/economique\/?p=7040"},"modified":"2026-08-31T15:24:39","modified_gmt":"2026-08-31T15:24:39","slug":"linflation-des-produits-alimentaires-au-canada-six-questions-cles-sur-la-hausse-des-prix","status":"publish","type":"post","link":"https:\/\/www.rbc.com\/fr\/economique\/analyse-pour-le-canada\/analyse-en-vedette\/perspectives\/linflation-des-produits-alimentaires-au-canada-six-questions-cles-sur-la-hausse-des-prix\/","title":{"rendered":"L\u2019inflation des produits alimentaires au Canada : Six questions cl\u00e9s sur la hausse des prix"},"content":{"rendered":"\n<section class=\"wp-block-rbc-section-block  pos-rel\" style=\"border-radius:0px\">\n<div class=\"wp-block-rbc-section-inner-block  section-inner\" style=\"border-radius:0x\">\n<p class=\"wp-block-paragraph\">Le co\u00fbt des produits alimentaires pr\u00e9occupe tout le monde. L\u2019augmentation des factures d\u2019\u00e9picerie p\u00e8se sur le budget des m\u00e9nages et pousse de nombreux Canadiens \u00e0 prendre des d\u00e9cisions difficiles sur la fa\u00e7on dont ils d\u00e9pensent leur argent et sur leurs postes budg\u00e9taires.<\/p>\n\n\n\n<p class=\"wp-block-paragraph\">En outre, il ne s\u2019agit pas d\u2019un probl\u00e8me nouveau. Nous observons une hausse du prix des produits alimentaires depuis plus de cinq&nbsp;ans, et il y a peu de signes de soulagement \u00e0 court terme, surtout \u00e0 cause de la poursuite du conflit au Moyen-Orient et de l\u2019\u00e9volution des politiques commerciales.<\/p>\n\n\n\n<p class=\"wp-block-paragraph\">M\u00eame si le co\u00fbt \u00e9lev\u00e9 des produits alimentaires n\u2019est pas un ph\u00e9nom\u00e8ne uniquement canadien, il est au c\u0153ur de l\u2019exp\u00e9rience \u00e9conomique au Canada.<\/p>\n\n\n\n<p class=\"wp-block-paragraph\">Voici les principales questions que l\u2019on nous a pos\u00e9es sur ce contexte difficile et nos r\u00e9ponses.<\/p>\n\n\n\n<h4 id=\"h-1-qu-est-ce-qui-fait-grimper-le-prix-des-produits-alimentaires\" class=\"wp-block-heading has-rbc-bright-blue-color has-text-color has-link-color wp-elements-a572f044535118f1078bb193e6820235\">1. Qu\u2019est-ce qui fait grimper le prix des produits alimentaires?<\/h4>\n\n\n\n<p class=\"wp-block-paragraph\">L\u2019inflation du prix des produits alimentaires a \u00e9t\u00e9 un probl\u00e8me persistant pour les Canadiens ces derni\u00e8res ann\u00e9es, mais les facteurs ont vari\u00e9 au fil du temps.<\/p>\n\n\n\n<p class=\"wp-block-paragraph\">La plus forte flamb\u00e9e r\u00e9cente s\u2019est produite entre 2021 et 2023, lorsque l\u2019inflation des produits d\u2019\u00e9picerie a atteint un nouveau sommet depuis le d\u00e9but des ann\u00e9es 1980, les prix ayant augment\u00e9 de 11&nbsp;% sur 12&nbsp;mois \u00e0 la fin de 2022.<\/p>\n\n\n\n<hr class=\"wp-block-separator has-alpha-channel-opacity is-style-wide wide\" \/>\n\n\n\n<div id=\"everviz-5iPL9aDml\" class=\"everviz-5iPL9aDml\" data-view=\"graph\"><\/div>\n\n\n\n<p class=\"wp-block-paragraph\"><a href=\"https:\/\/www.rbc.com\/fr\/economique\/analyse-pour-le-canada\/analyse-en-vedette\/perspectives\/point-cle-linflation-du-cout-des-aliments-ralentira-mais-les-prix-ne-baisseront-pas-pour-autant\/\" target=\"_blank\" data-dig-id=\"LP-Analyseenvedette-Perspectives-7040-cf086dec\" data-dig-category=\"LP-Analyseenvedette-Perspectives\" data-dig-action=\"link click\" data-dig-label=\"Les perturbations li\u00e9es \u00e0 la pand\u00e9mie \" rel=\"noreferrer noopener\" class=\"rbc-link-format\">Les perturbations li\u00e9es \u00e0 la pand\u00e9mie <\/a>et la guerre entre la Russie et l\u2019Ukraine ont fait progresser les co\u00fbts du transport, des mati\u00e8res, de la main-d\u2019\u0153uvre et des intrants cl\u00e9s, comme l\u2019\u00e9nergie et les engrais, sur l\u2019ensemble de la cha\u00eene d\u2019approvisionnement alimentaire.<\/p>\n\n\n\n<p class=\"wp-block-paragraph\">Les entreprises ont r\u00e9percut\u00e9 une partie de la hausse des co\u00fbts sur les consommateurs, qui \u00e9taient soutenus par une croissance vigoureuse des revenus et une \u00e9pargne plus \u00e9lev\u00e9e accumul\u00e9e pendant la pand\u00e9mie.<\/p>\n\n\n\n<p class=\"wp-block-paragraph\">Le prix de presque tous les produits alimentaires a bondi, la facture d\u2019un panier d\u2019\u00e9picerie type progressant de 18&nbsp;% de l\u2019automne&nbsp;2021 au printemps&nbsp;2023. La hausse des prix n\u2019a ralenti \u00e0 environ 2&nbsp;% qu\u2019au d\u00e9but de 2024, une fois les cha\u00eenes d\u2019approvisionnement stabilis\u00e9es.<\/p>\n\n\n\n<p class=\"wp-block-paragraph\">Les prix des produits alimentaires ont grimp\u00e9 au-dessus de l\u2019inflation g\u00e9n\u00e9rale, en partie parce que les produits d\u2019\u00e9picerie sont plus vuln\u00e9rables que de nombreux autres produits de consommation. Ils sont touch\u00e9s \u00e0 presque toutes les \u00e9tapes, de la production des flux des marchandises brutes \u00e0 la transformation, \u00e0 l\u2019emballage et \u00e0 la distribution, ainsi que par la nature p\u00e9rissable des aliments, ce qui les rend plus vuln\u00e9rables aux retards de transport.<\/p>\n\n\n\n<hr class=\"wp-block-separator has-alpha-channel-opacity is-style-wide wide\" \/>\n\n\n\n<figure data-wp-context=\"{&quot;imageId&quot;:&quot;6a95cbab517e0&quot;}\" data-wp-interactive=\"core\/image\" data-wp-key=\"6a95cbab517e0\" class=\"wp-block-image size-full wp-lightbox-container\"><img loading=\"lazy\" decoding=\"async\" width=\"2432\" height=\"1621\" data-wp-class--hide=\"state.isContentHidden\" data-wp-class--show=\"state.isContentVisible\" data-wp-init=\"callbacks.setButtonStyles\" data-wp-on--click=\"actions.showLightbox\" data-wp-on--load=\"callbacks.setButtonStyles\" data-wp-on--pointerdown=\"actions.preloadImage\" data-wp-on--pointerenter=\"actions.preloadImageWithDelay\" data-wp-on--pointerleave=\"actions.cancelPreload\" data-wp-on-window--resize=\"callbacks.setButtonStyles\" src=\"https:\/\/www.rbc.com\/fr\/economique\/wp-content\/uploads\/sites\/24\/2026\/08\/2_Econ-food-price-chart.png\" alt=\"\" class=\"wp-image-7075\" srcset=\"https:\/\/www.rbc.com\/fr\/economique\/wp-content\/uploads\/sites\/24\/2026\/08\/2_Econ-food-price-chart.png 2432w, https:\/\/www.rbc.com\/fr\/economique\/wp-content\/uploads\/sites\/24\/2026\/08\/2_Econ-food-price-chart.png?resize=300,200 300w, https:\/\/www.rbc.com\/fr\/economique\/wp-content\/uploads\/sites\/24\/2026\/08\/2_Econ-food-price-chart.png?resize=768,512 768w, https:\/\/www.rbc.com\/fr\/economique\/wp-content\/uploads\/sites\/24\/2026\/08\/2_Econ-food-price-chart.png?resize=1024,683 1024w, https:\/\/www.rbc.com\/fr\/economique\/wp-content\/uploads\/sites\/24\/2026\/08\/2_Econ-food-price-chart.png?resize=1536,1024 1536w, https:\/\/www.rbc.com\/fr\/economique\/wp-content\/uploads\/sites\/24\/2026\/08\/2_Econ-food-price-chart.png?resize=2048,1365 2048w\" sizes=\"auto, (max-width: 2432px) 100vw, 2432px\" \/><button\n\t\t\tclass=\"lightbox-trigger\"\n\t\t\ttype=\"button\"\n\t\t\taria-haspopup=\"dialog\"\n\t\t\tdata-wp-bind--aria-label=\"state.thisImage.triggerButtonAriaLabel\"\n\t\t\tdata-wp-init=\"callbacks.initTriggerButton\"\n\t\t\tdata-wp-on--click=\"actions.showLightbox\"\n\t\t\tdata-wp-style--right=\"state.thisImage.buttonRight\"\n\t\t\tdata-wp-style--top=\"state.thisImage.buttonTop\"\n\t\t>\n\t\t\t<svg xmlns=\"http:\/\/www.w3.org\/2000\/svg\" width=\"12\" height=\"12\" fill=\"none\" viewBox=\"0 0 12 12\">\n\t\t\t\t<path fill=\"#fff\" d=\"M2 0a2 2 0 0 0-2 2v2h1.5V2a.5.5 0 0 1 .5-.5h2V0H2Zm2 10.5H2a.5.5 0 0 1-.5-.5V8H0v2a2 2 0 0 0 2 2h2v-1.5ZM8 12v-1.5h2a.5.5 0 0 0 .5-.5V8H12v2a2 2 0 0 1-2 2H8Zm2-12a2 2 0 0 1 2 2v2h-1.5V2a.5.5 0 0 0-.5-.5H8V0h2Z\" \/>\n\t\t\t<\/svg>\n\t\t<\/button><\/figure>\n\n\n\n<hr class=\"wp-block-separator has-alpha-channel-opacity is-style-wide wide\" \/>\n\n\n\n<p class=\"wp-block-paragraph\">Une deuxi\u00e8me vague de pressions sur les prix des produits alimentaires a \u00e9merg\u00e9 \u00e0 la fin de 2024, aliment\u00e9e par un ensemble plus restreint de facteurs. Trois d\u2019entre eux se d\u00e9marquent particuli\u00e8rement&nbsp;:<\/p>\n\n\n\n<ol class=\"wp-block-rbc-list\">\n<li class=\"wp-block-rbc-list-item\">\n<p class=\"wp-block-paragraph\"><strong>La hausse des prix de la viande<\/strong>. Les prix ont augment\u00e9 de 9&nbsp;% depuis la fin de 2024 et de plus de 40&nbsp;% par rapport \u00e0 d\u00e9cembre&nbsp;2019, en date de juillet&nbsp;2026. Les s\u00e9cheresses et la hausse des co\u00fbts de l\u2019alimentation animale ont contribu\u00e9 \u00e0 la baisse du cheptel au cours des derni\u00e8res ann\u00e9es, ce qui a restreint l\u2019offre et fait grimper les prix. La viande repr\u00e9sente environ 11&nbsp;% du panier d\u2019alimentation, de sorte que les hausses de prix ont un effet d\u00e9mesur\u00e9 sur l\u2019inflation de l\u2019\u00e9picerie.<\/p>\n<\/li>\n\n\n\n<li class=\"wp-block-rbc-list-item\">\n<p class=\"wp-block-paragraph\"><strong>La hausse des prix des aliments import\u00e9s. <\/strong>La hausse des co\u00fbts des produits alimentaires import\u00e9s, en particulier des aliments transform\u00e9s, a \u00e9galement \u00e9t\u00e9 un facteur essentiel de la croissance des prix des aliments jusqu\u2019en 2025, selon la <a href=\"https:\/\/www.banqueducanada.ca\/2026\/02\/article-sparks-et-bank-2026-3\/?\" target=\"_blank\" data-dig-id=\"LP-Analyseenvedette-Perspectives-7040-cf086dec\" data-dig-category=\"LP-Analyseenvedette-Perspectives\" data-dig-action=\"link click\" data-dig-label=\"Banque du Canada\" rel=\"noreferrer noopener\" class=\"rbc-link-format\">Banque du Canada<\/a>. Cette situation s\u2019explique par la combinaison de la d\u00e9pr\u00e9ciation du dollar canadien et des hausses des prix des produits import\u00e9s, comme le caf\u00e9, \u00e0 cause des difficult\u00e9s li\u00e9es aux conditions m\u00e9t\u00e9orologiques, et par l\u2019incidence des droits de douane am\u00e9ricains sur l\u2019offre.<\/p>\n<\/li>\n\n\n\n<li class=\"wp-block-rbc-list-item\">\n<p class=\"wp-block-paragraph\"><strong>Les tarifs de repr\u00e9sailles. <\/strong>Les tarifs de repr\u00e9sailles du Canada sur certaines importations alimentaires en provenance des \u00c9tats-Unis entre mars et septembre&nbsp;2025 ont temporairement fait grimper les prix des produits alimentaires, mais ces pressions se sont att\u00e9nu\u00e9es avec une <a href=\"https:\/\/www.pricinglab.org\/files\/Canada_Tariffs_Cavallo_Kostyshyna_Kryvtsov_Vieyra.pdf\" target=\"_blank\" rel=\"noreferrer noopener\" data-dig-id=\"LP-Analyseenvedette-Perspectives-7040-cf086dec\" data-dig-label=\"baisse relativement rapide des prix\" data-dig-action=\"link click\" data-dig-category=\"LP-Analyseenvedette-Perspectives\" class=\"rbc-link-format\">baisse relativement rapide des prix<\/a> (Cet article est disponible uniquement en anglais) apr\u00e8s l\u2019\u00e9limination des mesures.<\/p>\n<\/li>\n<\/ol>\n\n\n\n<hr class=\"wp-block-separator has-alpha-channel-opacity is-style-wide wide\" \/>\n\n\n\n<figure data-wp-context=\"{&quot;imageId&quot;:&quot;6a95cbab69af0&quot;}\" data-wp-interactive=\"core\/image\" data-wp-key=\"6a95cbab69af0\" class=\"wp-block-image size-full wp-lightbox-container\"><img loading=\"lazy\" decoding=\"async\" width=\"1877\" height=\"1211\" data-wp-class--hide=\"state.isContentHidden\" data-wp-class--show=\"state.isContentVisible\" data-wp-init=\"callbacks.setButtonStyles\" data-wp-on--click=\"actions.showLightbox\" data-wp-on--load=\"callbacks.setButtonStyles\" data-wp-on--pointerdown=\"actions.preloadImage\" data-wp-on--pointerenter=\"actions.preloadImageWithDelay\" data-wp-on--pointerleave=\"actions.cancelPreload\" data-wp-on-window--resize=\"callbacks.setButtonStyles\" src=\"https:\/\/www.rbc.com\/fr\/economique\/wp-content\/uploads\/sites\/24\/2026\/08\/Econ-food-price-chart-1.png\" alt=\"\" class=\"wp-image-7076\" srcset=\"https:\/\/www.rbc.com\/fr\/economique\/wp-content\/uploads\/sites\/24\/2026\/08\/Econ-food-price-chart-1.png 1877w, https:\/\/www.rbc.com\/fr\/economique\/wp-content\/uploads\/sites\/24\/2026\/08\/Econ-food-price-chart-1.png?resize=300,194 300w, https:\/\/www.rbc.com\/fr\/economique\/wp-content\/uploads\/sites\/24\/2026\/08\/Econ-food-price-chart-1.png?resize=768,495 768w, https:\/\/www.rbc.com\/fr\/economique\/wp-content\/uploads\/sites\/24\/2026\/08\/Econ-food-price-chart-1.png?resize=1024,661 1024w, https:\/\/www.rbc.com\/fr\/economique\/wp-content\/uploads\/sites\/24\/2026\/08\/Econ-food-price-chart-1.png?resize=1536,991 1536w\" sizes=\"auto, (max-width: 1877px) 100vw, 1877px\" \/><button\n\t\t\tclass=\"lightbox-trigger\"\n\t\t\ttype=\"button\"\n\t\t\taria-haspopup=\"dialog\"\n\t\t\tdata-wp-bind--aria-label=\"state.thisImage.triggerButtonAriaLabel\"\n\t\t\tdata-wp-init=\"callbacks.initTriggerButton\"\n\t\t\tdata-wp-on--click=\"actions.showLightbox\"\n\t\t\tdata-wp-style--right=\"state.thisImage.buttonRight\"\n\t\t\tdata-wp-style--top=\"state.thisImage.buttonTop\"\n\t\t>\n\t\t\t<svg xmlns=\"http:\/\/www.w3.org\/2000\/svg\" width=\"12\" height=\"12\" fill=\"none\" viewBox=\"0 0 12 12\">\n\t\t\t\t<path fill=\"#fff\" d=\"M2 0a2 2 0 0 0-2 2v2h1.5V2a.5.5 0 0 1 .5-.5h2V0H2Zm2 10.5H2a.5.5 0 0 1-.5-.5V8H0v2a2 2 0 0 0 2 2h2v-1.5ZM8 12v-1.5h2a.5.5 0 0 0 .5-.5V8H12v2a2 2 0 0 1-2 2H8Zm2-12a2 2 0 0 1 2 2v2h-1.5V2a.5.5 0 0 0-.5-.5H8V0h2Z\" \/>\n\t\t\t<\/svg>\n\t\t<\/button><\/figure>\n\n\n\n<hr class=\"wp-block-separator has-alpha-channel-opacity is-style-wide wide\" \/>\n\n\n\n<h4 id=\"h-2-comment-l-inflation-des-prix-des-produits-alimentaires-au-canada-se-compare-t-elle-a-celle-des-autres-pays\" class=\"wp-block-heading has-rbc-bright-blue-color has-text-color has-link-color wp-elements-208c8748593397741bbbe7e9ad2bad4c\">2. Comment l\u2019inflation des prix des produits alimentaires au Canada se compare-t-elle \u00e0 celle des autres pays?<\/h4>\n\n\n\n<p class=\"wp-block-paragraph\">Les Canadiens ne sont pas les seuls \u00e0 avoir connu une forte inflation du prix des produits alimentaires depuis la pand\u00e9mie \u2013 elle a eu lieu partout dans le monde \u00e0 cause de la nature mondiale des chocs sur les cha\u00eenes d\u2019approvisionnement.<\/p>\n\n\n\n<p class=\"wp-block-paragraph\">L\u2019indice nominal des prix des produits alimentaires des Nations Unies a progress\u00e9 de <a href=\"https:\/\/www.fao.org\/worldfoodsituation\/foodpricesindex\/fr?\" target=\"_blank\" data-dig-id=\"LP-Analyseenvedette-Perspectives-7040-cf086dec\" data-dig-category=\"LP-Analyseenvedette-Perspectives\" data-dig-action=\"link click\" data-dig-label=\"plus de 30\u00a0% \" rel=\"noreferrer noopener\" class=\"rbc-link-format\">plus de 30&nbsp;% <\/a>depuis la fin de&nbsp;2019.<\/p>\n\n\n\n<p class=\"wp-block-paragraph\">De m\u00eame, parmi les pays comparables, les co\u00fbts des produits alimentaires ont augment\u00e9 de 33&nbsp;% en moyenne dans l\u2019ensemble des pays du G7 pendant la m\u00eame p\u00e9riode, l\u2019Allemagne et le Royaume-Uni ayant enregistr\u00e9 les plus fortes hausses (+38&nbsp;%). Le Canada se situe \u00e0 peu pr\u00e8s au milieu du classement.<\/p>\n\n\n\n<hr class=\"wp-block-separator has-alpha-channel-opacity is-style-wide wide\" \/>\n\n\n\n<div id=\"everviz-jSZb7gaVt\" class=\"everviz-jSZb7gaVt\" data-view=\"graph\"><\/div>\n\n\n\n<hr class=\"wp-block-separator has-alpha-channel-opacity is-style-wide wide\" \/>\n\n\n\n<h4 id=\"h-3-l-inflation-de-l-epicerie-est-elle-plus-grave-dans-differentes-regions-du-canada\" class=\"wp-block-heading has-rbc-bright-blue-color has-text-color has-link-color wp-elements-f2af8b1b18d53eed09ed4d2b29414c94\">3. L\u2019inflation de l\u2019\u00e9picerie est-elle plus grave dans diff\u00e9rentes r\u00e9gions du Canada?<\/h4>\n\n\n\n<p class=\"wp-block-paragraph\">Pas vraiment. La hausse des prix de l\u2019\u00e9picerie a \u00e9t\u00e9 un d\u00e9fi de m\u00eame ampleur dans toutes les provinces.<\/p>\n\n\n\n<p class=\"wp-block-paragraph\">Premi\u00e8rement, cela s\u2019explique par&nbsp;: des prix de l\u2019\u00e9picerie locaux fa\u00e7onn\u00e9s par bon nombre des m\u00eames facteurs mondiaux et nationaux. Et deuxi\u00e8mement&nbsp;: Les grands fournisseurs et distributeurs nationaux ainsi que les grands d\u00e9taillants exercent leurs activit\u00e9s dans plusieurs r\u00e9gions, ce qui signifie que les changements dans leurs co\u00fbts et leurs prix peuvent se refl\u00e9ter dans les prix de l\u2019\u00e9picerie de l\u2019ensemble des r\u00e9gions \u00e0 peu pr\u00e8s de la m\u00eame fa\u00e7on.<\/p>\n\n\n\n<p class=\"wp-block-paragraph\">Il existe une certaine variation des prix \u00e0 cause des co\u00fbts de transport locaux, de la r\u00e9glementation provinciale ou d\u2019autres facteurs r\u00e9gionaux, mais la structure de la cha\u00eene d\u2019approvisionnement alimentaire canadienne a tendance \u00e0 maintenir l\u2019inflation de l\u2019\u00e9picerie \u00e0 un niveau similaire d\u2019un oc\u00e9an \u00e0 l\u2019autre.<\/p>\n\n\n\n<hr class=\"wp-block-separator has-alpha-channel-opacity is-style-wide wide\" \/>\n\n\n\n<div id=\"everviz-bkev7toNO\" class=\"everviz-bkev7toNO\" data-view=\"graph\"><\/div>\n\n\n\n<hr class=\"wp-block-separator has-alpha-channel-opacity is-style-wide wide\" \/>\n\n\n\n<h4 id=\"h-4-quelle-est-l-incidence-du-conflit-au-moyen-orient-sur-les-prix-des-produits-alimentaires-au-canada\" class=\"wp-block-heading has-rbc-bright-blue-color has-text-color has-link-color wp-elements-91304f52b4f624a87d2546ba147d63d0\">4. Quelle est l\u2019incidence du conflit au Moyen-Orient sur les prix des produits alimentaires au Canada?<\/h4>\n\n\n\n<p class=\"wp-block-paragraph\">Les fermetures du d\u00e9troit d\u2019Ormuz ont fait craindre que la hausse des prix de l\u2019\u00e9nergie et des engrais ne d\u00e9clenche une autre flamb\u00e9e de l\u2019inflation des produits alimentaires.<\/p>\n\n\n\n<p class=\"wp-block-paragraph\">Jusqu\u2019ici, l\u2019incidence directe au Canada semble limit\u00e9e. La hausse des prix du carburant a fait grimper les co\u00fbts de production et de transport, mais l\u2019inflation des produits d\u2019\u00e9picerie a diminu\u00e9 depuis l\u2019\u00e9clatement du conflit \u00e0 la fin de f\u00e9vrier.<\/p>\n\n\n\n<hr class=\"wp-block-separator has-alpha-channel-opacity is-style-wide wide\" \/>\n\n\n\n<div id=\"everviz-l0V-k0DiU\" class=\"everviz-l0V-k0DiU\" data-view=\"graph\"><\/div>\n\n\n\n<hr class=\"wp-block-separator has-alpha-channel-opacity is-style-wide wide\" \/>\n\n\n\n<p class=\"wp-block-paragraph\">N\u00e9anmoins, une escalade prolong\u00e9e des prix du carburant et des engrais pourrait finir par se r\u00e9percuter sur les prix \u00e0 la consommation. Ces chocs se r\u00e9percutant habituellement sur la cha\u00eene d\u2019approvisionnement alimentaire avec un certain d\u00e9calage, il faut de six \u00e0 neuf mois pour qu\u2019ils se refl\u00e8tent enti\u00e8rement dans les prix de l\u2019\u00e9picerie, selon la BdC.<\/p>\n\n\n\n<div class=\"wp-block-rbc-rbc-default-collapsible\"><p><button class=\"collapse-toggle collapsed\" data-target=\"#collapsee6853407\" data-toggle=\"collapse\" aria-expanded=\"false\" aria-controls=\"collapsee6853407\" data-dig-id=\"LP-Analyseenvedette-Perspectives-7040-e6853407\" data-dig-category=\"LP-Analyseenvedette-Perspectives\" data-dig-action=\"accordion closed\" action-closed=\"accordion closed\" action-opened=\"accordion open\" data-dig-label=\"La hausse des co\u00fbts de production des produits alimentaires ne se traduit pas toujours par une hausse des prix des produits alimentaires\"><div>La hausse des co\u00fbts de production des produits alimentaires ne se traduit pas toujours par une hausse des prix des produits alimentaires<\/div><\/button><\/p><div class=\"collapse-content collapse\" id=\"collapsee6853407\">\n<div class=\"wp-block-rbc-collapsible-inner-block collapse-inner\">\n<div class=\"wp-block-columns pad-t-hlf mob-pad-t-hlf pad-b-hlf mob-pad-b-hlf pad-l-hlf mob-pad-l-hlf pad-r-hlf mob-pad-r-hlf has-rbc-bright-blue-tint-4-background-color has-background is-layout-flex wp-container-core-columns-is-layout-c94bf079 wp-block-columns-is-layout-flex\" style=\"border-style:none;border-width:0px;border-radius:5px\">\n<div class=\"wp-block-column pad-b-hlf mob-pad-b-hlf pad-t-hlf mob-pad-t-hlf is-layout-flow wp-block-column-is-layout-flow\" style=\"flex-basis:98%\">\n<p class=\"mar-b-hlf mob-mar-b-qtr wp-block-paragraph\" id=\"Intro\">Les prix des produits alimentaires sont fa\u00e7onn\u00e9s par l\u2019offre et la demande. La question de savoir si la hausse des co\u00fbts de production sera r\u00e9percut\u00e9e sur les consommateurs d\u00e9pend de facteurs comme les conditions concurrentielles, la demande des consommateurs et le pouvoir de fixation des prix des entreprises.<\/p>\n\n\n\n<p class=\"wp-block-paragraph\">De nombreux producteurs suivent les prix des autres \u00e0 l\u2019\u00e9chelle mondiale et ont un pouvoir de fixation des prix limit\u00e9, de sorte qu\u2019il est difficile de r\u00e9percuter enti\u00e8rement la hausse des co\u00fbts sur les distributeurs, les d\u00e9taillants ou les consommateurs. \u00c0 chaque maillon de la cha\u00eene d\u2019approvisionnement, la concurrence exerce des pressions sur les vendeurs pour qu\u2019ils absorbent une partie ou la totalit\u00e9 des augmentations de co\u00fbts, ce qui comprime les marges b\u00e9n\u00e9ficiaires ou ce qui les pousse \u00e0 faire des \u00e9conomies sur d\u2019autres co\u00fbts.<\/p>\n\n\n\n<p class=\"wp-block-paragraph\">La r\u00e9sistance des consommateurs peut prendre diverses formes, y compris la r\u00e9duction des achats ainsi que le passage \u00e0 des produits, des marques et des magasins alternatifs. Lorsque les m\u00e9nages r\u00e9sistent \u00e0 la hausse des prix, les producteurs et les d\u00e9taillants sont confront\u00e9s \u00e0 de plus grandes contraintes en mati\u00e8re de prix.<\/p>\n\n\n\n<p class=\"mar-b-hlf mob-mar-b-qtr wp-block-paragraph\" id=\"Intro\">Ainsi, m\u00eame si les co\u00fbts dans l\u2019ensemble de la cha\u00eene d\u2019approvisionnement alimentaire peuvent augmenter, l\u2019incidence finale sur les factures d\u2019\u00e9picerie des m\u00e9nages pourrait ne pas \u00eatre une r\u00e9percussion de type \u00ab&nbsp;un pour un&nbsp;\u00bb.<\/p>\n<\/div>\n<\/div>\n<\/div>\n<\/div><\/div>\n\n\n\n<h4 id=\"h-5-quelle-est-la-trajectoire-des-prix-de-l-epicerie\" class=\"wp-block-heading has-rbc-bright-blue-color has-text-color has-link-color wp-elements-443e42e4146b78ee8052691e290957e5\">5. Quelle est la trajectoire des prix de l\u2019\u00e9picerie?<\/h4>\n\n\n\n<p class=\"wp-block-paragraph\">Nous nous attendons \u00e0 ce que les prix de l\u2019\u00e9picerie au Canada continuent d\u2019augmenter \u00e0 un rythme qui d\u00e9passera probablement l\u2019inflation globale, car les pressions existantes se feront sentir dans toute la cha\u00eene d\u2019approvisionnement \u00e0 court terme.<\/p>\n\n\n\n<p class=\"wp-block-paragraph\">Les pressions sur les prix de la viande devraient persister. Les troupeaux de bovins ont montr\u00e9 des <a href=\"https:\/\/www150.statcan.gc.ca\/n1\/daily-quotidien\/260824\/dq260824b-fra.htm\" target=\"_blank\" data-dig-id=\"LP-Analyseenvedette-Perspectives-7040-cf086dec\" data-dig-category=\"LP-Analyseenvedette-Perspectives\" data-dig-action=\"link click\" rel=\"noreferrer noopener\" class=\"rbc-link-format\">signes de reprise en&nbsp;2026<\/a>, mais la reconstitution de l\u2019offre prend plusieurs ann\u00e9es, ce qui continue de limiter la disponibilit\u00e9. Une d\u00e9pr\u00e9ciation du dollar canadien rend \u00e9galement les importations plus ch\u00e8res.<\/p>\n\n\n\n<p class=\"wp-block-paragraph\">Les prix de certains produits alimentaires pourraient baisser en fonction des conditions de culture ou d\u2019autres facteurs. Cependant, nous pr\u00e9voyons peu de rel\u00e2chement de la pression sur d\u2019autres composantes de la cha\u00eene d\u2019approvisionnement alimentaire, comme la transformation, la main-d\u2019\u0153uvre, l\u2019emballage, les marges de gros et de d\u00e9tail et le transport. Ces co\u00fbts repr\u00e9sentent jusqu\u2019\u00e0 <a href=\"https:\/\/www.rbc.com\/fr\/economique\/analyse-pour-le-canada\/analyse-en-vedette\/perspectives\/point-cle-linflation-du-cout-des-aliments-ralentira-mais-les-prix-ne-baisseront-pas-pour-autant\/\" target=\"_blank\" data-dig-id=\"LP-Analyseenvedette-Perspectives-7040-cf086dec\" data-dig-category=\"LP-Analyseenvedette-Perspectives\" data-dig-action=\"link click\" rel=\"noreferrer noopener\" class=\"rbc-link-format\">90&nbsp;% du co\u00fbt des produits alimentaires pour les consommateurs<\/a> et sont souvent persistants.<\/p>\n\n\n\n<figure data-wp-context=\"{&quot;imageId&quot;:&quot;6a95cbab9a789&quot;}\" data-wp-interactive=\"core\/image\" data-wp-key=\"6a95cbab9a789\" class=\"wp-block-image size-full mob-pad-b-dbl wp-lightbox-container\"><img loading=\"lazy\" decoding=\"async\" width=\"2084\" height=\"1155\" data-wp-class--hide=\"state.isContentHidden\" data-wp-class--show=\"state.isContentVisible\" data-wp-init=\"callbacks.setButtonStyles\" data-wp-on--click=\"actions.showLightbox\" data-wp-on--load=\"callbacks.setButtonStyles\" data-wp-on--pointerdown=\"actions.preloadImage\" data-wp-on--pointerenter=\"actions.preloadImageWithDelay\" data-wp-on--pointerleave=\"actions.cancelPreload\" data-wp-on-window--resize=\"callbacks.setButtonStyles\" src=\"https:\/\/www.rbc.com\/fr\/economique\/wp-content\/uploads\/sites\/24\/2026\/08\/inf-22.png\" alt=\"\" class=\"wp-image-7078\" srcset=\"https:\/\/www.rbc.com\/fr\/economique\/wp-content\/uploads\/sites\/24\/2026\/08\/inf-22.png 2084w, https:\/\/www.rbc.com\/fr\/economique\/wp-content\/uploads\/sites\/24\/2026\/08\/inf-22.png?resize=300,166 300w, https:\/\/www.rbc.com\/fr\/economique\/wp-content\/uploads\/sites\/24\/2026\/08\/inf-22.png?resize=768,426 768w, https:\/\/www.rbc.com\/fr\/economique\/wp-content\/uploads\/sites\/24\/2026\/08\/inf-22.png?resize=1024,568 1024w, https:\/\/www.rbc.com\/fr\/economique\/wp-content\/uploads\/sites\/24\/2026\/08\/inf-22.png?resize=1536,851 1536w, https:\/\/www.rbc.com\/fr\/economique\/wp-content\/uploads\/sites\/24\/2026\/08\/inf-22.png?resize=2048,1135 2048w\" sizes=\"auto, (max-width: 2084px) 100vw, 2084px\" \/><button\n\t\t\tclass=\"lightbox-trigger\"\n\t\t\ttype=\"button\"\n\t\t\taria-haspopup=\"dialog\"\n\t\t\tdata-wp-bind--aria-label=\"state.thisImage.triggerButtonAriaLabel\"\n\t\t\tdata-wp-init=\"callbacks.initTriggerButton\"\n\t\t\tdata-wp-on--click=\"actions.showLightbox\"\n\t\t\tdata-wp-style--right=\"state.thisImage.buttonRight\"\n\t\t\tdata-wp-style--top=\"state.thisImage.buttonTop\"\n\t\t>\n\t\t\t<svg xmlns=\"http:\/\/www.w3.org\/2000\/svg\" width=\"12\" height=\"12\" fill=\"none\" viewBox=\"0 0 12 12\">\n\t\t\t\t<path fill=\"#fff\" d=\"M2 0a2 2 0 0 0-2 2v2h1.5V2a.5.5 0 0 1 .5-.5h2V0H2Zm2 10.5H2a.5.5 0 0 1-.5-.5V8H0v2a2 2 0 0 0 2 2h2v-1.5ZM8 12v-1.5h2a.5.5 0 0 0 .5-.5V8H12v2a2 2 0 0 1-2 2H8Zm2-12a2 2 0 0 1 2 2v2h-1.5V2a.5.5 0 0 0-.5-.5H8V0h2Z\" \/>\n\t\t\t<\/svg>\n\t\t<\/button><\/figure>\n\n\n\n<hr class=\"wp-block-separator has-text-color has-white-color has-alpha-channel-opacity has-white-background-color has-background is-style-wide wide\" \/>\n\n\n\n<p class=\"wp-block-paragraph\">Selon nos perspectives, l\u2019inflation de l\u2019\u00e9picerie se rapprochera davantage de l\u2019inflation globale l\u2019an prochain, mais cela repose sur l\u2019hypoth\u00e8se que les prix des principaux intrants, comme le p\u00e9trole, adoptent une trajectoire \u00e0 la baisse, qu\u2019il n\u2019y ait pas de perturbations importantes de la cha\u00eene d\u2019approvisionnement li\u00e9es aux \u00e9changes commerciaux et que les difficult\u00e9s d\u2019approvisionnement actuelles propres \u00e0 un secteur continuent de s\u2019att\u00e9nuer.<\/p>\n\n\n\n<p class=\"wp-block-paragraph\">\u00c0 long terme, plusieurs risques cl\u00e9s pourraient maintenir le co\u00fbt des produits alimentaires \u00e0 un niveau \u00e9lev\u00e9&nbsp;:<\/p>\n\n\n\n<ul class=\"wp-block-rbc-list is-style-chevron-list\">\n<li class=\"wp-block-rbc-list-item\">\n<p class=\"wp-block-paragraph\"><strong>Perturbations li\u00e9es au climat&nbsp;:<\/strong> Les s\u00e9cheresses, les feux de for\u00eat, les inondations et d\u2019autres ph\u00e9nom\u00e8nes m\u00e9t\u00e9orologiques extr\u00eames deviennent une source de pression de plus en plus persistante sur la cha\u00eene alimentaire mondiale, ce qui contribue \u00e0 la hausse des co\u00fbts et \u00e0 la baisse des rendements.<\/p>\n<\/li>\n\n\n\n<li class=\"wp-block-rbc-list-item\">\n<p class=\"wp-block-paragraph\"><strong>Protectionnisme&nbsp;:<\/strong>&nbsp;Le Canada pourrait \u00eatre amen\u00e9 \u00e0 imposer des barri\u00e8res (tarifs douaniers ou quotas) sur les produits alimentaires import\u00e9s, ce qui pourrait exercer plus de pression sur les prix. Fait important, m\u00eame les mesures commerciales protectionnistes \u00e0 l\u2019ext\u00e9rieur du Canada \u2013 aux \u00c9tats-Unis, par exemple \u2013 pourraient avoir une incidence sur les co\u00fbts alimentaires int\u00e9rieurs \u00e0 cause des effets inflationnistes le long des cha\u00eenes d\u2019approvisionnement mondiales ou continentales. Par exemple&nbsp;:<\/p>\n\n\n\n<ul class=\"wp-block-rbc-list\">\n<li class=\"wp-block-rbc-list-item\">\n<p class=\"wp-block-paragraph\">Les mesures de repr\u00e9sailles du Canada en r\u00e9ponse aux tarifs douaniers impos\u00e9s par les \u00c9tats-Unis en vertu de l\u2019article 338 auront une incidence m\u00e9canique sur le co\u00fbt d\u2019importation de certains aliments (en particulier les produits de la mer), m\u00eame si les importateurs canadiens chercheront presque certainement d\u2019autres march\u00e9s pour \u00e9viter les co\u00fbts d\u2019importation.<\/p>\n<\/li>\n\n\n\n<li class=\"wp-block-rbc-list-item\">\n<p class=\"wp-block-paragraph\">Les droits de douane am\u00e9ricains sur les tomates import\u00e9es ont fait grimper les prix des tomates au Canada. Statistique&nbsp;Canada a indiqu\u00e9 que les prix des tomates ont augment\u00e9 de 45&nbsp;% sur 12&nbsp;mois en mai, en partie \u00e0 cause de la r\u00e9duction de la superficie ensemenc\u00e9e <a href=\"https:\/\/www150.statcan.gc.ca\/n1\/daily-quotidien\/260622\/dq260622a-fra.htm\" target=\"_blank\" rel=\"noreferrer noopener\"><\/a><a href=\"https:\/\/www150.statcan.gc.ca\/n1\/daily-quotidien\/260622\/dq260622a-fra.htm\" target=\"_blank\" data-dig-id=\"LP-Analyseenvedette-Perspectives-7040-cf086dec\" data-dig-category=\"LP-Analyseenvedette-Perspectives\" data-dig-action=\"link click\" rel=\"noreferrer noopener\" class=\"rbc-link-format\">au Mexique apr\u00e8s la mise en \u0153uvre des droits de douane am\u00e9ricains.<\/a><\/p>\n<\/li>\n<\/ul>\n<\/li>\n\n\n\n<li class=\"wp-block-rbc-list-item\">\n<p class=\"wp-block-paragraph\"><strong>R\u00e9percussions politiques impr\u00e9vues&nbsp;:&nbsp;<\/strong>Les politiques con\u00e7ues pour r\u00e9pondre aux objectifs en mati\u00e8re d\u2019environnement, de main-d\u2019\u0153uvre et de sant\u00e9, comme les normes d\u2019emballage et de recyclage, et la tarification du carbone, entre autres, pourraient accro\u00eetre involontairement les co\u00fbts de production et de distribution des produits alimentaires.<\/p>\n<\/li>\n<\/ul>\n\n\n\n<h4 id=\"h-6-qui-a-ete-le-plus-touche-par-les-prix-eleves-des-produits-alimentaires\" class=\"wp-block-heading has-rbc-bright-blue-color has-text-color has-link-color wp-elements-741755731ed492c418f3eee4cbfb604f\">6. Qui a \u00e9t\u00e9 le plus touch\u00e9 par les prix \u00e9lev\u00e9s des produits alimentaires?<\/h4>\n\n\n\n<p class=\"wp-block-paragraph\">La hausse des factures d\u2019\u00e9picerie est une source de frustration pour tous les m\u00e9nages canadiens, m\u00eame si l\u2019incidence varie consid\u00e9rablement en fonction du revenu.<\/p>\n\n\n\n<p class=\"wp-block-paragraph\">Pour le m\u00e9nage moyen, la croissance du revenu disponible a g\u00e9n\u00e9ralement surpass\u00e9 l\u2019augmentation des d\u00e9penses alimentaires. Les d\u00e9penses annuelles moyennes en aliments et en boissons non alcoolis\u00e9es sont pass\u00e9es d\u2019un peu moins de 7&nbsp;400&nbsp;$ en 2019 \u00e0 environ 9&nbsp;600&nbsp;$ en 2025, soit environ 180&nbsp;$ de plus par mois. Au cours de la m\u00eame p\u00e9riode, le revenu disponible moyen des m\u00e9nages a augment\u00e9 d\u2019environ 23&nbsp;000&nbsp;$, soit environ 1&nbsp;900&nbsp;$ par mois.<\/p>\n\n\n\n<p class=\"wp-block-paragraph\">Cependant, le co\u00fbt des produits alimentaires repr\u00e9sente un fardeau beaucoup plus lourd pour les m\u00e9nages canadiens \u00e0 revenu plus faible, car les d\u00e9penses en aliments et en boissons non alcoolis\u00e9es repr\u00e9sentent pr\u00e8s du quart de leur revenu<sup data-fn=\"2f684701-e90d-4d16-8931-d144b6620a15\" class=\"fn\"><a href=\"#2f684701-e90d-4d16-8931-d144b6620a15\" id=\"2f684701-e90d-4d16-8931-d144b6620a15-link\">1<\/a><\/sup>. La croissance moyenne du revenu disponible des m\u00e9nages dans le quintile de revenu le plus faible a \u00e9galement \u00e9t\u00e9 plus basse, progressant de 7&nbsp;300&nbsp;$ entre 2019 et 2025.<\/p>\n\n\n\n<hr class=\"wp-block-separator has-alpha-channel-opacity is-style-wide wide\" \/>\n\n\n\n<div id=\"everviz-WZ1BPKTCA\" class=\"everviz-WZ1BPKTCA\" data-view=\"graph\"><\/div>\n\n\n\n<hr class=\"wp-block-separator has-alpha-channel-opacity is-style-wide wide\" \/>\n\n\n\n<p class=\"wp-block-paragraph\">Les co\u00fbts du logement et du transport ayant aussi augment\u00e9 d\u2019environ 30 % en moyenne depuis 2019<sup data-fn=\"e87983e2-0210-4f32-b703-5d9d31f1359b\" class=\"fn\"><a href=\"#e87983e2-0210-4f32-b703-5d9d31f1359b\" id=\"e87983e2-0210-4f32-b703-5d9d31f1359b-link\">2<\/a><\/sup>, les m\u00e9nages \u00e0 faible revenu ont moins de marge de man\u0153uvre pour absorber la hausse du co\u00fbt des produits alimentaires.<\/p>\n\n\n\n<p class=\"wp-block-paragraph\">La hausse des co\u00fbts des produits alimentaires a forc\u00e9 de nombreux m\u00e9nages \u00e0 faire des ajustements difficiles, y compris en modifiant leur alimentation, en choisissant des options moins ch\u00e8res et en achetant aupr\u00e8s de d\u00e9taillants \u00e0 escompte, comme les clubs-entrep\u00f4ts, les supercentres et les magasins \u00e0 un dollar, afin d\u2019optimiser leur budget.<\/p>\n\n\n\n<hr class=\"wp-block-separator has-alpha-channel-opacity is-style-wide wide\" \/>\n\n\n\n<div id=\"everviz-iq2Iw4hd_\" class=\"everviz-iq2Iw4hd_\" data-view=\"graph\"><\/div>\n\n\n\n<hr class=\"wp-block-separator has-alpha-channel-opacity is-style-wide wide\" \/>\n\n\n\n<p class=\"wp-block-paragraph\">Mais pour un nombre croissant de Canadiens, ces ajustements ne sont pas suffisants. Le nombre de visites aux banques alimentaires a augment\u00e9 <a href=\"https:\/\/foodbankscanada.ca\/fr\/la-faim-au-canada\/bilan-faim\/conclusions-generales\/\" target=\"_blank\" rel=\"noreferrer noopener\">de plus de 99&nbsp;%<\/a> entre 2019 et 2025, ce qui t\u00e9moigne en partie de la pression croissante que la hausse des co\u00fbts des produits alimentaires exerce sur les m\u00e9nages vuln\u00e9rables.<\/p>\n\n\n\n<hr class=\"wp-block-separator has-alpha-channel-opacity is-style-wide wide\" \/>\n\n\n\n<p class=\"wp-block-paragraph\"><strong>Salim Zanzana<\/strong><em> est \u00e9conomiste \u00e0 RBC. Il se concentre sur les questions macro\u00e9conomiques \u00e9mergentes, allant des tendances du march\u00e9 du travail aux changements dans la croissance structurelle \u00e0 long terme du Canada et d\u2019autres \u00e9conomies mondiales<\/em><\/p>\n\n\n\n<hr class=\"wp-block-separator has-alpha-channel-opacity is-style-wide wide\" \/>\n\n\n\n<div class=\"wp-block-rbc-rbc-default-collapsible\"><p><button class=\"collapse-toggle collapsed\" data-target=\"#collapse02944beb\" data-toggle=\"collapse\" aria-expanded=\"false\" aria-controls=\"collapse02944beb\" data-dig-id=\"LP-Analyseenvedette-Perspectives-7040-02944beb\" data-dig-category=\"LP-Analyseenvedette-Perspectives\" data-dig-action=\"accordion closed\" action-closed=\"accordion closed\" action-opened=\"accordion open\" data-dig-label=\"Notes de bas de page\"><div>Notes de bas de page<\/div><\/button><\/p><div class=\"collapse-content collapse\" id=\"collapse02944beb\">\n<div class=\"wp-block-rbc-collapsible-inner-block collapse-inner\"><ol class=\"wp-block-footnotes\"><li id=\"2f684701-e90d-4d16-8931-d144b6620a15\">Selon le tableau 36-10-0588-01 de Statistique Canada intitul\u00e9 \u00ab\u00a0Comptes \u00e9conomiques r\u00e9partis pour le secteur des m\u00e9nages\u00a0\u00bb <a href=\"#2f684701-e90d-4d16-8931-d144b6620a15-link\" aria-label=\"Jump to footnote reference 1\">\u21a9\ufe0e<\/a><\/li><li id=\"e87983e2-0210-4f32-b703-5d9d31f1359b\">Hausse des prix de l\u2019IPC pour le logement et le transport entre d\u00e9cembre\u00a02019 et juillet\u00a02026, non d\u00e9saisonnalis\u00e9e.  <a href=\"#e87983e2-0210-4f32-b703-5d9d31f1359b-link\" aria-label=\"Jump to footnote reference 2\">\u21a9\ufe0e<\/a><\/li><\/ol><\/div>\n<\/div><\/div>\n<\/div>\n<\/section>\n","protected":false},"excerpt":{"rendered":"","protected":false},"author":318,"featured_media":1360,"comment_status":"open","ping_status":"open","sticky":false,"template":"","format":"standard","meta":{"_acf_changed":false,"advgb_blocks_editor_width":"","advgb_blocks_columns_visual_guide":"","editor_notices":[],"footnotes":"[{\"id\":\"2f684701-e90d-4d16-8931-d144b6620a15\",\"content\":\"Selon le tableau 36-10-0588-01 de Statistique Canada intitul\\u00e9 \\u00ab\\u00a0Comptes \\u00e9conomiques r\\u00e9partis pour le secteur des m\\u00e9nages\\u00a0\\u00bb\"},{\"id\":\"e87983e2-0210-4f32-b703-5d9d31f1359b\",\"content\":\"Hausse des prix de l\\u2019IPC pour le logement et le transport entre d\\u00e9cembre\\u00a02019 et juillet\\u00a02026, non d\\u00e9saisonnalis\\u00e9e. \"}]","jetpack_post_was_ever_published":false},"categories":[77,71,79],"tags":[88,14,97,95],"rbc_econ_content_type":[],"class_list":["post-7040","post","type-post","status-publish","format-standard","has-post-thumbnail","hentry","category-analyse-en-vedette","category-analyse-pour-le-canada","category-perspectives","tag-canada","tag-economie","tag-inflation","tag-tarifs"],"acf":[],"yoast_head":"<!-- This site is optimized with the Yoast SEO Premium plugin v28.2 (Yoast SEO v28.2) - https:\/\/yoast.com\/product\/yoast-seo-premium-wordpress\/ -->\n<title>L\u2019inflation des produits alimentaires au Canada : Six questions cl\u00e9s sur la hausse des prix - RBC Economique<\/title>\n<meta name=\"robots\" content=\"index, follow, max-snippet:-1, max-image-preview:large, max-video-preview:-1\" \/>\n<link rel=\"canonical\" href=\"https:\/\/www.rbc.com\/fr\/economique\/analyse-pour-le-canada\/analyse-en-vedette\/perspectives\/linflation-des-produits-alimentaires-au-canada-six-questions-cles-sur-la-hausse-des-prix\/\" \/>\n<meta property=\"og:locale\" content=\"fr_FR\" \/>\n<meta property=\"og:type\" content=\"article\" \/>\n<meta property=\"og:title\" content=\"L\u2019inflation des produits alimentaires au Canada : Six questions cl\u00e9s sur la hausse des prix\" \/>\n<meta property=\"og:url\" content=\"https:\/\/www.rbc.com\/fr\/economique\/analyse-pour-le-canada\/analyse-en-vedette\/perspectives\/linflation-des-produits-alimentaires-au-canada-six-questions-cles-sur-la-hausse-des-prix\/\" \/>\n<meta property=\"og:site_name\" content=\"RBC Economique\" \/>\n<meta property=\"article:published_time\" content=\"2026-08-26T15:17:28+00:00\" \/>\n<meta property=\"article:modified_time\" content=\"2026-08-31T15:24:39+00:00\" \/>\n<meta name=\"author\" content=\"viktoriyapanahova\" \/>\n<meta name=\"twitter:card\" content=\"summary_large_image\" \/>\n<meta name=\"twitter:image\" content=\"https:\/\/www.rbc.com\/fr\/economique\/wp-content\/uploads\/sites\/24\/\/2025\/06\/Generic-Compressed.png\" \/>\n<meta name=\"twitter:label1\" content=\"Written by\" \/>\n\t<meta name=\"twitter:data1\" content=\"viktoriyapanahova\" \/>\n\t<meta name=\"twitter:label2\" content=\"Est. reading time\" \/>\n\t<meta name=\"twitter:data2\" content=\"13 minutes\" \/>\n<script type=\"application\/ld+json\" class=\"yoast-schema-graph\">{\"@context\":\"https:\\\/\\\/schema.org\",\"@graph\":[{\"@type\":\"Article\",\"@id\":\"https:\\\/\\\/www.rbc.com\\\/fr\\\/economique\\\/analyse-pour-le-canada\\\/analyse-en-vedette\\\/perspectives\\\/linflation-des-produits-alimentaires-au-canada-six-questions-cles-sur-la-hausse-des-prix\\\/#article\",\"isPartOf\":{\"@id\":\"https:\\\/\\\/www.rbc.com\\\/fr\\\/economique\\\/analyse-pour-le-canada\\\/analyse-en-vedette\\\/perspectives\\\/linflation-des-produits-alimentaires-au-canada-six-questions-cles-sur-la-hausse-des-prix\\\/\"},\"author\":{\"name\":\"viktoriyapanahova\",\"@id\":\"https:\\\/\\\/www.rbc.com\\\/fr\\\/economique\\\/#\\\/schema\\\/person\\\/109dd1bd3c90e818f8159356d46905ea\"},\"headline\":\"L\u2019inflation des produits alimentaires au Canada : Six questions cl\u00e9s sur la hausse des prix\",\"datePublished\":\"2026-08-26T15:17:28+00:00\",\"dateModified\":\"2026-08-31T15:24:39+00:00\",\"mainEntityOfPage\":{\"@id\":\"https:\\\/\\\/www.rbc.com\\\/fr\\\/economique\\\/analyse-pour-le-canada\\\/analyse-en-vedette\\\/perspectives\\\/linflation-des-produits-alimentaires-au-canada-six-questions-cles-sur-la-hausse-des-prix\\\/\"},\"wordCount\":2488,\"commentCount\":0,\"image\":{\"@id\":\"https:\\\/\\\/www.rbc.com\\\/fr\\\/economique\\\/analyse-pour-le-canada\\\/analyse-en-vedette\\\/perspectives\\\/linflation-des-produits-alimentaires-au-canada-six-questions-cles-sur-la-hausse-des-prix\\\/#primaryimage\"},\"thumbnailUrl\":\"https:\\\/\\\/www.rbc.com\\\/fr\\\/economique\\\/wp-content\\\/uploads\\\/sites\\\/24\\\/\\\/2025\\\/06\\\/Generic-Compressed.png\",\"keywords\":[\"Canada\",\"\u00c9conomie\",\"Inflation\",\"Tarifs\"],\"articleSection\":[\"Analyse en vedette\",\"Analyse pour le Canada\",\"Perspectives\"],\"inLanguage\":\"fr-FR\",\"potentialAction\":[{\"@type\":\"CommentAction\",\"name\":\"Comment\",\"target\":[\"https:\\\/\\\/www.rbc.com\\\/fr\\\/economique\\\/analyse-pour-le-canada\\\/analyse-en-vedette\\\/perspectives\\\/linflation-des-produits-alimentaires-au-canada-six-questions-cles-sur-la-hausse-des-prix\\\/#respond\"]}]},{\"@type\":\"WebPage\",\"@id\":\"https:\\\/\\\/www.rbc.com\\\/fr\\\/economique\\\/analyse-pour-le-canada\\\/analyse-en-vedette\\\/perspectives\\\/linflation-des-produits-alimentaires-au-canada-six-questions-cles-sur-la-hausse-des-prix\\\/\",\"url\":\"https:\\\/\\\/www.rbc.com\\\/fr\\\/economique\\\/analyse-pour-le-canada\\\/analyse-en-vedette\\\/perspectives\\\/linflation-des-produits-alimentaires-au-canada-six-questions-cles-sur-la-hausse-des-prix\\\/\",\"name\":\"L\u2019inflation des produits alimentaires au Canada : Six questions cl\u00e9s sur la hausse des prix - RBC Economique\",\"isPartOf\":{\"@id\":\"https:\\\/\\\/www.rbc.com\\\/fr\\\/economique\\\/#website\"},\"primaryImageOfPage\":{\"@id\":\"https:\\\/\\\/www.rbc.com\\\/fr\\\/economique\\\/analyse-pour-le-canada\\\/analyse-en-vedette\\\/perspectives\\\/linflation-des-produits-alimentaires-au-canada-six-questions-cles-sur-la-hausse-des-prix\\\/#primaryimage\"},\"image\":{\"@id\":\"https:\\\/\\\/www.rbc.com\\\/fr\\\/economique\\\/analyse-pour-le-canada\\\/analyse-en-vedette\\\/perspectives\\\/linflation-des-produits-alimentaires-au-canada-six-questions-cles-sur-la-hausse-des-prix\\\/#primaryimage\"},\"thumbnailUrl\":\"https:\\\/\\\/www.rbc.com\\\/fr\\\/economique\\\/wp-content\\\/uploads\\\/sites\\\/24\\\/\\\/2025\\\/06\\\/Generic-Compressed.png\",\"datePublished\":\"2026-08-26T15:17:28+00:00\",\"dateModified\":\"2026-08-31T15:24:39+00:00\",\"author\":{\"@id\":\"https:\\\/\\\/www.rbc.com\\\/fr\\\/economique\\\/#\\\/schema\\\/person\\\/109dd1bd3c90e818f8159356d46905ea\"},\"breadcrumb\":{\"@id\":\"https:\\\/\\\/www.rbc.com\\\/fr\\\/economique\\\/analyse-pour-le-canada\\\/analyse-en-vedette\\\/perspectives\\\/linflation-des-produits-alimentaires-au-canada-six-questions-cles-sur-la-hausse-des-prix\\\/#breadcrumb\"},\"inLanguage\":\"fr-FR\",\"potentialAction\":[{\"@type\":\"ReadAction\",\"target\":[\"https:\\\/\\\/www.rbc.com\\\/fr\\\/economique\\\/analyse-pour-le-canada\\\/analyse-en-vedette\\\/perspectives\\\/linflation-des-produits-alimentaires-au-canada-six-questions-cles-sur-la-hausse-des-prix\\\/\"]}]},{\"@type\":\"ImageObject\",\"inLanguage\":\"fr-FR\",\"@id\":\"https:\\\/\\\/www.rbc.com\\\/fr\\\/economique\\\/analyse-pour-le-canada\\\/analyse-en-vedette\\\/perspectives\\\/linflation-des-produits-alimentaires-au-canada-six-questions-cles-sur-la-hausse-des-prix\\\/#primaryimage\",\"url\":\"https:\\\/\\\/www.rbc.com\\\/fr\\\/economique\\\/wp-content\\\/uploads\\\/sites\\\/24\\\/\\\/2025\\\/06\\\/Generic-Compressed.png\",\"contentUrl\":\"https:\\\/\\\/www.rbc.com\\\/fr\\\/economique\\\/wp-content\\\/uploads\\\/sites\\\/24\\\/\\\/2025\\\/06\\\/Generic-Compressed.png\",\"width\":6134,\"height\":3700,\"caption\":\"RBC Economics\"},{\"@type\":\"BreadcrumbList\",\"@id\":\"https:\\\/\\\/www.rbc.com\\\/fr\\\/economique\\\/analyse-pour-le-canada\\\/analyse-en-vedette\\\/perspectives\\\/linflation-des-produits-alimentaires-au-canada-six-questions-cles-sur-la-hausse-des-prix\\\/#breadcrumb\",\"itemListElement\":[{\"@type\":\"ListItem\",\"position\":1,\"name\":\"Home\",\"item\":\"https:\\\/\\\/www.rbc.com\\\/fr\\\/economique\\\/\"},{\"@type\":\"ListItem\",\"position\":2,\"name\":\"L\u2019inflation des produits alimentaires au Canada : Six questions cl\u00e9s sur la hausse des prix\"}]},{\"@type\":\"WebSite\",\"@id\":\"https:\\\/\\\/www.rbc.com\\\/fr\\\/economique\\\/#website\",\"url\":\"https:\\\/\\\/www.rbc.com\\\/fr\\\/economique\\\/\",\"name\":\"RBC Economique\",\"description\":\"\",\"potentialAction\":[{\"@type\":\"SearchAction\",\"target\":{\"@type\":\"EntryPoint\",\"urlTemplate\":\"https:\\\/\\\/www.rbc.com\\\/fr\\\/economique\\\/?s={search_term_string}\"},\"query-input\":{\"@type\":\"PropertyValueSpecification\",\"valueRequired\":true,\"valueName\":\"search_term_string\"}}],\"inLanguage\":\"fr-FR\"},{\"@type\":\"Person\",\"@id\":\"https:\\\/\\\/www.rbc.com\\\/fr\\\/economique\\\/#\\\/schema\\\/person\\\/109dd1bd3c90e818f8159356d46905ea\",\"name\":\"viktoriyapanahova\",\"image\":{\"@type\":\"ImageObject\",\"inLanguage\":\"fr-FR\",\"@id\":\"https:\\\/\\\/secure.gravatar.com\\\/avatar\\\/885bcff339d33080f070ec9cbe77fcf3007653305ae17de7827e19af43e61913?s=96&d=mm&r=g\",\"url\":\"https:\\\/\\\/secure.gravatar.com\\\/avatar\\\/885bcff339d33080f070ec9cbe77fcf3007653305ae17de7827e19af43e61913?s=96&d=mm&r=g\",\"contentUrl\":\"https:\\\/\\\/secure.gravatar.com\\\/avatar\\\/885bcff339d33080f070ec9cbe77fcf3007653305ae17de7827e19af43e61913?s=96&d=mm&r=g\",\"caption\":\"viktoriyapanahova\"},\"url\":\"https:\\\/\\\/www.rbc.com\\\/fr\\\/economique\\\/author\\\/viktoriyapanahova\\\/\"}]}<\/script>\n<!-- \/ Yoast SEO Premium plugin. -->","yoast_head_json":{"title":"L\u2019inflation des produits alimentaires au Canada : Six questions cl\u00e9s sur la hausse des prix - RBC Economique","robots":{"index":"index","follow":"follow","max-snippet":"max-snippet:-1","max-image-preview":"max-image-preview:large","max-video-preview":"max-video-preview:-1"},"canonical":"https:\/\/www.rbc.com\/fr\/economique\/analyse-pour-le-canada\/analyse-en-vedette\/perspectives\/linflation-des-produits-alimentaires-au-canada-six-questions-cles-sur-la-hausse-des-prix\/","og_locale":"fr_FR","og_type":"article","og_title":"L\u2019inflation des produits alimentaires au Canada : Six questions cl\u00e9s sur la hausse des prix","og_url":"https:\/\/www.rbc.com\/fr\/economique\/analyse-pour-le-canada\/analyse-en-vedette\/perspectives\/linflation-des-produits-alimentaires-au-canada-six-questions-cles-sur-la-hausse-des-prix\/","og_site_name":"RBC Economique","article_published_time":"2026-08-26T15:17:28+00:00","article_modified_time":"2026-08-31T15:24:39+00:00","author":"viktoriyapanahova","twitter_card":"summary_large_image","twitter_image":"https:\/\/www.rbc.com\/fr\/economique\/wp-content\/uploads\/sites\/24\/\/2025\/06\/Generic-Compressed.png","twitter_misc":{"Written by":"viktoriyapanahova","Est. reading time":"13 minutes"},"schema":{"@context":"https:\/\/schema.org","@graph":[{"@type":"Article","@id":"https:\/\/www.rbc.com\/fr\/economique\/analyse-pour-le-canada\/analyse-en-vedette\/perspectives\/linflation-des-produits-alimentaires-au-canada-six-questions-cles-sur-la-hausse-des-prix\/#article","isPartOf":{"@id":"https:\/\/www.rbc.com\/fr\/economique\/analyse-pour-le-canada\/analyse-en-vedette\/perspectives\/linflation-des-produits-alimentaires-au-canada-six-questions-cles-sur-la-hausse-des-prix\/"},"author":{"name":"viktoriyapanahova","@id":"https:\/\/www.rbc.com\/fr\/economique\/#\/schema\/person\/109dd1bd3c90e818f8159356d46905ea"},"headline":"L\u2019inflation des produits alimentaires au Canada : Six questions cl\u00e9s sur la hausse des prix","datePublished":"2026-08-26T15:17:28+00:00","dateModified":"2026-08-31T15:24:39+00:00","mainEntityOfPage":{"@id":"https:\/\/www.rbc.com\/fr\/economique\/analyse-pour-le-canada\/analyse-en-vedette\/perspectives\/linflation-des-produits-alimentaires-au-canada-six-questions-cles-sur-la-hausse-des-prix\/"},"wordCount":2488,"commentCount":0,"image":{"@id":"https:\/\/www.rbc.com\/fr\/economique\/analyse-pour-le-canada\/analyse-en-vedette\/perspectives\/linflation-des-produits-alimentaires-au-canada-six-questions-cles-sur-la-hausse-des-prix\/#primaryimage"},"thumbnailUrl":"https:\/\/www.rbc.com\/fr\/economique\/wp-content\/uploads\/sites\/24\/\/2025\/06\/Generic-Compressed.png","keywords":["Canada","\u00c9conomie","Inflation","Tarifs"],"articleSection":["Analyse en vedette","Analyse pour le Canada","Perspectives"],"inLanguage":"fr-FR","potentialAction":[{"@type":"CommentAction","name":"Comment","target":["https:\/\/www.rbc.com\/fr\/economique\/analyse-pour-le-canada\/analyse-en-vedette\/perspectives\/linflation-des-produits-alimentaires-au-canada-six-questions-cles-sur-la-hausse-des-prix\/#respond"]}]},{"@type":"WebPage","@id":"https:\/\/www.rbc.com\/fr\/economique\/analyse-pour-le-canada\/analyse-en-vedette\/perspectives\/linflation-des-produits-alimentaires-au-canada-six-questions-cles-sur-la-hausse-des-prix\/","url":"https:\/\/www.rbc.com\/fr\/economique\/analyse-pour-le-canada\/analyse-en-vedette\/perspectives\/linflation-des-produits-alimentaires-au-canada-six-questions-cles-sur-la-hausse-des-prix\/","name":"L\u2019inflation des produits alimentaires au Canada : Six questions cl\u00e9s sur la hausse des prix - RBC Economique","isPartOf":{"@id":"https:\/\/www.rbc.com\/fr\/economique\/#website"},"primaryImageOfPage":{"@id":"https:\/\/www.rbc.com\/fr\/economique\/analyse-pour-le-canada\/analyse-en-vedette\/perspectives\/linflation-des-produits-alimentaires-au-canada-six-questions-cles-sur-la-hausse-des-prix\/#primaryimage"},"image":{"@id":"https:\/\/www.rbc.com\/fr\/economique\/analyse-pour-le-canada\/analyse-en-vedette\/perspectives\/linflation-des-produits-alimentaires-au-canada-six-questions-cles-sur-la-hausse-des-prix\/#primaryimage"},"thumbnailUrl":"https:\/\/www.rbc.com\/fr\/economique\/wp-content\/uploads\/sites\/24\/\/2025\/06\/Generic-Compressed.png","datePublished":"2026-08-26T15:17:28+00:00","dateModified":"2026-08-31T15:24:39+00:00","author":{"@id":"https:\/\/www.rbc.com\/fr\/economique\/#\/schema\/person\/109dd1bd3c90e818f8159356d46905ea"},"breadcrumb":{"@id":"https:\/\/www.rbc.com\/fr\/economique\/analyse-pour-le-canada\/analyse-en-vedette\/perspectives\/linflation-des-produits-alimentaires-au-canada-six-questions-cles-sur-la-hausse-des-prix\/#breadcrumb"},"inLanguage":"fr-FR","potentialAction":[{"@type":"ReadAction","target":["https:\/\/www.rbc.com\/fr\/economique\/analyse-pour-le-canada\/analyse-en-vedette\/perspectives\/linflation-des-produits-alimentaires-au-canada-six-questions-cles-sur-la-hausse-des-prix\/"]}]},{"@type":"ImageObject","inLanguage":"fr-FR","@id":"https:\/\/www.rbc.com\/fr\/economique\/analyse-pour-le-canada\/analyse-en-vedette\/perspectives\/linflation-des-produits-alimentaires-au-canada-six-questions-cles-sur-la-hausse-des-prix\/#primaryimage","url":"https:\/\/www.rbc.com\/fr\/economique\/wp-content\/uploads\/sites\/24\/\/2025\/06\/Generic-Compressed.png","contentUrl":"https:\/\/www.rbc.com\/fr\/economique\/wp-content\/uploads\/sites\/24\/\/2025\/06\/Generic-Compressed.png","width":6134,"height":3700,"caption":"RBC Economics"},{"@type":"BreadcrumbList","@id":"https:\/\/www.rbc.com\/fr\/economique\/analyse-pour-le-canada\/analyse-en-vedette\/perspectives\/linflation-des-produits-alimentaires-au-canada-six-questions-cles-sur-la-hausse-des-prix\/#breadcrumb","itemListElement":[{"@type":"ListItem","position":1,"name":"Home","item":"https:\/\/www.rbc.com\/fr\/economique\/"},{"@type":"ListItem","position":2,"name":"L\u2019inflation des produits alimentaires au Canada : Six questions cl\u00e9s sur la hausse des prix"}]},{"@type":"WebSite","@id":"https:\/\/www.rbc.com\/fr\/economique\/#website","url":"https:\/\/www.rbc.com\/fr\/economique\/","name":"RBC Economique","description":"","potentialAction":[{"@type":"SearchAction","target":{"@type":"EntryPoint","urlTemplate":"https:\/\/www.rbc.com\/fr\/economique\/?s={search_term_string}"},"query-input":{"@type":"PropertyValueSpecification","valueRequired":true,"valueName":"search_term_string"}}],"inLanguage":"fr-FR"},{"@type":"Person","@id":"https:\/\/www.rbc.com\/fr\/economique\/#\/schema\/person\/109dd1bd3c90e818f8159356d46905ea","name":"viktoriyapanahova","image":{"@type":"ImageObject","inLanguage":"fr-FR","@id":"https:\/\/secure.gravatar.com\/avatar\/885bcff339d33080f070ec9cbe77fcf3007653305ae17de7827e19af43e61913?s=96&d=mm&r=g","url":"https:\/\/secure.gravatar.com\/avatar\/885bcff339d33080f070ec9cbe77fcf3007653305ae17de7827e19af43e61913?s=96&d=mm&r=g","contentUrl":"https:\/\/secure.gravatar.com\/avatar\/885bcff339d33080f070ec9cbe77fcf3007653305ae17de7827e19af43e61913?s=96&d=mm&r=g","caption":"viktoriyapanahova"},"url":"https:\/\/www.rbc.com\/fr\/economique\/author\/viktoriyapanahova\/"}]}},"author_meta":{"display_name":"viktoriyapanahova","author_link":"https:\/\/www.rbc.com\/fr\/economique\/author\/viktoriyapanahova\/"},"featured_img":"https:\/\/www.rbc.com\/fr\/economique\/wp-content\/uploads\/sites\/24\/\/2025\/06\/Generic-Compressed.png?quality=80&w=300","coauthors":[],"tax_additional":{"categories":{"linked":["<a href=\"https:\/\/www.rbc.com\/fr\/economique\/category\/analyse-pour-le-canada\/analyse-en-vedette\/\" class=\"advgb-post-tax-term\">Analyse en vedette<\/a>","<a href=\"https:\/\/www.rbc.com\/fr\/economique\/category\/analyse-pour-le-canada\/\" class=\"advgb-post-tax-term\">Analyse pour le Canada<\/a>","<a href=\"https:\/\/www.rbc.com\/fr\/economique\/category\/analyse-pour-le-canada\/analyse-en-vedette\/perspectives\/\" class=\"advgb-post-tax-term\">Perspectives<\/a>"],"unlinked":["<span class=\"advgb-post-tax-term\">Analyse en vedette<\/span>","<span class=\"advgb-post-tax-term\">Analyse pour le Canada<\/span>","<span class=\"advgb-post-tax-term\">Perspectives<\/span>"]},"tags":{"linked":["<a href=\"https:\/\/www.rbc.com\/fr\/economique\/category\/analyse-pour-le-canada\/analyse-en-vedette\/perspectives\/\" class=\"advgb-post-tax-term\">Canada<\/a>","<a href=\"https:\/\/www.rbc.com\/fr\/economique\/category\/analyse-pour-le-canada\/analyse-en-vedette\/perspectives\/\" class=\"advgb-post-tax-term\">\u00c9conomie<\/a>","<a href=\"https:\/\/www.rbc.com\/fr\/economique\/category\/analyse-pour-le-canada\/analyse-en-vedette\/perspectives\/\" class=\"advgb-post-tax-term\">Inflation<\/a>","<a href=\"https:\/\/www.rbc.com\/fr\/economique\/category\/analyse-pour-le-canada\/analyse-en-vedette\/perspectives\/\" class=\"advgb-post-tax-term\">Tarifs<\/a>"],"unlinked":["<span class=\"advgb-post-tax-term\">Canada<\/span>","<span class=\"advgb-post-tax-term\">\u00c9conomie<\/span>","<span class=\"advgb-post-tax-term\">Inflation<\/span>","<span class=\"advgb-post-tax-term\">Tarifs<\/span>"]}},"comment_count":"0","relative_dates":{"created":"Publi\u00e9 5 jours il y a","modified":"Mis \u00e0 jour 3 heures il y a"},"absolute_dates":{"created":"Publi\u00e9 le 26 ao\u00fbt 2026","modified":"Mise \u00e0 jour le 31 ao\u00fbt 2026"},"absolute_dates_time":{"created":"Publi\u00e9 le 26 ao\u00fbt 2026 3:17  ","modified":"Mise \u00e0 jour le 31 ao\u00fbt 2026 3:24  "},"featured_img_caption":"RBC Economics","series_order":"","jetpack_featured_media_url":"https:\/\/www.rbc.com\/fr\/economique\/wp-content\/uploads\/sites\/24\/\/2025\/06\/Generic-Compressed.png","_links":{"self":[{"href":"https:\/\/www.rbc.com\/fr\/economique\/wp-json\/wp\/v2\/posts\/7040","targetHints":{"allow":["GET"]}}],"collection":[{"href":"https:\/\/www.rbc.com\/fr\/economique\/wp-json\/wp\/v2\/posts"}],"about":[{"href":"https:\/\/www.rbc.com\/fr\/economique\/wp-json\/wp\/v2\/types\/post"}],"author":[{"embeddable":true,"href":"https:\/\/www.rbc.com\/fr\/economique\/wp-json\/wp\/v2\/users\/318"}],"replies":[{"embeddable":true,"href":"https:\/\/www.rbc.com\/fr\/economique\/wp-json\/wp\/v2\/comments?post=7040"}],"version-history":[{"count":39,"href":"https:\/\/www.rbc.com\/fr\/economique\/wp-json\/wp\/v2\/posts\/7040\/revisions"}],"predecessor-version":[{"id":7098,"href":"https:\/\/www.rbc.com\/fr\/economique\/wp-json\/wp\/v2\/posts\/7040\/revisions\/7098"}],"wp:featuredmedia":[{"embeddable":true,"href":"https:\/\/www.rbc.com\/fr\/economique\/wp-json\/wp\/v2\/media\/1360"}],"wp:attachment":[{"href":"https:\/\/www.rbc.com\/fr\/economique\/wp-json\/wp\/v2\/media?parent=7040"}],"wp:term":[{"taxonomy":"category","embeddable":true,"href":"https:\/\/www.rbc.com\/fr\/economique\/wp-json\/wp\/v2\/categories?post=7040"},{"taxonomy":"post_tag","embeddable":true,"href":"https:\/\/www.rbc.com\/fr\/economique\/wp-json\/wp\/v2\/tags?post=7040"},{"taxonomy":"rbc_econ_content_type","embeddable":true,"href":"https:\/\/www.rbc.com\/fr\/economique\/wp-json\/wp\/v2\/rbc_econ_content_type?post=7040"}],"curies":[{"name":"wp","href":"https:\/\/api.w.org\/{rel}","templated":true}]}}