{"id":7009,"date":"2026-08-21T17:55:48","date_gmt":"2026-08-21T17:55:48","guid":{"rendered":"https:\/\/www.rbc.com\/fr\/economique\/?p=7009"},"modified":"2026-08-24T18:02:06","modified_gmt":"2026-08-24T18:02:06","slug":"la-croissance-economique-canadienne-a-rebondi-au-deuxieme-trimestre-tandis-que-la-demande-interieure-sest-raffermie","status":"publish","type":"post","link":"https:\/\/www.rbc.com\/fr\/economique\/indications-prospectives\/la-croissance-economique-canadienne-a-rebondi-au-deuxieme-trimestre-tandis-que-la-demande-interieure-sest-raffermie\/","title":{"rendered":"La croissance \u00e9conomique canadienne a rebondi au deuxi\u00e8me trimestre, tandis que la demande int\u00e9rieure s\u2019est raffermie"},"content":{"rendered":"\n<section class=\"wp-block-rbc-section-block  pos-rel\" style=\"border-radius:0px\">\n<div class=\"wp-block-rbc-section-inner-block  section-inner pad-b-0\" style=\"border-radius:0x\">\n<p class=\"wp-block-paragraph\"><strong>Pour la semaine du 24 ao\u00fbt<\/strong><\/p>\n\n\n\n<p class=\"wp-block-paragraph\">Les rapports de vendredi prochain sur le produit int\u00e9rieur brut (PIB) du Canada pour juin et le deuxi\u00e8me trimestre devraient confirmer une forte reprise de l\u2019activit\u00e9 \u00e9conomique \u00e0 la suite du ralentissement de la croissance observ\u00e9 au cours de l\u2019hiver.<\/p>\n\n\n\n<p class=\"wp-block-paragraph\">Statistique Canada pr\u00e9sente deux mesures diff\u00e9rentes du PIB r\u00e9el fond\u00e9es sur la production mensuelle et les d\u00e9penses trimestrielles. Les deux estimations ont diverg\u00e9 consid\u00e9rablement au cours des derniers trimestres, y compris au premier trimestre, o\u00f9 l\u2019estimation de la production a affich\u00e9 une l\u00e9g\u00e8re augmentation, tandis que les d\u00e9penses ont connu une deuxi\u00e8me l\u00e9g\u00e8re baisse cons\u00e9cutive.<\/p>\n\n\n\n<p class=\"wp-block-paragraph\">Toutefois, les donn\u00e9es mensuelles sur le PIB semblent nettement meilleures \u00e0 ce jour au deuxi\u00e8me trimestre. Nous pr\u00e9voyons une hausse de 0,2&nbsp;% en juin, conforme \u00e0 l\u2019estimation pr\u00e9liminaire publi\u00e9e ant\u00e9rieurement par Statistique Canada, ce qui porterait \u00e0 pr\u00e8s d\u2019un point de pourcentage l\u2019augmentation cumulative enregistr\u00e9e en avril et en mai.<\/p>\n\n\n\n<p class=\"wp-block-paragraph\">Les donn\u00e9es mensuelles ont fait l\u2019objet de nombreuses r\u00e9visions, mais elles demeurent compatibles avec une croissance annualis\u00e9e sup\u00e9rieure \u00e0 3&nbsp;% au deuxi\u00e8me trimestre dans son ensemble. Un large \u00e9ventail d\u2019indicateurs a \u00e9galement largement confirm\u00e9 le rebond de la croissance au deuxi\u00e8me trimestre. Les donn\u00e9es sur le march\u00e9 de l\u2019emploi se sont raffermies apr\u00e8s un lent d\u00e9but d\u2019ann\u00e9e.<\/p>\n\n\n\n<p class=\"wp-block-paragraph\">Une partie de cette vigueur au deuxi\u00e8me trimestre refl\u00e8te un renversement de la faiblesse temporaire plus t\u00f4t dans l\u2019ann\u00e9e. Les \u00e9changes commerciaux nets devraient avoir apport\u00e9 une contribution positive substantielle \u00e0 la croissance, les exportations ayant surpass\u00e9 les importations, notamment en raison du redressement du secteur automobile \u00e0 la suite des perturbations de production observ\u00e9es cet hiver.<\/p>\n\n\n\n<p class=\"wp-block-paragraph\">Mais l\u2019am\u00e9lioration enregistr\u00e9e au deuxi\u00e8me trimestre semble aller au-del\u00e0 du simple rebond des \u00e9changes commerciaux. Notre suivi des <a href=\"https:\/\/www.rbc.com\/fr\/economique\/analyse-pour-le-canada\/outil-de-suivi-des-depenses-de-consommation-rbc\/signaux-de-la-consommation-canadienne-pour-le-deuxieme-trimestre-les-achats-de-carburant-eclipses-par-les-achats-des-amateurs-de-sport\/\" target=\"_blank\" data-dig-id=\"LP-Indicationsprospectives-7009-59c5175a\" data-dig-category=\"LP-Indicationsprospectives\" data-dig-action=\"link click\" data-dig-label=\"op\u00e9rations des titulaires de carte RBC\" rel=\"noreferrer noopener\" class=\"rbc-link-format\">op\u00e9rations des titulaires de carte RBC<\/a> a r\u00e9v\u00e9l\u00e9 une augmentation des d\u00e9penses de consommation malgr\u00e9 la hausse des co\u00fbts du carburant au cours du trimestre. La hausse marqu\u00e9e des importations de biens d\u2019\u00e9quipement sugg\u00e8re un raffermissement de l\u2019investissement des entreprises. Par ailleurs, l\u2019investissement r\u00e9sidentiel semble s\u2019\u00eatre redress\u00e9 parall\u00e8lement \u00e0 l\u2019am\u00e9lioration des reventes de logements et des mises en chantier, bien que l\u2019<a href=\"https:\/\/www.rbc.com\/fr\/economique\/analyse-pour-le-canada\/logement-au-canada\/rapport-mensuel-sur-le-marche-du-logement\/lentement-mais-surement-le-marche-du-logement-canadien-change-de-voie\/\" target=\"_blank\" data-dig-id=\"LP-Indicationsprospectives-7009-59c5175a\" data-dig-category=\"LP-Indicationsprospectives\" data-dig-action=\"link click\" data-dig-label=\"activit\u00e9 r\u00e9sidentielle\" rel=\"noreferrer noopener\" class=\"rbc-link-format\">activit\u00e9 r\u00e9sidentielle<\/a> demeure faible et que la reprise s\u2019annonce progressive.<\/p>\n\n\n\n<p class=\"wp-block-paragraph\">L\u2019effet favorable d\u00e9coulant de la production automobile et des \u00e9changes commerciaux nets au deuxi\u00e8me trimestre ne devrait vraisemblablement pas se r\u00e9p\u00e9ter au cours des prochains trimestres. De plus, le recul de la population devrait continuer de freiner la croissance du PIB global, tandis que l\u2019incertitude entourant le commerce international et les droits de douane toujours en vigueur sur certains produits demeurent des obstacles \u00e0 l\u2019investissement des entreprises.&nbsp;<\/p>\n\n\n\n<hr class=\"wp-block-separator has-alpha-channel-opacity is-style-wide wide\" \/>\n\n\n\n<div id=\"everviz-Yge4BInAG\" class=\"everviz-Yge4BInAG\" data-view=\"graph\"><\/div>\n\n\n\n<hr class=\"wp-block-separator has-alpha-channel-opacity is-style-wide wide\" \/>\n\n\n\n<h4 id=\"h-la-croissance-au-troisieme-trimestre-demeure-solide-jusqu-a-present\" class=\"wp-block-heading has-rbc-bright-blue-color has-text-color has-link-color wp-elements-72e0134e7805bd49c77e65b9ece70c50\">La croissance au troisi\u00e8me trimestre demeure solide jusqu\u2019\u00e0 pr\u00e9sent<\/h4>\n\n\n\n<p class=\"wp-block-paragraph\">Les premiers indicateurs, notamment notre suivi des d\u00e9penses de consommation et le raffermissement du nombre d\u2019heures travaill\u00e9es en juillet, demeurent encourageants en ce d\u00e9but de troisi\u00e8me trimestre.&nbsp;<\/p>\n\n\n\n<p class=\"wp-block-paragraph\">Les d\u00e9tails de l\u2019accord commercial visant \u00e0 \u00e9viter l\u2019imposition des droits de douane additionnels sur les importations canadiennes, annonc\u00e9s par les \u00c9tats-Unis en juillet, n\u2019ont toujours pas \u00e9t\u00e9 d\u00e9voil\u00e9s. La date limite pour conclure l\u2019accord et \u00e9viter l\u2019application de droits de douane de 50&nbsp;% sur un autre groupe de produits d\u2019exportation canadiens est fix\u00e9e \u00e0 minuit ce soir (le 21&nbsp;ao\u00fbt). Toutefois, les premi\u00e8res informations indiquent que les droits de douane en vigueur sur des produits, tels que les automobiles, l\u2019acier et l\u2019aluminium, pourraient \u00eatre abaiss\u00e9s. De plus, la plupart des entreprises canadiennes maintiennent un acc\u00e8s en franchise de droits aux \u00c9tats-Unis gr\u00e2ce aux exemptions convenues dans le cadre de l\u2019Accord Canada\u2013\u00c9tats-Unis\u2013Mexique (ACEUM).<\/p>\n\n\n\n<p class=\"wp-block-paragraph\">Nous pr\u00e9voyons toujours une mod\u00e9ration de la croissance apr\u00e8s la forte progression enregistr\u00e9e au deuxi\u00e8me trimestre, tout en conservant une opinion favorable quant aux perspectives pour le reste de 2026. Cela cadrerait avec notre sc\u00e9nario de base, qui table sur une reprise cyclique graduelle, y compris une poursuite de l\u2019am\u00e9lioration de la croissance par habitant, m\u00eame si l\u2019incertitude commerciale \u00e9lev\u00e9e demeure un risque.<\/p>\n\n\n\n<hr class=\"wp-block-separator has-alpha-channel-opacity is-style-wide wide\" \/>\n\n\n\n<p class=\"has-text-align-center wp-block-paragraph\"><strong>\u00c0 propos des auteurs<\/strong> <strong>:<\/strong><\/p>\n\n\n\n<p class=\"wp-block-paragraph\"><em><strong>Nathan Janzen<\/strong><em>&nbsp;travaille \u00e0 RBC depuis 2008, o\u00f9 il s\u2019occupe principalement de la couverture des perspectives macro\u00e9conomiques du Canada et des \u00c9tats-Unis. Il est titulaire d\u2019une ma\u00eetrise en \u00e9conomie de l\u2019Universit\u00e9 McMaster et d\u2019un baccalaur\u00e9at en \u00e9conomie de l\u2019Universit\u00e9 de Regina.<\/em><\/em><\/p>\n\n\n\n<p class=\"wp-block-paragraph\"><em><strong>Abbey Xu<\/strong><em>&nbsp;est \u00e9conomiste \u00e0 RBC. En tant que membre du groupe d\u2019analyse macro\u00e9conomique, elle se sp\u00e9cialise dans les mod\u00e8les de pr\u00e9visions macro\u00e9conomiques, et pr\u00e9sente des analyses et des mises \u00e0 jour opportunes sur les tendances \u00e9conomiques.<\/em><\/em><\/p>\n\n\n\n<hr class=\"wp-block-separator has-alpha-channel-opacity is-style-wide wide\" \/>\n<\/div>\n<\/section>\n","protected":false},"excerpt":{"rendered":"","protected":false},"author":318,"featured_media":2504,"comment_status":"open","ping_status":"open","sticky":false,"template":"","format":"standard","meta":{"_acf_changed":false,"advgb_blocks_editor_width":"","advgb_blocks_columns_visual_guide":"","editor_notices":[],"footnotes":"","jetpack_post_was_ever_published":false},"categories":[74],"tags":[88,14,102],"rbc_econ_content_type":[],"class_list":["post-7009","post","type-post","status-publish","format-standard","has-post-thumbnail","hentry","category-indications-prospectives","tag-canada","tag-economie","tag-pib"],"acf":[],"yoast_head":"<!-- This site is optimized with the Yoast SEO Premium plugin v28.2 (Yoast SEO v28.2) - https:\/\/yoast.com\/product\/yoast-seo-premium-wordpress\/ -->\n<title>La croissance \u00e9conomique canadienne a rebondi au deuxi\u00e8me trimestre, tandis que la demande int\u00e9rieure s\u2019est raffermie - RBC Economique<\/title>\n<meta name=\"robots\" content=\"index, follow, max-snippet:-1, max-image-preview:large, max-video-preview:-1\" \/>\n<link rel=\"canonical\" href=\"https:\/\/www.rbc.com\/fr\/economique\/indications-prospectives\/la-croissance-economique-canadienne-a-rebondi-au-deuxieme-trimestre-tandis-que-la-demande-interieure-sest-raffermie\/\" \/>\n<meta property=\"og:locale\" content=\"fr_FR\" \/>\n<meta property=\"og:type\" content=\"article\" \/>\n<meta property=\"og:title\" content=\"La croissance \u00e9conomique canadienne a rebondi au deuxi\u00e8me trimestre, tandis que la demande int\u00e9rieure s\u2019est raffermie\" \/>\n<meta property=\"og:url\" content=\"https:\/\/www.rbc.com\/fr\/economique\/indications-prospectives\/la-croissance-economique-canadienne-a-rebondi-au-deuxieme-trimestre-tandis-que-la-demande-interieure-sest-raffermie\/\" \/>\n<meta property=\"og:site_name\" content=\"RBC Economique\" \/>\n<meta property=\"article:published_time\" content=\"2026-08-21T17:55:48+00:00\" \/>\n<meta property=\"article:modified_time\" content=\"2026-08-24T18:02:06+00:00\" \/>\n<meta property=\"og:image\" content=\"https:\/\/www.rbc.com\/fr\/economique\/wp-content\/uploads\/sites\/24\/2025\/11\/FG-WA.png\" \/>\n\t<meta property=\"og:image:width\" content=\"3067\" \/>\n\t<meta property=\"og:image:height\" content=\"1850\" \/>\n\t<meta property=\"og:image:type\" content=\"image\/png\" \/>\n<meta name=\"author\" content=\"viktoriyapanahova\" \/>\n<meta name=\"twitter:card\" content=\"summary_large_image\" \/>\n<meta name=\"twitter:label1\" content=\"Written by\" \/>\n\t<meta name=\"twitter:data1\" content=\"viktoriyapanahova\" \/>\n\t<meta name=\"twitter:label2\" content=\"Est. reading time\" \/>\n\t<meta name=\"twitter:data2\" content=\"4 minutes\" \/>\n<script type=\"application\/ld+json\" class=\"yoast-schema-graph\">{\"@context\":\"https:\\\/\\\/schema.org\",\"@graph\":[{\"@type\":\"Article\",\"@id\":\"https:\\\/\\\/www.rbc.com\\\/fr\\\/economique\\\/indications-prospectives\\\/la-croissance-economique-canadienne-a-rebondi-au-deuxieme-trimestre-tandis-que-la-demande-interieure-sest-raffermie\\\/#article\",\"isPartOf\":{\"@id\":\"https:\\\/\\\/www.rbc.com\\\/fr\\\/economique\\\/indications-prospectives\\\/la-croissance-economique-canadienne-a-rebondi-au-deuxieme-trimestre-tandis-que-la-demande-interieure-sest-raffermie\\\/\"},\"author\":{\"name\":\"viktoriyapanahova\",\"@id\":\"https:\\\/\\\/www.rbc.com\\\/fr\\\/economique\\\/#\\\/schema\\\/person\\\/109dd1bd3c90e818f8159356d46905ea\"},\"headline\":\"La croissance \u00e9conomique canadienne a rebondi au deuxi\u00e8me trimestre, tandis que la demande int\u00e9rieure s\u2019est raffermie\",\"datePublished\":\"2026-08-21T17:55:48+00:00\",\"dateModified\":\"2026-08-24T18:02:06+00:00\",\"mainEntityOfPage\":{\"@id\":\"https:\\\/\\\/www.rbc.com\\\/fr\\\/economique\\\/indications-prospectives\\\/la-croissance-economique-canadienne-a-rebondi-au-deuxieme-trimestre-tandis-que-la-demande-interieure-sest-raffermie\\\/\"},\"wordCount\":853,\"commentCount\":0,\"image\":{\"@id\":\"https:\\\/\\\/www.rbc.com\\\/fr\\\/economique\\\/indications-prospectives\\\/la-croissance-economique-canadienne-a-rebondi-au-deuxieme-trimestre-tandis-que-la-demande-interieure-sest-raffermie\\\/#primaryimage\"},\"thumbnailUrl\":\"https:\\\/\\\/www.rbc.com\\\/fr\\\/economique\\\/wp-content\\\/uploads\\\/sites\\\/24\\\/2025\\\/11\\\/FG-WA.png\",\"keywords\":[\"Canada\",\"\u00c9conomie\",\"PIB\"],\"articleSection\":[\"Indications prospectives\"],\"inLanguage\":\"fr-FR\",\"potentialAction\":[{\"@type\":\"CommentAction\",\"name\":\"Comment\",\"target\":[\"https:\\\/\\\/www.rbc.com\\\/fr\\\/economique\\\/indications-prospectives\\\/la-croissance-economique-canadienne-a-rebondi-au-deuxieme-trimestre-tandis-que-la-demande-interieure-sest-raffermie\\\/#respond\"]}]},{\"@type\":\"WebPage\",\"@id\":\"https:\\\/\\\/www.rbc.com\\\/fr\\\/economique\\\/indications-prospectives\\\/la-croissance-economique-canadienne-a-rebondi-au-deuxieme-trimestre-tandis-que-la-demande-interieure-sest-raffermie\\\/\",\"url\":\"https:\\\/\\\/www.rbc.com\\\/fr\\\/economique\\\/indications-prospectives\\\/la-croissance-economique-canadienne-a-rebondi-au-deuxieme-trimestre-tandis-que-la-demande-interieure-sest-raffermie\\\/\",\"name\":\"La croissance \u00e9conomique canadienne a rebondi au deuxi\u00e8me trimestre, tandis que la demande int\u00e9rieure s\u2019est raffermie - RBC Economique\",\"isPartOf\":{\"@id\":\"https:\\\/\\\/www.rbc.com\\\/fr\\\/economique\\\/#website\"},\"primaryImageOfPage\":{\"@id\":\"https:\\\/\\\/www.rbc.com\\\/fr\\\/economique\\\/indications-prospectives\\\/la-croissance-economique-canadienne-a-rebondi-au-deuxieme-trimestre-tandis-que-la-demande-interieure-sest-raffermie\\\/#primaryimage\"},\"image\":{\"@id\":\"https:\\\/\\\/www.rbc.com\\\/fr\\\/economique\\\/indications-prospectives\\\/la-croissance-economique-canadienne-a-rebondi-au-deuxieme-trimestre-tandis-que-la-demande-interieure-sest-raffermie\\\/#primaryimage\"},\"thumbnailUrl\":\"https:\\\/\\\/www.rbc.com\\\/fr\\\/economique\\\/wp-content\\\/uploads\\\/sites\\\/24\\\/2025\\\/11\\\/FG-WA.png\",\"datePublished\":\"2026-08-21T17:55:48+00:00\",\"dateModified\":\"2026-08-24T18:02:06+00:00\",\"author\":{\"@id\":\"https:\\\/\\\/www.rbc.com\\\/fr\\\/economique\\\/#\\\/schema\\\/person\\\/109dd1bd3c90e818f8159356d46905ea\"},\"breadcrumb\":{\"@id\":\"https:\\\/\\\/www.rbc.com\\\/fr\\\/economique\\\/indications-prospectives\\\/la-croissance-economique-canadienne-a-rebondi-au-deuxieme-trimestre-tandis-que-la-demande-interieure-sest-raffermie\\\/#breadcrumb\"},\"inLanguage\":\"fr-FR\",\"potentialAction\":[{\"@type\":\"ReadAction\",\"target\":[\"https:\\\/\\\/www.rbc.com\\\/fr\\\/economique\\\/indications-prospectives\\\/la-croissance-economique-canadienne-a-rebondi-au-deuxieme-trimestre-tandis-que-la-demande-interieure-sest-raffermie\\\/\"]}]},{\"@type\":\"ImageObject\",\"inLanguage\":\"fr-FR\",\"@id\":\"https:\\\/\\\/www.rbc.com\\\/fr\\\/economique\\\/indications-prospectives\\\/la-croissance-economique-canadienne-a-rebondi-au-deuxieme-trimestre-tandis-que-la-demande-interieure-sest-raffermie\\\/#primaryimage\",\"url\":\"https:\\\/\\\/www.rbc.com\\\/fr\\\/economique\\\/wp-content\\\/uploads\\\/sites\\\/24\\\/2025\\\/11\\\/FG-WA.png\",\"contentUrl\":\"https:\\\/\\\/www.rbc.com\\\/fr\\\/economique\\\/wp-content\\\/uploads\\\/sites\\\/24\\\/2025\\\/11\\\/FG-WA.png\",\"width\":3067,\"height\":1850},{\"@type\":\"BreadcrumbList\",\"@id\":\"https:\\\/\\\/www.rbc.com\\\/fr\\\/economique\\\/indications-prospectives\\\/la-croissance-economique-canadienne-a-rebondi-au-deuxieme-trimestre-tandis-que-la-demande-interieure-sest-raffermie\\\/#breadcrumb\",\"itemListElement\":[{\"@type\":\"ListItem\",\"position\":1,\"name\":\"Home\",\"item\":\"https:\\\/\\\/www.rbc.com\\\/fr\\\/economique\\\/\"},{\"@type\":\"ListItem\",\"position\":2,\"name\":\"La croissance \u00e9conomique canadienne a rebondi au deuxi\u00e8me trimestre, tandis que la demande int\u00e9rieure s\u2019est raffermie\"}]},{\"@type\":\"WebSite\",\"@id\":\"https:\\\/\\\/www.rbc.com\\\/fr\\\/economique\\\/#website\",\"url\":\"https:\\\/\\\/www.rbc.com\\\/fr\\\/economique\\\/\",\"name\":\"RBC Economique\",\"description\":\"\",\"potentialAction\":[{\"@type\":\"SearchAction\",\"target\":{\"@type\":\"EntryPoint\",\"urlTemplate\":\"https:\\\/\\\/www.rbc.com\\\/fr\\\/economique\\\/?s={search_term_string}\"},\"query-input\":{\"@type\":\"PropertyValueSpecification\",\"valueRequired\":true,\"valueName\":\"search_term_string\"}}],\"inLanguage\":\"fr-FR\"},{\"@type\":\"Person\",\"@id\":\"https:\\\/\\\/www.rbc.com\\\/fr\\\/economique\\\/#\\\/schema\\\/person\\\/109dd1bd3c90e818f8159356d46905ea\",\"name\":\"viktoriyapanahova\",\"image\":{\"@type\":\"ImageObject\",\"inLanguage\":\"fr-FR\",\"@id\":\"https:\\\/\\\/secure.gravatar.com\\\/avatar\\\/885bcff339d33080f070ec9cbe77fcf3007653305ae17de7827e19af43e61913?s=96&d=mm&r=g\",\"url\":\"https:\\\/\\\/secure.gravatar.com\\\/avatar\\\/885bcff339d33080f070ec9cbe77fcf3007653305ae17de7827e19af43e61913?s=96&d=mm&r=g\",\"contentUrl\":\"https:\\\/\\\/secure.gravatar.com\\\/avatar\\\/885bcff339d33080f070ec9cbe77fcf3007653305ae17de7827e19af43e61913?s=96&d=mm&r=g\",\"caption\":\"viktoriyapanahova\"},\"url\":\"https:\\\/\\\/www.rbc.com\\\/fr\\\/economique\\\/author\\\/viktoriyapanahova\\\/\"}]}<\/script>\n<!-- \/ Yoast SEO Premium plugin. -->","yoast_head_json":{"title":"La croissance \u00e9conomique canadienne a rebondi au deuxi\u00e8me trimestre, tandis que la demande int\u00e9rieure s\u2019est raffermie - RBC Economique","robots":{"index":"index","follow":"follow","max-snippet":"max-snippet:-1","max-image-preview":"max-image-preview:large","max-video-preview":"max-video-preview:-1"},"canonical":"https:\/\/www.rbc.com\/fr\/economique\/indications-prospectives\/la-croissance-economique-canadienne-a-rebondi-au-deuxieme-trimestre-tandis-que-la-demande-interieure-sest-raffermie\/","og_locale":"fr_FR","og_type":"article","og_title":"La croissance \u00e9conomique canadienne a rebondi au deuxi\u00e8me trimestre, tandis que la demande int\u00e9rieure s\u2019est raffermie","og_url":"https:\/\/www.rbc.com\/fr\/economique\/indications-prospectives\/la-croissance-economique-canadienne-a-rebondi-au-deuxieme-trimestre-tandis-que-la-demande-interieure-sest-raffermie\/","og_site_name":"RBC Economique","article_published_time":"2026-08-21T17:55:48+00:00","article_modified_time":"2026-08-24T18:02:06+00:00","og_image":[{"width":3067,"height":1850,"url":"https:\/\/www.rbc.com\/fr\/economique\/wp-content\/uploads\/sites\/24\/2025\/11\/FG-WA.png","type":"image\/png"}],"author":"viktoriyapanahova","twitter_card":"summary_large_image","twitter_misc":{"Written by":"viktoriyapanahova","Est. reading time":"4 minutes"},"schema":{"@context":"https:\/\/schema.org","@graph":[{"@type":"Article","@id":"https:\/\/www.rbc.com\/fr\/economique\/indications-prospectives\/la-croissance-economique-canadienne-a-rebondi-au-deuxieme-trimestre-tandis-que-la-demande-interieure-sest-raffermie\/#article","isPartOf":{"@id":"https:\/\/www.rbc.com\/fr\/economique\/indications-prospectives\/la-croissance-economique-canadienne-a-rebondi-au-deuxieme-trimestre-tandis-que-la-demande-interieure-sest-raffermie\/"},"author":{"name":"viktoriyapanahova","@id":"https:\/\/www.rbc.com\/fr\/economique\/#\/schema\/person\/109dd1bd3c90e818f8159356d46905ea"},"headline":"La croissance \u00e9conomique canadienne a rebondi au deuxi\u00e8me trimestre, tandis que la demande int\u00e9rieure s\u2019est raffermie","datePublished":"2026-08-21T17:55:48+00:00","dateModified":"2026-08-24T18:02:06+00:00","mainEntityOfPage":{"@id":"https:\/\/www.rbc.com\/fr\/economique\/indications-prospectives\/la-croissance-economique-canadienne-a-rebondi-au-deuxieme-trimestre-tandis-que-la-demande-interieure-sest-raffermie\/"},"wordCount":853,"commentCount":0,"image":{"@id":"https:\/\/www.rbc.com\/fr\/economique\/indications-prospectives\/la-croissance-economique-canadienne-a-rebondi-au-deuxieme-trimestre-tandis-que-la-demande-interieure-sest-raffermie\/#primaryimage"},"thumbnailUrl":"https:\/\/www.rbc.com\/fr\/economique\/wp-content\/uploads\/sites\/24\/2025\/11\/FG-WA.png","keywords":["Canada","\u00c9conomie","PIB"],"articleSection":["Indications prospectives"],"inLanguage":"fr-FR","potentialAction":[{"@type":"CommentAction","name":"Comment","target":["https:\/\/www.rbc.com\/fr\/economique\/indications-prospectives\/la-croissance-economique-canadienne-a-rebondi-au-deuxieme-trimestre-tandis-que-la-demande-interieure-sest-raffermie\/#respond"]}]},{"@type":"WebPage","@id":"https:\/\/www.rbc.com\/fr\/economique\/indications-prospectives\/la-croissance-economique-canadienne-a-rebondi-au-deuxieme-trimestre-tandis-que-la-demande-interieure-sest-raffermie\/","url":"https:\/\/www.rbc.com\/fr\/economique\/indications-prospectives\/la-croissance-economique-canadienne-a-rebondi-au-deuxieme-trimestre-tandis-que-la-demande-interieure-sest-raffermie\/","name":"La croissance \u00e9conomique canadienne a rebondi au deuxi\u00e8me trimestre, tandis que la demande int\u00e9rieure s\u2019est raffermie - RBC Economique","isPartOf":{"@id":"https:\/\/www.rbc.com\/fr\/economique\/#website"},"primaryImageOfPage":{"@id":"https:\/\/www.rbc.com\/fr\/economique\/indications-prospectives\/la-croissance-economique-canadienne-a-rebondi-au-deuxieme-trimestre-tandis-que-la-demande-interieure-sest-raffermie\/#primaryimage"},"image":{"@id":"https:\/\/www.rbc.com\/fr\/economique\/indications-prospectives\/la-croissance-economique-canadienne-a-rebondi-au-deuxieme-trimestre-tandis-que-la-demande-interieure-sest-raffermie\/#primaryimage"},"thumbnailUrl":"https:\/\/www.rbc.com\/fr\/economique\/wp-content\/uploads\/sites\/24\/2025\/11\/FG-WA.png","datePublished":"2026-08-21T17:55:48+00:00","dateModified":"2026-08-24T18:02:06+00:00","author":{"@id":"https:\/\/www.rbc.com\/fr\/economique\/#\/schema\/person\/109dd1bd3c90e818f8159356d46905ea"},"breadcrumb":{"@id":"https:\/\/www.rbc.com\/fr\/economique\/indications-prospectives\/la-croissance-economique-canadienne-a-rebondi-au-deuxieme-trimestre-tandis-que-la-demande-interieure-sest-raffermie\/#breadcrumb"},"inLanguage":"fr-FR","potentialAction":[{"@type":"ReadAction","target":["https:\/\/www.rbc.com\/fr\/economique\/indications-prospectives\/la-croissance-economique-canadienne-a-rebondi-au-deuxieme-trimestre-tandis-que-la-demande-interieure-sest-raffermie\/"]}]},{"@type":"ImageObject","inLanguage":"fr-FR","@id":"https:\/\/www.rbc.com\/fr\/economique\/indications-prospectives\/la-croissance-economique-canadienne-a-rebondi-au-deuxieme-trimestre-tandis-que-la-demande-interieure-sest-raffermie\/#primaryimage","url":"https:\/\/www.rbc.com\/fr\/economique\/wp-content\/uploads\/sites\/24\/2025\/11\/FG-WA.png","contentUrl":"https:\/\/www.rbc.com\/fr\/economique\/wp-content\/uploads\/sites\/24\/2025\/11\/FG-WA.png","width":3067,"height":1850},{"@type":"BreadcrumbList","@id":"https:\/\/www.rbc.com\/fr\/economique\/indications-prospectives\/la-croissance-economique-canadienne-a-rebondi-au-deuxieme-trimestre-tandis-que-la-demande-interieure-sest-raffermie\/#breadcrumb","itemListElement":[{"@type":"ListItem","position":1,"name":"Home","item":"https:\/\/www.rbc.com\/fr\/economique\/"},{"@type":"ListItem","position":2,"name":"La croissance \u00e9conomique canadienne a rebondi au deuxi\u00e8me trimestre, tandis que la demande int\u00e9rieure s\u2019est raffermie"}]},{"@type":"WebSite","@id":"https:\/\/www.rbc.com\/fr\/economique\/#website","url":"https:\/\/www.rbc.com\/fr\/economique\/","name":"RBC Economique","description":"","potentialAction":[{"@type":"SearchAction","target":{"@type":"EntryPoint","urlTemplate":"https:\/\/www.rbc.com\/fr\/economique\/?s={search_term_string}"},"query-input":{"@type":"PropertyValueSpecification","valueRequired":true,"valueName":"search_term_string"}}],"inLanguage":"fr-FR"},{"@type":"Person","@id":"https:\/\/www.rbc.com\/fr\/economique\/#\/schema\/person\/109dd1bd3c90e818f8159356d46905ea","name":"viktoriyapanahova","image":{"@type":"ImageObject","inLanguage":"fr-FR","@id":"https:\/\/secure.gravatar.com\/avatar\/885bcff339d33080f070ec9cbe77fcf3007653305ae17de7827e19af43e61913?s=96&d=mm&r=g","url":"https:\/\/secure.gravatar.com\/avatar\/885bcff339d33080f070ec9cbe77fcf3007653305ae17de7827e19af43e61913?s=96&d=mm&r=g","contentUrl":"https:\/\/secure.gravatar.com\/avatar\/885bcff339d33080f070ec9cbe77fcf3007653305ae17de7827e19af43e61913?s=96&d=mm&r=g","caption":"viktoriyapanahova"},"url":"https:\/\/www.rbc.com\/fr\/economique\/author\/viktoriyapanahova\/"}]}},"author_meta":{"display_name":"viktoriyapanahova","author_link":"https:\/\/www.rbc.com\/fr\/economique\/author\/viktoriyapanahova\/"},"featured_img":"https:\/\/www.rbc.com\/fr\/economique\/wp-content\/uploads\/sites\/24\/2025\/11\/FG-WA.png?quality=80&w=300","coauthors":[],"tax_additional":{"categories":{"linked":["<a href=\"https:\/\/www.rbc.com\/fr\/economique\/category\/indications-prospectives\/\" class=\"advgb-post-tax-term\">Indications prospectives<\/a>"],"unlinked":["<span class=\"advgb-post-tax-term\">Indications prospectives<\/span>"]},"tags":{"linked":["<a href=\"https:\/\/www.rbc.com\/fr\/economique\/category\/indications-prospectives\/\" class=\"advgb-post-tax-term\">Canada<\/a>","<a href=\"https:\/\/www.rbc.com\/fr\/economique\/category\/indications-prospectives\/\" class=\"advgb-post-tax-term\">\u00c9conomie<\/a>","<a href=\"https:\/\/www.rbc.com\/fr\/economique\/category\/indications-prospectives\/\" class=\"advgb-post-tax-term\">PIB<\/a>"],"unlinked":["<span class=\"advgb-post-tax-term\">Canada<\/span>","<span class=\"advgb-post-tax-term\">\u00c9conomie<\/span>","<span class=\"advgb-post-tax-term\">PIB<\/span>"]}},"comment_count":"0","relative_dates":{"created":"Publi\u00e9 1 semaine il y a","modified":"Mis \u00e0 jour 7 jours il y a"},"absolute_dates":{"created":"Publi\u00e9 le 21 ao\u00fbt 2026","modified":"Mise \u00e0 jour le 24 ao\u00fbt 2026"},"absolute_dates_time":{"created":"Publi\u00e9 le 21 ao\u00fbt 2026 5:55  ","modified":"Mise \u00e0 jour le 24 ao\u00fbt 2026 6:02  "},"featured_img_caption":"","series_order":"","jetpack_featured_media_url":"https:\/\/www.rbc.com\/fr\/economique\/wp-content\/uploads\/sites\/24\/2025\/11\/FG-WA.png","_links":{"self":[{"href":"https:\/\/www.rbc.com\/fr\/economique\/wp-json\/wp\/v2\/posts\/7009","targetHints":{"allow":["GET"]}}],"collection":[{"href":"https:\/\/www.rbc.com\/fr\/economique\/wp-json\/wp\/v2\/posts"}],"about":[{"href":"https:\/\/www.rbc.com\/fr\/economique\/wp-json\/wp\/v2\/types\/post"}],"author":[{"embeddable":true,"href":"https:\/\/www.rbc.com\/fr\/economique\/wp-json\/wp\/v2\/users\/318"}],"replies":[{"embeddable":true,"href":"https:\/\/www.rbc.com\/fr\/economique\/wp-json\/wp\/v2\/comments?post=7009"}],"version-history":[{"count":3,"href":"https:\/\/www.rbc.com\/fr\/economique\/wp-json\/wp\/v2\/posts\/7009\/revisions"}],"predecessor-version":[{"id":7012,"href":"https:\/\/www.rbc.com\/fr\/economique\/wp-json\/wp\/v2\/posts\/7009\/revisions\/7012"}],"wp:featuredmedia":[{"embeddable":true,"href":"https:\/\/www.rbc.com\/fr\/economique\/wp-json\/wp\/v2\/media\/2504"}],"wp:attachment":[{"href":"https:\/\/www.rbc.com\/fr\/economique\/wp-json\/wp\/v2\/media?parent=7009"}],"wp:term":[{"taxonomy":"category","embeddable":true,"href":"https:\/\/www.rbc.com\/fr\/economique\/wp-json\/wp\/v2\/categories?post=7009"},{"taxonomy":"post_tag","embeddable":true,"href":"https:\/\/www.rbc.com\/fr\/economique\/wp-json\/wp\/v2\/tags?post=7009"},{"taxonomy":"rbc_econ_content_type","embeddable":true,"href":"https:\/\/www.rbc.com\/fr\/economique\/wp-json\/wp\/v2\/rbc_econ_content_type?post=7009"}],"curies":[{"name":"wp","href":"https:\/\/api.w.org\/{rel}","templated":true}]}}