{"id":4716,"date":"2026-04-24T20:17:53","date_gmt":"2026-04-24T20:17:53","guid":{"rendered":"https:\/\/www.rbc.com\/fr\/economique\/?p=4716"},"modified":"2026-04-29T20:01:28","modified_gmt":"2026-04-29T20:01:28","slug":"tour-dhorizon-budgetaire-les-provinces-accentuent-le-deficit-avant-la-mise-a-jour-federale","status":"publish","type":"post","link":"https:\/\/www.rbc.com\/fr\/economique\/analyse-pour-le-canada\/previsions-provinciales-et-budgetaires\/tour-dhorizon-budgetaire-les-provinces-accentuent-le-deficit-avant-la-mise-a-jour-federale\/","title":{"rendered":"Tour d\u2019horizon budg\u00e9taire : Les provinces accentuent le d\u00e9ficit avant la mise \u00e0 jour f\u00e9d\u00e9rale"},"content":{"rendered":"\n<section class=\"wp-block-rbc-section-block  pos-rel\" style=\"border-radius:0px\">\n<div class=\"wp-block-rbc-section-inner-block  section-inner\" style=\"border-radius:0x\">\n<p>Deux fois par ann\u00e9e, nous consolidons les soldes budg\u00e9taires f\u00e9d\u00e9ral et provinciaux pour comprendre leur incidence sur l\u2019\u00e9conomie. En attendant de nouveaux chiffres f\u00e9d\u00e9raux dans la mise \u00e0 jour du printemps du 28&nbsp;avril pour une analyse compl\u00e8te, nous nous penchons sur la variation des pr\u00e9visions de d\u00e9ficit provincial par rapport aux budgets de 2026.<\/p>\n\n\n\n<ul class=\"wp-block-rbc-list is-style-chevron-list\">\n<li class=\"wp-block-rbc-list-item\">\n<p>Les projections de soldes provinciaux repr\u00e9sentent un d\u00e9ficit combin\u00e9 de 1,1&nbsp;% du produit int\u00e9rieur brut (PIB) en 2026-2027, ce qui est stable par rapport \u00e0 2025-2026, et d\u00e9passent de 0,6&nbsp;% du PIB les pr\u00e9visions de l\u2019automne. Un d\u00e9ficit combin\u00e9 plus \u00e9lev\u00e9 est \u00e9galement attendu pour 2027-2028 par rapport \u00e0 l\u2019automne.<\/p>\n<\/li>\n\n\n\n<li class=\"wp-block-rbc-list-item\">\n<p>L\u2019ajout de diverses \u00e9ventualit\u00e9s exclues entra\u00eenerait une hausse notable du d\u00e9ficit collectif.<\/p>\n<\/li>\n\n\n\n<li class=\"wp-block-rbc-list-item\">\n<p>Les prix \u00e9lev\u00e9s du p\u00e9trole d\u00e9coulant du conflit au Moyen-Orient pourraient faire passer le d\u00e9ficit de 1,8&nbsp;% du PIB d\u00e9clar\u00e9 par l\u2019Alberta en 2026-2027 \u00e0 un exc\u00e9dent de 1,2&nbsp;%.<\/p>\n<\/li>\n\n\n\n<li class=\"wp-block-rbc-list-item\">\n<p>Toutes les provinces ont enregistr\u00e9 des d\u00e9ficits plus \u00e9lev\u00e9s pour 2026-2027, \u00e0 l\u2019exception du Qu\u00e9bec, et la situation est semblable pour 2027-2028. L\u2019augmentation des d\u00e9penses de soins de sant\u00e9 pr\u00e9vues au budget a \u00e9t\u00e9 l\u2019un des principaux facteurs. Par ailleurs, les donn\u00e9es du Nouveau-Brunswick, de l\u2019\u00cele-du-Prince-\u00c9douard et de la Nouvelle-\u00c9cosse r\u00e9v\u00e8lent une d\u00e9t\u00e9rioration marqu\u00e9e de la situation budg\u00e9taire.<\/p>\n<\/li>\n<\/ul>\n\n\n\n<p>La mise \u00e0 jour f\u00e9d\u00e9rale r\u00e9v\u00e9lera si le d\u00e9ficit mensuel inf\u00e9rieur aux attentes pour 2025-2026 se traduit par une projection plus basse en 2025-2026, et comment cela se r\u00e9percute sur l\u2019ensemble des pr\u00e9visions.<\/p>\n\n\n\n<hr class=\"wp-block-separator has-alpha-channel-opacity is-style-wide wide\" \/>\n\n\n\n<div id=\"everviz-S6GnOuWtL\" class=\"everviz-S6GnOuWtL\" data-view=\"graph\"><\/div>\n\n\n\n<hr class=\"wp-block-separator has-alpha-channel-opacity is-style-wide wide\" \/>\n\n\n\n<h4 class=\"wp-block-heading has-rbc-bright-blue-color has-text-color has-link-color wp-elements-fd2794c173eee9bd5b053bbfc378f27f\" id=\"h-le-deficit-provincial-collectif-a-bondi-dans-ce-cycle-budgetaire\">Le d\u00e9ficit provincial collectif a bondi dans ce cycle budg\u00e9taire<\/h4>\n\n\n\n<p>Compte tenu du fait que neuf provinces sur dix ont d\u00e9clar\u00e9 des donn\u00e9es, le d\u00e9ficit provincial combin\u00e9 pour 2025-2026 \u2013 l\u2019exercice qui vient de se terminer \u2013 devrait s\u2019\u00e9tablir \u00e0 1,1&nbsp;% du PIB. Ce r\u00e9sultat est le m\u00eame que pour les estimations de l\u2019automne et il est similaire aux budgets de 2025 (chiffres arrondis \u00e0 la hausse <a href=\"https:\/\/www.rbc.com\/fr\/economique\/analyse-pour-le-canada\/analyse-en-vedette\/perspectives\/budget-canadien-lamelioration-de-la-croissance-et-le-report-des-depenses-reduiront-ils-laggravation-du-deficit\/\" target=\"_blank\" data-dig-id=\"LP-AnalysepourleCanada-Pr\u00e9visionsprovincialesetbudg\u00e9taires-4716-e6954019\" data-dig-category=\"LP-AnalysepourleCanada-Pr\u00e9visionsprovincialesetbudg\u00e9taires\" data-dig-action=\"link click\" data-dig-label=\"ici\" rel=\"noreferrer noopener\" class=\"rbc-link-format\">ici<\/a> et <a href=\"https:\/\/www.rbc.com\/fr\/economique\/analyse-pour-le-canada\/previsions-provinciales-et-budgetaires\/analyse-du-budget\/de-grandes-depenses-en-vue-les-depenses-federales-et-provinciales-du-canada-font-grimper-les-previsions-de-croissance\/\" target=\"_blank\" data-dig-id=\"LP-AnalysepourleCanada-Pr\u00e9visionsprovincialesetbudg\u00e9taires-4716-e6954019\" data-dig-category=\"LP-AnalysepourleCanada-Pr\u00e9visionsprovincialesetbudg\u00e9taires\" data-dig-action=\"link click\" data-dig-label=\"ici\" rel=\"noreferrer noopener\" class=\"rbc-link-format\">ici<\/a>).<\/p>\n\n\n\n<p>Toutefois, l\u2019\u00e9quilibre budg\u00e9taire collectif s\u2019est \u00e9rod\u00e9 au cours des ann\u00e9es subs\u00e9quentes, le d\u00e9ficit ayant augment\u00e9 de 0,6&nbsp;% du PIB en 2026-2027 et en 2027-2028 par rapport aux pr\u00e9visions de l\u2019automne. Par cons\u00e9quent, le d\u00e9ficit provincial collectif (apr\u00e8s \u00e9limination des provisions pour \u00e9ventualit\u00e9s) devrait rester inchang\u00e9 sur 12&nbsp;mois en 2026-2027, \u00e0 1,1&nbsp;% du PIB, avant de tomber \u00e0 0,6&nbsp;% en 2027-2028 et \u00e0 0,3&nbsp;% en 2028-2029, soit la derni\u00e8re ann\u00e9e de pr\u00e9vision disponible pour toutes les provinces.<\/p>\n\n\n\n<p>Ces chiffres excluent de l\u2019\u00e9quilibre budg\u00e9taire les r\u00e9serves, les \u00e9ventualit\u00e9s et les autres d\u00e9ductions non affect\u00e9es (les \u00ab&nbsp;\u00e9ventualit\u00e9s&nbsp;\u00bb), car ils peuvent fausser les comparaisons.<\/p>\n\n\n\n<p>Le budget pr\u00e9voit d\u2019importantes augmentations des provisions pour \u00e9ventualit\u00e9s \u2013 augmentation du d\u00e9ficit de pr\u00e8s de 1&nbsp;% du PIB en 2026-2027 et 2027-2028 si l\u2019on tient compte de ces montants. En cas de r\u00e9alisation, les d\u00e9ficits provinciaux en pourcentage de l\u2019\u00e9conomie augmenteraient cette ann\u00e9e, comparativement au profil stable pr\u00e9vu en ce moment.<\/p>\n\n\n\n<div class=\"wp-block-rbc-rbc-default-collapsible\"><p><button class=\"collapse-toggle collapsed\" data-target=\"#collapse7d8bf610\" data-toggle=\"collapse\" aria-expanded=\"false\" aria-controls=\"collapse7d8bf610\" data-dig-id=\"LP-AnalysepourleCanada-Pr\u00e9visionsprovincialesetbudg\u00e9taires-4716-7d8bf610\" data-dig-category=\"LP-AnalysepourleCanada-Pr\u00e9visionsprovincialesetbudg\u00e9taires\" data-dig-action=\"accordion closed\" action-closed=\"accordion closed\" action-opened=\"accordion open\" data-dig-label=\"\u2018\u00c9ventualit\u00e9s\u2019\"><div>\u2018\u00c9ventualit\u00e9s\u2019<\/div><\/button><\/p><div class=\"collapse-content collapse\" id=\"collapse7d8bf610\">\n<div class=\"wp-block-rbc-collapsible-inner-block collapse-inner\">\n<section class=\"wp-block-rbc-section-block  pos-rel\" style=\"border-radius:0px\">\n<div class=\"wp-block-rbc-section-inner-block inner-section-ocean section-inner  has-e-4-eeff-background-color has-background\" style=\"border-radius:0x\">\n<p>Environ le quart repr\u00e9sente les contributions du Qu\u00e9bec \u00e0 son Fonds des g\u00e9n\u00e9rations, qui sont consolid\u00e9es avec les finances provinciales selon les normes comptables applicables. D\u2019autres montants peuvent correspondre \u00e0 des pressions soup\u00e7onn\u00e9es \u00e0 l\u2019int\u00e9rieur du gouvernement, mais leur utilisation a \u00e9t\u00e9 difficile au cours des derni\u00e8res ann\u00e9es. Ces montants sont omis aux fins d\u2019analyse, d\u2019autant plus qu\u2019ils varient consid\u00e9rablement d\u2019une province et d\u2019une ann\u00e9e \u00e0 l\u2019autre.<\/p>\n<\/div>\n<\/section>\n<\/div>\n<\/div><\/div>\n\n\n\n<h4 class=\"wp-block-heading has-rbc-bright-blue-color has-text-color has-link-color wp-elements-b37aed2c4cc781d61b3c10e285456b06\" id=\"h-les-prix-eleves-du-petrole-pourraient-presque-annuler-la-revision-a-la-hausse-du-deficit-collectif-pour-2026-2027\">Les prix \u00e9lev\u00e9s du p\u00e9trole pourraient presque annuler la r\u00e9vision \u00e0 la hausse du d\u00e9ficit collectif pour 2026-2027<\/h4>\n\n\n\n<p>Budget assumptions were largely set before the Middle East conflict, but high oil prices could improve Alberta\u2019s fiscal balance enough to leave the collective 2026-27 deficit much lower\u2014closer to fall projections at only 0.6% of GDP versus 1.1% noted above (no contingencies).<\/p>\n\n\n\n<p>This is an example of the large distributional effects of oil price shocks on the Canadian economy even as the current shock is likely to be relatively neutral on growth in aggregate, at this time.<\/p>\n\n\n\n<p>L\u2019Alberta a fait \u00e9tat d\u2019une importante \u00e9rosion de son solde de 2026-2027 dans son budget de 2026, notamment en supposant que le p\u00e9trole West Texas Intermediate n\u2019atteindrait en moyenne que 61&nbsp;$ US le baril. Selon <a href=\"https:\/\/www.rbc.com\/en\/economics\/canadian-analysis\/featured-analysis\/quarterly-canadian-outlook\/quarterly-canadian-outlook-more-cautious-optimism-amid-structural-shifts\/\" data-dig-id=\"LP-AnalysepourleCanada-Pr\u00e9visionsprovincialesetbudg\u00e9taires-4716-e6954019\" data-dig-category=\"LP-AnalysepourleCanada-Pr\u00e9visionsprovincialesetbudg\u00e9taires\" data-dig-action=\"link click\" data-dig-label=\"nos pr\u00e9visions actuelles\" class=\"rbc-link-format\">nos pr\u00e9visions actuelles<\/a><sup>1<\/sup>, il s\u2019\u00e9tablirait en moyenne \u00e0 pr\u00e8s de 80&nbsp;$ US en 2026-2027 avant de revenir pr\u00e8s des pr\u00e9visions ant\u00e9rieures en 2027-2028. Selon les sensibilit\u00e9s budg\u00e9taires publi\u00e9es par l\u2019Alberta, cela pourrait rapporter 13&nbsp;milliards de dollars suppl\u00e9mentaires en un an, ce qui jouerait un r\u00f4le de premier plan dans la r\u00e9vision du d\u00e9ficit pr\u00e9vu au budget de 2026-2027 \u00e0 un exc\u00e9dent potentiel de 1,2&nbsp;%. La Saskatchewan et Terre-Neuve pourraient \u00e9galement conna\u00eetre (beaucoup) de petites am\u00e9liorations.<\/p>\n\n\n\n<p>L\u2019harmonisation des soldes provinciaux avec une pr\u00e9vision commune (Services \u00e9conomiques RBC) du PIB nominal se traduit par d\u2019autres petits \u00e9carts \u2013 baisse du d\u00e9ficit de l\u2019Alberta et hausse du d\u00e9ficit de la Colombie-Britannique \u2013 qui produisent de modestes variations globales<sup data-fn=\"9bbc5edf-5b53-439e-a6c4-2636faec0326\" class=\"fn\"><a href=\"#9bbc5edf-5b53-439e-a6c4-2636faec0326\" id=\"9bbc5edf-5b53-439e-a6c4-2636faec0326-link\">1<\/a><\/sup>.<\/p>\n\n\n\n<hr class=\"wp-block-separator has-alpha-channel-opacity is-style-wide wide\" \/>\n\n\n\n<figure data-wp-context=\"{&quot;imageId&quot;:&quot;69f5e6fc7a3e8&quot;}\" data-wp-interactive=\"core\/image\" data-wp-key=\"69f5e6fc7a3e8\" class=\"wp-block-image size-full wp-lightbox-container\"><img loading=\"lazy\" decoding=\"async\" width=\"3257\" height=\"2040\" data-wp-class--hide=\"state.isContentHidden\" data-wp-class--show=\"state.isContentVisible\" data-wp-init=\"callbacks.setButtonStyles\" data-wp-on--click=\"actions.showLightbox\" data-wp-on--load=\"callbacks.setButtonStyles\" data-wp-on-window--resize=\"callbacks.setButtonStyles\" src=\"https:\/\/www.rbc.com\/fr\/economique\/wp-content\/uploads\/sites\/24\/2026\/04\/Design-chart.png?quality=80\" alt=\"\" class=\"wp-image-4773\" srcset=\"https:\/\/www.rbc.com\/fr\/economique\/wp-content\/uploads\/sites\/24\/2026\/04\/Design-chart.png 3257w, https:\/\/www.rbc.com\/fr\/economique\/wp-content\/uploads\/sites\/24\/2026\/04\/Design-chart.png?resize=300,188 300w, https:\/\/www.rbc.com\/fr\/economique\/wp-content\/uploads\/sites\/24\/2026\/04\/Design-chart.png?resize=768,481 768w, https:\/\/www.rbc.com\/fr\/economique\/wp-content\/uploads\/sites\/24\/2026\/04\/Design-chart.png?resize=1024,641 1024w, https:\/\/www.rbc.com\/fr\/economique\/wp-content\/uploads\/sites\/24\/2026\/04\/Design-chart.png?resize=1536,962 1536w, https:\/\/www.rbc.com\/fr\/economique\/wp-content\/uploads\/sites\/24\/2026\/04\/Design-chart.png?resize=2048,1283 2048w\" sizes=\"auto, (max-width: 3257px) 100vw, 3257px\" \/><button\n\t\t\tclass=\"lightbox-trigger\"\n\t\t\ttype=\"button\"\n\t\t\taria-haspopup=\"dialog\"\n\t\t\taria-label=\"Enlarge\"\n\t\t\tdata-wp-init=\"callbacks.initTriggerButton\"\n\t\t\tdata-wp-on--click=\"actions.showLightbox\"\n\t\t\tdata-wp-style--right=\"state.imageButtonRight\"\n\t\t\tdata-wp-style--top=\"state.imageButtonTop\"\n\t\t>\n\t\t\t<svg xmlns=\"http:\/\/www.w3.org\/2000\/svg\" width=\"12\" height=\"12\" fill=\"none\" viewBox=\"0 0 12 12\">\n\t\t\t\t<path fill=\"#fff\" d=\"M2 0a2 2 0 0 0-2 2v2h1.5V2a.5.5 0 0 1 .5-.5h2V0H2Zm2 10.5H2a.5.5 0 0 1-.5-.5V8H0v2a2 2 0 0 0 2 2h2v-1.5ZM8 12v-1.5h2a.5.5 0 0 0 .5-.5V8H12v2a2 2 0 0 1-2 2H8Zm2-12a2 2 0 0 1 2 2v2h-1.5V2a.5.5 0 0 0-.5-.5H8V0h2Z\" \/>\n\t\t\t<\/svg>\n\t\t<\/button><\/figure>\n\n\n\n<hr class=\"wp-block-separator has-alpha-channel-opacity is-style-wide wide\" \/>\n\n\n\n<h4 class=\"wp-block-heading has-rbc-bright-blue-color has-text-color has-link-color wp-elements-9293fca213d8272eef6c3172c8deac1e\" id=\"h-les-depenses-en-soins-de-sante-sont-le-principal-facteur-de-la-hausse-des-deficits\">Les d\u00e9penses en soins de sant\u00e9 sont le principal facteur de la hausse des d\u00e9ficits<\/h4>\n\n\n\n<p>Mis \u00e0 part la version r\u00e9vis\u00e9e de l\u2019Alberta, toutes les provinces d\u00e9clarantes ont r\u00e9vis\u00e9 \u00e0 la hausse leurs d\u00e9ficits pour 2026-2027 (aucune \u00e9ventualit\u00e9), \u00e0 l\u2019exception du Qu\u00e9bec, et la situation est semblable pour 2027-2028.<\/p>\n\n\n\n<section class=\"wp-block-rbc-rbc-tabs-block aligncenter  section-tabs full-width tabs-scroll is-style-default\" id=\"Canadian-income-quintiles\" aria-label=\"Section Tabs\"><div class=\"section-inner \"><ul class=\"tab-nav \" role=\"tablist\"><li role=\"presentation\"><a href=\"#section-content-16f2699a\" id=\"section-tab-16f2699a\" role=\"tab\" data-toggle=\"tab\" data-bs-toggle=\"tab\" data-bs-target=\"#section-content-16f2699a\" aria-controls=\"section-content-16f2699a\" aria-selected=\"false\" data-dig-id=\"LP-AnalysepourleCanada-Pr\u00e9visionsprovincialesetbudg\u00e9taires-4716-16f2699a\" data-dig-category=\"LP-AnalysepourleCanada-Pr\u00e9visionsprovincialesetbudg\u00e9taires\" data-dig-action=\"tab select\" data-dig-label=\"2026-27\">2026-27<\/a><\/li><li role=\"presentation\"><a href=\"#section-content-2fa9df2f\" id=\"section-tab-2fa9df2f\" role=\"tab\" data-toggle=\"tab\" data-bs-toggle=\"tab\" data-bs-target=\"#section-content-2fa9df2f\" aria-controls=\"section-content-2fa9df2f\" aria-selected=\"false\" data-dig-id=\"LP-AnalysepourleCanada-Pr\u00e9visionsprovincialesetbudg\u00e9taires-4716-2fa9df2f\" data-dig-category=\"LP-AnalysepourleCanada-Pr\u00e9visionsprovincialesetbudg\u00e9taires\" data-dig-action=\"tab select\" data-dig-label=\"2027-28\">2027-28<\/a><\/li><\/ul><div class=\"tab-ctrl\"><button class=\"tabs-prev hidden\"><span class=\"offscreen\">Go to previous tab<\/span><\/button><button class=\"tabs-next\"><span class=\"offscreen\">Go to next tab<\/span><\/button><\/div><div class=\"tab-content\">\n<div class=\"wp-block-rbc-rbc-tab-content\"><div role=\"tabpanel\" class=\"tab-pane\" aria-labelledby=\"section-tab-16f2699a\" id=\"section-content-16f2699a\" tabindex=\"0\">\n<div id=\"everviz-xwoeB-Y_w\" class=\"everviz-xwoeB-Y_w\" data-view=\"graph\"><\/div>\n<\/div><\/div>\n\n\n\n<div class=\"wp-block-rbc-rbc-tab-content\"><div role=\"tabpanel\" class=\"tab-pane\" aria-labelledby=\"section-tab-2fa9df2f\" id=\"section-content-2fa9df2f\" tabindex=\"0\">\n<div id=\"everviz-kGYFpfnFz\" class=\"everviz-kGYFpfnFz\" data-view=\"graph\"><\/div>\n<\/div><\/div>\n<\/div><\/div><\/section>\n\n\n\n<p>Les facteurs sont nuanc\u00e9s pour chaque province, mais dans l\u2019ensemble, la hausse des d\u00e9penses de soins de sant\u00e9 a \u00e9t\u00e9 la principale raison de l\u2019\u00e9rosion des soldes budg\u00e9taires. Cette tendance a contribu\u00e9 \u00e0 hauteur de plus de 100&nbsp;% de l\u2019augmentation combin\u00e9e du d\u00e9ficit des quatre grandes provinces, l\u2019Alberta et l\u2019Ontario en t\u00eate.<\/p>\n\n\n\n<p>Comme pour certaines d\u00e9penses en \u00e9ducation, les niveaux \u00e9lev\u00e9s refl\u00e8tent probablement les vestiges d\u2019une immigration exceptionnellement \u00e9lev\u00e9e au cours des derni\u00e8res ann\u00e9es, m\u00eame si nous avons soulign\u00e9 <a href=\"https:\/\/www.rbc.com\/fr\/economique\/analyse-pour-le-canada\/analyse-en-vedette\/perspectives\/le-canada-fait-face-a-un-pic-de-vieillissement-alors-que-les-derniers-baby-boomers-partent-a-la-retraite-et-que-la-croissance-demographique-ralentit\/\">auparavant<\/a> que les provinces en sont encore aux premiers jours de la hausse des co\u00fbts des soins de sant\u00e9 attribuable aux baby-boomers. Comme compensation partielle, la hausse des recettes n\u2019a \u00e9t\u00e9 que peu b\u00e9n\u00e9fique, la baisse des d\u00e9penses dans d\u2019autres cat\u00e9gories \u00e9tant plus importante.<\/p>\n\n\n\n<hr class=\"wp-block-separator has-alpha-channel-opacity is-style-wide wide\" \/>\n\n\n\n<div id=\"everviz-uicmP9njd\" class=\"everviz-uicmP9njd\" data-view=\"graph\"><\/div>\n\n\n\n<hr class=\"wp-block-separator has-alpha-channel-opacity is-style-wide wide\" \/>\n\n\n\n<h4 class=\"wp-block-heading has-rbc-bright-blue-color has-text-color has-link-color wp-elements-dc365b9e7815d2e65edd092aa4b08a22\" id=\"h-les-provinces-de-l-atlantique-connaissent-une-deterioration-marquee-de-leurs-finances\">Les provinces de l\u2019Atlantique connaissent une d\u00e9t\u00e9rioration marqu\u00e9e de leurs finances<\/h4>\n\n\n\n<p>Le Nouveau-Brunswick, l\u2019\u00cele-du-Prince-\u00c9douard et la Nouvelle-\u00c9cosse ont enregistr\u00e9 le plus important bond du d\u00e9ficit en pourcentage de l\u2019\u00e9conomie par rapport aux pr\u00e9visions de l\u2019automne. La hausse des d\u00e9penses en soins de sant\u00e9 a jou\u00e9 un r\u00f4le cl\u00e9 dans ces r\u00e9visions. Fait important, les trois pr\u00e9voient des d\u00e9ficits de plus de 1&nbsp;% du PIB d\u2019ici la fin de la p\u00e9riode de pr\u00e9visions en 2028-2029.<\/p>\n\n\n\n<p>Par cons\u00e9quent, les budgets de 2026 int\u00e8grent des augmentations tr\u00e8s importantes du ratio de la dette nette au PIB par rapport \u00e0 2024-2025. Ces provinces avaient d\u00e9j\u00e0 un fardeau de la dette plus \u00e9lev\u00e9 que la moyenne.<\/p>\n\n\n\n<section class=\"wp-block-rbc-rbc-tabs-block alignfull  section-tabs full-width tabs-scroll is-style-default\" aria-label=\"Section Tabs\"><div class=\"section-inner \"><ul class=\"tab-nav \" role=\"tablist\"><li role=\"presentation\"><a href=\"#section-content-66a940e9\" id=\"section-tab-66a940e9\" role=\"tab\" data-toggle=\"tab\" data-bs-toggle=\"tab\" data-bs-target=\"#section-content-66a940e9\" aria-controls=\"section-content-66a940e9\" aria-selected=\"false\" data-dig-id=\"LP-AnalysepourleCanada-Pr\u00e9visionsprovincialesetbudg\u00e9taires-4716-66a940e9\" data-dig-category=\"LP-AnalysepourleCanada-Pr\u00e9visionsprovincialesetbudg\u00e9taires\" data-dig-action=\"tab select\" data-dig-label=\"Deficits\">Deficits<\/a><\/li><li role=\"presentation\"><a href=\"#section-content-c4e8afbc\" id=\"section-tab-c4e8afbc\" role=\"tab\" data-toggle=\"tab\" data-bs-toggle=\"tab\" data-bs-target=\"#section-content-c4e8afbc\" aria-controls=\"section-content-c4e8afbc\" aria-selected=\"false\" data-dig-id=\"LP-AnalysepourleCanada-Pr\u00e9visionsprovincialesetbudg\u00e9taires-4716-c4e8afbc\" data-dig-category=\"LP-AnalysepourleCanada-Pr\u00e9visionsprovincialesetbudg\u00e9taires\" data-dig-action=\"tab select\" data-dig-label=\"Debt\">Debt<\/a><\/li><\/ul><div class=\"tab-ctrl\"><button class=\"tabs-prev hidden\"><span class=\"offscreen\">Go to previous tab<\/span><\/button><button class=\"tabs-next\"><span class=\"offscreen\">Go to next tab<\/span><\/button><\/div><div class=\"tab-content\">\n<div class=\"wp-block-rbc-rbc-tab-content\"><div role=\"tabpanel\" class=\"tab-pane show active\" aria-labelledby=\"section-tab-66a940e9\" id=\"section-content-66a940e9\" tabindex=\"0\">\n<div id=\"everviz-4iT6os1zs\" class=\"everviz-4iT6os1zs\" data-view=\"graph\"><\/div>\n<\/div><\/div>\n\n\n\n<div class=\"wp-block-rbc-rbc-tab-content\"><div role=\"tabpanel\" class=\"tab-pane\" aria-labelledby=\"section-tab-c4e8afbc\" id=\"section-content-c4e8afbc\" tabindex=\"0\">\n<div id=\"everviz-b1iN2C_Fn\" class=\"everviz-b1iN2C_Fn\" data-view=\"graph\"><\/div>\n<\/div><\/div>\n<\/div><\/div><\/section>\n\n\n\n<h4 class=\"wp-block-heading has-rbc-bright-blue-color has-text-color has-link-color wp-elements-98d0971104fd8339dc01266f3d4d4537\" id=\"h-portrait-complet-a-venir-avec-les-donnees-federales-et-celles-de-terre-neuve\">Portrait complet \u00e0 venir avec les donn\u00e9es f\u00e9d\u00e9rales et celles de Terre-Neuve<\/h4>\n\n\n\n<p>\u00c0 l\u2019automne, l\u2019\u00e9quilibre budg\u00e9taire combin\u00e9 des gouvernements f\u00e9d\u00e9ral et provinciaux semblait annoncer un d\u00e9ficit total de 3,5&nbsp;% du PIB (sans \u00e9ventualit\u00e9s) en 2025-2026 \u2013 l\u2019exercice qui vient de se terminer \u2013 avant de diminuer, mais en demeurant \u00e0 des niveaux \u00e9lev\u00e9s. Les importants d\u00e9ficits f\u00e9d\u00e9raux du budget de 2025 ont repr\u00e9sent\u00e9 plus de 70&nbsp;% du solde total pour les ann\u00e9es de pr\u00e9visions.<\/p>\n\n\n\n<p>Les budgets provinciaux devraient maintenant enregistrer des d\u00e9ficits plus \u00e9lev\u00e9s que pr\u00e9vu au cours des prochaines ann\u00e9es, mais il est possible que des changements plus importants soient apport\u00e9s du c\u00f4t\u00e9 f\u00e9d\u00e9ral.<\/p>\n\n\n\n<p>D\u2019apr\u00e8s les r\u00e9sultats \u00e0 ce jour pour 2025-2026 (10 mois sur 12), le d\u00e9ficit f\u00e9d\u00e9ral est nettement inf\u00e9rieur au budget, soit environ 1&nbsp;% du PIB comparativement \u00e0 2,4&nbsp;% pr\u00e9vu. Une \u00e9conomie canadienne \u00e9tonnamment r\u00e9siliente a fait grimper les recettes, en particulier l\u2019imp\u00f4t des soci\u00e9t\u00e9s, mais comme les perspectives n\u2019ont pas beaucoup chang\u00e9, des d\u00e9penses inf\u00e9rieures aux pr\u00e9visions sont \u00e9galement en jeu.<\/p>\n\n\n\n<p>La mise \u00e0 jour du printemps tiendra probablement compte d\u2019un taux de d\u00e9penses plus \u00e9lev\u00e9 pour les derniers mois de l\u2019ann\u00e9e, avec un ajout important \u00e0 la fin de l\u2019ann\u00e9e en raison des provisions pour \u00e9ventualit\u00e9s afin de se rapprocher des chiffres budg\u00e9taires. Notre estimation du d\u00e9ficit pour l\u2019ensemble de l\u2019ann\u00e9e&nbsp;2025-2026 est inf\u00e9rieure \u00e0 2&nbsp;% du PIB.<\/p>\n\n\n\n<p>La principale question est de savoir comment les \u00e9v\u00e9nements de 2025-2026 se traduiront dans les pr\u00e9visions de d\u00e9ficit pour l\u2019ann\u00e9e en cours. Une partie de la hausse des recettes et du ralentissement des d\u00e9penses devrait se r\u00e9percuter sur l\u2019ensemble des pr\u00e9visions, mais le ralentissement de la mise en \u0153uvre des mesures pr\u00e9c\u00e9dentes et les autres pressions sur les d\u00e9penses devraient amener \u00e0 r\u00e9affecter une part importante des fonds.<\/p>\n\n\n\n<hr class=\"wp-block-separator has-alpha-channel-opacity is-style-wide wide\" \/>\n\n\n\n<p class=\"has-text-align-center\"><strong><strong>\u00c0 propos de l\u2019auteur<\/strong><\/strong>:<\/p>\n\n\n\n<p><strong>Cynthia Leach<\/strong>&nbsp;<em>est \u00e9conomiste en chef adjointe \u00e0 RBC et responsable de l\u2019analyse \u00e9conomique et politique structurelle de l\u2019\u00e9quipe. Elle a rejoint l\u2019\u00e9quipe en&nbsp;2020.<\/em><\/p>\n\n\n\n<hr class=\"wp-block-separator has-alpha-channel-opacity is-style-wide wide\" \/>\n<\/div>\n<\/section>\n\n\n","protected":false},"excerpt":{"rendered":"","protected":false},"author":318,"featured_media":1360,"comment_status":"open","ping_status":"open","sticky":false,"template":"","format":"standard","meta":{"_acf_changed":false,"advgb_blocks_editor_width":"","advgb_blocks_columns_visual_guide":"","footnotes":"[]"},"categories":[71,78],"tags":[88,14],"rbc_econ_content_type":[],"class_list":["post-4716","post","type-post","status-publish","format-standard","has-post-thumbnail","hentry","category-analyse-pour-le-canada","category-previsions-provinciales-et-budgetaires","tag-canada","tag-economie"],"acf":[],"yoast_head":"<!-- This site is optimized with the Yoast SEO Premium plugin v27.4 (Yoast SEO v27.4) - https:\/\/yoast.com\/product\/yoast-seo-premium-wordpress\/ -->\n<title>Tour d\u2019horizon budg\u00e9taire : Les provinces accentuent le d\u00e9ficit avant la mise \u00e0 jour f\u00e9d\u00e9rale - RBC Economique<\/title>\n<meta name=\"robots\" content=\"index, follow, max-snippet:-1, max-image-preview:large, max-video-preview:-1\" \/>\n<link rel=\"canonical\" href=\"https:\/\/www.rbc.com\/fr\/economique\/analyse-pour-le-canada\/previsions-provinciales-et-budgetaires\/tour-dhorizon-budgetaire-les-provinces-accentuent-le-deficit-avant-la-mise-a-jour-federale\/\" \/>\n<meta property=\"og:locale\" content=\"fr_FR\" \/>\n<meta property=\"og:type\" content=\"article\" \/>\n<meta property=\"og:title\" content=\"Tour d\u2019horizon budg\u00e9taire : Les provinces accentuent le d\u00e9ficit avant la mise \u00e0 jour f\u00e9d\u00e9rale\" \/>\n<meta property=\"og:url\" content=\"https:\/\/www.rbc.com\/fr\/economique\/analyse-pour-le-canada\/previsions-provinciales-et-budgetaires\/tour-dhorizon-budgetaire-les-provinces-accentuent-le-deficit-avant-la-mise-a-jour-federale\/\" \/>\n<meta property=\"og:site_name\" content=\"RBC Economique\" \/>\n<meta property=\"article:published_time\" content=\"2026-04-24T20:17:53+00:00\" \/>\n<meta property=\"article:modified_time\" content=\"2026-04-29T20:01:28+00:00\" \/>\n<meta name=\"author\" content=\"viktoriyapanahova\" \/>\n<meta name=\"twitter:card\" content=\"summary_large_image\" \/>\n<meta name=\"twitter:image\" content=\"https:\/\/www.rbc.com\/fr\/economique\/wp-content\/uploads\/sites\/24\/\/2025\/06\/Generic-Compressed.png?quality=80\" \/>\n<meta name=\"twitter:label1\" content=\"Written by\" \/>\n\t<meta name=\"twitter:data1\" content=\"viktoriyapanahova\" \/>\n\t<meta name=\"twitter:label2\" content=\"Est. reading time\" \/>\n\t<meta name=\"twitter:data2\" content=\"8 minutes\" \/>\n<script type=\"application\/ld+json\" class=\"yoast-schema-graph\">{\"@context\":\"https:\\\/\\\/schema.org\",\"@graph\":[{\"@type\":\"Article\",\"@id\":\"https:\\\/\\\/www.rbc.com\\\/fr\\\/economique\\\/analyse-pour-le-canada\\\/previsions-provinciales-et-budgetaires\\\/tour-dhorizon-budgetaire-les-provinces-accentuent-le-deficit-avant-la-mise-a-jour-federale\\\/#article\",\"isPartOf\":{\"@id\":\"https:\\\/\\\/www.rbc.com\\\/fr\\\/economique\\\/analyse-pour-le-canada\\\/previsions-provinciales-et-budgetaires\\\/tour-dhorizon-budgetaire-les-provinces-accentuent-le-deficit-avant-la-mise-a-jour-federale\\\/\"},\"author\":{\"name\":\"viktoriyapanahova\",\"@id\":\"https:\\\/\\\/www.rbc.com\\\/fr\\\/economique\\\/#\\\/schema\\\/person\\\/109dd1bd3c90e818f8159356d46905ea\"},\"headline\":\"Tour d\u2019horizon budg\u00e9taire : Les provinces accentuent le d\u00e9ficit avant la mise \u00e0 jour f\u00e9d\u00e9rale\",\"datePublished\":\"2026-04-24T20:17:53+00:00\",\"dateModified\":\"2026-04-29T20:01:28+00:00\",\"mainEntityOfPage\":{\"@id\":\"https:\\\/\\\/www.rbc.com\\\/fr\\\/economique\\\/analyse-pour-le-canada\\\/previsions-provinciales-et-budgetaires\\\/tour-dhorizon-budgetaire-les-provinces-accentuent-le-deficit-avant-la-mise-a-jour-federale\\\/\"},\"wordCount\":1656,\"commentCount\":0,\"image\":{\"@id\":\"https:\\\/\\\/www.rbc.com\\\/fr\\\/economique\\\/analyse-pour-le-canada\\\/previsions-provinciales-et-budgetaires\\\/tour-dhorizon-budgetaire-les-provinces-accentuent-le-deficit-avant-la-mise-a-jour-federale\\\/#primaryimage\"},\"thumbnailUrl\":\"https:\\\/\\\/www.rbc.com\\\/fr\\\/economique\\\/wp-content\\\/uploads\\\/sites\\\/24\\\/\\\/2025\\\/06\\\/Generic-Compressed.png?quality=80\",\"keywords\":[\"Canada\",\"\u00c9conomie\"],\"articleSection\":[\"Analyse pour le Canada\",\"Pr\u00e9visions provinciales et budg\u00e9taires\"],\"inLanguage\":\"fr-FR\",\"potentialAction\":[{\"@type\":\"CommentAction\",\"name\":\"Comment\",\"target\":[\"https:\\\/\\\/www.rbc.com\\\/fr\\\/economique\\\/analyse-pour-le-canada\\\/previsions-provinciales-et-budgetaires\\\/tour-dhorizon-budgetaire-les-provinces-accentuent-le-deficit-avant-la-mise-a-jour-federale\\\/#respond\"]}]},{\"@type\":\"WebPage\",\"@id\":\"https:\\\/\\\/www.rbc.com\\\/fr\\\/economique\\\/analyse-pour-le-canada\\\/previsions-provinciales-et-budgetaires\\\/tour-dhorizon-budgetaire-les-provinces-accentuent-le-deficit-avant-la-mise-a-jour-federale\\\/\",\"url\":\"https:\\\/\\\/www.rbc.com\\\/fr\\\/economique\\\/analyse-pour-le-canada\\\/previsions-provinciales-et-budgetaires\\\/tour-dhorizon-budgetaire-les-provinces-accentuent-le-deficit-avant-la-mise-a-jour-federale\\\/\",\"name\":\"Tour d\u2019horizon budg\u00e9taire : Les provinces accentuent le d\u00e9ficit avant la mise \u00e0 jour f\u00e9d\u00e9rale - RBC Economique\",\"isPartOf\":{\"@id\":\"https:\\\/\\\/www.rbc.com\\\/fr\\\/economique\\\/#website\"},\"primaryImageOfPage\":{\"@id\":\"https:\\\/\\\/www.rbc.com\\\/fr\\\/economique\\\/analyse-pour-le-canada\\\/previsions-provinciales-et-budgetaires\\\/tour-dhorizon-budgetaire-les-provinces-accentuent-le-deficit-avant-la-mise-a-jour-federale\\\/#primaryimage\"},\"image\":{\"@id\":\"https:\\\/\\\/www.rbc.com\\\/fr\\\/economique\\\/analyse-pour-le-canada\\\/previsions-provinciales-et-budgetaires\\\/tour-dhorizon-budgetaire-les-provinces-accentuent-le-deficit-avant-la-mise-a-jour-federale\\\/#primaryimage\"},\"thumbnailUrl\":\"https:\\\/\\\/www.rbc.com\\\/fr\\\/economique\\\/wp-content\\\/uploads\\\/sites\\\/24\\\/\\\/2025\\\/06\\\/Generic-Compressed.png?quality=80\",\"datePublished\":\"2026-04-24T20:17:53+00:00\",\"dateModified\":\"2026-04-29T20:01:28+00:00\",\"author\":{\"@id\":\"https:\\\/\\\/www.rbc.com\\\/fr\\\/economique\\\/#\\\/schema\\\/person\\\/109dd1bd3c90e818f8159356d46905ea\"},\"breadcrumb\":{\"@id\":\"https:\\\/\\\/www.rbc.com\\\/fr\\\/economique\\\/analyse-pour-le-canada\\\/previsions-provinciales-et-budgetaires\\\/tour-dhorizon-budgetaire-les-provinces-accentuent-le-deficit-avant-la-mise-a-jour-federale\\\/#breadcrumb\"},\"inLanguage\":\"fr-FR\",\"potentialAction\":[{\"@type\":\"ReadAction\",\"target\":[\"https:\\\/\\\/www.rbc.com\\\/fr\\\/economique\\\/analyse-pour-le-canada\\\/previsions-provinciales-et-budgetaires\\\/tour-dhorizon-budgetaire-les-provinces-accentuent-le-deficit-avant-la-mise-a-jour-federale\\\/\"]}]},{\"@type\":\"ImageObject\",\"inLanguage\":\"fr-FR\",\"@id\":\"https:\\\/\\\/www.rbc.com\\\/fr\\\/economique\\\/analyse-pour-le-canada\\\/previsions-provinciales-et-budgetaires\\\/tour-dhorizon-budgetaire-les-provinces-accentuent-le-deficit-avant-la-mise-a-jour-federale\\\/#primaryimage\",\"url\":\"https:\\\/\\\/www.rbc.com\\\/fr\\\/economique\\\/wp-content\\\/uploads\\\/sites\\\/24\\\/\\\/2025\\\/06\\\/Generic-Compressed.png?quality=80\",\"contentUrl\":\"https:\\\/\\\/www.rbc.com\\\/fr\\\/economique\\\/wp-content\\\/uploads\\\/sites\\\/24\\\/\\\/2025\\\/06\\\/Generic-Compressed.png?quality=80\",\"width\":6134,\"height\":3700},{\"@type\":\"BreadcrumbList\",\"@id\":\"https:\\\/\\\/www.rbc.com\\\/fr\\\/economique\\\/analyse-pour-le-canada\\\/previsions-provinciales-et-budgetaires\\\/tour-dhorizon-budgetaire-les-provinces-accentuent-le-deficit-avant-la-mise-a-jour-federale\\\/#breadcrumb\",\"itemListElement\":[{\"@type\":\"ListItem\",\"position\":1,\"name\":\"Home\",\"item\":\"https:\\\/\\\/www.rbc.com\\\/fr\\\/economique\\\/\"},{\"@type\":\"ListItem\",\"position\":2,\"name\":\"Tour d\u2019horizon budg\u00e9taire : Les provinces accentuent le d\u00e9ficit avant la mise \u00e0 jour f\u00e9d\u00e9rale\"}]},{\"@type\":\"WebSite\",\"@id\":\"https:\\\/\\\/www.rbc.com\\\/fr\\\/economique\\\/#website\",\"url\":\"https:\\\/\\\/www.rbc.com\\\/fr\\\/economique\\\/\",\"name\":\"RBC Economique\",\"description\":\"\",\"potentialAction\":[{\"@type\":\"SearchAction\",\"target\":{\"@type\":\"EntryPoint\",\"urlTemplate\":\"https:\\\/\\\/www.rbc.com\\\/fr\\\/economique\\\/?s={search_term_string}\"},\"query-input\":{\"@type\":\"PropertyValueSpecification\",\"valueRequired\":true,\"valueName\":\"search_term_string\"}}],\"inLanguage\":\"fr-FR\"},{\"@type\":\"Person\",\"@id\":\"https:\\\/\\\/www.rbc.com\\\/fr\\\/economique\\\/#\\\/schema\\\/person\\\/109dd1bd3c90e818f8159356d46905ea\",\"name\":\"viktoriyapanahova\",\"image\":{\"@type\":\"ImageObject\",\"inLanguage\":\"fr-FR\",\"@id\":\"https:\\\/\\\/secure.gravatar.com\\\/avatar\\\/885bcff339d33080f070ec9cbe77fcf3007653305ae17de7827e19af43e61913?s=96&d=mm&r=g\",\"url\":\"https:\\\/\\\/secure.gravatar.com\\\/avatar\\\/885bcff339d33080f070ec9cbe77fcf3007653305ae17de7827e19af43e61913?s=96&d=mm&r=g\",\"contentUrl\":\"https:\\\/\\\/secure.gravatar.com\\\/avatar\\\/885bcff339d33080f070ec9cbe77fcf3007653305ae17de7827e19af43e61913?s=96&d=mm&r=g\",\"caption\":\"viktoriyapanahova\"},\"url\":\"https:\\\/\\\/www.rbc.com\\\/fr\\\/economique\\\/author\\\/viktoriyapanahova\\\/\"}]}<\/script>\n<!-- \/ Yoast SEO Premium plugin. -->","yoast_head_json":{"title":"Tour d\u2019horizon budg\u00e9taire : Les provinces accentuent le d\u00e9ficit avant la mise \u00e0 jour f\u00e9d\u00e9rale - RBC Economique","robots":{"index":"index","follow":"follow","max-snippet":"max-snippet:-1","max-image-preview":"max-image-preview:large","max-video-preview":"max-video-preview:-1"},"canonical":"https:\/\/www.rbc.com\/fr\/economique\/analyse-pour-le-canada\/previsions-provinciales-et-budgetaires\/tour-dhorizon-budgetaire-les-provinces-accentuent-le-deficit-avant-la-mise-a-jour-federale\/","og_locale":"fr_FR","og_type":"article","og_title":"Tour d\u2019horizon budg\u00e9taire : Les provinces accentuent le d\u00e9ficit avant la mise \u00e0 jour f\u00e9d\u00e9rale","og_url":"https:\/\/www.rbc.com\/fr\/economique\/analyse-pour-le-canada\/previsions-provinciales-et-budgetaires\/tour-dhorizon-budgetaire-les-provinces-accentuent-le-deficit-avant-la-mise-a-jour-federale\/","og_site_name":"RBC Economique","article_published_time":"2026-04-24T20:17:53+00:00","article_modified_time":"2026-04-29T20:01:28+00:00","author":"viktoriyapanahova","twitter_card":"summary_large_image","twitter_image":"https:\/\/www.rbc.com\/fr\/economique\/wp-content\/uploads\/sites\/24\/\/2025\/06\/Generic-Compressed.png?quality=80","twitter_misc":{"Written by":"viktoriyapanahova","Est. reading time":"8 minutes"},"schema":{"@context":"https:\/\/schema.org","@graph":[{"@type":"Article","@id":"https:\/\/www.rbc.com\/fr\/economique\/analyse-pour-le-canada\/previsions-provinciales-et-budgetaires\/tour-dhorizon-budgetaire-les-provinces-accentuent-le-deficit-avant-la-mise-a-jour-federale\/#article","isPartOf":{"@id":"https:\/\/www.rbc.com\/fr\/economique\/analyse-pour-le-canada\/previsions-provinciales-et-budgetaires\/tour-dhorizon-budgetaire-les-provinces-accentuent-le-deficit-avant-la-mise-a-jour-federale\/"},"author":{"name":"viktoriyapanahova","@id":"https:\/\/www.rbc.com\/fr\/economique\/#\/schema\/person\/109dd1bd3c90e818f8159356d46905ea"},"headline":"Tour d\u2019horizon budg\u00e9taire : Les provinces accentuent le d\u00e9ficit avant la mise \u00e0 jour f\u00e9d\u00e9rale","datePublished":"2026-04-24T20:17:53+00:00","dateModified":"2026-04-29T20:01:28+00:00","mainEntityOfPage":{"@id":"https:\/\/www.rbc.com\/fr\/economique\/analyse-pour-le-canada\/previsions-provinciales-et-budgetaires\/tour-dhorizon-budgetaire-les-provinces-accentuent-le-deficit-avant-la-mise-a-jour-federale\/"},"wordCount":1656,"commentCount":0,"image":{"@id":"https:\/\/www.rbc.com\/fr\/economique\/analyse-pour-le-canada\/previsions-provinciales-et-budgetaires\/tour-dhorizon-budgetaire-les-provinces-accentuent-le-deficit-avant-la-mise-a-jour-federale\/#primaryimage"},"thumbnailUrl":"https:\/\/www.rbc.com\/fr\/economique\/wp-content\/uploads\/sites\/24\/\/2025\/06\/Generic-Compressed.png?quality=80","keywords":["Canada","\u00c9conomie"],"articleSection":["Analyse pour le Canada","Pr\u00e9visions provinciales et budg\u00e9taires"],"inLanguage":"fr-FR","potentialAction":[{"@type":"CommentAction","name":"Comment","target":["https:\/\/www.rbc.com\/fr\/economique\/analyse-pour-le-canada\/previsions-provinciales-et-budgetaires\/tour-dhorizon-budgetaire-les-provinces-accentuent-le-deficit-avant-la-mise-a-jour-federale\/#respond"]}]},{"@type":"WebPage","@id":"https:\/\/www.rbc.com\/fr\/economique\/analyse-pour-le-canada\/previsions-provinciales-et-budgetaires\/tour-dhorizon-budgetaire-les-provinces-accentuent-le-deficit-avant-la-mise-a-jour-federale\/","url":"https:\/\/www.rbc.com\/fr\/economique\/analyse-pour-le-canada\/previsions-provinciales-et-budgetaires\/tour-dhorizon-budgetaire-les-provinces-accentuent-le-deficit-avant-la-mise-a-jour-federale\/","name":"Tour d\u2019horizon budg\u00e9taire : Les provinces accentuent le d\u00e9ficit avant la mise \u00e0 jour f\u00e9d\u00e9rale - RBC Economique","isPartOf":{"@id":"https:\/\/www.rbc.com\/fr\/economique\/#website"},"primaryImageOfPage":{"@id":"https:\/\/www.rbc.com\/fr\/economique\/analyse-pour-le-canada\/previsions-provinciales-et-budgetaires\/tour-dhorizon-budgetaire-les-provinces-accentuent-le-deficit-avant-la-mise-a-jour-federale\/#primaryimage"},"image":{"@id":"https:\/\/www.rbc.com\/fr\/economique\/analyse-pour-le-canada\/previsions-provinciales-et-budgetaires\/tour-dhorizon-budgetaire-les-provinces-accentuent-le-deficit-avant-la-mise-a-jour-federale\/#primaryimage"},"thumbnailUrl":"https:\/\/www.rbc.com\/fr\/economique\/wp-content\/uploads\/sites\/24\/\/2025\/06\/Generic-Compressed.png?quality=80","datePublished":"2026-04-24T20:17:53+00:00","dateModified":"2026-04-29T20:01:28+00:00","author":{"@id":"https:\/\/www.rbc.com\/fr\/economique\/#\/schema\/person\/109dd1bd3c90e818f8159356d46905ea"},"breadcrumb":{"@id":"https:\/\/www.rbc.com\/fr\/economique\/analyse-pour-le-canada\/previsions-provinciales-et-budgetaires\/tour-dhorizon-budgetaire-les-provinces-accentuent-le-deficit-avant-la-mise-a-jour-federale\/#breadcrumb"},"inLanguage":"fr-FR","potentialAction":[{"@type":"ReadAction","target":["https:\/\/www.rbc.com\/fr\/economique\/analyse-pour-le-canada\/previsions-provinciales-et-budgetaires\/tour-dhorizon-budgetaire-les-provinces-accentuent-le-deficit-avant-la-mise-a-jour-federale\/"]}]},{"@type":"ImageObject","inLanguage":"fr-FR","@id":"https:\/\/www.rbc.com\/fr\/economique\/analyse-pour-le-canada\/previsions-provinciales-et-budgetaires\/tour-dhorizon-budgetaire-les-provinces-accentuent-le-deficit-avant-la-mise-a-jour-federale\/#primaryimage","url":"https:\/\/www.rbc.com\/fr\/economique\/wp-content\/uploads\/sites\/24\/\/2025\/06\/Generic-Compressed.png?quality=80","contentUrl":"https:\/\/www.rbc.com\/fr\/economique\/wp-content\/uploads\/sites\/24\/\/2025\/06\/Generic-Compressed.png?quality=80","width":6134,"height":3700},{"@type":"BreadcrumbList","@id":"https:\/\/www.rbc.com\/fr\/economique\/analyse-pour-le-canada\/previsions-provinciales-et-budgetaires\/tour-dhorizon-budgetaire-les-provinces-accentuent-le-deficit-avant-la-mise-a-jour-federale\/#breadcrumb","itemListElement":[{"@type":"ListItem","position":1,"name":"Home","item":"https:\/\/www.rbc.com\/fr\/economique\/"},{"@type":"ListItem","position":2,"name":"Tour d\u2019horizon budg\u00e9taire : Les provinces accentuent le d\u00e9ficit avant la mise \u00e0 jour f\u00e9d\u00e9rale"}]},{"@type":"WebSite","@id":"https:\/\/www.rbc.com\/fr\/economique\/#website","url":"https:\/\/www.rbc.com\/fr\/economique\/","name":"RBC Economique","description":"","potentialAction":[{"@type":"SearchAction","target":{"@type":"EntryPoint","urlTemplate":"https:\/\/www.rbc.com\/fr\/economique\/?s={search_term_string}"},"query-input":{"@type":"PropertyValueSpecification","valueRequired":true,"valueName":"search_term_string"}}],"inLanguage":"fr-FR"},{"@type":"Person","@id":"https:\/\/www.rbc.com\/fr\/economique\/#\/schema\/person\/109dd1bd3c90e818f8159356d46905ea","name":"viktoriyapanahova","image":{"@type":"ImageObject","inLanguage":"fr-FR","@id":"https:\/\/secure.gravatar.com\/avatar\/885bcff339d33080f070ec9cbe77fcf3007653305ae17de7827e19af43e61913?s=96&d=mm&r=g","url":"https:\/\/secure.gravatar.com\/avatar\/885bcff339d33080f070ec9cbe77fcf3007653305ae17de7827e19af43e61913?s=96&d=mm&r=g","contentUrl":"https:\/\/secure.gravatar.com\/avatar\/885bcff339d33080f070ec9cbe77fcf3007653305ae17de7827e19af43e61913?s=96&d=mm&r=g","caption":"viktoriyapanahova"},"url":"https:\/\/www.rbc.com\/fr\/economique\/author\/viktoriyapanahova\/"}]}},"author_meta":{"display_name":"viktoriyapanahova","author_link":"https:\/\/www.rbc.com\/fr\/economique\/author\/viktoriyapanahova\/"},"featured_img":"https:\/\/www.rbc.com\/fr\/economique\/wp-content\/uploads\/sites\/24\/\/2025\/06\/Generic-Compressed.png?quality=80&w=300","jetpack_featured_media_url":"https:\/\/www.rbc.com\/fr\/economique\/wp-content\/uploads\/sites\/24\/\/2025\/06\/Generic-Compressed.png?quality=80","coauthors":[],"tax_additional":{"categories":{"linked":["<a href=\"https:\/\/www.rbc.com\/fr\/economique\/category\/analyse-pour-le-canada\/\" class=\"advgb-post-tax-term\">Analyse pour le Canada<\/a>","<a href=\"https:\/\/www.rbc.com\/fr\/economique\/category\/analyse-pour-le-canada\/previsions-provinciales-et-budgetaires\/\" class=\"advgb-post-tax-term\">Pr\u00e9visions provinciales et budg\u00e9taires<\/a>"],"unlinked":["<span class=\"advgb-post-tax-term\">Analyse pour le Canada<\/span>","<span class=\"advgb-post-tax-term\">Pr\u00e9visions provinciales et budg\u00e9taires<\/span>"]},"tags":{"linked":["<a href=\"https:\/\/www.rbc.com\/fr\/economique\/category\/analyse-pour-le-canada\/previsions-provinciales-et-budgetaires\/\" class=\"advgb-post-tax-term\">Canada<\/a>","<a href=\"https:\/\/www.rbc.com\/fr\/economique\/category\/analyse-pour-le-canada\/previsions-provinciales-et-budgetaires\/\" class=\"advgb-post-tax-term\">\u00c9conomie<\/a>"],"unlinked":["<span class=\"advgb-post-tax-term\">Canada<\/span>","<span class=\"advgb-post-tax-term\">\u00c9conomie<\/span>"]}},"comment_count":"0","relative_dates":{"created":"Publi\u00e9 1 semaine il y a","modified":"Mis \u00e0 jour 3 jours il y a"},"absolute_dates":{"created":"Publi\u00e9 le 24 avril 2026","modified":"Mise \u00e0 jour le 29 avril 2026"},"absolute_dates_time":{"created":"Publi\u00e9 le 24 avril 2026 8:17  ","modified":"Mise \u00e0 jour le 29 avril 2026 8:01  "},"featured_img_caption":"","series_order":"","_links":{"self":[{"href":"https:\/\/www.rbc.com\/fr\/economique\/wp-json\/wp\/v2\/posts\/4716","targetHints":{"allow":["GET"]}}],"collection":[{"href":"https:\/\/www.rbc.com\/fr\/economique\/wp-json\/wp\/v2\/posts"}],"about":[{"href":"https:\/\/www.rbc.com\/fr\/economique\/wp-json\/wp\/v2\/types\/post"}],"author":[{"embeddable":true,"href":"https:\/\/www.rbc.com\/fr\/economique\/wp-json\/wp\/v2\/users\/318"}],"replies":[{"embeddable":true,"href":"https:\/\/www.rbc.com\/fr\/economique\/wp-json\/wp\/v2\/comments?post=4716"}],"version-history":[{"count":27,"href":"https:\/\/www.rbc.com\/fr\/economique\/wp-json\/wp\/v2\/posts\/4716\/revisions"}],"predecessor-version":[{"id":4838,"href":"https:\/\/www.rbc.com\/fr\/economique\/wp-json\/wp\/v2\/posts\/4716\/revisions\/4838"}],"wp:featuredmedia":[{"embeddable":true,"href":"https:\/\/www.rbc.com\/fr\/economique\/wp-json\/wp\/v2\/media\/1360"}],"wp:attachment":[{"href":"https:\/\/www.rbc.com\/fr\/economique\/wp-json\/wp\/v2\/media?parent=4716"}],"wp:term":[{"taxonomy":"category","embeddable":true,"href":"https:\/\/www.rbc.com\/fr\/economique\/wp-json\/wp\/v2\/categories?post=4716"},{"taxonomy":"post_tag","embeddable":true,"href":"https:\/\/www.rbc.com\/fr\/economique\/wp-json\/wp\/v2\/tags?post=4716"},{"taxonomy":"rbc_econ_content_type","embeddable":true,"href":"https:\/\/www.rbc.com\/fr\/economique\/wp-json\/wp\/v2\/rbc_econ_content_type?post=4716"}],"curies":[{"name":"wp","href":"https:\/\/api.w.org\/{rel}","templated":true}]}}