{"id":4625,"date":"2026-04-10T20:06:53","date_gmt":"2026-04-10T20:06:53","guid":{"rendered":"https:\/\/www.rbc.com\/fr\/economique\/?p=4625"},"modified":"2026-04-24T20:11:49","modified_gmt":"2026-04-24T20:11:49","slug":"ipc-aux-etats-unis-linflation-globale-grimpe-en-fleche-dans-la-foulee-de-la-flambee-des-prix-de-lessence-dans-le-contexte-du-conflit-au-moyen-orient","status":"publish","type":"post","link":"https:\/\/www.rbc.com\/fr\/economique\/analyse-pour-les-etats-unis\/rapports-de-donnees-provisoires-eu\/ipc-aux-etats-unis-linflation-globale-grimpe-en-fleche-dans-la-foulee-de-la-flambee-des-prix-de-lessence-dans-le-contexte-du-conflit-au-moyen-orient\/","title":{"rendered":"l\u2019inflation globale grimpe en fl\u00e8che dans la foul\u00e9e de la flamb\u00e9e des prix de l\u2019essence dans le contexte du conflit au Moyen-Orient"},"content":{"rendered":"\n<section class=\"wp-block-rbc-section-block  pos-rel\" style=\"border-radius:0px\">\n<div class=\"wp-block-rbc-section-inner-block  section-inner\" style=\"border-radius:0x\">\n<h4 class=\"wp-block-heading has-rbc-bright-blue-color has-text-color has-link-color wp-elements-970f6d4c7e5f3e6f5732642958d10906\" id=\"h-en-resume\">En r\u00e9sum\u00e9 :<\/h4>\n\n\n\n<p>La hausse des prix de l\u2019essence a fait bondir l\u2019inflation globale en mars, l\u2019augmentation mensuelle (+0,9&nbsp;% sur un&nbsp;mois) rappelant celle des ann\u00e9es&nbsp;1970. Un \u00e9l\u00e9ment positif est que l\u2019inflation de base est demeur\u00e9e basse, n\u2019ayant mont\u00e9 que l\u00e9g\u00e8rement, de +0,2&nbsp;% sur un mois. Le ralentissement continu de l\u2019inflation de base procurera un certain r\u00e9pit \u00e0 la Fed. Il n\u2019en demeure pas moins que la hausse des prix de l\u2019\u00e9nergie pourrait commencer \u00e0 se r\u00e9percuter sur l\u2019ensemble de l\u2019\u00e9conomie si le conflit au Moyen-Orient persiste. Les risques accrus li\u00e9s au p\u00e9trole font grimper les co\u00fbts de transport et les effets persistants des droits de douane exercent des pressions suppl\u00e9mentaires sur les biens de base. Comme nous l\u2019avons soulign\u00e9, <a href=\"https:\/\/www.rbc.com\/fr\/economique\/analyse-pour-les-etats-unis\/analyse-en-vedette-analyse-pour-les-etats-unis\/un-an-plus-tard-comment-les-droits-de-douane-et-la-politique-commerciale-des-etats-unis-ont-change-la-donne\/\" target=\"_blank\" data-dig-id=\"LP-Analysepourles\u00c9tats-Unis-Rapportsdedonn\u00e9esprovisoires-\u00c9-U-4625-6191d7ea\" data-dig-category=\"LP-Analysepourles\u00c9tats-Unis-Rapportsdedonn\u00e9esprovisoires-\u00c9-U\" data-dig-action=\"link click\" data-dig-label=\"les prix dans les secteurs expos\u00e9s aux \u00e9changes commerciaux, dont les pi\u00e8ces automobiles, les v\u00eatements et les biens personnels et de loisirs ont continu\u00e9 \" rel=\"noreferrer noopener\" class=\"rbc-link-format\">les prix dans les secteurs expos\u00e9s aux \u00e9changes commerciaux, dont les pi\u00e8ces automobiles, les v\u00eatements et les biens personnels et de loisirs ont continu\u00e9 <\/a>d\u2019augmenter \u00e0 un rythme inconfortable. Pour la Fed, la question demeure de savoir comment les entreprises r\u00e9agiront au choc des prix du p\u00e9trole&nbsp;: continueront-elles de r\u00e9percuter la hausse des prix sur les consommateurs ou prot\u00e9geront-elles la compression des marges au moyen de mises \u00e0 pied? Pour l\u2019instant, la Fed devra continuer de s\u2019en remettre aux donn\u00e9es avant de prendre sa prochaine d\u00e9cision.<\/p>\n\n\n\n<p>Trois th\u00e8mes principaux abord\u00e9s dans le rapport d\u2019aujourd\u2019hui ont retenu notre attention&nbsp;:<\/p>\n\n\n\n<p class=\"has-rbc-bright-blue-color has-text-color has-link-color wp-elements-5b5485a2bf43d2b8ae96231c9c1bc70c\"><strong>I. M\u00eame si la Fed ne se concentre pas sur l\u2019inflation globale, la hausse des prix de l\u2019\u00e9nergie nuira aux consommateurs<\/strong><\/p>\n\n\n\n<p>Comme pr\u00e9vu, les prix du carburant ont mont\u00e9 en fl\u00e8che en mars (+21,5&nbsp;% sur un&nbsp;mois). La hausse des prix du carburant s\u2019est traduite par une flamb\u00e9e des prix des billets d\u2019avion en mars (+2,7&nbsp;% sur un&nbsp;mois). Les marchandises et services \u00e9nerg\u00e9tiques ont contribu\u00e9 pr\u00e8s de 0,8&nbsp;point de pourcentage \u00e0 l\u2019indice global. M\u00eame si la Fed se concentre davantage sur l\u2019inflation de base, les flamb\u00e9es des prix de l\u2019essence influent sur les attentes d\u2019inflation des consommateurs. Les prix obstin\u00e9ment \u00e9lev\u00e9s de l\u2019essence pourraient finir par nuire aux attentes salariales. La dur\u00e9e du choc aura de l\u2019importance.<\/p>\n\n\n\n<p>Selon nous, si le choc des prix du p\u00e9trole persiste (pesant sur les prix des engrais et les co\u00fbts de transport), les pressions sur les biens de base s\u2019intensifieront en raison de la hausse des co\u00fbts des intrants, alors que les droits de douane se feront sentir le plus fortement (plus tard cette ann\u00e9e). Nous observons d\u00e9j\u00e0 des pics du c\u00f4t\u00e9 des marges des grossistes dans l\u2019indice des prix \u00e0 la production, une baisse des b\u00e9n\u00e9fices des soci\u00e9t\u00e9s dans les secteurs expos\u00e9s aux \u00e9changes commerciaux et, maintenant, une flamb\u00e9e des prix que paient les fabricants (comme en t\u00e9moignent les donn\u00e9es de l\u2019indice&nbsp;ISM de mars).<\/p>\n\n\n\n<p class=\"has-rbc-bright-blue-color has-text-color has-link-color wp-elements-e39f795874ca4fe9e74ea5d818178f33\"><strong>II. Les pressions des droits de douane continuent de se manifester dans l\u2019inflation des biens de base<\/strong><\/p>\n\n\n\n<p>En mars, l\u2019inflation des biens de base (+0,11&nbsp;% sur un&nbsp;mois) a \u00e9t\u00e9 modeste, mais, comme le mois dernier, les <a href=\"https:\/\/www.rbc.com\/fr\/economique\/analyse-pour-les-etats-unis\/rapports-de-donnees-provisoires-eu\/ipc-aux-etats-unis-les-repercussions-des-droits-de-douane-commencent-a-se-manifester-en-fevrier\/\" target=\"_blank\" data-dig-id=\"LP-Analysepourles\u00c9tats-Unis-Rapportsdedonn\u00e9esprovisoires-\u00c9-U-4625-6191d7ea\" data-dig-category=\"LP-Analysepourles\u00c9tats-Unis-Rapportsdedonn\u00e9esprovisoires-\u00c9-U\" data-dig-action=\"link click\" data-dig-label=\"prix des v\u00e9hicules automobiles\" rel=\"noreferrer noopener\" class=\"rbc-link-format\">prix des v\u00e9hicules automobiles<\/a> d\u2019occasion masquent le paiement des droits de douane. Voici ce que nous avons observ\u00e9 dans les secteurs expos\u00e9s aux \u00e9changes commerciaux&nbsp;:<\/p>\n\n\n\n<ul class=\"wp-block-rbc-list is-style-chevron-list\">\n<li class=\"wp-block-rbc-list-item\">\n<p>Les prix des v\u00eatements ont continu\u00e9 de grimper, indiquant une augmentation des prix de plus de 1&nbsp;% sur un mois pour un deuxi\u00e8me mois cons\u00e9cutif. Les mont\u00e9es de l\u2019IPP dans les services commerciaux ces derniers mois donnent \u00e0 penser que les grossistes r\u00e9percutent la hausse des prix sur les d\u00e9taillants.<\/p>\n<\/li>\n\n\n\n<li class=\"wp-block-rbc-list-item\">\n<p>Les pi\u00e8ces et \u00e9quipements des v\u00e9hicules automobiles ont continu\u00e9 de surchauffer (+0,7&nbsp;% sur un&nbsp;mois), mais cette hausse ne s\u2019est pas encore traduite par une augmentation des prix des v\u00e9hicules neufs (+0,1&nbsp;% sur un&nbsp;mois).<\/p>\n<\/li>\n\n\n\n<li class=\"wp-block-rbc-list-item\">\n<p>Les prix des produits r\u00e9cr\u00e9atifs (+0,5&nbsp;%) et des produits de soins personnels (+0,4&nbsp;%) ont \u00e9galement fortement augment\u00e9 pour un troisi\u00e8me mois cons\u00e9cutif.<\/p>\n<\/li>\n\n\n\n<li class=\"wp-block-rbc-list-item\">\n<p>Fait int\u00e9ressant, les prix des fournitures et accessoires d\u2019ameublement de maison (-0,2&nbsp;% sur un&nbsp;mois) ont ralenti en mars, apr\u00e8s quelques mois plus chauds.<\/p>\n<\/li>\n<\/ul>\n\n\n\n<p class=\"has-rbc-bright-blue-color has-text-color has-link-color wp-elements-fced70cd8bb738318d83c00620bca20a\"><strong><strong>III. Il y a toujours un \u00e9cart marqu\u00e9 entre l\u2019IPC de base et les chiffres sur les DPC.<\/strong><\/strong><\/p>\n\n\n\n<p>Les donn\u00e9es sur l\u2019inflation de base de mars, 2,6&nbsp;% sur 12&nbsp;mois, sont nettement inf\u00e9rieures \u00e0 celles sur les DPC de base de f\u00e9vrier (+3,0&nbsp;% sur 12&nbsp;mois). Les diff\u00e9rences de pond\u00e9ration entre les paniers de l\u2019IPC et des DPC en sont la cause. Le logement prend plus de poids dans l\u2019IPC et a \u00e9t\u00e9 relativement b\u00e9nin ces derniers mois (les loyers ont augment\u00e9 de +0,3&nbsp;% en mars et de +0,2&nbsp;%). Or, les particularit\u00e9s m\u00e9thodologiques associ\u00e9es au traitement par le Bureau of Labor Statistics des donn\u00e9es manquantes sur le logement en octobre pourraient faire en sorte que l\u2019IPC du logement pour avril soit in\u00e9gal.<\/p>\n\n\n\n<p>Notre propre indice de diffusion a indiqu\u00e9 une acc\u00e9l\u00e9ration des pressions sur les prix. En mars, 50&nbsp;% des composantes du panier de l\u2019IPC ont enregistr\u00e9 une hausse des prix de plus de 3&nbsp;% apr\u00e8s le ralentissement de janvier et de f\u00e9vrier.<\/p>\n\n\n\n<hr class=\"wp-block-separator has-alpha-channel-opacity is-style-wide wide\" \/>\n\n\n\n<figure data-wp-context=\"{&quot;imageId&quot;:&quot;69f0726f35ec1&quot;}\" data-wp-interactive=\"core\/image\" data-wp-key=\"69f0726f35ec1\" class=\"wp-block-image aligncenter size-full is-resized wp-lightbox-container\"><img loading=\"lazy\" decoding=\"async\" width=\"1597\" height=\"1386\" data-wp-class--hide=\"state.isContentHidden\" data-wp-class--show=\"state.isContentVisible\" data-wp-init=\"callbacks.setButtonStyles\" data-wp-on--click=\"actions.showLightbox\" data-wp-on--load=\"callbacks.setButtonStyles\" data-wp-on-window--resize=\"callbacks.setButtonStyles\" src=\"https:\/\/www.rbc.com\/fr\/economique\/wp-content\/uploads\/sites\/24\/2026\/04\/04_10_54.jpg?quality=80\" alt=\"\" class=\"wp-image-4630\" style=\"width:600px\" srcset=\"https:\/\/www.rbc.com\/fr\/economique\/wp-content\/uploads\/sites\/24\/2026\/04\/04_10_54.jpg 1597w, https:\/\/www.rbc.com\/fr\/economique\/wp-content\/uploads\/sites\/24\/2026\/04\/04_10_54.jpg?resize=300,260 300w, https:\/\/www.rbc.com\/fr\/economique\/wp-content\/uploads\/sites\/24\/2026\/04\/04_10_54.jpg?resize=768,667 768w, https:\/\/www.rbc.com\/fr\/economique\/wp-content\/uploads\/sites\/24\/2026\/04\/04_10_54.jpg?resize=1024,889 1024w, https:\/\/www.rbc.com\/fr\/economique\/wp-content\/uploads\/sites\/24\/2026\/04\/04_10_54.jpg?resize=1536,1333 1536w\" sizes=\"auto, (max-width: 1597px) 100vw, 1597px\" \/><button\n\t\t\tclass=\"lightbox-trigger\"\n\t\t\ttype=\"button\"\n\t\t\taria-haspopup=\"dialog\"\n\t\t\taria-label=\"Enlarge\"\n\t\t\tdata-wp-init=\"callbacks.initTriggerButton\"\n\t\t\tdata-wp-on--click=\"actions.showLightbox\"\n\t\t\tdata-wp-style--right=\"state.imageButtonRight\"\n\t\t\tdata-wp-style--top=\"state.imageButtonTop\"\n\t\t>\n\t\t\t<svg xmlns=\"http:\/\/www.w3.org\/2000\/svg\" width=\"12\" height=\"12\" fill=\"none\" viewBox=\"0 0 12 12\">\n\t\t\t\t<path fill=\"#fff\" d=\"M2 0a2 2 0 0 0-2 2v2h1.5V2a.5.5 0 0 1 .5-.5h2V0H2Zm2 10.5H2a.5.5 0 0 1-.5-.5V8H0v2a2 2 0 0 0 2 2h2v-1.5ZM8 12v-1.5h2a.5.5 0 0 0 .5-.5V8H12v2a2 2 0 0 1-2 2H8Zm2-12a2 2 0 0 1 2 2v2h-1.5V2a.5.5 0 0 0-.5-.5H8V0h2Z\" \/>\n\t\t\t<\/svg>\n\t\t<\/button><\/figure>\n\n\n\n<hr class=\"wp-block-separator has-alpha-channel-opacity is-style-wide wide\" \/>\n\n\n\n<p class=\"has-text-align-center\"><strong>\u00c0 propos des auteurs :<\/strong><\/p>\n\n\n\n<p><em><strong>Mike Reid<\/strong>&nbsp;est chef, Services \u00e9conomiques RBC \u2013 \u00c9tats-Unis.&nbsp;Il est charg\u00e9 d\u2019\u00e9tablir les perspectives \u00e9conomiques de RBC pour les \u00c9tats-Unis, de commenter les indicateurs macro\u00e9conomiques et de r\u00e9diger des analyses concernant le contexte \u00e9conomique.<\/em><\/p>\n\n\n\n<p><em><strong>Carrie Freestone<\/strong>&nbsp;est \u00e9conomiste principale aux \u00c9tats-Unis \u00e0 RBC. Elle est responsable de pr\u00e9voir les principaux indicateurs cl\u00e9s am\u00e9ricains, notamment le PIB, l\u2019emploi, les d\u00e9penses de consommation et l\u2019inflation aux \u00c9tats-Unis. Elle contribue \u00e9galement aux commentaires sur la conjoncture \u00e9conomique aux \u00c9tats-Unis qu\u2019elle transmet aux clients au moyen de publications, de pr\u00e9sentations et par l\u2019interm\u00e9diaire des m\u00e9dias.<\/em><\/p>\n\n\n\n<p><em><strong>Imri Haggin<em>&nbsp;<\/em><\/strong>est \u00e9conomiste \u00e0 RBC, o\u00f9 il se concentre sur la recherche th\u00e9matique. Ses travaux ant\u00e9rieurs portaient sur la dynamique du cr\u00e9dit \u00e0 la consommation et la mod\u00e9lisation des liquidit\u00e9s, et mettaient l\u2019accent sur l\u2019utilisation des donn\u00e9es pour comprendre les comportements.<\/em><\/p>\n\n\n\n<hr class=\"wp-block-separator has-alpha-channel-opacity is-style-wide wide\" \/>\n<\/div>\n<\/section>\n","protected":false},"excerpt":{"rendered":"","protected":false},"author":318,"featured_media":1045,"comment_status":"open","ping_status":"open","sticky":false,"template":"","format":"standard","meta":{"_acf_changed":false,"advgb_blocks_editor_width":"","advgb_blocks_columns_visual_guide":"","footnotes":""},"categories":[72,73],"tags":[89,97],"rbc_econ_content_type":[],"class_list":["post-4625","post","type-post","status-publish","format-standard","has-post-thumbnail","hentry","category-analyse-pour-les-etats-unis","category-rapports-de-donnees-provisoires-eu","tag-e-u","tag-inflation"],"acf":[],"yoast_head":"<!-- This site is optimized with the Yoast SEO Premium plugin v27.2 (Yoast SEO v27.2) - https:\/\/yoast.com\/product\/yoast-seo-premium-wordpress\/ -->\n<title>l\u2019inflation globale grimpe en fl\u00e8che dans la foul\u00e9e de la flamb\u00e9e des prix de l\u2019essence dans le contexte du conflit au Moyen-Orient - RBC Economique<\/title>\n<meta name=\"robots\" content=\"index, follow, max-snippet:-1, max-image-preview:large, max-video-preview:-1\" \/>\n<link rel=\"canonical\" href=\"https:\/\/www.rbc.com\/fr\/economique\/analyse-pour-les-etats-unis\/rapports-de-donnees-provisoires-eu\/ipc-aux-etats-unis-linflation-globale-grimpe-en-fleche-dans-la-foulee-de-la-flambee-des-prix-de-lessence-dans-le-contexte-du-conflit-au-moyen-orient\/\" \/>\n<meta property=\"og:locale\" content=\"fr_FR\" \/>\n<meta property=\"og:type\" content=\"article\" \/>\n<meta property=\"og:title\" content=\"l\u2019inflation globale grimpe en fl\u00e8che dans la foul\u00e9e de la flamb\u00e9e des prix de l\u2019essence dans le contexte du conflit au Moyen-Orient\" \/>\n<meta property=\"og:url\" content=\"https:\/\/www.rbc.com\/fr\/economique\/analyse-pour-les-etats-unis\/rapports-de-donnees-provisoires-eu\/ipc-aux-etats-unis-linflation-globale-grimpe-en-fleche-dans-la-foulee-de-la-flambee-des-prix-de-lessence-dans-le-contexte-du-conflit-au-moyen-orient\/\" \/>\n<meta property=\"og:site_name\" content=\"RBC Economique\" \/>\n<meta property=\"article:published_time\" content=\"2026-04-10T20:06:53+00:00\" \/>\n<meta property=\"article:modified_time\" content=\"2026-04-24T20:11:49+00:00\" \/>\n<meta property=\"og:image\" content=\"https:\/\/www.rbc.com\/fr\/economique\/wp-content\/uploads\/sites\/24\/\/2024\/11\/inf-US.png?quality=80\" \/>\n\t<meta property=\"og:image:width\" content=\"6134\" \/>\n\t<meta property=\"og:image:height\" content=\"3700\" \/>\n\t<meta property=\"og:image:type\" content=\"image\/png\" \/>\n<meta name=\"author\" content=\"viktoriyapanahova\" \/>\n<meta name=\"twitter:card\" content=\"summary_large_image\" \/>\n<meta name=\"twitter:label1\" content=\"Written by\" \/>\n\t<meta name=\"twitter:data1\" content=\"viktoriyapanahova\" \/>\n\t<meta name=\"twitter:label2\" content=\"Est. reading time\" \/>\n\t<meta name=\"twitter:data2\" content=\"6 minutes\" \/>\n<script type=\"application\/ld+json\" class=\"yoast-schema-graph\">{\"@context\":\"https:\/\/schema.org\",\"@graph\":[{\"@type\":\"Article\",\"@id\":\"https:\/\/www.rbc.com\/fr\/economique\/analyse-pour-les-etats-unis\/rapports-de-donnees-provisoires-eu\/ipc-aux-etats-unis-linflation-globale-grimpe-en-fleche-dans-la-foulee-de-la-flambee-des-prix-de-lessence-dans-le-contexte-du-conflit-au-moyen-orient\/#article\",\"isPartOf\":{\"@id\":\"https:\/\/www.rbc.com\/fr\/economique\/analyse-pour-les-etats-unis\/rapports-de-donnees-provisoires-eu\/ipc-aux-etats-unis-linflation-globale-grimpe-en-fleche-dans-la-foulee-de-la-flambee-des-prix-de-lessence-dans-le-contexte-du-conflit-au-moyen-orient\/\"},\"author\":{\"name\":\"viktoriyapanahova\",\"@id\":\"https:\/\/www.rbc.com\/fr\/economique\/#\/schema\/person\/109dd1bd3c90e818f8159356d46905ea\"},\"headline\":\"l\u2019inflation globale grimpe en fl\u00e8che dans la foul\u00e9e de la flamb\u00e9e des prix de l\u2019essence dans le contexte du conflit au Moyen-Orient\",\"datePublished\":\"2026-04-10T20:06:53+00:00\",\"dateModified\":\"2026-04-24T20:11:49+00:00\",\"mainEntityOfPage\":{\"@id\":\"https:\/\/www.rbc.com\/fr\/economique\/analyse-pour-les-etats-unis\/rapports-de-donnees-provisoires-eu\/ipc-aux-etats-unis-linflation-globale-grimpe-en-fleche-dans-la-foulee-de-la-flambee-des-prix-de-lessence-dans-le-contexte-du-conflit-au-moyen-orient\/\"},\"wordCount\":1109,\"commentCount\":0,\"image\":{\"@id\":\"https:\/\/www.rbc.com\/fr\/economique\/analyse-pour-les-etats-unis\/rapports-de-donnees-provisoires-eu\/ipc-aux-etats-unis-linflation-globale-grimpe-en-fleche-dans-la-foulee-de-la-flambee-des-prix-de-lessence-dans-le-contexte-du-conflit-au-moyen-orient\/#primaryimage\"},\"thumbnailUrl\":\"https:\/\/www.rbc.com\/fr\/economique\/wp-content\/uploads\/sites\/24\/\/2024\/11\/inf-US.png?quality=80\",\"keywords\":[\"\u00c9.-U.\",\"Inflation\"],\"articleSection\":[\"Analyse pour les \u00c9tats-Unis\",\"Rapports de donn\u00e9es provisoires - \u00c9-U\"],\"inLanguage\":\"fr-FR\",\"potentialAction\":[{\"@type\":\"CommentAction\",\"name\":\"Comment\",\"target\":[\"https:\/\/www.rbc.com\/fr\/economique\/analyse-pour-les-etats-unis\/rapports-de-donnees-provisoires-eu\/ipc-aux-etats-unis-linflation-globale-grimpe-en-fleche-dans-la-foulee-de-la-flambee-des-prix-de-lessence-dans-le-contexte-du-conflit-au-moyen-orient\/#respond\"]}]},{\"@type\":\"WebPage\",\"@id\":\"https:\/\/www.rbc.com\/fr\/economique\/analyse-pour-les-etats-unis\/rapports-de-donnees-provisoires-eu\/ipc-aux-etats-unis-linflation-globale-grimpe-en-fleche-dans-la-foulee-de-la-flambee-des-prix-de-lessence-dans-le-contexte-du-conflit-au-moyen-orient\/\",\"url\":\"https:\/\/www.rbc.com\/fr\/economique\/analyse-pour-les-etats-unis\/rapports-de-donnees-provisoires-eu\/ipc-aux-etats-unis-linflation-globale-grimpe-en-fleche-dans-la-foulee-de-la-flambee-des-prix-de-lessence-dans-le-contexte-du-conflit-au-moyen-orient\/\",\"name\":\"l\u2019inflation globale grimpe en fl\u00e8che dans la foul\u00e9e de la flamb\u00e9e des prix de l\u2019essence dans le contexte du conflit au Moyen-Orient - RBC Economique\",\"isPartOf\":{\"@id\":\"https:\/\/www.rbc.com\/fr\/economique\/#website\"},\"primaryImageOfPage\":{\"@id\":\"https:\/\/www.rbc.com\/fr\/economique\/analyse-pour-les-etats-unis\/rapports-de-donnees-provisoires-eu\/ipc-aux-etats-unis-linflation-globale-grimpe-en-fleche-dans-la-foulee-de-la-flambee-des-prix-de-lessence-dans-le-contexte-du-conflit-au-moyen-orient\/#primaryimage\"},\"image\":{\"@id\":\"https:\/\/www.rbc.com\/fr\/economique\/analyse-pour-les-etats-unis\/rapports-de-donnees-provisoires-eu\/ipc-aux-etats-unis-linflation-globale-grimpe-en-fleche-dans-la-foulee-de-la-flambee-des-prix-de-lessence-dans-le-contexte-du-conflit-au-moyen-orient\/#primaryimage\"},\"thumbnailUrl\":\"https:\/\/www.rbc.com\/fr\/economique\/wp-content\/uploads\/sites\/24\/\/2024\/11\/inf-US.png?quality=80\",\"datePublished\":\"2026-04-10T20:06:53+00:00\",\"dateModified\":\"2026-04-24T20:11:49+00:00\",\"author\":{\"@id\":\"https:\/\/www.rbc.com\/fr\/economique\/#\/schema\/person\/109dd1bd3c90e818f8159356d46905ea\"},\"breadcrumb\":{\"@id\":\"https:\/\/www.rbc.com\/fr\/economique\/analyse-pour-les-etats-unis\/rapports-de-donnees-provisoires-eu\/ipc-aux-etats-unis-linflation-globale-grimpe-en-fleche-dans-la-foulee-de-la-flambee-des-prix-de-lessence-dans-le-contexte-du-conflit-au-moyen-orient\/#breadcrumb\"},\"inLanguage\":\"fr-FR\",\"potentialAction\":[{\"@type\":\"ReadAction\",\"target\":[\"https:\/\/www.rbc.com\/fr\/economique\/analyse-pour-les-etats-unis\/rapports-de-donnees-provisoires-eu\/ipc-aux-etats-unis-linflation-globale-grimpe-en-fleche-dans-la-foulee-de-la-flambee-des-prix-de-lessence-dans-le-contexte-du-conflit-au-moyen-orient\/\"]}]},{\"@type\":\"ImageObject\",\"inLanguage\":\"fr-FR\",\"@id\":\"https:\/\/www.rbc.com\/fr\/economique\/analyse-pour-les-etats-unis\/rapports-de-donnees-provisoires-eu\/ipc-aux-etats-unis-linflation-globale-grimpe-en-fleche-dans-la-foulee-de-la-flambee-des-prix-de-lessence-dans-le-contexte-du-conflit-au-moyen-orient\/#primaryimage\",\"url\":\"https:\/\/www.rbc.com\/fr\/economique\/wp-content\/uploads\/sites\/24\/\/2024\/11\/inf-US.png?quality=80\",\"contentUrl\":\"https:\/\/www.rbc.com\/fr\/economique\/wp-content\/uploads\/sites\/24\/\/2024\/11\/inf-US.png?quality=80\",\"width\":6134,\"height\":3700},{\"@type\":\"BreadcrumbList\",\"@id\":\"https:\/\/www.rbc.com\/fr\/economique\/analyse-pour-les-etats-unis\/rapports-de-donnees-provisoires-eu\/ipc-aux-etats-unis-linflation-globale-grimpe-en-fleche-dans-la-foulee-de-la-flambee-des-prix-de-lessence-dans-le-contexte-du-conflit-au-moyen-orient\/#breadcrumb\",\"itemListElement\":[{\"@type\":\"ListItem\",\"position\":1,\"name\":\"Home\",\"item\":\"https:\/\/www.rbc.com\/fr\/economique\/\"},{\"@type\":\"ListItem\",\"position\":2,\"name\":\"l\u2019inflation globale grimpe en fl\u00e8che dans la foul\u00e9e de la flamb\u00e9e des prix de l\u2019essence dans le contexte du conflit au Moyen-Orient\"}]},{\"@type\":\"WebSite\",\"@id\":\"https:\/\/www.rbc.com\/fr\/economique\/#website\",\"url\":\"https:\/\/www.rbc.com\/fr\/economique\/\",\"name\":\"RBC Economique\",\"description\":\"\",\"potentialAction\":[{\"@type\":\"SearchAction\",\"target\":{\"@type\":\"EntryPoint\",\"urlTemplate\":\"https:\/\/www.rbc.com\/fr\/economique\/?s={search_term_string}\"},\"query-input\":{\"@type\":\"PropertyValueSpecification\",\"valueRequired\":true,\"valueName\":\"search_term_string\"}}],\"inLanguage\":\"fr-FR\"},{\"@type\":\"Person\",\"@id\":\"https:\/\/www.rbc.com\/fr\/economique\/#\/schema\/person\/109dd1bd3c90e818f8159356d46905ea\",\"name\":\"viktoriyapanahova\",\"image\":{\"@type\":\"ImageObject\",\"inLanguage\":\"fr-FR\",\"@id\":\"https:\/\/secure.gravatar.com\/avatar\/885bcff339d33080f070ec9cbe77fcf3007653305ae17de7827e19af43e61913?s=96&d=mm&r=g\",\"url\":\"https:\/\/secure.gravatar.com\/avatar\/885bcff339d33080f070ec9cbe77fcf3007653305ae17de7827e19af43e61913?s=96&d=mm&r=g\",\"contentUrl\":\"https:\/\/secure.gravatar.com\/avatar\/885bcff339d33080f070ec9cbe77fcf3007653305ae17de7827e19af43e61913?s=96&d=mm&r=g\",\"caption\":\"viktoriyapanahova\"},\"url\":\"https:\/\/www.rbc.com\/fr\/economique\/author\/viktoriyapanahova\/\"}]}<\/script>\n<!-- \/ Yoast SEO Premium plugin. -->","yoast_head_json":{"title":"l\u2019inflation globale grimpe en fl\u00e8che dans la foul\u00e9e de la flamb\u00e9e des prix de l\u2019essence dans le contexte du conflit au Moyen-Orient - RBC Economique","robots":{"index":"index","follow":"follow","max-snippet":"max-snippet:-1","max-image-preview":"max-image-preview:large","max-video-preview":"max-video-preview:-1"},"canonical":"https:\/\/www.rbc.com\/fr\/economique\/analyse-pour-les-etats-unis\/rapports-de-donnees-provisoires-eu\/ipc-aux-etats-unis-linflation-globale-grimpe-en-fleche-dans-la-foulee-de-la-flambee-des-prix-de-lessence-dans-le-contexte-du-conflit-au-moyen-orient\/","og_locale":"fr_FR","og_type":"article","og_title":"l\u2019inflation globale grimpe en fl\u00e8che dans la foul\u00e9e de la flamb\u00e9e des prix de l\u2019essence dans le contexte du conflit au Moyen-Orient","og_url":"https:\/\/www.rbc.com\/fr\/economique\/analyse-pour-les-etats-unis\/rapports-de-donnees-provisoires-eu\/ipc-aux-etats-unis-linflation-globale-grimpe-en-fleche-dans-la-foulee-de-la-flambee-des-prix-de-lessence-dans-le-contexte-du-conflit-au-moyen-orient\/","og_site_name":"RBC Economique","article_published_time":"2026-04-10T20:06:53+00:00","article_modified_time":"2026-04-24T20:11:49+00:00","og_image":[{"width":6134,"height":3700,"url":"https:\/\/www.rbc.com\/fr\/economique\/wp-content\/uploads\/sites\/24\/\/2024\/11\/inf-US.png?quality=80","type":"image\/png"}],"author":"viktoriyapanahova","twitter_card":"summary_large_image","twitter_misc":{"Written by":"viktoriyapanahova","Est. reading time":"6 minutes"},"schema":{"@context":"https:\/\/schema.org","@graph":[{"@type":"Article","@id":"https:\/\/www.rbc.com\/fr\/economique\/analyse-pour-les-etats-unis\/rapports-de-donnees-provisoires-eu\/ipc-aux-etats-unis-linflation-globale-grimpe-en-fleche-dans-la-foulee-de-la-flambee-des-prix-de-lessence-dans-le-contexte-du-conflit-au-moyen-orient\/#article","isPartOf":{"@id":"https:\/\/www.rbc.com\/fr\/economique\/analyse-pour-les-etats-unis\/rapports-de-donnees-provisoires-eu\/ipc-aux-etats-unis-linflation-globale-grimpe-en-fleche-dans-la-foulee-de-la-flambee-des-prix-de-lessence-dans-le-contexte-du-conflit-au-moyen-orient\/"},"author":{"name":"viktoriyapanahova","@id":"https:\/\/www.rbc.com\/fr\/economique\/#\/schema\/person\/109dd1bd3c90e818f8159356d46905ea"},"headline":"l\u2019inflation globale grimpe en fl\u00e8che dans la foul\u00e9e de la flamb\u00e9e des prix de l\u2019essence dans le contexte du conflit au Moyen-Orient","datePublished":"2026-04-10T20:06:53+00:00","dateModified":"2026-04-24T20:11:49+00:00","mainEntityOfPage":{"@id":"https:\/\/www.rbc.com\/fr\/economique\/analyse-pour-les-etats-unis\/rapports-de-donnees-provisoires-eu\/ipc-aux-etats-unis-linflation-globale-grimpe-en-fleche-dans-la-foulee-de-la-flambee-des-prix-de-lessence-dans-le-contexte-du-conflit-au-moyen-orient\/"},"wordCount":1109,"commentCount":0,"image":{"@id":"https:\/\/www.rbc.com\/fr\/economique\/analyse-pour-les-etats-unis\/rapports-de-donnees-provisoires-eu\/ipc-aux-etats-unis-linflation-globale-grimpe-en-fleche-dans-la-foulee-de-la-flambee-des-prix-de-lessence-dans-le-contexte-du-conflit-au-moyen-orient\/#primaryimage"},"thumbnailUrl":"https:\/\/www.rbc.com\/fr\/economique\/wp-content\/uploads\/sites\/24\/\/2024\/11\/inf-US.png?quality=80","keywords":["\u00c9.-U.","Inflation"],"articleSection":["Analyse pour les \u00c9tats-Unis","Rapports de donn\u00e9es provisoires - \u00c9-U"],"inLanguage":"fr-FR","potentialAction":[{"@type":"CommentAction","name":"Comment","target":["https:\/\/www.rbc.com\/fr\/economique\/analyse-pour-les-etats-unis\/rapports-de-donnees-provisoires-eu\/ipc-aux-etats-unis-linflation-globale-grimpe-en-fleche-dans-la-foulee-de-la-flambee-des-prix-de-lessence-dans-le-contexte-du-conflit-au-moyen-orient\/#respond"]}]},{"@type":"WebPage","@id":"https:\/\/www.rbc.com\/fr\/economique\/analyse-pour-les-etats-unis\/rapports-de-donnees-provisoires-eu\/ipc-aux-etats-unis-linflation-globale-grimpe-en-fleche-dans-la-foulee-de-la-flambee-des-prix-de-lessence-dans-le-contexte-du-conflit-au-moyen-orient\/","url":"https:\/\/www.rbc.com\/fr\/economique\/analyse-pour-les-etats-unis\/rapports-de-donnees-provisoires-eu\/ipc-aux-etats-unis-linflation-globale-grimpe-en-fleche-dans-la-foulee-de-la-flambee-des-prix-de-lessence-dans-le-contexte-du-conflit-au-moyen-orient\/","name":"l\u2019inflation globale grimpe en fl\u00e8che dans la foul\u00e9e de la flamb\u00e9e des prix de l\u2019essence dans le contexte du conflit au Moyen-Orient - RBC Economique","isPartOf":{"@id":"https:\/\/www.rbc.com\/fr\/economique\/#website"},"primaryImageOfPage":{"@id":"https:\/\/www.rbc.com\/fr\/economique\/analyse-pour-les-etats-unis\/rapports-de-donnees-provisoires-eu\/ipc-aux-etats-unis-linflation-globale-grimpe-en-fleche-dans-la-foulee-de-la-flambee-des-prix-de-lessence-dans-le-contexte-du-conflit-au-moyen-orient\/#primaryimage"},"image":{"@id":"https:\/\/www.rbc.com\/fr\/economique\/analyse-pour-les-etats-unis\/rapports-de-donnees-provisoires-eu\/ipc-aux-etats-unis-linflation-globale-grimpe-en-fleche-dans-la-foulee-de-la-flambee-des-prix-de-lessence-dans-le-contexte-du-conflit-au-moyen-orient\/#primaryimage"},"thumbnailUrl":"https:\/\/www.rbc.com\/fr\/economique\/wp-content\/uploads\/sites\/24\/\/2024\/11\/inf-US.png?quality=80","datePublished":"2026-04-10T20:06:53+00:00","dateModified":"2026-04-24T20:11:49+00:00","author":{"@id":"https:\/\/www.rbc.com\/fr\/economique\/#\/schema\/person\/109dd1bd3c90e818f8159356d46905ea"},"breadcrumb":{"@id":"https:\/\/www.rbc.com\/fr\/economique\/analyse-pour-les-etats-unis\/rapports-de-donnees-provisoires-eu\/ipc-aux-etats-unis-linflation-globale-grimpe-en-fleche-dans-la-foulee-de-la-flambee-des-prix-de-lessence-dans-le-contexte-du-conflit-au-moyen-orient\/#breadcrumb"},"inLanguage":"fr-FR","potentialAction":[{"@type":"ReadAction","target":["https:\/\/www.rbc.com\/fr\/economique\/analyse-pour-les-etats-unis\/rapports-de-donnees-provisoires-eu\/ipc-aux-etats-unis-linflation-globale-grimpe-en-fleche-dans-la-foulee-de-la-flambee-des-prix-de-lessence-dans-le-contexte-du-conflit-au-moyen-orient\/"]}]},{"@type":"ImageObject","inLanguage":"fr-FR","@id":"https:\/\/www.rbc.com\/fr\/economique\/analyse-pour-les-etats-unis\/rapports-de-donnees-provisoires-eu\/ipc-aux-etats-unis-linflation-globale-grimpe-en-fleche-dans-la-foulee-de-la-flambee-des-prix-de-lessence-dans-le-contexte-du-conflit-au-moyen-orient\/#primaryimage","url":"https:\/\/www.rbc.com\/fr\/economique\/wp-content\/uploads\/sites\/24\/\/2024\/11\/inf-US.png?quality=80","contentUrl":"https:\/\/www.rbc.com\/fr\/economique\/wp-content\/uploads\/sites\/24\/\/2024\/11\/inf-US.png?quality=80","width":6134,"height":3700},{"@type":"BreadcrumbList","@id":"https:\/\/www.rbc.com\/fr\/economique\/analyse-pour-les-etats-unis\/rapports-de-donnees-provisoires-eu\/ipc-aux-etats-unis-linflation-globale-grimpe-en-fleche-dans-la-foulee-de-la-flambee-des-prix-de-lessence-dans-le-contexte-du-conflit-au-moyen-orient\/#breadcrumb","itemListElement":[{"@type":"ListItem","position":1,"name":"Home","item":"https:\/\/www.rbc.com\/fr\/economique\/"},{"@type":"ListItem","position":2,"name":"l\u2019inflation globale grimpe en fl\u00e8che dans la foul\u00e9e de la flamb\u00e9e des prix de l\u2019essence dans le contexte du conflit au Moyen-Orient"}]},{"@type":"WebSite","@id":"https:\/\/www.rbc.com\/fr\/economique\/#website","url":"https:\/\/www.rbc.com\/fr\/economique\/","name":"RBC Economique","description":"","potentialAction":[{"@type":"SearchAction","target":{"@type":"EntryPoint","urlTemplate":"https:\/\/www.rbc.com\/fr\/economique\/?s={search_term_string}"},"query-input":{"@type":"PropertyValueSpecification","valueRequired":true,"valueName":"search_term_string"}}],"inLanguage":"fr-FR"},{"@type":"Person","@id":"https:\/\/www.rbc.com\/fr\/economique\/#\/schema\/person\/109dd1bd3c90e818f8159356d46905ea","name":"viktoriyapanahova","image":{"@type":"ImageObject","inLanguage":"fr-FR","@id":"https:\/\/secure.gravatar.com\/avatar\/885bcff339d33080f070ec9cbe77fcf3007653305ae17de7827e19af43e61913?s=96&d=mm&r=g","url":"https:\/\/secure.gravatar.com\/avatar\/885bcff339d33080f070ec9cbe77fcf3007653305ae17de7827e19af43e61913?s=96&d=mm&r=g","contentUrl":"https:\/\/secure.gravatar.com\/avatar\/885bcff339d33080f070ec9cbe77fcf3007653305ae17de7827e19af43e61913?s=96&d=mm&r=g","caption":"viktoriyapanahova"},"url":"https:\/\/www.rbc.com\/fr\/economique\/author\/viktoriyapanahova\/"}]}},"author_meta":{"display_name":"viktoriyapanahova","author_link":"https:\/\/www.rbc.com\/fr\/economique\/author\/viktoriyapanahova\/"},"featured_img":"https:\/\/www.rbc.com\/fr\/economique\/wp-content\/uploads\/sites\/24\/\/2024\/11\/inf-US.png?quality=80&w=300","jetpack_featured_media_url":"https:\/\/www.rbc.com\/fr\/economique\/wp-content\/uploads\/sites\/24\/\/2024\/11\/inf-US.png?quality=80","coauthors":[],"tax_additional":{"categories":{"linked":["<a href=\"https:\/\/www.rbc.com\/fr\/economique\/category\/analyse-pour-les-etats-unis\/\" class=\"advgb-post-tax-term\">Analyse pour les \u00c9tats-Unis<\/a>","<a href=\"https:\/\/www.rbc.com\/fr\/economique\/category\/analyse-pour-les-etats-unis\/rapports-de-donnees-provisoires-eu\/\" class=\"advgb-post-tax-term\">Rapports de donn\u00e9es provisoires - \u00c9-U<\/a>"],"unlinked":["<span class=\"advgb-post-tax-term\">Analyse pour les \u00c9tats-Unis<\/span>","<span class=\"advgb-post-tax-term\">Rapports de donn\u00e9es provisoires - \u00c9-U<\/span>"]},"tags":{"linked":["<a href=\"https:\/\/www.rbc.com\/fr\/economique\/category\/analyse-pour-les-etats-unis\/rapports-de-donnees-provisoires-eu\/\" class=\"advgb-post-tax-term\">\u00c9.-U.<\/a>","<a href=\"https:\/\/www.rbc.com\/fr\/economique\/category\/analyse-pour-les-etats-unis\/rapports-de-donnees-provisoires-eu\/\" class=\"advgb-post-tax-term\">Inflation<\/a>"],"unlinked":["<span class=\"advgb-post-tax-term\">\u00c9.-U.<\/span>","<span class=\"advgb-post-tax-term\">Inflation<\/span>"]}},"comment_count":"0","relative_dates":{"created":"Publi\u00e9 3 semaines il y a","modified":"Mis \u00e0 jour 4 jours il y a"},"absolute_dates":{"created":"Publi\u00e9 le 10 avril 2026","modified":"Mise \u00e0 jour le 24 avril 2026"},"absolute_dates_time":{"created":"Publi\u00e9 le 10 avril 2026 8:06  ","modified":"Mise \u00e0 jour le 24 avril 2026 8:11  "},"featured_img_caption":"","series_order":"","_links":{"self":[{"href":"https:\/\/www.rbc.com\/fr\/economique\/wp-json\/wp\/v2\/posts\/4625","targetHints":{"allow":["GET"]}}],"collection":[{"href":"https:\/\/www.rbc.com\/fr\/economique\/wp-json\/wp\/v2\/posts"}],"about":[{"href":"https:\/\/www.rbc.com\/fr\/economique\/wp-json\/wp\/v2\/types\/post"}],"author":[{"embeddable":true,"href":"https:\/\/www.rbc.com\/fr\/economique\/wp-json\/wp\/v2\/users\/318"}],"replies":[{"embeddable":true,"href":"https:\/\/www.rbc.com\/fr\/economique\/wp-json\/wp\/v2\/comments?post=4625"}],"version-history":[{"count":6,"href":"https:\/\/www.rbc.com\/fr\/economique\/wp-json\/wp\/v2\/posts\/4625\/revisions"}],"predecessor-version":[{"id":4632,"href":"https:\/\/www.rbc.com\/fr\/economique\/wp-json\/wp\/v2\/posts\/4625\/revisions\/4632"}],"wp:featuredmedia":[{"embeddable":true,"href":"https:\/\/www.rbc.com\/fr\/economique\/wp-json\/wp\/v2\/media\/1045"}],"wp:attachment":[{"href":"https:\/\/www.rbc.com\/fr\/economique\/wp-json\/wp\/v2\/media?parent=4625"}],"wp:term":[{"taxonomy":"category","embeddable":true,"href":"https:\/\/www.rbc.com\/fr\/economique\/wp-json\/wp\/v2\/categories?post=4625"},{"taxonomy":"post_tag","embeddable":true,"href":"https:\/\/www.rbc.com\/fr\/economique\/wp-json\/wp\/v2\/tags?post=4625"},{"taxonomy":"rbc_econ_content_type","embeddable":true,"href":"https:\/\/www.rbc.com\/fr\/economique\/wp-json\/wp\/v2\/rbc_econ_content_type?post=4625"}],"curies":[{"name":"wp","href":"https:\/\/api.w.org\/{rel}","templated":true}]}}