{"id":4308,"date":"2025-07-17T18:01:55","date_gmt":"2025-07-17T18:01:55","guid":{"rendered":"https:\/\/www.rbc.com\/fr\/economique\/?p=4308"},"modified":"2026-03-25T18:03:34","modified_gmt":"2026-03-25T18:03:34","slug":"le-recul-des-depenses-des-titulaires-de-carte-rbc-en-juin-neclipse-pas-les-gains-du-deuxieme-trimestre","status":"publish","type":"post","link":"https:\/\/www.rbc.com\/fr\/economique\/analyse-pour-le-canada\/outil-de-suivi-des-depenses-de-consommation-rbc\/le-recul-des-depenses-des-titulaires-de-carte-rbc-en-juin-neclipse-pas-les-gains-du-deuxieme-trimestre\/","title":{"rendered":"Le recul des d\u00e9penses des titulaires de carte RBC en juin n\u2019\u00e9clipse pas les gains du deuxi\u00e8me trimestre"},"content":{"rendered":"\n<section class=\"wp-block-rbc-section-block  pos-rel section-tabs full-width is-tabs-style-section-tabs-in-page\" style=\"border-radius:0px\">\n<div class=\"wp-block-rbc-section-inner-block  section-inner\" style=\"border-radius:0x\">\n<p><em><em>Par Rachel&nbsp;Battaglia<\/em><\/em><\/p>\n\n\n\n<p><strong>Portrait des d\u00e9penses de juin&nbsp;:<\/strong> les donn\u00e9es sur les titulaires de cartes RBC indiquent une contraction des d\u00e9penses de consommation en juin. Les ventes au d\u00e9tail de base (\u00e0 l\u2019exception des automobiles et de l\u2019essence) ont enregistr\u00e9 leur premier recul mensuel depuis janvier, avec une baisse de 1,1&nbsp;%.<\/p>\n\n\n\n<p>Le total des d\u00e9penses des titulaires de carte RBC a diminu\u00e9 dans la m\u00eame proportion apr\u00e8s plusieurs mois de croissance soutenue. Cela dit, le total des d\u00e9penses des titulaires de carte (+2,6&nbsp;%) et les ventes au d\u00e9tail de base (+3&nbsp;%) sont demeur\u00e9s sup\u00e9rieurs en glissement trimestriel, ce qui renforce notre <a href=\"https:\/\/www.rbc.com\/fr\/leadership-avise\/recherche-economique\/economie-et-marches\/perspectives-macroeconomiques\/perspectives-economiques-du-canada-le-vent-tourne-alors-que-diminue-la-menace-descalade-des-droits-de-douane\/\" target=\"_blank\" rel=\"noreferrer noopener\" data-dig-id=\"LP-Analyseenvedette-Perspectives-1073-d9c33c20\" data-dig-label=\"opinion\" data-dig-action=\"link click\" data-dig-category=\"LP-Analyseenvedette-Perspectives\" class=\"rbc-link-format\">opinion<\/a> selon laquelle le contexte commercial g\u00e9n\u00e9ral a eu un impact plus important sur la confiance des consommateurs que sur les d\u00e9penses r\u00e9elles.<\/p>\n\n\n\n<hr class=\"wp-block-separator has-alpha-channel-opacity is-style-wide wide\" \/>\n\n\n\n<div id=\"everviz-wh_2XTPTe\" class=\"everviz-wh_2XTPTe\" data-view=\"graph\"><\/div>\n\n\n\n<hr class=\"wp-block-separator has-alpha-channel-opacity is-style-wide wide\" \/>\n\n\n\n<h3 class=\"wp-block-heading\" id=\"h-les-changements-fiscaux-ont-modifie-les-habitudes-de-depenses-en-2025\">Les changements fiscaux ont modifi\u00e9 les habitudes de d\u00e9penses en 2025<\/h3>\n\n\n\n<p>La contraction des d\u00e9penses de juin s\u2019explique sans doute par plusieurs facteurs, non pas seulement par la lassitude des consommateurs. Le repli fait suite aux r\u00e9sultats exceptionnellement \u00e9lev\u00e9s enregistr\u00e9s en mai, notamment dans certains segments de consommation discr\u00e9tionnaire comme les divertissements et la restauration, qui ont pr\u00e9par\u00e9 le terrain pour une correction naturelle en juin.<\/p>\n\n\n\n<p>Les changements fiscaux mis en \u0153uvre plus t\u00f4t cette ann\u00e9e ont aussi consid\u00e9rablement fauss\u00e9 les tendances globales en mati\u00e8re de d\u00e9penses. En effet, le cong\u00e9 de TPS et l\u2019abolition de la taxe sur le carbone pour les consommateurs ont influenc\u00e9 les comportements et les prix.<\/p>\n\n\n\n<p>Par cons\u00e9quent, une contraction pour un seul mois ne nous semble pas pr\u00e9occupante. La croissance trimestrielle des d\u00e9penses demeure positive dans presque toutes les cat\u00e9gories (sauf l\u2019essence et les voyages), la restauration (+7,7&nbsp;%) et des divertissements (+5,3&nbsp;%) arrivant en t\u00eate.<\/p>\n\n\n\n<div class=\"wp-block-rbc-tabs-block-v2 alignfull\">\n<ul class=\"wp-block-rbc-tab-nav-v2  tab-nav\" role=\"tablist\">\n<li role=\"presentation\" class=\"wp-block-rbc-tab-nav-single-v2\"><a href=\"#section-content-2841a497\" id=\"section-tab-2841a497\" role=\"tab\" data-toggle=\"tab\" data-bs-toggle=\"tab\" data-bs-target=\"#section-content-2841a497\" aria-controls=\"section-content-2841a497\" aria-selected=\"false\" data-dig-id=\"LP-AnalysepourleCanada-Outildesuividesd\u00e9pensesdeconsommationRBC-4308-2841a497\" data-dig-category=\"LP-AnalysepourleCanada-Outildesuividesd\u00e9pensesdeconsommationRBC\" data-dig-action=\"tab select\" data-dig-label=\"Toutes les cat\u00e9gories\" data-dig-anchor=\"\">Toutes les cat\u00e9gories<\/a><\/li>\n\n\n\n<li role=\"presentation\" class=\"wp-block-rbc-tab-nav-single-v2\"><a href=\"#section-content-373fd24f\" id=\"section-tab-373fd24f\" role=\"tab\" data-toggle=\"tab\" data-bs-toggle=\"tab\" data-bs-target=\"#section-content-373fd24f\" aria-controls=\"section-content-373fd24f\" aria-selected=\"false\" data-dig-id=\"LP-AnalysepourleCanada-Outildesuividesd\u00e9pensesdeconsommationRBC-4308-373fd24f\" data-dig-category=\"LP-AnalysepourleCanada-Outildesuividesd\u00e9pensesdeconsommationRBC\" data-dig-action=\"tab select\" data-dig-label=\"Repas, \u00e9picerie et voyages\" data-dig-anchor=\"\">Repas, \u00e9picerie et voyages<\/a><\/li>\n\n\n\n<li role=\"presentation\" class=\"wp-block-rbc-tab-nav-single-v2\"><a href=\"#section-content-a2970a6a\" id=\"section-tab-a2970a6a\" role=\"tab\" data-toggle=\"tab\" data-bs-toggle=\"tab\" data-bs-target=\"#section-content-a2970a6a\" aria-controls=\"section-content-a2970a6a\" aria-selected=\"false\" data-dig-id=\"LP-AnalysepourleCanada-Outildesuividesd\u00e9pensesdeconsommationRBC-4308-a2970a6a\" data-dig-category=\"LP-AnalysepourleCanada-Outildesuividesd\u00e9pensesdeconsommationRBC\" data-dig-action=\"tab select\" data-dig-label=\"Divertissement, m\u00e9nage et v\u00eatements\" data-dig-anchor=\"\">Divertissement, m\u00e9nage et v\u00eatements<\/a><\/li>\n<\/ul>\n\n\n\n<div class=\"wp-block-rbc-tab-content-v2 tab-content\">\n<div role=\"tabpanel\" tabindex=\"0\" class=\"tab-pane\" aria-labelledby=\"section-tab-2841a497\" id=\"section-content-2841a497\">\n<div id=\"everviz-RugdeEMc0\" class=\"everviz-RugdeEMc0\" data-view=\"graph\"><\/div>\n<\/div>\n\n\n\n<div role=\"tabpanel\" tabindex=\"0\" class=\"tab-pane\" aria-labelledby=\"section-tab-373fd24f\" id=\"section-content-373fd24f\">\n<div id=\"everviz-WjOczc8ji\" class=\"everviz-WjOczc8ji\" data-view=\"graph\"><\/div>\n<\/div>\n\n\n\n<div role=\"tabpanel\" tabindex=\"0\" class=\"tab-pane show active\" aria-labelledby=\"section-tab-a2970a6a\" id=\"section-content-a2970a6a\">\n<div id=\"everviz-6Evxrid57\" class=\"everviz-6Evxrid57\" data-view=\"graph\"><\/div>\n<\/div>\n<\/div>\n<\/div>\n\n\n\n<div style=\"height:48px\" aria-hidden=\"true\" class=\"wp-block-spacer\"><\/div>\n\n\n\n<p>Certains indicateurs \u00e9conomiques g\u00e9n\u00e9raux montrent aussi des signes d\u2019am\u00e9lioration. Apr\u00e8s avoir atteint un creux en mars, l\u2019indice de confiance des consommateurs du Conference Board du Canada s\u2019est redress\u00e9. Les premiers signes de reprise du march\u00e9 de l\u2019habitation et l\u2019augmentation des d\u00e9penses pour des biens co\u00fbteux, comme les automobiles, sont \u00e9galement de bon augure.<\/p>\n\n\n\n<hr class=\"wp-block-separator has-alpha-channel-opacity is-style-wide wide\" \/>\n\n\n\n<div id=\"everviz-alWDINVIz\" class=\"everviz-alWDINVIz\" data-view=\"graph\"><\/div>\n\n\n\n<hr class=\"wp-block-separator has-alpha-channel-opacity is-style-wide wide\" \/>\n\n\n\n<h3 class=\"wp-block-heading\" id=\"h-la-volatilite-des-prix-de-l-essence-ebranle-les-depenses-liees-aux-biens-essentiels\">La volatilit\u00e9 des prix de l\u2019essence \u00e9branle les d\u00e9penses li\u00e9es aux biens essentiels<\/h3>\n\n\n\n<p>Dans l\u2019ensemble, les d\u00e9penses li\u00e9es aux biens essentiels ont cr\u00fb durant le trimestre (moyenne sur trois mois) et ont augment\u00e9 par rapport au premier trimestre.<\/p>\n\n\n\n<p>Malgr\u00e9 des fluctuations, les achats de produits d\u2019\u00e9picerie ont enregistr\u00e9 une hausse trimestrielle. Les d\u00e9penses en essence ont connu une forte volatilit\u00e9 au cours du trimestre en raison des redressements fiscaux et des <a href=\"https:\/\/www.rbc.com\/fr\/leadership-avise\/recherche-economique\/perspectives-vedettes\/calculs-sur-le-petrole-brut-evaluer-la-vulnerabilite-du-canada-face-aux-prix-petroliers\/\" target=\"_blank\" data-dig-id=\"LP-Analyseenvedette-Perspectives-1073-d9c33c20\" data-dig-category=\"LP-Analyseenvedette-Perspectives\" data-dig-action=\"link click\" data-dig-label=\"chocs p\u00e9troliers\" rel=\"noreferrer noopener\" class=\"rbc-link-format\">chocs p\u00e9troliers<\/a>, devenant ainsi l\u2019une des rares cat\u00e9gories \u00e0 afficher une croissance trimestrielle n\u00e9gative.<\/p>\n\n\n\n<hr class=\"wp-block-separator has-alpha-channel-opacity is-style-wide wide\" \/>\n\n\n\n<div id=\"everviz-ZbeCE0h6u\" class=\"everviz-ZbeCE0h6u\" data-view=\"graph\"><\/div>\n\n\n\n<hr class=\"wp-block-separator has-alpha-channel-opacity is-style-wide wide\" \/>\n\n\n\n<p>Les r\u00e9sultats relatifs aux d\u00e9penses en services discr\u00e9tionnaires ont \u00e9t\u00e9 contrast\u00e9s. Le secteur de la restauration s\u2019est montr\u00e9 particuli\u00e8rement r\u00e9silient pendant la majeure partie du trimestre, avec un gain de 7,7&nbsp;% (en glissement trimestriel) malgr\u00e9 le r\u00e9cent ralentissement.<\/p>\n\n\n\n<p>En revanche, les d\u00e9penses li\u00e9es aux voyages ont suivi une trajectoire baissi\u00e8re tout au long du deuxi\u00e8me trimestre. La diminution marqu\u00e9e des voyages aux \u00c9tats-Unis a contribu\u00e9 \u00e0 cette situation&nbsp;: le nombre de Canadiens revenant des \u00c9tats-Unis a chut\u00e9 de 22&nbsp;% comparativement \u00e0 l\u2019an dernier, atteignant son niveau trimestriel le plus bas depuis le deuxi\u00e8me trimestre de 2022.<\/p>\n\n\n\n<h3 class=\"wp-block-heading\" id=\"h-tendances-regionales-nbsp-premiers-signes-de-faiblesse-dans-le-centre-du-canada\">Tendances r\u00e9gionales&nbsp;: premiers signes de faiblesse dans le centre du Canada<\/h3>\n\n\n\n<p>Les d\u00e9penses sont rest\u00e9es positives dans la plupart des provinces, \u00e0 l\u2019exception de l\u2019\u00cele-du-Prince-\u00c9douard (-6,4&nbsp;%) et de Terre-Neuve-et-Labrador (-2,2&nbsp;%).<\/p>\n\n\n\n<p>Ces petites provinces connaissent g\u00e9n\u00e9ralement une plus grande volatilit\u00e9 en raison de la taille r\u00e9duite des \u00e9chantillons, mais la contraction observ\u00e9e pour l\u2019\u00cele-du-Prince-\u00c9douard concorde avec les indicateurs actuels du march\u00e9 du travail. En effet, la croissance exceptionnellement lente des salaires dans cette province (0,2&nbsp;% sur 12&nbsp;mois au deuxi\u00e8me trimestre) pourrait freiner les d\u00e9penses de consommation. Il est \u00e9galement possible que la faiblesse de l\u2019inflation (0,8&nbsp;%) p\u00e8se dans la balance.<\/p>\n\n\n\n<p>La sous-performance de l\u2019Ontario et des provinces voisines est plus inqui\u00e9tante. La croissance du total des d\u00e9penses des titulaires de carte RBC est tomb\u00e9e en de\u00e7\u00e0 de la moyenne nationale l\u00e0 o\u00f9 se concentre la r\u00e9cente faiblesse du march\u00e9 du travail.<a id=\"_msocom_1\"><\/a><\/p>\n\n\n\n<hr class=\"wp-block-separator has-alpha-channel-opacity is-style-wide wide\" \/>\n\n\n\n<div id=\"everviz-EBzj6Nup7\" class=\"everviz-EBzj6Nup7\" data-view=\"graph\"><\/div>\n\n\n\n<hr class=\"wp-block-separator has-alpha-channel-opacity is-style-wide wide\" \/>\n\n\n\n<div id=\"everviz-_BnhpGH26\" class=\"everviz-_BnhpGH26\" data-view=\"graph\"><\/div>\n\n\n\n<hr class=\"wp-block-separator has-alpha-channel-opacity is-style-wide wide\" \/>\n\n\n\n<div id=\"everviz-3kx0Hglle\" class=\"everviz-3kx0Hglle\" data-view=\"graph\"><\/div>\n\n\n\n<hr class=\"wp-block-separator has-alpha-channel-opacity is-style-wide wide\" \/>\n\n\n\n<p><em><em><em><strong>Rachel Battaglia<\/strong>&nbsp;est \u00e9conomiste \u00e0 RBC. Elle est membre du groupe d\u2019Analyse macro\u00e9conomique et r\u00e9gionale et fournit des analyses des perspectives macro\u00e9conomiques provinciales. Elle est titulaire d\u2019un baccalaur\u00e9at en \u00e9conomie (avec distinction) de l\u2019Universit\u00e9 Western Ontario et d\u2019une ma\u00eetrise en sciences de l\u2019Amsterdam School of Economics.<\/em><\/em><\/em><\/p>\n<\/div>\n<\/section>\n","protected":false},"excerpt":{"rendered":"","protected":false},"author":318,"featured_media":1072,"comment_status":"open","ping_status":"open","sticky":false,"template":"","format":"standard","meta":{"_acf_changed":false,"advgb_blocks_editor_width":"","advgb_blocks_columns_visual_guide":"","footnotes":""},"categories":[71,86],"tags":[],"rbc_econ_content_type":[],"class_list":["post-4308","post","type-post","status-publish","format-standard","has-post-thumbnail","hentry","category-analyse-pour-le-canada","category-outil-de-suivi-des-depenses-de-consommation-rbc"],"acf":[],"yoast_head":"<!-- This site is optimized with the Yoast SEO Premium plugin v27.4 (Yoast SEO v27.4) - https:\/\/yoast.com\/product\/yoast-seo-premium-wordpress\/ -->\n<title>Le recul des d\u00e9penses des titulaires de carte RBC en juin n\u2019\u00e9clipse pas les gains du deuxi\u00e8me trimestre - RBC Economique<\/title>\n<meta name=\"robots\" content=\"index, follow, max-snippet:-1, max-image-preview:large, max-video-preview:-1\" \/>\n<link rel=\"canonical\" href=\"https:\/\/www.rbc.com\/fr\/economique\/analyse-pour-le-canada\/outil-de-suivi-des-depenses-de-consommation-rbc\/le-recul-des-depenses-des-titulaires-de-carte-rbc-en-juin-neclipse-pas-les-gains-du-deuxieme-trimestre\/\" \/>\n<meta property=\"og:locale\" content=\"fr_FR\" \/>\n<meta property=\"og:type\" content=\"article\" \/>\n<meta property=\"og:title\" content=\"Le recul des d\u00e9penses des titulaires de carte RBC en juin n\u2019\u00e9clipse pas les gains du deuxi\u00e8me trimestre\" \/>\n<meta property=\"og:url\" content=\"https:\/\/www.rbc.com\/fr\/economique\/analyse-pour-le-canada\/outil-de-suivi-des-depenses-de-consommation-rbc\/le-recul-des-depenses-des-titulaires-de-carte-rbc-en-juin-neclipse-pas-les-gains-du-deuxieme-trimestre\/\" \/>\n<meta property=\"og:site_name\" content=\"RBC Economique\" \/>\n<meta property=\"article:published_time\" content=\"2025-07-17T18:01:55+00:00\" \/>\n<meta property=\"article:modified_time\" content=\"2026-03-25T18:03:34+00:00\" \/>\n<meta name=\"author\" content=\"viktoriyapanahova\" \/>\n<meta name=\"twitter:card\" content=\"summary_large_image\" \/>\n<meta name=\"twitter:image\" content=\"https:\/\/www.rbc.com\/fr\/economique\/wp-content\/uploads\/sites\/24\/\/2025\/05\/Cons-sp.png?quality=80\" \/>\n<meta name=\"twitter:label1\" content=\"Written by\" \/>\n\t<meta name=\"twitter:data1\" content=\"viktoriyapanahova\" \/>\n\t<meta name=\"twitter:label2\" content=\"Est. reading time\" \/>\n\t<meta name=\"twitter:data2\" content=\"4 minutes\" \/>\n<script type=\"application\/ld+json\" class=\"yoast-schema-graph\">{\"@context\":\"https:\\\/\\\/schema.org\",\"@graph\":[{\"@type\":\"Article\",\"@id\":\"https:\\\/\\\/www.rbc.com\\\/fr\\\/economique\\\/analyse-pour-le-canada\\\/outil-de-suivi-des-depenses-de-consommation-rbc\\\/le-recul-des-depenses-des-titulaires-de-carte-rbc-en-juin-neclipse-pas-les-gains-du-deuxieme-trimestre\\\/#article\",\"isPartOf\":{\"@id\":\"https:\\\/\\\/www.rbc.com\\\/fr\\\/economique\\\/analyse-pour-le-canada\\\/outil-de-suivi-des-depenses-de-consommation-rbc\\\/le-recul-des-depenses-des-titulaires-de-carte-rbc-en-juin-neclipse-pas-les-gains-du-deuxieme-trimestre\\\/\"},\"author\":{\"name\":\"viktoriyapanahova\",\"@id\":\"https:\\\/\\\/www.rbc.com\\\/fr\\\/economique\\\/#\\\/schema\\\/person\\\/109dd1bd3c90e818f8159356d46905ea\"},\"headline\":\"Le recul des d\u00e9penses des titulaires de carte RBC en juin n\u2019\u00e9clipse pas les gains du deuxi\u00e8me trimestre\",\"datePublished\":\"2025-07-17T18:01:55+00:00\",\"dateModified\":\"2026-03-25T18:03:34+00:00\",\"mainEntityOfPage\":{\"@id\":\"https:\\\/\\\/www.rbc.com\\\/fr\\\/economique\\\/analyse-pour-le-canada\\\/outil-de-suivi-des-depenses-de-consommation-rbc\\\/le-recul-des-depenses-des-titulaires-de-carte-rbc-en-juin-neclipse-pas-les-gains-du-deuxieme-trimestre\\\/\"},\"wordCount\":836,\"commentCount\":0,\"image\":{\"@id\":\"https:\\\/\\\/www.rbc.com\\\/fr\\\/economique\\\/analyse-pour-le-canada\\\/outil-de-suivi-des-depenses-de-consommation-rbc\\\/le-recul-des-depenses-des-titulaires-de-carte-rbc-en-juin-neclipse-pas-les-gains-du-deuxieme-trimestre\\\/#primaryimage\"},\"thumbnailUrl\":\"https:\\\/\\\/www.rbc.com\\\/fr\\\/economique\\\/wp-content\\\/uploads\\\/sites\\\/24\\\/\\\/2025\\\/05\\\/Cons-sp.png?quality=80\",\"articleSection\":[\"Analyse pour le Canada\",\"Outil de suivi des d\u00e9penses de consommation RBC\"],\"inLanguage\":\"fr-FR\",\"potentialAction\":[{\"@type\":\"CommentAction\",\"name\":\"Comment\",\"target\":[\"https:\\\/\\\/www.rbc.com\\\/fr\\\/economique\\\/analyse-pour-le-canada\\\/outil-de-suivi-des-depenses-de-consommation-rbc\\\/le-recul-des-depenses-des-titulaires-de-carte-rbc-en-juin-neclipse-pas-les-gains-du-deuxieme-trimestre\\\/#respond\"]}]},{\"@type\":\"WebPage\",\"@id\":\"https:\\\/\\\/www.rbc.com\\\/fr\\\/economique\\\/analyse-pour-le-canada\\\/outil-de-suivi-des-depenses-de-consommation-rbc\\\/le-recul-des-depenses-des-titulaires-de-carte-rbc-en-juin-neclipse-pas-les-gains-du-deuxieme-trimestre\\\/\",\"url\":\"https:\\\/\\\/www.rbc.com\\\/fr\\\/economique\\\/analyse-pour-le-canada\\\/outil-de-suivi-des-depenses-de-consommation-rbc\\\/le-recul-des-depenses-des-titulaires-de-carte-rbc-en-juin-neclipse-pas-les-gains-du-deuxieme-trimestre\\\/\",\"name\":\"Le recul des d\u00e9penses des titulaires de carte RBC en juin n\u2019\u00e9clipse pas les gains du deuxi\u00e8me trimestre - RBC Economique\",\"isPartOf\":{\"@id\":\"https:\\\/\\\/www.rbc.com\\\/fr\\\/economique\\\/#website\"},\"primaryImageOfPage\":{\"@id\":\"https:\\\/\\\/www.rbc.com\\\/fr\\\/economique\\\/analyse-pour-le-canada\\\/outil-de-suivi-des-depenses-de-consommation-rbc\\\/le-recul-des-depenses-des-titulaires-de-carte-rbc-en-juin-neclipse-pas-les-gains-du-deuxieme-trimestre\\\/#primaryimage\"},\"image\":{\"@id\":\"https:\\\/\\\/www.rbc.com\\\/fr\\\/economique\\\/analyse-pour-le-canada\\\/outil-de-suivi-des-depenses-de-consommation-rbc\\\/le-recul-des-depenses-des-titulaires-de-carte-rbc-en-juin-neclipse-pas-les-gains-du-deuxieme-trimestre\\\/#primaryimage\"},\"thumbnailUrl\":\"https:\\\/\\\/www.rbc.com\\\/fr\\\/economique\\\/wp-content\\\/uploads\\\/sites\\\/24\\\/\\\/2025\\\/05\\\/Cons-sp.png?quality=80\",\"datePublished\":\"2025-07-17T18:01:55+00:00\",\"dateModified\":\"2026-03-25T18:03:34+00:00\",\"author\":{\"@id\":\"https:\\\/\\\/www.rbc.com\\\/fr\\\/economique\\\/#\\\/schema\\\/person\\\/109dd1bd3c90e818f8159356d46905ea\"},\"breadcrumb\":{\"@id\":\"https:\\\/\\\/www.rbc.com\\\/fr\\\/economique\\\/analyse-pour-le-canada\\\/outil-de-suivi-des-depenses-de-consommation-rbc\\\/le-recul-des-depenses-des-titulaires-de-carte-rbc-en-juin-neclipse-pas-les-gains-du-deuxieme-trimestre\\\/#breadcrumb\"},\"inLanguage\":\"fr-FR\",\"potentialAction\":[{\"@type\":\"ReadAction\",\"target\":[\"https:\\\/\\\/www.rbc.com\\\/fr\\\/economique\\\/analyse-pour-le-canada\\\/outil-de-suivi-des-depenses-de-consommation-rbc\\\/le-recul-des-depenses-des-titulaires-de-carte-rbc-en-juin-neclipse-pas-les-gains-du-deuxieme-trimestre\\\/\"]}]},{\"@type\":\"ImageObject\",\"inLanguage\":\"fr-FR\",\"@id\":\"https:\\\/\\\/www.rbc.com\\\/fr\\\/economique\\\/analyse-pour-le-canada\\\/outil-de-suivi-des-depenses-de-consommation-rbc\\\/le-recul-des-depenses-des-titulaires-de-carte-rbc-en-juin-neclipse-pas-les-gains-du-deuxieme-trimestre\\\/#primaryimage\",\"url\":\"https:\\\/\\\/www.rbc.com\\\/fr\\\/economique\\\/wp-content\\\/uploads\\\/sites\\\/24\\\/\\\/2025\\\/05\\\/Cons-sp.png?quality=80\",\"contentUrl\":\"https:\\\/\\\/www.rbc.com\\\/fr\\\/economique\\\/wp-content\\\/uploads\\\/sites\\\/24\\\/\\\/2025\\\/05\\\/Cons-sp.png?quality=80\",\"width\":6134,\"height\":3700},{\"@type\":\"BreadcrumbList\",\"@id\":\"https:\\\/\\\/www.rbc.com\\\/fr\\\/economique\\\/analyse-pour-le-canada\\\/outil-de-suivi-des-depenses-de-consommation-rbc\\\/le-recul-des-depenses-des-titulaires-de-carte-rbc-en-juin-neclipse-pas-les-gains-du-deuxieme-trimestre\\\/#breadcrumb\",\"itemListElement\":[{\"@type\":\"ListItem\",\"position\":1,\"name\":\"Home\",\"item\":\"https:\\\/\\\/www.rbc.com\\\/fr\\\/economique\\\/\"},{\"@type\":\"ListItem\",\"position\":2,\"name\":\"Le recul des d\u00e9penses des titulaires de carte RBC en juin n\u2019\u00e9clipse pas les gains du deuxi\u00e8me trimestre\"}]},{\"@type\":\"WebSite\",\"@id\":\"https:\\\/\\\/www.rbc.com\\\/fr\\\/economique\\\/#website\",\"url\":\"https:\\\/\\\/www.rbc.com\\\/fr\\\/economique\\\/\",\"name\":\"RBC Economique\",\"description\":\"\",\"potentialAction\":[{\"@type\":\"SearchAction\",\"target\":{\"@type\":\"EntryPoint\",\"urlTemplate\":\"https:\\\/\\\/www.rbc.com\\\/fr\\\/economique\\\/?s={search_term_string}\"},\"query-input\":{\"@type\":\"PropertyValueSpecification\",\"valueRequired\":true,\"valueName\":\"search_term_string\"}}],\"inLanguage\":\"fr-FR\"},{\"@type\":\"Person\",\"@id\":\"https:\\\/\\\/www.rbc.com\\\/fr\\\/economique\\\/#\\\/schema\\\/person\\\/109dd1bd3c90e818f8159356d46905ea\",\"name\":\"viktoriyapanahova\",\"image\":{\"@type\":\"ImageObject\",\"inLanguage\":\"fr-FR\",\"@id\":\"https:\\\/\\\/secure.gravatar.com\\\/avatar\\\/885bcff339d33080f070ec9cbe77fcf3007653305ae17de7827e19af43e61913?s=96&d=mm&r=g\",\"url\":\"https:\\\/\\\/secure.gravatar.com\\\/avatar\\\/885bcff339d33080f070ec9cbe77fcf3007653305ae17de7827e19af43e61913?s=96&d=mm&r=g\",\"contentUrl\":\"https:\\\/\\\/secure.gravatar.com\\\/avatar\\\/885bcff339d33080f070ec9cbe77fcf3007653305ae17de7827e19af43e61913?s=96&d=mm&r=g\",\"caption\":\"viktoriyapanahova\"},\"url\":\"https:\\\/\\\/www.rbc.com\\\/fr\\\/economique\\\/author\\\/viktoriyapanahova\\\/\"}]}<\/script>\n<!-- \/ Yoast SEO Premium plugin. -->","yoast_head_json":{"title":"Le recul des d\u00e9penses des titulaires de carte RBC en juin n\u2019\u00e9clipse pas les gains du deuxi\u00e8me trimestre - RBC Economique","robots":{"index":"index","follow":"follow","max-snippet":"max-snippet:-1","max-image-preview":"max-image-preview:large","max-video-preview":"max-video-preview:-1"},"canonical":"https:\/\/www.rbc.com\/fr\/economique\/analyse-pour-le-canada\/outil-de-suivi-des-depenses-de-consommation-rbc\/le-recul-des-depenses-des-titulaires-de-carte-rbc-en-juin-neclipse-pas-les-gains-du-deuxieme-trimestre\/","og_locale":"fr_FR","og_type":"article","og_title":"Le recul des d\u00e9penses des titulaires de carte RBC en juin n\u2019\u00e9clipse pas les gains du deuxi\u00e8me trimestre","og_url":"https:\/\/www.rbc.com\/fr\/economique\/analyse-pour-le-canada\/outil-de-suivi-des-depenses-de-consommation-rbc\/le-recul-des-depenses-des-titulaires-de-carte-rbc-en-juin-neclipse-pas-les-gains-du-deuxieme-trimestre\/","og_site_name":"RBC Economique","article_published_time":"2025-07-17T18:01:55+00:00","article_modified_time":"2026-03-25T18:03:34+00:00","author":"viktoriyapanahova","twitter_card":"summary_large_image","twitter_image":"https:\/\/www.rbc.com\/fr\/economique\/wp-content\/uploads\/sites\/24\/\/2025\/05\/Cons-sp.png?quality=80","twitter_misc":{"Written by":"viktoriyapanahova","Est. reading time":"4 minutes"},"schema":{"@context":"https:\/\/schema.org","@graph":[{"@type":"Article","@id":"https:\/\/www.rbc.com\/fr\/economique\/analyse-pour-le-canada\/outil-de-suivi-des-depenses-de-consommation-rbc\/le-recul-des-depenses-des-titulaires-de-carte-rbc-en-juin-neclipse-pas-les-gains-du-deuxieme-trimestre\/#article","isPartOf":{"@id":"https:\/\/www.rbc.com\/fr\/economique\/analyse-pour-le-canada\/outil-de-suivi-des-depenses-de-consommation-rbc\/le-recul-des-depenses-des-titulaires-de-carte-rbc-en-juin-neclipse-pas-les-gains-du-deuxieme-trimestre\/"},"author":{"name":"viktoriyapanahova","@id":"https:\/\/www.rbc.com\/fr\/economique\/#\/schema\/person\/109dd1bd3c90e818f8159356d46905ea"},"headline":"Le recul des d\u00e9penses des titulaires de carte RBC en juin n\u2019\u00e9clipse pas les gains du deuxi\u00e8me trimestre","datePublished":"2025-07-17T18:01:55+00:00","dateModified":"2026-03-25T18:03:34+00:00","mainEntityOfPage":{"@id":"https:\/\/www.rbc.com\/fr\/economique\/analyse-pour-le-canada\/outil-de-suivi-des-depenses-de-consommation-rbc\/le-recul-des-depenses-des-titulaires-de-carte-rbc-en-juin-neclipse-pas-les-gains-du-deuxieme-trimestre\/"},"wordCount":836,"commentCount":0,"image":{"@id":"https:\/\/www.rbc.com\/fr\/economique\/analyse-pour-le-canada\/outil-de-suivi-des-depenses-de-consommation-rbc\/le-recul-des-depenses-des-titulaires-de-carte-rbc-en-juin-neclipse-pas-les-gains-du-deuxieme-trimestre\/#primaryimage"},"thumbnailUrl":"https:\/\/www.rbc.com\/fr\/economique\/wp-content\/uploads\/sites\/24\/\/2025\/05\/Cons-sp.png?quality=80","articleSection":["Analyse pour le Canada","Outil de suivi des d\u00e9penses de consommation RBC"],"inLanguage":"fr-FR","potentialAction":[{"@type":"CommentAction","name":"Comment","target":["https:\/\/www.rbc.com\/fr\/economique\/analyse-pour-le-canada\/outil-de-suivi-des-depenses-de-consommation-rbc\/le-recul-des-depenses-des-titulaires-de-carte-rbc-en-juin-neclipse-pas-les-gains-du-deuxieme-trimestre\/#respond"]}]},{"@type":"WebPage","@id":"https:\/\/www.rbc.com\/fr\/economique\/analyse-pour-le-canada\/outil-de-suivi-des-depenses-de-consommation-rbc\/le-recul-des-depenses-des-titulaires-de-carte-rbc-en-juin-neclipse-pas-les-gains-du-deuxieme-trimestre\/","url":"https:\/\/www.rbc.com\/fr\/economique\/analyse-pour-le-canada\/outil-de-suivi-des-depenses-de-consommation-rbc\/le-recul-des-depenses-des-titulaires-de-carte-rbc-en-juin-neclipse-pas-les-gains-du-deuxieme-trimestre\/","name":"Le recul des d\u00e9penses des titulaires de carte RBC en juin n\u2019\u00e9clipse pas les gains du deuxi\u00e8me trimestre - RBC Economique","isPartOf":{"@id":"https:\/\/www.rbc.com\/fr\/economique\/#website"},"primaryImageOfPage":{"@id":"https:\/\/www.rbc.com\/fr\/economique\/analyse-pour-le-canada\/outil-de-suivi-des-depenses-de-consommation-rbc\/le-recul-des-depenses-des-titulaires-de-carte-rbc-en-juin-neclipse-pas-les-gains-du-deuxieme-trimestre\/#primaryimage"},"image":{"@id":"https:\/\/www.rbc.com\/fr\/economique\/analyse-pour-le-canada\/outil-de-suivi-des-depenses-de-consommation-rbc\/le-recul-des-depenses-des-titulaires-de-carte-rbc-en-juin-neclipse-pas-les-gains-du-deuxieme-trimestre\/#primaryimage"},"thumbnailUrl":"https:\/\/www.rbc.com\/fr\/economique\/wp-content\/uploads\/sites\/24\/\/2025\/05\/Cons-sp.png?quality=80","datePublished":"2025-07-17T18:01:55+00:00","dateModified":"2026-03-25T18:03:34+00:00","author":{"@id":"https:\/\/www.rbc.com\/fr\/economique\/#\/schema\/person\/109dd1bd3c90e818f8159356d46905ea"},"breadcrumb":{"@id":"https:\/\/www.rbc.com\/fr\/economique\/analyse-pour-le-canada\/outil-de-suivi-des-depenses-de-consommation-rbc\/le-recul-des-depenses-des-titulaires-de-carte-rbc-en-juin-neclipse-pas-les-gains-du-deuxieme-trimestre\/#breadcrumb"},"inLanguage":"fr-FR","potentialAction":[{"@type":"ReadAction","target":["https:\/\/www.rbc.com\/fr\/economique\/analyse-pour-le-canada\/outil-de-suivi-des-depenses-de-consommation-rbc\/le-recul-des-depenses-des-titulaires-de-carte-rbc-en-juin-neclipse-pas-les-gains-du-deuxieme-trimestre\/"]}]},{"@type":"ImageObject","inLanguage":"fr-FR","@id":"https:\/\/www.rbc.com\/fr\/economique\/analyse-pour-le-canada\/outil-de-suivi-des-depenses-de-consommation-rbc\/le-recul-des-depenses-des-titulaires-de-carte-rbc-en-juin-neclipse-pas-les-gains-du-deuxieme-trimestre\/#primaryimage","url":"https:\/\/www.rbc.com\/fr\/economique\/wp-content\/uploads\/sites\/24\/\/2025\/05\/Cons-sp.png?quality=80","contentUrl":"https:\/\/www.rbc.com\/fr\/economique\/wp-content\/uploads\/sites\/24\/\/2025\/05\/Cons-sp.png?quality=80","width":6134,"height":3700},{"@type":"BreadcrumbList","@id":"https:\/\/www.rbc.com\/fr\/economique\/analyse-pour-le-canada\/outil-de-suivi-des-depenses-de-consommation-rbc\/le-recul-des-depenses-des-titulaires-de-carte-rbc-en-juin-neclipse-pas-les-gains-du-deuxieme-trimestre\/#breadcrumb","itemListElement":[{"@type":"ListItem","position":1,"name":"Home","item":"https:\/\/www.rbc.com\/fr\/economique\/"},{"@type":"ListItem","position":2,"name":"Le recul des d\u00e9penses des titulaires de carte RBC en juin n\u2019\u00e9clipse pas les gains du deuxi\u00e8me trimestre"}]},{"@type":"WebSite","@id":"https:\/\/www.rbc.com\/fr\/economique\/#website","url":"https:\/\/www.rbc.com\/fr\/economique\/","name":"RBC Economique","description":"","potentialAction":[{"@type":"SearchAction","target":{"@type":"EntryPoint","urlTemplate":"https:\/\/www.rbc.com\/fr\/economique\/?s={search_term_string}"},"query-input":{"@type":"PropertyValueSpecification","valueRequired":true,"valueName":"search_term_string"}}],"inLanguage":"fr-FR"},{"@type":"Person","@id":"https:\/\/www.rbc.com\/fr\/economique\/#\/schema\/person\/109dd1bd3c90e818f8159356d46905ea","name":"viktoriyapanahova","image":{"@type":"ImageObject","inLanguage":"fr-FR","@id":"https:\/\/secure.gravatar.com\/avatar\/885bcff339d33080f070ec9cbe77fcf3007653305ae17de7827e19af43e61913?s=96&d=mm&r=g","url":"https:\/\/secure.gravatar.com\/avatar\/885bcff339d33080f070ec9cbe77fcf3007653305ae17de7827e19af43e61913?s=96&d=mm&r=g","contentUrl":"https:\/\/secure.gravatar.com\/avatar\/885bcff339d33080f070ec9cbe77fcf3007653305ae17de7827e19af43e61913?s=96&d=mm&r=g","caption":"viktoriyapanahova"},"url":"https:\/\/www.rbc.com\/fr\/economique\/author\/viktoriyapanahova\/"}]}},"author_meta":{"display_name":"viktoriyapanahova","author_link":"https:\/\/www.rbc.com\/fr\/economique\/author\/viktoriyapanahova\/"},"featured_img":"https:\/\/www.rbc.com\/fr\/economique\/wp-content\/uploads\/sites\/24\/\/2025\/05\/Cons-sp.png?quality=80&w=300","jetpack_featured_media_url":"https:\/\/www.rbc.com\/fr\/economique\/wp-content\/uploads\/sites\/24\/\/2025\/05\/Cons-sp.png?quality=80","coauthors":[],"tax_additional":{"categories":{"linked":["<a href=\"https:\/\/www.rbc.com\/fr\/economique\/category\/analyse-pour-le-canada\/\" class=\"advgb-post-tax-term\">Analyse pour le Canada<\/a>","<a href=\"https:\/\/www.rbc.com\/fr\/economique\/category\/analyse-pour-le-canada\/outil-de-suivi-des-depenses-de-consommation-rbc\/\" class=\"advgb-post-tax-term\">Outil de suivi des d\u00e9penses de consommation RBC<\/a>"],"unlinked":["<span class=\"advgb-post-tax-term\">Analyse pour le Canada<\/span>","<span class=\"advgb-post-tax-term\">Outil de suivi des d\u00e9penses de consommation RBC<\/span>"]}},"comment_count":"0","relative_dates":{"created":"Publi\u00e9 10 mois il y a","modified":"Mis \u00e0 jour 1 mois il y a"},"absolute_dates":{"created":"Publi\u00e9 le 17 juillet 2025","modified":"Mise \u00e0 jour le 25 mars 2026"},"absolute_dates_time":{"created":"Publi\u00e9 le 17 juillet 2025 6:01  ","modified":"Mise \u00e0 jour le 25 mars 2026 6:03  "},"featured_img_caption":"","series_order":"","_links":{"self":[{"href":"https:\/\/www.rbc.com\/fr\/economique\/wp-json\/wp\/v2\/posts\/4308","targetHints":{"allow":["GET"]}}],"collection":[{"href":"https:\/\/www.rbc.com\/fr\/economique\/wp-json\/wp\/v2\/posts"}],"about":[{"href":"https:\/\/www.rbc.com\/fr\/economique\/wp-json\/wp\/v2\/types\/post"}],"author":[{"embeddable":true,"href":"https:\/\/www.rbc.com\/fr\/economique\/wp-json\/wp\/v2\/users\/318"}],"replies":[{"embeddable":true,"href":"https:\/\/www.rbc.com\/fr\/economique\/wp-json\/wp\/v2\/comments?post=4308"}],"version-history":[{"count":3,"href":"https:\/\/www.rbc.com\/fr\/economique\/wp-json\/wp\/v2\/posts\/4308\/revisions"}],"predecessor-version":[{"id":4311,"href":"https:\/\/www.rbc.com\/fr\/economique\/wp-json\/wp\/v2\/posts\/4308\/revisions\/4311"}],"wp:featuredmedia":[{"embeddable":true,"href":"https:\/\/www.rbc.com\/fr\/economique\/wp-json\/wp\/v2\/media\/1072"}],"wp:attachment":[{"href":"https:\/\/www.rbc.com\/fr\/economique\/wp-json\/wp\/v2\/media?parent=4308"}],"wp:term":[{"taxonomy":"category","embeddable":true,"href":"https:\/\/www.rbc.com\/fr\/economique\/wp-json\/wp\/v2\/categories?post=4308"},{"taxonomy":"post_tag","embeddable":true,"href":"https:\/\/www.rbc.com\/fr\/economique\/wp-json\/wp\/v2\/tags?post=4308"},{"taxonomy":"rbc_econ_content_type","embeddable":true,"href":"https:\/\/www.rbc.com\/fr\/economique\/wp-json\/wp\/v2\/rbc_econ_content_type?post=4308"}],"curies":[{"name":"wp","href":"https:\/\/api.w.org\/{rel}","templated":true}]}}