{"id":4302,"date":"2025-08-13T17:59:11","date_gmt":"2025-08-13T17:59:11","guid":{"rendered":"https:\/\/www.rbc.com\/fr\/economique\/?p=4302"},"modified":"2026-03-25T18:01:05","modified_gmt":"2026-03-25T18:01:05","slug":"le-rebond-des-depenses-des-titulaires-de-carte-rbc-au-canada-en-juillet-annonce-un-debut-de-troisieme-trimestre-stable","status":"publish","type":"post","link":"https:\/\/www.rbc.com\/fr\/economique\/analyse-pour-le-canada\/outil-de-suivi-des-depenses-de-consommation-rbc\/le-rebond-des-depenses-des-titulaires-de-carte-rbc-au-canada-en-juillet-annonce-un-debut-de-troisieme-trimestre-stable\/","title":{"rendered":"Le rebond des d\u00e9penses des titulaires de carte RBC au Canada en juillet annonce un d\u00e9but de troisi\u00e8me trimestre stable"},"content":{"rendered":"\n<section class=\"wp-block-rbc-section-block  pos-rel section-tabs full-width is-tabs-style-section-tabs-in-page\" style=\"border-radius:0px\">\n<div class=\"wp-block-rbc-section-inner-block  section-inner\" style=\"border-radius:0x\">\n<p><em>Par Abbey&nbsp;Xu<\/em><\/p>\n\n\n\n<p><strong>Aper\u00e7u des d\u00e9penses en juillet&nbsp;<\/strong>: Les d\u00e9penses des titulaires de carte RBC au Canada sont rest\u00e9es solides en juillet, avec une hausse de 1,1&nbsp;% des ventes au d\u00e9tail de base (excluant les automobiles et l\u2019essence), renversant le repli observ\u00e9 en juin.<\/p>\n\n\n\n<p>Les donn\u00e9es mensuelles restent volatiles, mais la moyenne mobile sur trois mois affiche tout de m\u00eame une hausse de 0,9\u00a0%. Les d\u00e9penses<sup data-fn=\"b2f62a17-0dc5-4833-8008-1d54f364facb\" class=\"fn\"><a href=\"#b2f62a17-0dc5-4833-8008-1d54f364facb\" id=\"b2f62a17-0dc5-4833-8008-1d54f364facb-link\">1<\/a><\/sup> totales des titulaires de carte RBC\u00a0ont d\u00e9pass\u00e9 de 2\u00a0% la moyenne du deuxi\u00e8me trimestre, marquant un d\u00e9but de troisi\u00e8me trimestre solide.<\/p>\n\n\n\n<p>Nous continuons de penser que la croissance des d\u00e9penses de consommation des m\u00e9nages ralentira au troisi\u00e8me trimestre, les perturbations du commerce international restant une menace pour les perspectives. Les d\u00e9penses devraient toutefois continuer de cro\u00eetre \u00e0 un rythme mod\u00e9r\u00e9 d\u2019ici la fin de l\u2019ann\u00e9e, alors que les march\u00e9s du travail montrent des signes de stabilisation et que la confiance des consommateurs remonte lentement apr\u00e8s les creux records du printemps.<\/p>\n\n\n\n<hr class=\"wp-block-separator has-alpha-channel-opacity is-style-wide wide\" \/>\n\n\n\n<div id=\"everviz-13SsJbgNe\" class=\"everviz-13SsJbgNe\" data-view=\"graph\"><\/div>\n\n\n\n<hr class=\"wp-block-separator has-alpha-channel-opacity is-style-wide wide\" \/>\n\n\n\n<h4 class=\"wp-block-heading has-rbc-bright-blue-tint-1-color has-text-color has-link-color wp-elements-e20be2e111ec0228c08613beede065fc\" id=\"h-un-tableau-contraste-avec-une-vigueur-observee-en-dehors-des-secteurs-de-l-automobile-et-de-l-essence\">Un tableau contrast\u00e9, avec une vigueur observ\u00e9e en dehors des secteurs de l\u2019automobile et de l\u2019essence<\/h4>\n\n\n\n<p>Les tendances de consommation sont rest\u00e9es plut\u00f4t robustes dans la majorit\u00e9 des cat\u00e9gories. Les voyages ont enregistr\u00e9 un rebond marqu\u00e9 apr\u00e8s un deuxi\u00e8me trimestre plus calme, et les secteurs des arts et du divertissement ont continu\u00e9 \u00e0 gagner en \u00e9lan.<\/p>\n\n\n\n<p>Les d\u00e9penses en essence ont diminu\u00e9, en raison de la baisse des prix \u00e0 la pompe, li\u00e9e au recul des prix mondiaux du p\u00e9trole apr\u00e8s une hausse en juin.<\/p>\n\n\n\n<p>D\u2019autres rapports du secteur indiquent \u00e9galement un l\u00e9ger fl\u00e9chissement des ventes de voitures. Les ventes ont l\u00e9g\u00e8rement diminu\u00e9 sur trois&nbsp;mois cons\u00e9cutifs.<\/p>\n\n\n\n<p>La suppression de la taxe carbone pour les consommateurs en avril, combin\u00e9e aux cong\u00e9s de la TPS plus t\u00f4t cette ann\u00e9e, continue d\u2019influencer les habitudes de consommation.<\/p>\n\n\n\n<div class=\"wp-block-rbc-tabs-block-v2 alignfull\">\n<ul class=\"wp-block-rbc-tab-nav-v2  tab-nav\" role=\"tablist\">\n<li role=\"presentation\" class=\"wp-block-rbc-tab-nav-single-v2\"><a href=\"#section-content-2841a497\" id=\"section-tab-2841a497\" role=\"tab\" data-toggle=\"tab\" data-bs-toggle=\"tab\" data-bs-target=\"#section-content-2841a497\" aria-controls=\"section-content-2841a497\" aria-selected=\"false\" data-dig-id=\"LP-AnalysepourleCanada-Outildesuividesd\u00e9pensesdeconsommationRBC-4302-2841a497\" data-dig-category=\"LP-AnalysepourleCanada-Outildesuividesd\u00e9pensesdeconsommationRBC\" data-dig-action=\"tab select\" data-dig-label=\"Toutes les cat\u00e9gories\" data-dig-anchor=\"\">Toutes les cat\u00e9gories<\/a><\/li>\n\n\n\n<li role=\"presentation\" class=\"wp-block-rbc-tab-nav-single-v2\"><a href=\"#section-content-373fd24f\" id=\"section-tab-373fd24f\" role=\"tab\" data-toggle=\"tab\" data-bs-toggle=\"tab\" data-bs-target=\"#section-content-373fd24f\" aria-controls=\"section-content-373fd24f\" aria-selected=\"false\" data-dig-id=\"LP-AnalysepourleCanada-Outildesuividesd\u00e9pensesdeconsommationRBC-4302-373fd24f\" data-dig-category=\"LP-AnalysepourleCanada-Outildesuividesd\u00e9pensesdeconsommationRBC\" data-dig-action=\"tab select\" data-dig-label=\"Divertissement, m\u00e9nage et v\u00eatements\" data-dig-anchor=\"\">Divertissement, m\u00e9nage et v\u00eatements<\/a><\/li>\n\n\n\n<li role=\"presentation\" class=\"wp-block-rbc-tab-nav-single-v2\"><a href=\"#section-content-a2970a6a\" id=\"section-tab-a2970a6a\" role=\"tab\" data-toggle=\"tab\" data-bs-toggle=\"tab\" data-bs-target=\"#section-content-a2970a6a\" aria-controls=\"section-content-a2970a6a\" aria-selected=\"false\" data-dig-id=\"LP-AnalysepourleCanada-Outildesuividesd\u00e9pensesdeconsommationRBC-4302-a2970a6a\" data-dig-category=\"LP-AnalysepourleCanada-Outildesuividesd\u00e9pensesdeconsommationRBC\" data-dig-action=\"tab select\" data-dig-label=\"Repas, \u00e9picerie et voyages\" data-dig-anchor=\"\">Repas, \u00e9picerie et voyages<\/a><\/li>\n<\/ul>\n\n\n\n<div class=\"wp-block-rbc-tab-content-v2 tab-content\">\n<div role=\"tabpanel\" tabindex=\"0\" class=\"tab-pane show active\" aria-labelledby=\"section-tab-2841a497\" id=\"section-content-2841a497\">\n<div id=\"everviz-tNZZyyCfq\" class=\"everviz-tNZZyyCfq\" data-view=\"graph\"><\/div>\n<\/div>\n\n\n\n<div role=\"tabpanel\" tabindex=\"0\" class=\"tab-pane\" aria-labelledby=\"section-tab-373fd24f\" id=\"section-content-373fd24f\">\n<div id=\"everviz-cvJCCNtr5\" class=\"everviz-cvJCCNtr5\" data-view=\"graph\"><\/div>\n<\/div>\n\n\n\n<div role=\"tabpanel\" tabindex=\"0\" class=\"tab-pane\" aria-labelledby=\"section-tab-a2970a6a\" id=\"section-content-a2970a6a\">\n<div id=\"everviz-2Oonv-WGw\" class=\"everviz-2Oonv-WGw\" data-view=\"graph\"><\/div>\n<\/div>\n<\/div>\n<\/div>\n\n\n\n<h4 class=\"wp-block-heading has-rbc-bright-blue-tint-1-color has-text-color has-link-color wp-elements-6536fd198eb9dc562b0bd968a16bc032\" id=\"h-regain-de-confiance-tempere-par-des-reserves-liees-au-commerce\">Regain de confiance temp\u00e9r\u00e9 par des r\u00e9serves li\u00e9es au commerce<\/h4>\n\n\n\n<p>La confiance des consommateurs canadiens, mesur\u00e9e par le Conference Board du Canada, a continu\u00e9 de se redresser progressivement apr\u00e8s avoir atteint un creux historique en mars.<\/p>\n\n\n\n<p>L\u2019incertitude persistante li\u00e9e au commerce mondial continue d\u2019influencer la mani\u00e8re dont les m\u00e9nages d\u00e9pensent, m\u00eame si le climat s\u2019est am\u00e9lior\u00e9. La derni\u00e8re enqu\u00eate de la Banque du Canada sur les attentes des consommateurs r\u00e9v\u00e8le que plus de 60&nbsp;% des r\u00e9pondants envisagent d\u2019augmenter leurs d\u00e9penses sur des produits fabriqu\u00e9s au Canada, et environ un tiers de passer leurs vacances au Canada.<\/p>\n\n\n\n<hr class=\"wp-block-separator has-alpha-channel-opacity is-style-wide wide\" \/>\n\n\n\n<div id=\"everviz-p6VnXhQOi\" class=\"everviz-p6VnXhQOi\" data-view=\"graph\"><\/div>\n\n\n\n<hr class=\"wp-block-separator has-alpha-channel-opacity is-style-wide wide\" \/>\n\n\n\n<h4 class=\"wp-block-heading has-rbc-bright-blue-tint-1-color has-text-color has-link-color wp-elements-059a972fbe349e948dcfd7453a641098\" id=\"h-pleins-feux-sur-les-depenses-nbsp-les-segments-de-consommation-discretionnaire-menent-le-bal-en-juillet\">Pleins feux sur les d\u00e9penses&nbsp;: les segments de consommation discr\u00e9tionnaire m\u00e8nent le bal en juillet<\/h4>\n\n\n\n<p>En juillet, les cat\u00e9gories de d\u00e9penses discr\u00e9tionnaires ont affich\u00e9 des rendements sup\u00e9rieurs, avec une hausse notable des d\u00e9penses en biens et services non essentiels par rapport \u00e0 la moyenne du deuxi\u00e8me trimestre, tandis que les d\u00e9penses en produits de premi\u00e8re n\u00e9cessit\u00e9 ont peu vari\u00e9.<\/p>\n\n\n\n<p>Du c\u00f4t\u00e9 des services discr\u00e9tionnaires, les d\u00e9penses au restaurant ont \u00e9t\u00e9 sup\u00e9rieures de 1,8&nbsp;% \u00e0 la moyenne du deuxi\u00e8me trimestre, poursuivant leur belle lanc\u00e9e. Les d\u00e9penses de construction des m\u00e9nages ont \u00e9galement gagn\u00e9 du terrain, , en ligne avec les premi\u00e8res donn\u00e9es du&nbsp;<a href=\"https:\/\/www.rbc.com\/fr\/leadership-avise\/recherche-economique\/logement-au-canada\/rapports-speciaux-sur-le-logement\/la-confiance-se-raffermit-peu-a-peu-sur-le-marche-residentiel-canadien\/\" target=\"_blank\" data-dig-id=\"LP-Analyseenvedette-Perspectives-1073-d9c33c20\" data-dig-category=\"LP-Analyseenvedette-Perspectives\" data-dig-action=\"link click\" data-dig-label=\"march\u00e9 immobilier\" rel=\"noreferrer noopener\" class=\"rbc-link-format\">march\u00e9 immobilier<\/a>&nbsp;qui indiquent une reprise continue des reventes de maisons.<\/p>\n\n\n\n<p>Les d\u00e9penses essentielles, comme l\u2019\u00e9picerie, ont connu une l\u00e9g\u00e8re hausse en juillet, mais leur rythme de croissance a ralenti par rapport au d\u00e9but du deuxi\u00e8me trimestre.<a id=\"_msocom_1\"><\/a><\/p>\n\n\n\n<hr class=\"wp-block-separator has-alpha-channel-opacity is-style-wide wide\" \/>\n\n\n\n<div id=\"everviz-1rnvm6fCT\" class=\"everviz-1rnvm6fCT\" data-view=\"graph\"><\/div>\n\n\n\n<hr class=\"wp-block-separator has-alpha-channel-opacity is-style-wide wide\" \/>\n\n\n\n<h4 class=\"wp-block-heading has-rbc-bright-blue-tint-1-color has-text-color has-link-color wp-elements-223feed2ea529134c9d097cdf8e4f486\" id=\"h-les-gains-regionaux-sont-inegaux-l-ontario-et-le-manitoba-se-distinguant-par-leur-vigueur\">Les gains r\u00e9gionaux sont in\u00e9gaux, l\u2019Ontario et le Manitoba se distinguant par leur vigueur<\/h4>\n\n\n\n<p>Les habitudes de consommation ont vari\u00e9 selon les provinces, avec une croissance en juillet qui n\u2019a d\u00e9pass\u00e9 la moyenne du deuxi\u00e8me trimestre qu\u2019en Ontario et au Manitoba \u2014 soulignant ainsi certaines poches de vigueur r\u00e9gionale.<\/p>\n\n\n\n<p>Le Qu\u00e9bec a affich\u00e9 une hausse modeste, en perte de vitesse par rapport au deuxi\u00e8me trimestre. La Saskatchewan a connu un recul par rapport au trimestre pr\u00e9c\u00e9dent, tandis que le Nouveau-Brunswick a aussi enregistr\u00e9 une croissance modeste, plus faible qu\u2019au d\u00e9but de l\u2019ann\u00e9e.<\/p>\n\n\n\n<hr class=\"wp-block-separator has-alpha-channel-opacity is-style-wide wide\" \/>\n\n\n\n<div id=\"everviz-S_GY4-bVL\" class=\"everviz-S_GY4-bVL\" data-view=\"graph\"><\/div>\n\n\n\n<hr class=\"wp-block-separator has-alpha-channel-opacity is-style-wide wide\" \/>\n\n\n\n<div id=\"everviz-1egmVBcFX\" class=\"everviz-1egmVBcFX\" data-view=\"graph\"><\/div>\n\n\n\n<hr class=\"wp-block-separator has-alpha-channel-opacity is-style-wide wide\" \/>\n\n\n\n<div id=\"everviz-vVO1zUG7Y\" class=\"everviz-vVO1zUG7Y\" data-view=\"graph\"><\/div>\n\n\n\n<p><\/p>\n\n\n\n<hr class=\"wp-block-separator has-alpha-channel-opacity is-style-wide wide\" \/>\n\n\n\n<p><em><strong>Abbey Xu<\/strong>&nbsp;est \u00e9conomiste \u00e0 RBC. En tant que membre du groupe d\u2019analyse macro\u00e9conomique, elle se sp\u00e9cialise dans les mod\u00e8les de pr\u00e9visions macro\u00e9conomiques, et pr\u00e9sente des analyses et des mises \u00e0 jour opportunes sur les tendances \u00e9conomiques.<\/em><\/p>\n<\/div>\n<\/section>\n","protected":false},"excerpt":{"rendered":"","protected":false},"author":318,"featured_media":1072,"comment_status":"open","ping_status":"open","sticky":false,"template":"","format":"standard","meta":{"_acf_changed":false,"advgb_blocks_editor_width":"","advgb_blocks_columns_visual_guide":"","footnotes":"[]"},"categories":[71,86],"tags":[],"rbc_econ_content_type":[],"class_list":["post-4302","post","type-post","status-publish","format-standard","has-post-thumbnail","hentry","category-analyse-pour-le-canada","category-outil-de-suivi-des-depenses-de-consommation-rbc"],"acf":[],"yoast_head":"<!-- This site is optimized with the Yoast SEO Premium plugin v27.2 (Yoast SEO v27.2) - https:\/\/yoast.com\/product\/yoast-seo-premium-wordpress\/ -->\n<title>Le rebond des d\u00e9penses des titulaires de carte RBC au Canada en juillet annonce un d\u00e9but de troisi\u00e8me trimestre stable - RBC Economique<\/title>\n<meta name=\"robots\" content=\"index, follow, max-snippet:-1, max-image-preview:large, max-video-preview:-1\" \/>\n<link rel=\"canonical\" href=\"https:\/\/www.rbc.com\/fr\/economique\/analyse-pour-le-canada\/outil-de-suivi-des-depenses-de-consommation-rbc\/le-rebond-des-depenses-des-titulaires-de-carte-rbc-au-canada-en-juillet-annonce-un-debut-de-troisieme-trimestre-stable\/\" \/>\n<meta property=\"og:locale\" content=\"fr_FR\" \/>\n<meta property=\"og:type\" content=\"article\" \/>\n<meta property=\"og:title\" content=\"Le rebond des d\u00e9penses des titulaires de carte RBC au Canada en juillet annonce un d\u00e9but de troisi\u00e8me trimestre stable\" \/>\n<meta property=\"og:url\" content=\"https:\/\/www.rbc.com\/fr\/economique\/analyse-pour-le-canada\/outil-de-suivi-des-depenses-de-consommation-rbc\/le-rebond-des-depenses-des-titulaires-de-carte-rbc-au-canada-en-juillet-annonce-un-debut-de-troisieme-trimestre-stable\/\" \/>\n<meta property=\"og:site_name\" content=\"RBC Economique\" \/>\n<meta property=\"article:published_time\" content=\"2025-08-13T17:59:11+00:00\" \/>\n<meta property=\"article:modified_time\" content=\"2026-03-25T18:01:05+00:00\" \/>\n<meta name=\"author\" content=\"viktoriyapanahova\" \/>\n<meta name=\"twitter:card\" content=\"summary_large_image\" \/>\n<meta name=\"twitter:image\" content=\"https:\/\/www.rbc.com\/fr\/economique\/wp-content\/uploads\/sites\/24\/\/2025\/05\/Cons-sp.png?quality=80\" \/>\n<meta name=\"twitter:label1\" content=\"Written by\" \/>\n\t<meta name=\"twitter:data1\" content=\"viktoriyapanahova\" \/>\n\t<meta name=\"twitter:label2\" content=\"Est. reading time\" \/>\n\t<meta name=\"twitter:data2\" content=\"4 minutes\" \/>\n<script type=\"application\/ld+json\" class=\"yoast-schema-graph\">{\"@context\":\"https:\/\/schema.org\",\"@graph\":[{\"@type\":\"Article\",\"@id\":\"https:\/\/www.rbc.com\/fr\/economique\/analyse-pour-le-canada\/outil-de-suivi-des-depenses-de-consommation-rbc\/le-rebond-des-depenses-des-titulaires-de-carte-rbc-au-canada-en-juillet-annonce-un-debut-de-troisieme-trimestre-stable\/#article\",\"isPartOf\":{\"@id\":\"https:\/\/www.rbc.com\/fr\/economique\/analyse-pour-le-canada\/outil-de-suivi-des-depenses-de-consommation-rbc\/le-rebond-des-depenses-des-titulaires-de-carte-rbc-au-canada-en-juillet-annonce-un-debut-de-troisieme-trimestre-stable\/\"},\"author\":{\"name\":\"viktoriyapanahova\",\"@id\":\"https:\/\/www.rbc.com\/fr\/economique\/#\/schema\/person\/109dd1bd3c90e818f8159356d46905ea\"},\"headline\":\"Le rebond des d\u00e9penses des titulaires de carte RBC au Canada en juillet annonce un d\u00e9but de troisi\u00e8me trimestre stable\",\"datePublished\":\"2025-08-13T17:59:11+00:00\",\"dateModified\":\"2026-03-25T18:01:05+00:00\",\"mainEntityOfPage\":{\"@id\":\"https:\/\/www.rbc.com\/fr\/economique\/analyse-pour-le-canada\/outil-de-suivi-des-depenses-de-consommation-rbc\/le-rebond-des-depenses-des-titulaires-de-carte-rbc-au-canada-en-juillet-annonce-un-debut-de-troisieme-trimestre-stable\/\"},\"wordCount\":808,\"commentCount\":0,\"image\":{\"@id\":\"https:\/\/www.rbc.com\/fr\/economique\/analyse-pour-le-canada\/outil-de-suivi-des-depenses-de-consommation-rbc\/le-rebond-des-depenses-des-titulaires-de-carte-rbc-au-canada-en-juillet-annonce-un-debut-de-troisieme-trimestre-stable\/#primaryimage\"},\"thumbnailUrl\":\"https:\/\/www.rbc.com\/fr\/economique\/wp-content\/uploads\/sites\/24\/\/2025\/05\/Cons-sp.png?quality=80\",\"articleSection\":[\"Analyse pour le Canada\",\"Outil de suivi des d\u00e9penses de consommation RBC\"],\"inLanguage\":\"fr-FR\",\"potentialAction\":[{\"@type\":\"CommentAction\",\"name\":\"Comment\",\"target\":[\"https:\/\/www.rbc.com\/fr\/economique\/analyse-pour-le-canada\/outil-de-suivi-des-depenses-de-consommation-rbc\/le-rebond-des-depenses-des-titulaires-de-carte-rbc-au-canada-en-juillet-annonce-un-debut-de-troisieme-trimestre-stable\/#respond\"]}]},{\"@type\":\"WebPage\",\"@id\":\"https:\/\/www.rbc.com\/fr\/economique\/analyse-pour-le-canada\/outil-de-suivi-des-depenses-de-consommation-rbc\/le-rebond-des-depenses-des-titulaires-de-carte-rbc-au-canada-en-juillet-annonce-un-debut-de-troisieme-trimestre-stable\/\",\"url\":\"https:\/\/www.rbc.com\/fr\/economique\/analyse-pour-le-canada\/outil-de-suivi-des-depenses-de-consommation-rbc\/le-rebond-des-depenses-des-titulaires-de-carte-rbc-au-canada-en-juillet-annonce-un-debut-de-troisieme-trimestre-stable\/\",\"name\":\"Le rebond des d\u00e9penses des titulaires de carte RBC au Canada en juillet annonce un d\u00e9but de troisi\u00e8me trimestre stable - RBC Economique\",\"isPartOf\":{\"@id\":\"https:\/\/www.rbc.com\/fr\/economique\/#website\"},\"primaryImageOfPage\":{\"@id\":\"https:\/\/www.rbc.com\/fr\/economique\/analyse-pour-le-canada\/outil-de-suivi-des-depenses-de-consommation-rbc\/le-rebond-des-depenses-des-titulaires-de-carte-rbc-au-canada-en-juillet-annonce-un-debut-de-troisieme-trimestre-stable\/#primaryimage\"},\"image\":{\"@id\":\"https:\/\/www.rbc.com\/fr\/economique\/analyse-pour-le-canada\/outil-de-suivi-des-depenses-de-consommation-rbc\/le-rebond-des-depenses-des-titulaires-de-carte-rbc-au-canada-en-juillet-annonce-un-debut-de-troisieme-trimestre-stable\/#primaryimage\"},\"thumbnailUrl\":\"https:\/\/www.rbc.com\/fr\/economique\/wp-content\/uploads\/sites\/24\/\/2025\/05\/Cons-sp.png?quality=80\",\"datePublished\":\"2025-08-13T17:59:11+00:00\",\"dateModified\":\"2026-03-25T18:01:05+00:00\",\"author\":{\"@id\":\"https:\/\/www.rbc.com\/fr\/economique\/#\/schema\/person\/109dd1bd3c90e818f8159356d46905ea\"},\"breadcrumb\":{\"@id\":\"https:\/\/www.rbc.com\/fr\/economique\/analyse-pour-le-canada\/outil-de-suivi-des-depenses-de-consommation-rbc\/le-rebond-des-depenses-des-titulaires-de-carte-rbc-au-canada-en-juillet-annonce-un-debut-de-troisieme-trimestre-stable\/#breadcrumb\"},\"inLanguage\":\"fr-FR\",\"potentialAction\":[{\"@type\":\"ReadAction\",\"target\":[\"https:\/\/www.rbc.com\/fr\/economique\/analyse-pour-le-canada\/outil-de-suivi-des-depenses-de-consommation-rbc\/le-rebond-des-depenses-des-titulaires-de-carte-rbc-au-canada-en-juillet-annonce-un-debut-de-troisieme-trimestre-stable\/\"]}]},{\"@type\":\"ImageObject\",\"inLanguage\":\"fr-FR\",\"@id\":\"https:\/\/www.rbc.com\/fr\/economique\/analyse-pour-le-canada\/outil-de-suivi-des-depenses-de-consommation-rbc\/le-rebond-des-depenses-des-titulaires-de-carte-rbc-au-canada-en-juillet-annonce-un-debut-de-troisieme-trimestre-stable\/#primaryimage\",\"url\":\"https:\/\/www.rbc.com\/fr\/economique\/wp-content\/uploads\/sites\/24\/\/2025\/05\/Cons-sp.png?quality=80\",\"contentUrl\":\"https:\/\/www.rbc.com\/fr\/economique\/wp-content\/uploads\/sites\/24\/\/2025\/05\/Cons-sp.png?quality=80\",\"width\":6134,\"height\":3700},{\"@type\":\"BreadcrumbList\",\"@id\":\"https:\/\/www.rbc.com\/fr\/economique\/analyse-pour-le-canada\/outil-de-suivi-des-depenses-de-consommation-rbc\/le-rebond-des-depenses-des-titulaires-de-carte-rbc-au-canada-en-juillet-annonce-un-debut-de-troisieme-trimestre-stable\/#breadcrumb\",\"itemListElement\":[{\"@type\":\"ListItem\",\"position\":1,\"name\":\"Home\",\"item\":\"https:\/\/www.rbc.com\/fr\/economique\/\"},{\"@type\":\"ListItem\",\"position\":2,\"name\":\"Le rebond des d\u00e9penses des titulaires de carte RBC au Canada en juillet annonce un d\u00e9but de troisi\u00e8me trimestre stable\"}]},{\"@type\":\"WebSite\",\"@id\":\"https:\/\/www.rbc.com\/fr\/economique\/#website\",\"url\":\"https:\/\/www.rbc.com\/fr\/economique\/\",\"name\":\"RBC Economique\",\"description\":\"\",\"potentialAction\":[{\"@type\":\"SearchAction\",\"target\":{\"@type\":\"EntryPoint\",\"urlTemplate\":\"https:\/\/www.rbc.com\/fr\/economique\/?s={search_term_string}\"},\"query-input\":{\"@type\":\"PropertyValueSpecification\",\"valueRequired\":true,\"valueName\":\"search_term_string\"}}],\"inLanguage\":\"fr-FR\"},{\"@type\":\"Person\",\"@id\":\"https:\/\/www.rbc.com\/fr\/economique\/#\/schema\/person\/109dd1bd3c90e818f8159356d46905ea\",\"name\":\"viktoriyapanahova\",\"image\":{\"@type\":\"ImageObject\",\"inLanguage\":\"fr-FR\",\"@id\":\"https:\/\/secure.gravatar.com\/avatar\/885bcff339d33080f070ec9cbe77fcf3007653305ae17de7827e19af43e61913?s=96&d=mm&r=g\",\"url\":\"https:\/\/secure.gravatar.com\/avatar\/885bcff339d33080f070ec9cbe77fcf3007653305ae17de7827e19af43e61913?s=96&d=mm&r=g\",\"contentUrl\":\"https:\/\/secure.gravatar.com\/avatar\/885bcff339d33080f070ec9cbe77fcf3007653305ae17de7827e19af43e61913?s=96&d=mm&r=g\",\"caption\":\"viktoriyapanahova\"},\"url\":\"https:\/\/www.rbc.com\/fr\/economique\/author\/viktoriyapanahova\/\"}]}<\/script>\n<!-- \/ Yoast SEO Premium plugin. -->","yoast_head_json":{"title":"Le rebond des d\u00e9penses des titulaires de carte RBC au Canada en juillet annonce un d\u00e9but de troisi\u00e8me trimestre stable - RBC Economique","robots":{"index":"index","follow":"follow","max-snippet":"max-snippet:-1","max-image-preview":"max-image-preview:large","max-video-preview":"max-video-preview:-1"},"canonical":"https:\/\/www.rbc.com\/fr\/economique\/analyse-pour-le-canada\/outil-de-suivi-des-depenses-de-consommation-rbc\/le-rebond-des-depenses-des-titulaires-de-carte-rbc-au-canada-en-juillet-annonce-un-debut-de-troisieme-trimestre-stable\/","og_locale":"fr_FR","og_type":"article","og_title":"Le rebond des d\u00e9penses des titulaires de carte RBC au Canada en juillet annonce un d\u00e9but de troisi\u00e8me trimestre stable","og_url":"https:\/\/www.rbc.com\/fr\/economique\/analyse-pour-le-canada\/outil-de-suivi-des-depenses-de-consommation-rbc\/le-rebond-des-depenses-des-titulaires-de-carte-rbc-au-canada-en-juillet-annonce-un-debut-de-troisieme-trimestre-stable\/","og_site_name":"RBC Economique","article_published_time":"2025-08-13T17:59:11+00:00","article_modified_time":"2026-03-25T18:01:05+00:00","author":"viktoriyapanahova","twitter_card":"summary_large_image","twitter_image":"https:\/\/www.rbc.com\/fr\/economique\/wp-content\/uploads\/sites\/24\/\/2025\/05\/Cons-sp.png?quality=80","twitter_misc":{"Written by":"viktoriyapanahova","Est. reading time":"4 minutes"},"schema":{"@context":"https:\/\/schema.org","@graph":[{"@type":"Article","@id":"https:\/\/www.rbc.com\/fr\/economique\/analyse-pour-le-canada\/outil-de-suivi-des-depenses-de-consommation-rbc\/le-rebond-des-depenses-des-titulaires-de-carte-rbc-au-canada-en-juillet-annonce-un-debut-de-troisieme-trimestre-stable\/#article","isPartOf":{"@id":"https:\/\/www.rbc.com\/fr\/economique\/analyse-pour-le-canada\/outil-de-suivi-des-depenses-de-consommation-rbc\/le-rebond-des-depenses-des-titulaires-de-carte-rbc-au-canada-en-juillet-annonce-un-debut-de-troisieme-trimestre-stable\/"},"author":{"name":"viktoriyapanahova","@id":"https:\/\/www.rbc.com\/fr\/economique\/#\/schema\/person\/109dd1bd3c90e818f8159356d46905ea"},"headline":"Le rebond des d\u00e9penses des titulaires de carte RBC au Canada en juillet annonce un d\u00e9but de troisi\u00e8me trimestre stable","datePublished":"2025-08-13T17:59:11+00:00","dateModified":"2026-03-25T18:01:05+00:00","mainEntityOfPage":{"@id":"https:\/\/www.rbc.com\/fr\/economique\/analyse-pour-le-canada\/outil-de-suivi-des-depenses-de-consommation-rbc\/le-rebond-des-depenses-des-titulaires-de-carte-rbc-au-canada-en-juillet-annonce-un-debut-de-troisieme-trimestre-stable\/"},"wordCount":808,"commentCount":0,"image":{"@id":"https:\/\/www.rbc.com\/fr\/economique\/analyse-pour-le-canada\/outil-de-suivi-des-depenses-de-consommation-rbc\/le-rebond-des-depenses-des-titulaires-de-carte-rbc-au-canada-en-juillet-annonce-un-debut-de-troisieme-trimestre-stable\/#primaryimage"},"thumbnailUrl":"https:\/\/www.rbc.com\/fr\/economique\/wp-content\/uploads\/sites\/24\/\/2025\/05\/Cons-sp.png?quality=80","articleSection":["Analyse pour le Canada","Outil de suivi des d\u00e9penses de consommation RBC"],"inLanguage":"fr-FR","potentialAction":[{"@type":"CommentAction","name":"Comment","target":["https:\/\/www.rbc.com\/fr\/economique\/analyse-pour-le-canada\/outil-de-suivi-des-depenses-de-consommation-rbc\/le-rebond-des-depenses-des-titulaires-de-carte-rbc-au-canada-en-juillet-annonce-un-debut-de-troisieme-trimestre-stable\/#respond"]}]},{"@type":"WebPage","@id":"https:\/\/www.rbc.com\/fr\/economique\/analyse-pour-le-canada\/outil-de-suivi-des-depenses-de-consommation-rbc\/le-rebond-des-depenses-des-titulaires-de-carte-rbc-au-canada-en-juillet-annonce-un-debut-de-troisieme-trimestre-stable\/","url":"https:\/\/www.rbc.com\/fr\/economique\/analyse-pour-le-canada\/outil-de-suivi-des-depenses-de-consommation-rbc\/le-rebond-des-depenses-des-titulaires-de-carte-rbc-au-canada-en-juillet-annonce-un-debut-de-troisieme-trimestre-stable\/","name":"Le rebond des d\u00e9penses des titulaires de carte RBC au Canada en juillet annonce un d\u00e9but de troisi\u00e8me trimestre stable - RBC Economique","isPartOf":{"@id":"https:\/\/www.rbc.com\/fr\/economique\/#website"},"primaryImageOfPage":{"@id":"https:\/\/www.rbc.com\/fr\/economique\/analyse-pour-le-canada\/outil-de-suivi-des-depenses-de-consommation-rbc\/le-rebond-des-depenses-des-titulaires-de-carte-rbc-au-canada-en-juillet-annonce-un-debut-de-troisieme-trimestre-stable\/#primaryimage"},"image":{"@id":"https:\/\/www.rbc.com\/fr\/economique\/analyse-pour-le-canada\/outil-de-suivi-des-depenses-de-consommation-rbc\/le-rebond-des-depenses-des-titulaires-de-carte-rbc-au-canada-en-juillet-annonce-un-debut-de-troisieme-trimestre-stable\/#primaryimage"},"thumbnailUrl":"https:\/\/www.rbc.com\/fr\/economique\/wp-content\/uploads\/sites\/24\/\/2025\/05\/Cons-sp.png?quality=80","datePublished":"2025-08-13T17:59:11+00:00","dateModified":"2026-03-25T18:01:05+00:00","author":{"@id":"https:\/\/www.rbc.com\/fr\/economique\/#\/schema\/person\/109dd1bd3c90e818f8159356d46905ea"},"breadcrumb":{"@id":"https:\/\/www.rbc.com\/fr\/economique\/analyse-pour-le-canada\/outil-de-suivi-des-depenses-de-consommation-rbc\/le-rebond-des-depenses-des-titulaires-de-carte-rbc-au-canada-en-juillet-annonce-un-debut-de-troisieme-trimestre-stable\/#breadcrumb"},"inLanguage":"fr-FR","potentialAction":[{"@type":"ReadAction","target":["https:\/\/www.rbc.com\/fr\/economique\/analyse-pour-le-canada\/outil-de-suivi-des-depenses-de-consommation-rbc\/le-rebond-des-depenses-des-titulaires-de-carte-rbc-au-canada-en-juillet-annonce-un-debut-de-troisieme-trimestre-stable\/"]}]},{"@type":"ImageObject","inLanguage":"fr-FR","@id":"https:\/\/www.rbc.com\/fr\/economique\/analyse-pour-le-canada\/outil-de-suivi-des-depenses-de-consommation-rbc\/le-rebond-des-depenses-des-titulaires-de-carte-rbc-au-canada-en-juillet-annonce-un-debut-de-troisieme-trimestre-stable\/#primaryimage","url":"https:\/\/www.rbc.com\/fr\/economique\/wp-content\/uploads\/sites\/24\/\/2025\/05\/Cons-sp.png?quality=80","contentUrl":"https:\/\/www.rbc.com\/fr\/economique\/wp-content\/uploads\/sites\/24\/\/2025\/05\/Cons-sp.png?quality=80","width":6134,"height":3700},{"@type":"BreadcrumbList","@id":"https:\/\/www.rbc.com\/fr\/economique\/analyse-pour-le-canada\/outil-de-suivi-des-depenses-de-consommation-rbc\/le-rebond-des-depenses-des-titulaires-de-carte-rbc-au-canada-en-juillet-annonce-un-debut-de-troisieme-trimestre-stable\/#breadcrumb","itemListElement":[{"@type":"ListItem","position":1,"name":"Home","item":"https:\/\/www.rbc.com\/fr\/economique\/"},{"@type":"ListItem","position":2,"name":"Le rebond des d\u00e9penses des titulaires de carte RBC au Canada en juillet annonce un d\u00e9but de troisi\u00e8me trimestre stable"}]},{"@type":"WebSite","@id":"https:\/\/www.rbc.com\/fr\/economique\/#website","url":"https:\/\/www.rbc.com\/fr\/economique\/","name":"RBC Economique","description":"","potentialAction":[{"@type":"SearchAction","target":{"@type":"EntryPoint","urlTemplate":"https:\/\/www.rbc.com\/fr\/economique\/?s={search_term_string}"},"query-input":{"@type":"PropertyValueSpecification","valueRequired":true,"valueName":"search_term_string"}}],"inLanguage":"fr-FR"},{"@type":"Person","@id":"https:\/\/www.rbc.com\/fr\/economique\/#\/schema\/person\/109dd1bd3c90e818f8159356d46905ea","name":"viktoriyapanahova","image":{"@type":"ImageObject","inLanguage":"fr-FR","@id":"https:\/\/secure.gravatar.com\/avatar\/885bcff339d33080f070ec9cbe77fcf3007653305ae17de7827e19af43e61913?s=96&d=mm&r=g","url":"https:\/\/secure.gravatar.com\/avatar\/885bcff339d33080f070ec9cbe77fcf3007653305ae17de7827e19af43e61913?s=96&d=mm&r=g","contentUrl":"https:\/\/secure.gravatar.com\/avatar\/885bcff339d33080f070ec9cbe77fcf3007653305ae17de7827e19af43e61913?s=96&d=mm&r=g","caption":"viktoriyapanahova"},"url":"https:\/\/www.rbc.com\/fr\/economique\/author\/viktoriyapanahova\/"}]}},"author_meta":{"display_name":"viktoriyapanahova","author_link":"https:\/\/www.rbc.com\/fr\/economique\/author\/viktoriyapanahova\/"},"featured_img":"https:\/\/www.rbc.com\/fr\/economique\/wp-content\/uploads\/sites\/24\/\/2025\/05\/Cons-sp.png?quality=80&w=300","jetpack_featured_media_url":"https:\/\/www.rbc.com\/fr\/economique\/wp-content\/uploads\/sites\/24\/\/2025\/05\/Cons-sp.png?quality=80","coauthors":[],"tax_additional":{"categories":{"linked":["<a href=\"https:\/\/www.rbc.com\/fr\/economique\/category\/analyse-pour-le-canada\/\" class=\"advgb-post-tax-term\">Analyse pour le Canada<\/a>","<a href=\"https:\/\/www.rbc.com\/fr\/economique\/category\/analyse-pour-le-canada\/outil-de-suivi-des-depenses-de-consommation-rbc\/\" class=\"advgb-post-tax-term\">Outil de suivi des d\u00e9penses de consommation RBC<\/a>"],"unlinked":["<span class=\"advgb-post-tax-term\">Analyse pour le Canada<\/span>","<span class=\"advgb-post-tax-term\">Outil de suivi des d\u00e9penses de consommation RBC<\/span>"]}},"comment_count":"0","relative_dates":{"created":"Publi\u00e9 9 mois il y a","modified":"Mis \u00e0 jour 1 mois il y a"},"absolute_dates":{"created":"Publi\u00e9 le 13 ao\u00fbt 2025","modified":"Mise \u00e0 jour le 25 mars 2026"},"absolute_dates_time":{"created":"Publi\u00e9 le 13 ao\u00fbt 2025 5:59  ","modified":"Mise \u00e0 jour le 25 mars 2026 6:01  "},"featured_img_caption":"","series_order":"","_links":{"self":[{"href":"https:\/\/www.rbc.com\/fr\/economique\/wp-json\/wp\/v2\/posts\/4302","targetHints":{"allow":["GET"]}}],"collection":[{"href":"https:\/\/www.rbc.com\/fr\/economique\/wp-json\/wp\/v2\/posts"}],"about":[{"href":"https:\/\/www.rbc.com\/fr\/economique\/wp-json\/wp\/v2\/types\/post"}],"author":[{"embeddable":true,"href":"https:\/\/www.rbc.com\/fr\/economique\/wp-json\/wp\/v2\/users\/318"}],"replies":[{"embeddable":true,"href":"https:\/\/www.rbc.com\/fr\/economique\/wp-json\/wp\/v2\/comments?post=4302"}],"version-history":[{"count":4,"href":"https:\/\/www.rbc.com\/fr\/economique\/wp-json\/wp\/v2\/posts\/4302\/revisions"}],"predecessor-version":[{"id":4306,"href":"https:\/\/www.rbc.com\/fr\/economique\/wp-json\/wp\/v2\/posts\/4302\/revisions\/4306"}],"wp:featuredmedia":[{"embeddable":true,"href":"https:\/\/www.rbc.com\/fr\/economique\/wp-json\/wp\/v2\/media\/1072"}],"wp:attachment":[{"href":"https:\/\/www.rbc.com\/fr\/economique\/wp-json\/wp\/v2\/media?parent=4302"}],"wp:term":[{"taxonomy":"category","embeddable":true,"href":"https:\/\/www.rbc.com\/fr\/economique\/wp-json\/wp\/v2\/categories?post=4302"},{"taxonomy":"post_tag","embeddable":true,"href":"https:\/\/www.rbc.com\/fr\/economique\/wp-json\/wp\/v2\/tags?post=4302"},{"taxonomy":"rbc_econ_content_type","embeddable":true,"href":"https:\/\/www.rbc.com\/fr\/economique\/wp-json\/wp\/v2\/rbc_econ_content_type?post=4302"}],"curies":[{"name":"wp","href":"https:\/\/api.w.org\/{rel}","templated":true}]}}