{"id":4267,"date":"2026-01-14T16:11:29","date_gmt":"2026-01-14T16:11:29","guid":{"rendered":"https:\/\/www.rbc.com\/fr\/economique\/?p=4267"},"modified":"2026-03-25T16:13:18","modified_gmt":"2026-03-25T16:13:18","slug":"les-promotions-des-fetes-stimulent-les-depenses-des-titulaires-canadiens-de-cartes-de-rbc","status":"publish","type":"post","link":"https:\/\/www.rbc.com\/fr\/economique\/analyse-pour-le-canada\/outil-de-suivi-des-depenses-de-consommation-rbc\/les-promotions-des-fetes-stimulent-les-depenses-des-titulaires-canadiens-de-cartes-de-rbc\/","title":{"rendered":"Les promotions des F\u00eates stimulent les d\u00e9penses des titulaires canadiens de cartes de RBC"},"content":{"rendered":"\n<section class=\"wp-block-rbc-section-block  pos-rel section-tabs full-width is-tabs-style-section-tabs-in-page\" style=\"border-radius:0px\">\n<div class=\"wp-block-rbc-section-inner-block  section-inner\" style=\"border-radius:0x\">\n<p><em>Par Rachel Battaglia et Abbey Xu<\/em><\/p>\n\n\n\n<p><strong>Aper\u00e7u des d\u00e9penses de d\u00e9cembre&nbsp;:<\/strong>&nbsp;Les d\u00e9penses des titulaires canadiens de cartes sont demeur\u00e9es r\u00e9silientes, les ventes au d\u00e9tail de base de RBC ayant augment\u00e9 de 0,7&nbsp;% en moyenne sur une p\u00e9riode de trois mois, en l\u00e9g\u00e8re baisse par rapport \u00e0 novembre, tout en marquant la 13<sup>e<\/sup>&nbsp;p\u00e9riode cons\u00e9cutive de croissance.<\/p>\n\n\n\n<p>Les d\u00e9penses durant cette p\u00e9riode de magasinage des F\u00eates, cruciale pour les d\u00e9taillants, ont \u00e9t\u00e9 aliment\u00e9es par des achats de biens discr\u00e9tionnaires, tandis que les d\u00e9penses li\u00e9es aux services discr\u00e9tionnaires et aux articles m\u00e9nagers essentiels ont peu vari\u00e9 au cours des trois derniers mois.<\/p>\n\n\n\n<hr class=\"wp-block-separator has-alpha-channel-opacity is-style-wide wide\" \/>\n\n\n\n<div id=\"everviz-qXu5BnpyY\" class=\"everviz-qXu5BnpyY\" data-view=\"graph\"><\/div>\n\n\n\n<hr class=\"wp-block-separator has-alpha-channel-opacity is-style-wide wide\" \/>\n\n\n\n<h3 class=\"wp-block-heading\" id=\"h-la-periode-des-fetes-entraine-des-changements-temporaires-dans-les-depenses\">La p\u00e9riode des F\u00eates entra\u00eene des changements temporaires dans les d\u00e9penses<\/h3>\n\n\n\n<p>Les d\u00e9penses en biens discr\u00e9tionnaires ont augment\u00e9 de 1,7&nbsp;% en moyenne sur une p\u00e9riode de trois mois en d\u00e9cembre, ce qui est l\u00e9g\u00e8rement inf\u00e9rieur au gain de 2&nbsp;% enregistr\u00e9 en novembre.<\/p>\n\n\n\n<p>Les hausses des d\u00e9penses ont \u00e9t\u00e9 concentr\u00e9es dans les v\u00eatements et les accessoires, alors que les m\u00e9nages ont continu\u00e9 d\u2019accorder la priorit\u00e9 aux achats de cadeaux tangibles \u00e0 la fin de l\u2019ann\u00e9e.<\/p>\n\n\n\n<hr class=\"wp-block-separator has-alpha-channel-opacity is-style-wide wide\" \/>\n\n\n\n<div id=\"everviz-OQFzOG7u2\" class=\"everviz-OQFzOG7u2\" data-view=\"graph\"><\/div>\n\n\n\n<hr class=\"wp-block-separator has-alpha-channel-opacity is-style-wide wide\" \/>\n\n\n\n<p>Les ventes du lendemain de No\u00ebl ont d\u00e9pass\u00e9 les niveaux d\u2019un an plus t\u00f4t, ayant potentiellement profit\u00e9 du fait qu\u2019il s\u2019agissait d\u2019un jour de semaine (un vendredi en 2025, comparativement \u00e0 un jeudi en 2024).<\/p>\n\n\n\n<hr class=\"wp-block-separator has-alpha-channel-opacity is-style-wide wide\" \/>\n\n\n\n<div id=\"everviz-T99aP9XZ2\" class=\"everviz-T99aP9XZ2\" data-view=\"graph\"><\/div>\n\n\n\n<hr class=\"wp-block-separator has-alpha-channel-opacity is-style-wide wide\" \/>\n\n\n\n<p>D\u2019autres cat\u00e9gories ont toutefois r\u00e9v\u00e9l\u00e9 les secteurs o\u00f9 les m\u00e9nages r\u00e9duisent leurs d\u00e9penses.<\/p>\n\n\n\n<p>Les d\u00e9penses dans les services discr\u00e9tionnaires sont demeur\u00e9es relativement stables, n\u2019augmentant que de 0,1&nbsp;% en moyenne sur une p\u00e9riode de trois mois, tandis que les d\u00e9penses des titulaires de carte pour les produits essentiels ont carr\u00e9ment diminu\u00e9 en raison de la baisse des d\u00e9penses dans les \u00e9piceries et les stations-service.<\/p>\n\n\n\n<p>Les d\u00e9penses en restauration ont diminu\u00e9, poursuivant le ralentissement sur deux trimestres. Les d\u00e9penses des m\u00e9nages et li\u00e9es \u00e0 la construction se sont \u00e9galement repli\u00e9es au moment o\u00f9 des signes de reprise apparaissaient.<\/p>\n\n\n\n<p>Les d\u00e9penses en divertissements et dans les arts ont recul\u00e9 de 0,7&nbsp;%, leur premi\u00e8re baisse en deux ans, apr\u00e8s des gains exceptionnels les deux mois pr\u00e9c\u00e9dents attribuables, du moins en partie, \u00e0 la participation \u00e0 la S\u00e9rie mondiale des Blue Jays de Toronto.<\/p>\n\n\n\n<hr class=\"wp-block-separator has-alpha-channel-opacity is-style-wide wide\" \/>\n\n\n\n<div class=\"wp-block-rbc-tabs-block-v2 alignfull\">\n<ul class=\"wp-block-rbc-tab-nav-v2  tab-nav\" role=\"tablist\">\n<li role=\"presentation\" class=\"wp-block-rbc-tab-nav-single-v2\"><a href=\"#section-content-2841a497\" id=\"section-tab-2841a497\" role=\"tab\" data-toggle=\"tab\" data-bs-toggle=\"tab\" data-bs-target=\"#section-content-2841a497\" aria-controls=\"section-content-2841a497\" aria-selected=\"false\" data-dig-id=\"LP-AnalysepourleCanada-Outildesuividesd\u00e9pensesdeconsommationRBC-4267-2841a497\" data-dig-category=\"LP-AnalysepourleCanada-Outildesuividesd\u00e9pensesdeconsommationRBC\" data-dig-action=\"tab select\" data-dig-label=\"Toutes les cat\u00e9gories\" data-dig-anchor=\"\">Toutes les cat\u00e9gories<\/a><\/li>\n\n\n\n<li role=\"presentation\" class=\"wp-block-rbc-tab-nav-single-v2\"><a href=\"#section-content-373fd24f\" id=\"section-tab-373fd24f\" role=\"tab\" data-toggle=\"tab\" data-bs-toggle=\"tab\" data-bs-target=\"#section-content-373fd24f\" aria-controls=\"section-content-373fd24f\" aria-selected=\"false\" data-dig-id=\"LP-AnalysepourleCanada-Outildesuividesd\u00e9pensesdeconsommationRBC-4267-373fd24f\" data-dig-category=\"LP-AnalysepourleCanada-Outildesuividesd\u00e9pensesdeconsommationRBC\" data-dig-action=\"tab select\" data-dig-label=\"Restauration, \u00e9picerie et voyages\" data-dig-anchor=\"\">Restauration, \u00e9picerie et voyages<\/a><\/li>\n\n\n\n<li role=\"presentation\" class=\"wp-block-rbc-tab-nav-single-v2\"><a href=\"#section-content-a2970a6a\" id=\"section-tab-a2970a6a\" role=\"tab\" data-toggle=\"tab\" data-bs-toggle=\"tab\" data-bs-target=\"#section-content-a2970a6a\" aria-controls=\"section-content-a2970a6a\" aria-selected=\"false\" data-dig-id=\"LP-AnalysepourleCanada-Outildesuividesd\u00e9pensesdeconsommationRBC-4267-a2970a6a\" data-dig-category=\"LP-AnalysepourleCanada-Outildesuividesd\u00e9pensesdeconsommationRBC\" data-dig-action=\"tab select\" data-dig-label=\"Divertissement, m\u00e9nagers et v\u00eatements\" data-dig-anchor=\"\">Divertissement, m\u00e9nagers et v\u00eatements<\/a><\/li>\n<\/ul>\n\n\n\n<div class=\"wp-block-rbc-tab-content-v2 tab-content\">\n<div role=\"tabpanel\" tabindex=\"0\" class=\"tab-pane\" aria-labelledby=\"section-tab-2841a497\" id=\"section-content-2841a497\">\n<div id=\"everviz-bEJ_I3Py8\" class=\"everviz-bEJ_I3Py8\" data-view=\"graph\"><\/div>\n<\/div>\n\n\n\n<div role=\"tabpanel\" tabindex=\"0\" class=\"tab-pane\" aria-labelledby=\"section-tab-373fd24f\" id=\"section-content-373fd24f\">\n<div id=\"everviz-j475c8e0Q\" class=\"everviz-j475c8e0Q\" data-view=\"graph\"><\/div>\n<\/div>\n\n\n\n<div role=\"tabpanel\" tabindex=\"0\" class=\"tab-pane show active\" aria-labelledby=\"section-tab-a2970a6a\" id=\"section-content-a2970a6a\">\n<div id=\"everviz-fsKUh3aQJ\" class=\"everviz-fsKUh3aQJ\" data-view=\"graph\"><\/div>\n<\/div>\n<\/div>\n<\/div>\n\n\n\n<hr class=\"wp-block-separator has-alpha-channel-opacity is-style-wide wide\" \/>\n\n\n\n<h3 class=\"wp-block-heading\" id=\"h-divergences-regionales-nbsp-l-ontario-et-la-colombie-britannique-continuent-de-dominer-dans-les-depenses-pour-le-moment\">Divergences r\u00e9gionales&nbsp;: L\u2019Ontario et la Colombie-Britannique continuent de dominer dans les d\u00e9penses pour le moment<\/h3>\n\n\n\n<p>La Colombie-Britannique et l\u2019Ontario ont maintenu leur position de chefs de file en mati\u00e8re de d\u00e9penses en d\u00e9cembre, surpassant toujours la moyenne nationale depuis le d\u00e9but de l\u2019ann\u00e9e. Leur vigueur des derniers mois refl\u00e8te la tendance g\u00e9n\u00e9rale, les gains \u00e9tant concentr\u00e9s dans les v\u00eatements et les voyages.<\/p>\n\n\n\n<p>Les provinces de l\u2019Atlantique pr\u00e9sentent un tableau nettement diff\u00e9rent&nbsp;: les d\u00e9penses ont continu\u00e9 de ralentir au quatri\u00e8me trimestre, comme tout au long de l\u2019ann\u00e9e, alors que le Qu\u00e9bec et les Prairies se situaient au milieu.<\/p>\n\n\n\n<p>Alors que la hi\u00e9rarchie des d\u00e9penses r\u00e9gionales est demeur\u00e9e relativement stable au deuxi\u00e8me semestre de 2025, l\u2019\u00e9volution du contexte \u00e9conomique ouvrira la voie \u00e0 un \u00e9ventuel remaniement. Le ralentissement de la croissance d\u00e9mographique aura des r\u00e9percussions diff\u00e9rentes, l\u2019Ontario et la Colombie-Britannique \u00e9tant \u00e0 risque de voir leur population diminuer.<\/p>\n\n\n\n<p>L\u2019absence d\u2019autres mesures d\u2019all\u00e8gement des taux d\u2019int\u00e9r\u00eat \u2013 un facteur favorable qui ne s\u2019est pas encore dissip\u00e9 \u2013 pourrait \u00e9galement menacer d\u2019\u00e9roder l\u2019\u00e9lan en Ontario et en Colombie-Britannique, alors que les d\u00e9penses de ces m\u00e9nages sensibles aux taux d\u2019int\u00e9r\u00eat se normalisent.<\/p>\n\n\n\n<hr class=\"wp-block-separator has-alpha-channel-opacity is-style-wide wide\" \/>\n\n\n\n<div id=\"everviz-0Ld0mx8CT\" class=\"everviz-0Ld0mx8CT\" data-view=\"graph\"><\/div>\n\n\n\n<hr class=\"wp-block-separator has-alpha-channel-opacity is-style-wide wide\" \/>\n\n\n\n<div id=\"everviz-UX0F6Pw3l\" class=\"everviz-UX0F6Pw3l\" data-view=\"graph\"><\/div>\n\n\n\n<hr class=\"wp-block-separator has-alpha-channel-opacity is-style-wide wide\" \/>\n\n\n\n<div id=\"everviz-AF1MOGU2O\" class=\"everviz-AF1MOGU2O\" data-view=\"graph\"><\/div>\n\n\n\n<p><\/p>\n\n\n\n<hr class=\"wp-block-separator has-alpha-channel-opacity is-style-wide wide\" \/>\n\n\n\n<p class=\"has-text-align-left\"><em><em><em><strong>Rachel Battaglia<\/strong>&nbsp;est \u00e9conomiste \u00e0 RBC. Elle fournit des analyses et des pr\u00e9visions sur les tendances des d\u00e9penses de consommation et les \u00e9conomies au niveau provincial.<\/em><\/em><\/em><\/p>\n\n\n\n<p><em><strong>Abbey Xu<\/strong>&nbsp;est \u00e9conomiste \u00e0 RBC. En tant que membre du groupe d\u2019analyse macro\u00e9conomique, elle se sp\u00e9cialise dans les mod\u00e8les de pr\u00e9visions macro\u00e9conomiques, et pr\u00e9sente des analyses et des mises \u00e0 jour opportunes sur les tendances \u00e9conomiques.<\/em><\/p>\n\n\n\n<hr class=\"wp-block-separator has-alpha-channel-opacity is-style-wide wide\" \/>\n<\/div>\n<\/section>\n","protected":false},"excerpt":{"rendered":"","protected":false},"author":318,"featured_media":1072,"comment_status":"open","ping_status":"open","sticky":false,"template":"","format":"standard","meta":{"_acf_changed":false,"advgb_blocks_editor_width":"","advgb_blocks_columns_visual_guide":"","footnotes":""},"categories":[71,86],"tags":[],"rbc_econ_content_type":[],"class_list":["post-4267","post","type-post","status-publish","format-standard","has-post-thumbnail","hentry","category-analyse-pour-le-canada","category-outil-de-suivi-des-depenses-de-consommation-rbc"],"acf":[],"yoast_head":"<!-- This site is optimized with the Yoast SEO Premium plugin v27.2 (Yoast SEO v27.2) - https:\/\/yoast.com\/product\/yoast-seo-premium-wordpress\/ -->\n<title>Les promotions des F\u00eates stimulent les d\u00e9penses des titulaires canadiens de cartes de RBC - RBC Economique<\/title>\n<meta name=\"robots\" content=\"index, follow, max-snippet:-1, max-image-preview:large, max-video-preview:-1\" \/>\n<link rel=\"canonical\" href=\"https:\/\/www.rbc.com\/fr\/economique\/analyse-pour-le-canada\/outil-de-suivi-des-depenses-de-consommation-rbc\/les-promotions-des-fetes-stimulent-les-depenses-des-titulaires-canadiens-de-cartes-de-rbc\/\" \/>\n<meta property=\"og:locale\" content=\"fr_FR\" \/>\n<meta property=\"og:type\" content=\"article\" \/>\n<meta property=\"og:title\" content=\"Les promotions des F\u00eates stimulent les d\u00e9penses des titulaires canadiens de cartes de RBC\" \/>\n<meta property=\"og:url\" content=\"https:\/\/www.rbc.com\/fr\/economique\/analyse-pour-le-canada\/outil-de-suivi-des-depenses-de-consommation-rbc\/les-promotions-des-fetes-stimulent-les-depenses-des-titulaires-canadiens-de-cartes-de-rbc\/\" \/>\n<meta property=\"og:site_name\" content=\"RBC Economique\" \/>\n<meta property=\"article:published_time\" content=\"2026-01-14T16:11:29+00:00\" \/>\n<meta property=\"article:modified_time\" content=\"2026-03-25T16:13:18+00:00\" \/>\n<meta name=\"author\" content=\"viktoriyapanahova\" \/>\n<meta name=\"twitter:card\" content=\"summary_large_image\" \/>\n<meta name=\"twitter:image\" content=\"https:\/\/www.rbc.com\/fr\/economique\/wp-content\/uploads\/sites\/24\/\/2025\/05\/Cons-sp.png?quality=80\" \/>\n<meta name=\"twitter:label1\" content=\"Written by\" \/>\n\t<meta name=\"twitter:data1\" content=\"viktoriyapanahova\" \/>\n\t<meta name=\"twitter:label2\" content=\"Est. reading time\" \/>\n\t<meta name=\"twitter:data2\" content=\"4 minutes\" \/>\n<script type=\"application\/ld+json\" class=\"yoast-schema-graph\">{\"@context\":\"https:\/\/schema.org\",\"@graph\":[{\"@type\":\"Article\",\"@id\":\"https:\/\/www.rbc.com\/fr\/economique\/analyse-pour-le-canada\/outil-de-suivi-des-depenses-de-consommation-rbc\/les-promotions-des-fetes-stimulent-les-depenses-des-titulaires-canadiens-de-cartes-de-rbc\/#article\",\"isPartOf\":{\"@id\":\"https:\/\/www.rbc.com\/fr\/economique\/analyse-pour-le-canada\/outil-de-suivi-des-depenses-de-consommation-rbc\/les-promotions-des-fetes-stimulent-les-depenses-des-titulaires-canadiens-de-cartes-de-rbc\/\"},\"author\":{\"name\":\"viktoriyapanahova\",\"@id\":\"https:\/\/www.rbc.com\/fr\/economique\/#\/schema\/person\/109dd1bd3c90e818f8159356d46905ea\"},\"headline\":\"Les promotions des F\u00eates stimulent les d\u00e9penses des titulaires canadiens de cartes de RBC\",\"datePublished\":\"2026-01-14T16:11:29+00:00\",\"dateModified\":\"2026-03-25T16:13:18+00:00\",\"mainEntityOfPage\":{\"@id\":\"https:\/\/www.rbc.com\/fr\/economique\/analyse-pour-le-canada\/outil-de-suivi-des-depenses-de-consommation-rbc\/les-promotions-des-fetes-stimulent-les-depenses-des-titulaires-canadiens-de-cartes-de-rbc\/\"},\"wordCount\":750,\"commentCount\":0,\"image\":{\"@id\":\"https:\/\/www.rbc.com\/fr\/economique\/analyse-pour-le-canada\/outil-de-suivi-des-depenses-de-consommation-rbc\/les-promotions-des-fetes-stimulent-les-depenses-des-titulaires-canadiens-de-cartes-de-rbc\/#primaryimage\"},\"thumbnailUrl\":\"https:\/\/www.rbc.com\/fr\/economique\/wp-content\/uploads\/sites\/24\/\/2025\/05\/Cons-sp.png?quality=80\",\"articleSection\":[\"Analyse pour le Canada\",\"Outil de suivi des d\u00e9penses de consommation RBC\"],\"inLanguage\":\"fr-FR\",\"potentialAction\":[{\"@type\":\"CommentAction\",\"name\":\"Comment\",\"target\":[\"https:\/\/www.rbc.com\/fr\/economique\/analyse-pour-le-canada\/outil-de-suivi-des-depenses-de-consommation-rbc\/les-promotions-des-fetes-stimulent-les-depenses-des-titulaires-canadiens-de-cartes-de-rbc\/#respond\"]}]},{\"@type\":\"WebPage\",\"@id\":\"https:\/\/www.rbc.com\/fr\/economique\/analyse-pour-le-canada\/outil-de-suivi-des-depenses-de-consommation-rbc\/les-promotions-des-fetes-stimulent-les-depenses-des-titulaires-canadiens-de-cartes-de-rbc\/\",\"url\":\"https:\/\/www.rbc.com\/fr\/economique\/analyse-pour-le-canada\/outil-de-suivi-des-depenses-de-consommation-rbc\/les-promotions-des-fetes-stimulent-les-depenses-des-titulaires-canadiens-de-cartes-de-rbc\/\",\"name\":\"Les promotions des F\u00eates stimulent les d\u00e9penses des titulaires canadiens de cartes de RBC - RBC Economique\",\"isPartOf\":{\"@id\":\"https:\/\/www.rbc.com\/fr\/economique\/#website\"},\"primaryImageOfPage\":{\"@id\":\"https:\/\/www.rbc.com\/fr\/economique\/analyse-pour-le-canada\/outil-de-suivi-des-depenses-de-consommation-rbc\/les-promotions-des-fetes-stimulent-les-depenses-des-titulaires-canadiens-de-cartes-de-rbc\/#primaryimage\"},\"image\":{\"@id\":\"https:\/\/www.rbc.com\/fr\/economique\/analyse-pour-le-canada\/outil-de-suivi-des-depenses-de-consommation-rbc\/les-promotions-des-fetes-stimulent-les-depenses-des-titulaires-canadiens-de-cartes-de-rbc\/#primaryimage\"},\"thumbnailUrl\":\"https:\/\/www.rbc.com\/fr\/economique\/wp-content\/uploads\/sites\/24\/\/2025\/05\/Cons-sp.png?quality=80\",\"datePublished\":\"2026-01-14T16:11:29+00:00\",\"dateModified\":\"2026-03-25T16:13:18+00:00\",\"author\":{\"@id\":\"https:\/\/www.rbc.com\/fr\/economique\/#\/schema\/person\/109dd1bd3c90e818f8159356d46905ea\"},\"breadcrumb\":{\"@id\":\"https:\/\/www.rbc.com\/fr\/economique\/analyse-pour-le-canada\/outil-de-suivi-des-depenses-de-consommation-rbc\/les-promotions-des-fetes-stimulent-les-depenses-des-titulaires-canadiens-de-cartes-de-rbc\/#breadcrumb\"},\"inLanguage\":\"fr-FR\",\"potentialAction\":[{\"@type\":\"ReadAction\",\"target\":[\"https:\/\/www.rbc.com\/fr\/economique\/analyse-pour-le-canada\/outil-de-suivi-des-depenses-de-consommation-rbc\/les-promotions-des-fetes-stimulent-les-depenses-des-titulaires-canadiens-de-cartes-de-rbc\/\"]}]},{\"@type\":\"ImageObject\",\"inLanguage\":\"fr-FR\",\"@id\":\"https:\/\/www.rbc.com\/fr\/economique\/analyse-pour-le-canada\/outil-de-suivi-des-depenses-de-consommation-rbc\/les-promotions-des-fetes-stimulent-les-depenses-des-titulaires-canadiens-de-cartes-de-rbc\/#primaryimage\",\"url\":\"https:\/\/www.rbc.com\/fr\/economique\/wp-content\/uploads\/sites\/24\/\/2025\/05\/Cons-sp.png?quality=80\",\"contentUrl\":\"https:\/\/www.rbc.com\/fr\/economique\/wp-content\/uploads\/sites\/24\/\/2025\/05\/Cons-sp.png?quality=80\",\"width\":6134,\"height\":3700},{\"@type\":\"BreadcrumbList\",\"@id\":\"https:\/\/www.rbc.com\/fr\/economique\/analyse-pour-le-canada\/outil-de-suivi-des-depenses-de-consommation-rbc\/les-promotions-des-fetes-stimulent-les-depenses-des-titulaires-canadiens-de-cartes-de-rbc\/#breadcrumb\",\"itemListElement\":[{\"@type\":\"ListItem\",\"position\":1,\"name\":\"Home\",\"item\":\"https:\/\/www.rbc.com\/fr\/economique\/\"},{\"@type\":\"ListItem\",\"position\":2,\"name\":\"Les promotions des F\u00eates stimulent les d\u00e9penses des titulaires canadiens de cartes de RBC\"}]},{\"@type\":\"WebSite\",\"@id\":\"https:\/\/www.rbc.com\/fr\/economique\/#website\",\"url\":\"https:\/\/www.rbc.com\/fr\/economique\/\",\"name\":\"RBC Economique\",\"description\":\"\",\"potentialAction\":[{\"@type\":\"SearchAction\",\"target\":{\"@type\":\"EntryPoint\",\"urlTemplate\":\"https:\/\/www.rbc.com\/fr\/economique\/?s={search_term_string}\"},\"query-input\":{\"@type\":\"PropertyValueSpecification\",\"valueRequired\":true,\"valueName\":\"search_term_string\"}}],\"inLanguage\":\"fr-FR\"},{\"@type\":\"Person\",\"@id\":\"https:\/\/www.rbc.com\/fr\/economique\/#\/schema\/person\/109dd1bd3c90e818f8159356d46905ea\",\"name\":\"viktoriyapanahova\",\"image\":{\"@type\":\"ImageObject\",\"inLanguage\":\"fr-FR\",\"@id\":\"https:\/\/secure.gravatar.com\/avatar\/885bcff339d33080f070ec9cbe77fcf3007653305ae17de7827e19af43e61913?s=96&d=mm&r=g\",\"url\":\"https:\/\/secure.gravatar.com\/avatar\/885bcff339d33080f070ec9cbe77fcf3007653305ae17de7827e19af43e61913?s=96&d=mm&r=g\",\"contentUrl\":\"https:\/\/secure.gravatar.com\/avatar\/885bcff339d33080f070ec9cbe77fcf3007653305ae17de7827e19af43e61913?s=96&d=mm&r=g\",\"caption\":\"viktoriyapanahova\"},\"url\":\"https:\/\/www.rbc.com\/fr\/economique\/author\/viktoriyapanahova\/\"}]}<\/script>\n<!-- \/ Yoast SEO Premium plugin. -->","yoast_head_json":{"title":"Les promotions des F\u00eates stimulent les d\u00e9penses des titulaires canadiens de cartes de RBC - RBC Economique","robots":{"index":"index","follow":"follow","max-snippet":"max-snippet:-1","max-image-preview":"max-image-preview:large","max-video-preview":"max-video-preview:-1"},"canonical":"https:\/\/www.rbc.com\/fr\/economique\/analyse-pour-le-canada\/outil-de-suivi-des-depenses-de-consommation-rbc\/les-promotions-des-fetes-stimulent-les-depenses-des-titulaires-canadiens-de-cartes-de-rbc\/","og_locale":"fr_FR","og_type":"article","og_title":"Les promotions des F\u00eates stimulent les d\u00e9penses des titulaires canadiens de cartes de RBC","og_url":"https:\/\/www.rbc.com\/fr\/economique\/analyse-pour-le-canada\/outil-de-suivi-des-depenses-de-consommation-rbc\/les-promotions-des-fetes-stimulent-les-depenses-des-titulaires-canadiens-de-cartes-de-rbc\/","og_site_name":"RBC Economique","article_published_time":"2026-01-14T16:11:29+00:00","article_modified_time":"2026-03-25T16:13:18+00:00","author":"viktoriyapanahova","twitter_card":"summary_large_image","twitter_image":"https:\/\/www.rbc.com\/fr\/economique\/wp-content\/uploads\/sites\/24\/\/2025\/05\/Cons-sp.png?quality=80","twitter_misc":{"Written by":"viktoriyapanahova","Est. reading time":"4 minutes"},"schema":{"@context":"https:\/\/schema.org","@graph":[{"@type":"Article","@id":"https:\/\/www.rbc.com\/fr\/economique\/analyse-pour-le-canada\/outil-de-suivi-des-depenses-de-consommation-rbc\/les-promotions-des-fetes-stimulent-les-depenses-des-titulaires-canadiens-de-cartes-de-rbc\/#article","isPartOf":{"@id":"https:\/\/www.rbc.com\/fr\/economique\/analyse-pour-le-canada\/outil-de-suivi-des-depenses-de-consommation-rbc\/les-promotions-des-fetes-stimulent-les-depenses-des-titulaires-canadiens-de-cartes-de-rbc\/"},"author":{"name":"viktoriyapanahova","@id":"https:\/\/www.rbc.com\/fr\/economique\/#\/schema\/person\/109dd1bd3c90e818f8159356d46905ea"},"headline":"Les promotions des F\u00eates stimulent les d\u00e9penses des titulaires canadiens de cartes de RBC","datePublished":"2026-01-14T16:11:29+00:00","dateModified":"2026-03-25T16:13:18+00:00","mainEntityOfPage":{"@id":"https:\/\/www.rbc.com\/fr\/economique\/analyse-pour-le-canada\/outil-de-suivi-des-depenses-de-consommation-rbc\/les-promotions-des-fetes-stimulent-les-depenses-des-titulaires-canadiens-de-cartes-de-rbc\/"},"wordCount":750,"commentCount":0,"image":{"@id":"https:\/\/www.rbc.com\/fr\/economique\/analyse-pour-le-canada\/outil-de-suivi-des-depenses-de-consommation-rbc\/les-promotions-des-fetes-stimulent-les-depenses-des-titulaires-canadiens-de-cartes-de-rbc\/#primaryimage"},"thumbnailUrl":"https:\/\/www.rbc.com\/fr\/economique\/wp-content\/uploads\/sites\/24\/\/2025\/05\/Cons-sp.png?quality=80","articleSection":["Analyse pour le Canada","Outil de suivi des d\u00e9penses de consommation RBC"],"inLanguage":"fr-FR","potentialAction":[{"@type":"CommentAction","name":"Comment","target":["https:\/\/www.rbc.com\/fr\/economique\/analyse-pour-le-canada\/outil-de-suivi-des-depenses-de-consommation-rbc\/les-promotions-des-fetes-stimulent-les-depenses-des-titulaires-canadiens-de-cartes-de-rbc\/#respond"]}]},{"@type":"WebPage","@id":"https:\/\/www.rbc.com\/fr\/economique\/analyse-pour-le-canada\/outil-de-suivi-des-depenses-de-consommation-rbc\/les-promotions-des-fetes-stimulent-les-depenses-des-titulaires-canadiens-de-cartes-de-rbc\/","url":"https:\/\/www.rbc.com\/fr\/economique\/analyse-pour-le-canada\/outil-de-suivi-des-depenses-de-consommation-rbc\/les-promotions-des-fetes-stimulent-les-depenses-des-titulaires-canadiens-de-cartes-de-rbc\/","name":"Les promotions des F\u00eates stimulent les d\u00e9penses des titulaires canadiens de cartes de RBC - RBC Economique","isPartOf":{"@id":"https:\/\/www.rbc.com\/fr\/economique\/#website"},"primaryImageOfPage":{"@id":"https:\/\/www.rbc.com\/fr\/economique\/analyse-pour-le-canada\/outil-de-suivi-des-depenses-de-consommation-rbc\/les-promotions-des-fetes-stimulent-les-depenses-des-titulaires-canadiens-de-cartes-de-rbc\/#primaryimage"},"image":{"@id":"https:\/\/www.rbc.com\/fr\/economique\/analyse-pour-le-canada\/outil-de-suivi-des-depenses-de-consommation-rbc\/les-promotions-des-fetes-stimulent-les-depenses-des-titulaires-canadiens-de-cartes-de-rbc\/#primaryimage"},"thumbnailUrl":"https:\/\/www.rbc.com\/fr\/economique\/wp-content\/uploads\/sites\/24\/\/2025\/05\/Cons-sp.png?quality=80","datePublished":"2026-01-14T16:11:29+00:00","dateModified":"2026-03-25T16:13:18+00:00","author":{"@id":"https:\/\/www.rbc.com\/fr\/economique\/#\/schema\/person\/109dd1bd3c90e818f8159356d46905ea"},"breadcrumb":{"@id":"https:\/\/www.rbc.com\/fr\/economique\/analyse-pour-le-canada\/outil-de-suivi-des-depenses-de-consommation-rbc\/les-promotions-des-fetes-stimulent-les-depenses-des-titulaires-canadiens-de-cartes-de-rbc\/#breadcrumb"},"inLanguage":"fr-FR","potentialAction":[{"@type":"ReadAction","target":["https:\/\/www.rbc.com\/fr\/economique\/analyse-pour-le-canada\/outil-de-suivi-des-depenses-de-consommation-rbc\/les-promotions-des-fetes-stimulent-les-depenses-des-titulaires-canadiens-de-cartes-de-rbc\/"]}]},{"@type":"ImageObject","inLanguage":"fr-FR","@id":"https:\/\/www.rbc.com\/fr\/economique\/analyse-pour-le-canada\/outil-de-suivi-des-depenses-de-consommation-rbc\/les-promotions-des-fetes-stimulent-les-depenses-des-titulaires-canadiens-de-cartes-de-rbc\/#primaryimage","url":"https:\/\/www.rbc.com\/fr\/economique\/wp-content\/uploads\/sites\/24\/\/2025\/05\/Cons-sp.png?quality=80","contentUrl":"https:\/\/www.rbc.com\/fr\/economique\/wp-content\/uploads\/sites\/24\/\/2025\/05\/Cons-sp.png?quality=80","width":6134,"height":3700},{"@type":"BreadcrumbList","@id":"https:\/\/www.rbc.com\/fr\/economique\/analyse-pour-le-canada\/outil-de-suivi-des-depenses-de-consommation-rbc\/les-promotions-des-fetes-stimulent-les-depenses-des-titulaires-canadiens-de-cartes-de-rbc\/#breadcrumb","itemListElement":[{"@type":"ListItem","position":1,"name":"Home","item":"https:\/\/www.rbc.com\/fr\/economique\/"},{"@type":"ListItem","position":2,"name":"Les promotions des F\u00eates stimulent les d\u00e9penses des titulaires canadiens de cartes de RBC"}]},{"@type":"WebSite","@id":"https:\/\/www.rbc.com\/fr\/economique\/#website","url":"https:\/\/www.rbc.com\/fr\/economique\/","name":"RBC Economique","description":"","potentialAction":[{"@type":"SearchAction","target":{"@type":"EntryPoint","urlTemplate":"https:\/\/www.rbc.com\/fr\/economique\/?s={search_term_string}"},"query-input":{"@type":"PropertyValueSpecification","valueRequired":true,"valueName":"search_term_string"}}],"inLanguage":"fr-FR"},{"@type":"Person","@id":"https:\/\/www.rbc.com\/fr\/economique\/#\/schema\/person\/109dd1bd3c90e818f8159356d46905ea","name":"viktoriyapanahova","image":{"@type":"ImageObject","inLanguage":"fr-FR","@id":"https:\/\/secure.gravatar.com\/avatar\/885bcff339d33080f070ec9cbe77fcf3007653305ae17de7827e19af43e61913?s=96&d=mm&r=g","url":"https:\/\/secure.gravatar.com\/avatar\/885bcff339d33080f070ec9cbe77fcf3007653305ae17de7827e19af43e61913?s=96&d=mm&r=g","contentUrl":"https:\/\/secure.gravatar.com\/avatar\/885bcff339d33080f070ec9cbe77fcf3007653305ae17de7827e19af43e61913?s=96&d=mm&r=g","caption":"viktoriyapanahova"},"url":"https:\/\/www.rbc.com\/fr\/economique\/author\/viktoriyapanahova\/"}]}},"author_meta":{"display_name":"viktoriyapanahova","author_link":"https:\/\/www.rbc.com\/fr\/economique\/author\/viktoriyapanahova\/"},"featured_img":"https:\/\/www.rbc.com\/fr\/economique\/wp-content\/uploads\/sites\/24\/\/2025\/05\/Cons-sp.png?quality=80&w=300","jetpack_featured_media_url":"https:\/\/www.rbc.com\/fr\/economique\/wp-content\/uploads\/sites\/24\/\/2025\/05\/Cons-sp.png?quality=80","coauthors":[],"tax_additional":{"categories":{"linked":["<a href=\"https:\/\/www.rbc.com\/fr\/economique\/category\/analyse-pour-le-canada\/\" class=\"advgb-post-tax-term\">Analyse pour le Canada<\/a>","<a href=\"https:\/\/www.rbc.com\/fr\/economique\/category\/analyse-pour-le-canada\/outil-de-suivi-des-depenses-de-consommation-rbc\/\" class=\"advgb-post-tax-term\">Outil de suivi des d\u00e9penses de consommation RBC<\/a>"],"unlinked":["<span class=\"advgb-post-tax-term\">Analyse pour le Canada<\/span>","<span class=\"advgb-post-tax-term\">Outil de suivi des d\u00e9penses de consommation RBC<\/span>"]}},"comment_count":"0","relative_dates":{"created":"Publi\u00e9 3 mois il y a","modified":"Mis \u00e0 jour 1 mois il y a"},"absolute_dates":{"created":"Publi\u00e9 le 14 janvier 2026","modified":"Mise \u00e0 jour le 25 mars 2026"},"absolute_dates_time":{"created":"Publi\u00e9 le 14 janvier 2026 4:11  ","modified":"Mise \u00e0 jour le 25 mars 2026 4:13  "},"featured_img_caption":"","series_order":"","_links":{"self":[{"href":"https:\/\/www.rbc.com\/fr\/economique\/wp-json\/wp\/v2\/posts\/4267","targetHints":{"allow":["GET"]}}],"collection":[{"href":"https:\/\/www.rbc.com\/fr\/economique\/wp-json\/wp\/v2\/posts"}],"about":[{"href":"https:\/\/www.rbc.com\/fr\/economique\/wp-json\/wp\/v2\/types\/post"}],"author":[{"embeddable":true,"href":"https:\/\/www.rbc.com\/fr\/economique\/wp-json\/wp\/v2\/users\/318"}],"replies":[{"embeddable":true,"href":"https:\/\/www.rbc.com\/fr\/economique\/wp-json\/wp\/v2\/comments?post=4267"}],"version-history":[{"count":3,"href":"https:\/\/www.rbc.com\/fr\/economique\/wp-json\/wp\/v2\/posts\/4267\/revisions"}],"predecessor-version":[{"id":4270,"href":"https:\/\/www.rbc.com\/fr\/economique\/wp-json\/wp\/v2\/posts\/4267\/revisions\/4270"}],"wp:featuredmedia":[{"embeddable":true,"href":"https:\/\/www.rbc.com\/fr\/economique\/wp-json\/wp\/v2\/media\/1072"}],"wp:attachment":[{"href":"https:\/\/www.rbc.com\/fr\/economique\/wp-json\/wp\/v2\/media?parent=4267"}],"wp:term":[{"taxonomy":"category","embeddable":true,"href":"https:\/\/www.rbc.com\/fr\/economique\/wp-json\/wp\/v2\/categories?post=4267"},{"taxonomy":"post_tag","embeddable":true,"href":"https:\/\/www.rbc.com\/fr\/economique\/wp-json\/wp\/v2\/tags?post=4267"},{"taxonomy":"rbc_econ_content_type","embeddable":true,"href":"https:\/\/www.rbc.com\/fr\/economique\/wp-json\/wp\/v2\/rbc_econ_content_type?post=4267"}],"curies":[{"name":"wp","href":"https:\/\/api.w.org\/{rel}","templated":true}]}}