{"id":3941,"date":"2026-03-06T23:21:14","date_gmt":"2026-03-06T23:21:14","guid":{"rendered":"https:\/\/www.rbc.com\/fr\/economique\/?p=3941"},"modified":"2026-03-11T23:21:56","modified_gmt":"2026-03-11T23:21:56","slug":"les-inquietudes-a-legard-de-linflation-aux-etats-unis-augmentent-en-raison-de-la-flambee-des-prix-du-petrole","status":"publish","type":"post","link":"https:\/\/www.rbc.com\/fr\/economique\/analyse-pour-les-etats-unis\/cette-semaine-aux-etats-unis\/les-inquietudes-a-legard-de-linflation-aux-etats-unis-augmentent-en-raison-de-la-flambee-des-prix-du-petrole\/","title":{"rendered":"Les inqui\u00e9tudes \u00e0 l\u2019\u00e9gard de l\u2019inflation aux \u00c9tats-Unis augmentent en raison de la flamb\u00e9e des prix du p\u00e9trole"},"content":{"rendered":"\n<section class=\"wp-block-rbc-section-block  pos-rel\" style=\"border-radius:0px\">\n<div class=\"wp-block-rbc-section-inner-block  section-inner\" style=\"border-radius:0x\">\n<div class=\"wp-block-columns pad-t-hlf mob-pad-t-hlf pad-b-hlf mob-pad-b-hlf pad-l-hlf mob-pad-l-hlf pad-r-hlf mob-pad-r-hlf has-rbc-bright-blue-tint-4-background-color has-background is-layout-flex wp-container-core-columns-is-layout-65eef5bf wp-block-columns-is-layout-flex\" style=\"border-style:none;border-width:0px;border-radius:5px\">\n<div class=\"wp-block-column pad-b-hlf mob-pad-b-hlf pad-t-hlf mob-pad-t-hlf is-layout-flow wp-block-column-is-layout-flow\" style=\"flex-basis:98%\">\n<div class=\"wp-block-media-text is-stacked-on-mobile is-vertically-aligned-center mar-l-hlf pad-l-hlf\" style=\"grid-template-columns:22% auto\"><figure class=\"wp-block-media-text__media\"><img decoding=\"async\" src=\"https:\/\/www.rbc.com\/en\/economics\/wp-content\/uploads\/sites\/23\/2025\/12\/Icon-calend-dec-19-25.png?quality=80&amp;w=1024\" alt=\"\" class=\"wp-image-6212 size-full\" \/><\/figure><div class=\"wp-block-media-text__content\">\n<p id=\"Intro\">Les r\u00e9cents \u00e9v\u00e9nements g\u00e9opolitiques au Moyen-Orient n\u2019auront aucune incidence sur l\u2019inflation en f\u00e9vrier, mais ils feront grimper les prix de l\u2019essence en mars. Et si la hausse des prix du p\u00e9trole se maintient, elle aura une incidence sur nos pr\u00e9visions d\u2019inflation globale pour l\u2019ann\u00e9e. Si le prix du p\u00e9trole WTI s\u2019approche de 75&nbsp;$ le baril, nous nous attendons \u00e0 ce que l\u2019inflation globale d\u00e9passe les 3&nbsp;% d\u2019ici le deuxi\u00e8me trimestre. Selon nos calculs, si le prix du baril se maintient \u00e0 100&nbsp;$, l\u2019inflation globale demeurerait au-dessus des 3&nbsp;% pendant toute l\u2019ann\u00e9e&nbsp;2026. La hausse des prix de l\u2019\u00e9nergie aura \u00e9galement des r\u00e9percussions sur les ventes au d\u00e9tail en mars. Les consommateurs sous pression aux prises avec une hausse des co\u00fbts auront moins de marge de man\u0153uvre pour les d\u00e9penses discr\u00e9tionnaires, ce qui finira par peser sur les ventes au d\u00e9tail r\u00e9elles, m\u00eame si les prix soutiennent les mesures nominales.<\/p>\n<\/div><\/div>\n<\/div>\n<\/div>\n\n\n\n<p>Nous nous attendons \u00e0 ce que les donn\u00e9es qui seront publi\u00e9es la semaine prochaine continuent de souligner l\u2019\u00e9largissement de l\u2019\u00e9cart entre l\u2019indice des prix \u00e0 la consommation (IPC) et les d\u00e9penses personnelles de consommation (DPC), un th\u00e8me inhabituel qui ne se produit qu\u2019environ 20&nbsp;% du temps. Nous craignons que les anomalies li\u00e9es \u00e0 l\u2019absence de donn\u00e9es sur le logement dans l\u2019IPC \u00e0 la suite de la paralysie du gouvernement ne fassent artificiellement baisser l\u2019IPC par rapport aux DPC. M\u00eame si nous privil\u00e9gions la mesure des DPC, les donn\u00e9es de janvier sur celle-ci sont p\u00e9rim\u00e9es, ce qui signifie que la publication des donn\u00e9es sur l\u2019IPC au milieu de la semaine retiendra probablement davantage l\u2019attention du march\u00e9. Nous pr\u00e9voyons que l\u2019IPC global et l\u2019IPC de base augmenteront de 0,3&nbsp;% sur un mois en f\u00e9vrier et que leur niveau sur 12&nbsp;mois demeure stable.<\/p>\n\n\n\n<p>Fait important, les r\u00e9centes donn\u00e9es \u00e9lev\u00e9es de l\u2019indice des prix \u00e0 la production (IPP) pendant plusieurs mois cons\u00e9cutifs m\u00e9ritent d\u2019\u00eatre surveill\u00e9es. L\u2019IPP de base a bondi de 0,8&nbsp;% sur un mois de janvier apr\u00e8s une hausse de 0,6&nbsp;% sur un mois en d\u00e9cembre. Dans les deux mois, ce sont les marges de gros qui ont le plus contribu\u00e9 aux gains, ce qui indique que l\u2019effet des droits de douane commence \u00e0 se faire sentir sur les prix \u00e0 la consommation, car les grossistes r\u00e9percutent la hausse des co\u00fbts sur les d\u00e9taillants pour pr\u00e9server leurs marges b\u00e9n\u00e9ficiaires. Ces augmentations de l\u2019IPP se r\u00e9percuteront sur les donn\u00e9es de l\u2019IPC avec un certain d\u00e9calage, et nous nous attendons \u00e0 en \u00eatre aux premi\u00e8res \u00e9tapes de cette r\u00e9percussion. Nous pr\u00e9voyons que les DPC de base augmenteront de 0,4&nbsp;% sur un mois en janvier, ce qui maintiendra la mesure sur 12&nbsp;mois \u00e0 +3,0&nbsp;% et l\u2019\u00e9cart entre les DPC de base et l\u2019IPC \u00e0 0,5&nbsp;point de pourcentage. La vigueur de l\u2019IPP en janvier ne devrait pas se traduire par une hausse des DPC, car ses composantes les plus pertinentes (les services de soins m\u00e9dicaux et le transport a\u00e9rien int\u00e9rieur) n\u2019ont pas affich\u00e9 de fortes hausses.<\/p>\n\n\n\n<p>Le 4&nbsp;mars, une ordonnance d\u2019un tribunal f\u00e9d\u00e9ral du commerce a oblig\u00e9 l\u2019administration \u00e0 rembourser plus de 130&nbsp;milliards de dollars de droits de douane mondiaux aux importateurs, puisque leur imposition en vertu de l\u2019<a href=\"https:\/\/www.rbc.com\/fr\/economique\/analyse-pour-les-etats-unis\/analyse-en-vedette-analyse-pour-les-etats-unis\/la-decision-de-la-cour-supreme-des-etats-unis-ne-marque-pas-la-fin-des-droits-de-douane\/\" target=\"_blank\" rel=\"noreferrer noopener\"><em>I<\/em><\/a><a href=\"https:\/\/www.rbc.com\/fr\/economique\/analyse-pour-les-etats-unis\/analyse-en-vedette-analyse-pour-les-etats-unis\/la-decision-de-la-cour-supreme-des-etats-unis-ne-marque-pas-la-fin-des-droits-de-douane\/\" target=\"_blank\" data-dig-id=\"LP-Cettesemaineaux\u00c9tats-Unis-3941-c6090773\" data-dig-category=\"LP-Cettesemaineaux\u00c9tats-Unis\" data-dig-action=\"link click\" data-dig-label=\"nternational Emergency Economic Powers Act (IEEPA) a \u00e9t\u00e9 invalid\u00e9e par la Cour supr\u00eame des \u00c9tats-Unis\" rel=\"noreferrer noopener\" class=\"rbc-link-format\"><em>nternational Emergency Economic Powers Act<\/em> (IEEPA) a \u00e9t\u00e9 invalid\u00e9e par la Cour supr\u00eame des \u00c9tats-Unis<\/a>. Nous nous attendons toutefois \u00e0 ce que cela se traduise par un all\u00e8gement limit\u00e9 de l\u2019inflation. M\u00eame si les importateurs et les producteurs paient des droits, il est peu probable que les entreprises qui font face \u00e0 des co\u00fbts plus \u00e9lev\u00e9s renversent les hausses de prix d\u00e9j\u00e0 mises en \u0153uvre. Le m\u00e9canisme de distribution de ces remboursements demeure \u00e9galement n\u00e9buleux. Fait important, la d\u00e9cision de la Cour supr\u00eame n\u2019\u00e9limine pas le risque li\u00e9 aux droits de douane, car l\u2019administration dispose de plusieurs avenues pour en imposer autrement. Comme les droits de douane pr\u00e9vus \u00e0 l\u2019article&nbsp;122 sont en vigueur pendant 150&nbsp;jours, nous nous attendons \u00e0 ce qu\u2019ils continuent \u00e0 \u00eatre r\u00e9percut\u00e9s.<\/p>\n\n\n\n<hr class=\"wp-block-separator has-alpha-channel-opacity is-style-wide wide\" \/>\n\n\n\n<div id=\"everviz-eYlOcl9q0\" class=\"everviz-eYlOcl9q0\" data-view=\"graph\"><\/div>\n\n\n\n<hr class=\"wp-block-separator has-alpha-channel-opacity is-style-wide wide\" \/>\n\n\n\n<p>Hormis les donn\u00e9es sur l\u2019inflation, voici ce que nous surveillerons la semaine prochaine&nbsp;:<\/p>\n\n\n\n<ul class=\"wp-block-rbc-list is-style-chevron-list\">\n<li class=\"wp-block-rbc-list-item\">\n<p><strong>Nous nous attendons \u00e0 ce que le revenu personnel augmente de 0,6&nbsp;% sur un mois en janvier. <\/strong>Nous observons habituellement une plus forte croissance des salaires au d\u00e9but de l\u2019ann\u00e9e, en raison de la concr\u00e9tisation des rajustements salariaux de fin d\u2019ann\u00e9e. Plusieurs \u00c9tats ont relev\u00e9 le salaire minimum en janvier et les rajustements li\u00e9s au co\u00fbt de la vie augmenteront le revenu des b\u00e9n\u00e9ficiaires de la s\u00e9curit\u00e9 sociale de 2,7&nbsp;%.<\/p>\n<\/li>\n\n\n\n<li class=\"wp-block-rbc-list-item\">\n<p><strong>Nous pr\u00e9voyons une augmentation des d\u00e9penses personnelles de 0,1&nbsp;% sur un mois en janvier. <\/strong>Les ventes au d\u00e9tail globales ont \u00e9t\u00e9 moroses en janvier et la diminution des d\u00e9penses de restauration pourrait indiquer une baisse de l\u2019app\u00e9tit pour les services discr\u00e9tionnaires.<\/p>\n<\/li>\n\n\n\n<li class=\"wp-block-rbc-list-item\">\n<p><strong>Nous nous attendons \u00e0 ce que le nombre initial de demandes de prestations d\u2019assurance-ch\u00f4mage diminue pour atteindre 208&nbsp;000<\/strong>, car le nombre de demandes est demeur\u00e9 faible ces derniers mois. La hausse du taux de ch\u00f4mage en f\u00e9vrier (\u00e0 4,4&nbsp;%) \u00e9tait largement attendue, car les demandes continues ont atteint un creux au cours de la semaine de r\u00e9f\u00e9rence de janvier. Nous sommes toutefois toujours d\u2019avis que le march\u00e9 de l\u2019emploi se stabilise dans un contexte de faibles mises \u00e0 pied et de faible cr\u00e9ation d\u2019emplois.<\/p>\n<\/li>\n\n\n\n<li class=\"wp-block-rbc-list-item\">\n<p><strong>Nous nous attendons \u00e0 ce que la balance commerciale s\u2019\u00e9largisse \u00e0 -72,7&nbsp;milliards de dollars<\/strong>, notamment en raison de la demande r\u00e9guli\u00e8re de biens industriels qui soutiennent l\u2019expansion des infrastructures d\u2019IA. M\u00eame si l\u2019imposition des droits de douane en vertu de l\u2019IEEPA a \u00e9t\u00e9 annul\u00e9e, nous ne nous attendons pas \u00e0 ce que cette d\u00e9cision ait une incidence sur les donn\u00e9es avant f\u00e9vrier au plus t\u00f4t.<\/p>\n<\/li>\n\n\n\n<li class=\"wp-block-rbc-list-item\">\n<p><strong>Les commandes de biens durables fl\u00e9chiront probablement en janvier, \u00e0 -2,0&nbsp;% sur un mois, mais cela provient principalement du secteur des transports<\/strong>. Les commandes de Boeing ont continu\u00e9 de diminuer en janvier, apr\u00e8s avoir bondi en novembre. <strong>Si l\u2019on exclut le secteur plus volatil des transports, nous pr\u00e9voyons que les biens durables baisseront de 0,5&nbsp;% sur un mois.<\/strong><\/p>\n<\/li>\n\n\n\n<li class=\"wp-block-rbc-list-item\">\n<p>Les donn\u00e9es de janvier du rapport&nbsp;JOLTS sur le nombre de postes vacants sont p\u00e9rim\u00e9es, mais nous nous attendons \u00e0 une hausse du nombre de postes vacants apr\u00e8s l\u2019augmentation des embauches contenues dans le rapport de janvier sur les emplois non agricoles. Le renversement du nombre d\u2019emplois non agricoles en f\u00e9vrier souligne que la hausse de janvier n\u2019\u00e9tait pas durable et que l\u2019embauche demeure une question structurelle cette ann\u00e9e.<\/p>\n<\/li>\n\n\n\n<li class=\"wp-block-rbc-list-item\">\n<p>Plusieurs donn\u00e9es sur le logement seront publi\u00e9es la semaine prochaine (<strong>ventes de logements existants, mises en chantier et permis de construire),<\/strong> et nous nous attendons \u00e0 ce qu\u2019elles soient m\u00e9diocres. <strong>Les ventes de logements existants ont probablement recul\u00e9 pour atteindre un niveau d\u00e9cevant de 3,83&nbsp;millions en f\u00e9vrier,<\/strong> et la baisse pr\u00e9vue des mises en chantier en janvier ne dresse pas un tableau particuli\u00e8rement encourageant. Les permis de construire devraient augmenter l\u00e9g\u00e8rement.<\/p>\n<\/li>\n<\/ul>\n\n\n\n<hr class=\"wp-block-separator has-alpha-channel-opacity is-style-wide wide\" \/>\n\n\n\n<p class=\"has-text-align-center\"><strong>\u00c0 propos des auteurs<\/strong>&nbsp;:<\/p>\n\n\n\n<p class=\"has-text-align-left\"><em><strong>Mike Reid<\/strong>&nbsp;est chef, Services \u00e9conomiques RBC \u2013 \u00c9tats-Unis.&nbsp;Il est charg\u00e9 d\u2019\u00e9tablir les perspectives \u00e9conomiques de RBC pour les \u00c9tats-Unis, de commenter les indicateurs macro\u00e9conomiques et de r\u00e9diger des analyses concernant le contexte \u00e9conomique.<\/em><\/p>\n\n\n\n<p class=\"has-text-align-left\"><em><strong>Carrie Freestone<\/strong>&nbsp;est \u00e9conomiste principale aux \u00c9tats-Unis \u00e0 RBC et membre de l\u2019\u00e9quipe des Services \u00e9conomiques aux \u00c9tats-Unis \u00e0 RBC&nbsp;March\u00e9s des Capitaux. Elle est responsable de pr\u00e9voir les principaux indicateurs cl\u00e9s am\u00e9ricains, notamment le PIB, l\u2019emploi, les d\u00e9penses de consommation et l\u2019inflation aux \u00c9tats-Unis. Elle contribue \u00e9galement aux commentaires sur la conjoncture \u00e9conomique aux \u00c9tats-Unis qu\u2019elle transmet aux clients au moyen de publications, de pr\u00e9sentations et par l\u2019interm\u00e9diaire des m\u00e9dias.<\/em><\/p>\n\n\n\n<p class=\"has-text-align-left\"><em><strong>Imri Haggin<em>&nbsp;<\/em><\/strong>est \u00e9conomiste \u00e0 RBC March\u00e9s des Capitaux, o\u00f9 il se concentre sur la recherche th\u00e9matique. Ses travaux ant\u00e9rieurs portaient sur la dynamique du cr\u00e9dit \u00e0 la consommation et la mod\u00e9lisation des liquidit\u00e9s, et mettaient l\u2019accent sur l\u2019utilisation des donn\u00e9es pour comprendre les comportements.<\/em><\/p>\n\n\n\n<hr class=\"wp-block-separator has-alpha-channel-opacity is-style-wide wide\" \/>\n<\/div>\n<\/section>\n","protected":false},"excerpt":{"rendered":"","protected":false},"author":318,"featured_media":2504,"comment_status":"open","ping_status":"open","sticky":false,"template":"","format":"standard","meta":{"_acf_changed":false,"advgb_blocks_editor_width":"","advgb_blocks_columns_visual_guide":"","footnotes":""},"categories":[76],"tags":[],"rbc_econ_content_type":[],"class_list":["post-3941","post","type-post","status-publish","format-standard","has-post-thumbnail","hentry","category-cette-semaine-aux-etats-unis"],"acf":[],"yoast_head":"<!-- This site is optimized with the Yoast SEO Premium plugin v27.2 (Yoast SEO v27.2) - https:\/\/yoast.com\/product\/yoast-seo-premium-wordpress\/ -->\n<title>Les inqui\u00e9tudes \u00e0 l\u2019\u00e9gard de l\u2019inflation aux \u00c9tats-Unis augmentent en raison de la flamb\u00e9e des prix du p\u00e9trole - RBC Economique<\/title>\n<meta name=\"robots\" content=\"index, follow, max-snippet:-1, max-image-preview:large, max-video-preview:-1\" \/>\n<link rel=\"canonical\" href=\"https:\/\/www.rbc.com\/fr\/economique\/analyse-pour-les-etats-unis\/cette-semaine-aux-etats-unis\/les-inquietudes-a-legard-de-linflation-aux-etats-unis-augmentent-en-raison-de-la-flambee-des-prix-du-petrole\/\" \/>\n<meta property=\"og:locale\" content=\"fr_FR\" \/>\n<meta property=\"og:type\" content=\"article\" \/>\n<meta property=\"og:title\" content=\"Les inqui\u00e9tudes \u00e0 l\u2019\u00e9gard de l\u2019inflation aux \u00c9tats-Unis augmentent en raison de la flamb\u00e9e des prix du p\u00e9trole\" \/>\n<meta property=\"og:url\" content=\"https:\/\/www.rbc.com\/fr\/economique\/analyse-pour-les-etats-unis\/cette-semaine-aux-etats-unis\/les-inquietudes-a-legard-de-linflation-aux-etats-unis-augmentent-en-raison-de-la-flambee-des-prix-du-petrole\/\" \/>\n<meta property=\"og:site_name\" content=\"RBC Economique\" \/>\n<meta property=\"article:published_time\" content=\"2026-03-06T23:21:14+00:00\" \/>\n<meta property=\"article:modified_time\" content=\"2026-03-11T23:21:56+00:00\" \/>\n<meta property=\"og:image\" content=\"https:\/\/www.rbc.com\/fr\/economique\/wp-content\/uploads\/sites\/24\/2025\/11\/FG-WA.png?quality=80\" \/>\n\t<meta property=\"og:image:width\" content=\"3067\" \/>\n\t<meta property=\"og:image:height\" content=\"1850\" \/>\n\t<meta property=\"og:image:type\" content=\"image\/png\" \/>\n<meta name=\"author\" content=\"viktoriyapanahova\" \/>\n<meta name=\"twitter:card\" content=\"summary_large_image\" \/>\n<meta name=\"twitter:label1\" content=\"Written by\" \/>\n\t<meta name=\"twitter:data1\" content=\"viktoriyapanahova\" \/>\n\t<meta name=\"twitter:label2\" content=\"Est. reading time\" \/>\n\t<meta name=\"twitter:data2\" content=\"8 minutes\" \/>\n<script type=\"application\/ld+json\" class=\"yoast-schema-graph\">{\"@context\":\"https:\/\/schema.org\",\"@graph\":[{\"@type\":\"Article\",\"@id\":\"https:\/\/www.rbc.com\/fr\/economique\/analyse-pour-les-etats-unis\/cette-semaine-aux-etats-unis\/les-inquietudes-a-legard-de-linflation-aux-etats-unis-augmentent-en-raison-de-la-flambee-des-prix-du-petrole\/#article\",\"isPartOf\":{\"@id\":\"https:\/\/www.rbc.com\/fr\/economique\/analyse-pour-les-etats-unis\/cette-semaine-aux-etats-unis\/les-inquietudes-a-legard-de-linflation-aux-etats-unis-augmentent-en-raison-de-la-flambee-des-prix-du-petrole\/\"},\"author\":{\"name\":\"viktoriyapanahova\",\"@id\":\"https:\/\/www.rbc.com\/fr\/economique\/#\/schema\/person\/109dd1bd3c90e818f8159356d46905ea\"},\"headline\":\"Les inqui\u00e9tudes \u00e0 l\u2019\u00e9gard de l\u2019inflation aux \u00c9tats-Unis augmentent en raison de la flamb\u00e9e des prix du p\u00e9trole\",\"datePublished\":\"2026-03-06T23:21:14+00:00\",\"dateModified\":\"2026-03-11T23:21:56+00:00\",\"mainEntityOfPage\":{\"@id\":\"https:\/\/www.rbc.com\/fr\/economique\/analyse-pour-les-etats-unis\/cette-semaine-aux-etats-unis\/les-inquietudes-a-legard-de-linflation-aux-etats-unis-augmentent-en-raison-de-la-flambee-des-prix-du-petrole\/\"},\"wordCount\":1484,\"commentCount\":0,\"image\":{\"@id\":\"https:\/\/www.rbc.com\/fr\/economique\/analyse-pour-les-etats-unis\/cette-semaine-aux-etats-unis\/les-inquietudes-a-legard-de-linflation-aux-etats-unis-augmentent-en-raison-de-la-flambee-des-prix-du-petrole\/#primaryimage\"},\"thumbnailUrl\":\"https:\/\/www.rbc.com\/fr\/economique\/wp-content\/uploads\/sites\/24\/2025\/11\/FG-WA.png?quality=80\",\"articleSection\":[\"Cette semaine aux \u00c9tats-Unis\"],\"inLanguage\":\"fr-FR\",\"potentialAction\":[{\"@type\":\"CommentAction\",\"name\":\"Comment\",\"target\":[\"https:\/\/www.rbc.com\/fr\/economique\/analyse-pour-les-etats-unis\/cette-semaine-aux-etats-unis\/les-inquietudes-a-legard-de-linflation-aux-etats-unis-augmentent-en-raison-de-la-flambee-des-prix-du-petrole\/#respond\"]}]},{\"@type\":\"WebPage\",\"@id\":\"https:\/\/www.rbc.com\/fr\/economique\/analyse-pour-les-etats-unis\/cette-semaine-aux-etats-unis\/les-inquietudes-a-legard-de-linflation-aux-etats-unis-augmentent-en-raison-de-la-flambee-des-prix-du-petrole\/\",\"url\":\"https:\/\/www.rbc.com\/fr\/economique\/analyse-pour-les-etats-unis\/cette-semaine-aux-etats-unis\/les-inquietudes-a-legard-de-linflation-aux-etats-unis-augmentent-en-raison-de-la-flambee-des-prix-du-petrole\/\",\"name\":\"Les inqui\u00e9tudes \u00e0 l\u2019\u00e9gard de l\u2019inflation aux \u00c9tats-Unis augmentent en raison de la flamb\u00e9e des prix du p\u00e9trole - RBC Economique\",\"isPartOf\":{\"@id\":\"https:\/\/www.rbc.com\/fr\/economique\/#website\"},\"primaryImageOfPage\":{\"@id\":\"https:\/\/www.rbc.com\/fr\/economique\/analyse-pour-les-etats-unis\/cette-semaine-aux-etats-unis\/les-inquietudes-a-legard-de-linflation-aux-etats-unis-augmentent-en-raison-de-la-flambee-des-prix-du-petrole\/#primaryimage\"},\"image\":{\"@id\":\"https:\/\/www.rbc.com\/fr\/economique\/analyse-pour-les-etats-unis\/cette-semaine-aux-etats-unis\/les-inquietudes-a-legard-de-linflation-aux-etats-unis-augmentent-en-raison-de-la-flambee-des-prix-du-petrole\/#primaryimage\"},\"thumbnailUrl\":\"https:\/\/www.rbc.com\/fr\/economique\/wp-content\/uploads\/sites\/24\/2025\/11\/FG-WA.png?quality=80\",\"datePublished\":\"2026-03-06T23:21:14+00:00\",\"dateModified\":\"2026-03-11T23:21:56+00:00\",\"author\":{\"@id\":\"https:\/\/www.rbc.com\/fr\/economique\/#\/schema\/person\/109dd1bd3c90e818f8159356d46905ea\"},\"breadcrumb\":{\"@id\":\"https:\/\/www.rbc.com\/fr\/economique\/analyse-pour-les-etats-unis\/cette-semaine-aux-etats-unis\/les-inquietudes-a-legard-de-linflation-aux-etats-unis-augmentent-en-raison-de-la-flambee-des-prix-du-petrole\/#breadcrumb\"},\"inLanguage\":\"fr-FR\",\"potentialAction\":[{\"@type\":\"ReadAction\",\"target\":[\"https:\/\/www.rbc.com\/fr\/economique\/analyse-pour-les-etats-unis\/cette-semaine-aux-etats-unis\/les-inquietudes-a-legard-de-linflation-aux-etats-unis-augmentent-en-raison-de-la-flambee-des-prix-du-petrole\/\"]}]},{\"@type\":\"ImageObject\",\"inLanguage\":\"fr-FR\",\"@id\":\"https:\/\/www.rbc.com\/fr\/economique\/analyse-pour-les-etats-unis\/cette-semaine-aux-etats-unis\/les-inquietudes-a-legard-de-linflation-aux-etats-unis-augmentent-en-raison-de-la-flambee-des-prix-du-petrole\/#primaryimage\",\"url\":\"https:\/\/www.rbc.com\/fr\/economique\/wp-content\/uploads\/sites\/24\/2025\/11\/FG-WA.png?quality=80\",\"contentUrl\":\"https:\/\/www.rbc.com\/fr\/economique\/wp-content\/uploads\/sites\/24\/2025\/11\/FG-WA.png?quality=80\",\"width\":3067,\"height\":1850},{\"@type\":\"BreadcrumbList\",\"@id\":\"https:\/\/www.rbc.com\/fr\/economique\/analyse-pour-les-etats-unis\/cette-semaine-aux-etats-unis\/les-inquietudes-a-legard-de-linflation-aux-etats-unis-augmentent-en-raison-de-la-flambee-des-prix-du-petrole\/#breadcrumb\",\"itemListElement\":[{\"@type\":\"ListItem\",\"position\":1,\"name\":\"Home\",\"item\":\"https:\/\/www.rbc.com\/fr\/economique\/\"},{\"@type\":\"ListItem\",\"position\":2,\"name\":\"Les inqui\u00e9tudes \u00e0 l\u2019\u00e9gard de l\u2019inflation aux \u00c9tats-Unis augmentent en raison de la flamb\u00e9e des prix du p\u00e9trole\"}]},{\"@type\":\"WebSite\",\"@id\":\"https:\/\/www.rbc.com\/fr\/economique\/#website\",\"url\":\"https:\/\/www.rbc.com\/fr\/economique\/\",\"name\":\"RBC Economique\",\"description\":\"\",\"potentialAction\":[{\"@type\":\"SearchAction\",\"target\":{\"@type\":\"EntryPoint\",\"urlTemplate\":\"https:\/\/www.rbc.com\/fr\/economique\/?s={search_term_string}\"},\"query-input\":{\"@type\":\"PropertyValueSpecification\",\"valueRequired\":true,\"valueName\":\"search_term_string\"}}],\"inLanguage\":\"fr-FR\"},{\"@type\":\"Person\",\"@id\":\"https:\/\/www.rbc.com\/fr\/economique\/#\/schema\/person\/109dd1bd3c90e818f8159356d46905ea\",\"name\":\"viktoriyapanahova\",\"image\":{\"@type\":\"ImageObject\",\"inLanguage\":\"fr-FR\",\"@id\":\"https:\/\/secure.gravatar.com\/avatar\/885bcff339d33080f070ec9cbe77fcf3007653305ae17de7827e19af43e61913?s=96&d=mm&r=g\",\"url\":\"https:\/\/secure.gravatar.com\/avatar\/885bcff339d33080f070ec9cbe77fcf3007653305ae17de7827e19af43e61913?s=96&d=mm&r=g\",\"contentUrl\":\"https:\/\/secure.gravatar.com\/avatar\/885bcff339d33080f070ec9cbe77fcf3007653305ae17de7827e19af43e61913?s=96&d=mm&r=g\",\"caption\":\"viktoriyapanahova\"},\"url\":\"https:\/\/www.rbc.com\/fr\/economique\/author\/viktoriyapanahova\/\"}]}<\/script>\n<!-- \/ Yoast SEO Premium plugin. -->","yoast_head_json":{"title":"Les inqui\u00e9tudes \u00e0 l\u2019\u00e9gard de l\u2019inflation aux \u00c9tats-Unis augmentent en raison de la flamb\u00e9e des prix du p\u00e9trole - RBC Economique","robots":{"index":"index","follow":"follow","max-snippet":"max-snippet:-1","max-image-preview":"max-image-preview:large","max-video-preview":"max-video-preview:-1"},"canonical":"https:\/\/www.rbc.com\/fr\/economique\/analyse-pour-les-etats-unis\/cette-semaine-aux-etats-unis\/les-inquietudes-a-legard-de-linflation-aux-etats-unis-augmentent-en-raison-de-la-flambee-des-prix-du-petrole\/","og_locale":"fr_FR","og_type":"article","og_title":"Les inqui\u00e9tudes \u00e0 l\u2019\u00e9gard de l\u2019inflation aux \u00c9tats-Unis augmentent en raison de la flamb\u00e9e des prix du p\u00e9trole","og_url":"https:\/\/www.rbc.com\/fr\/economique\/analyse-pour-les-etats-unis\/cette-semaine-aux-etats-unis\/les-inquietudes-a-legard-de-linflation-aux-etats-unis-augmentent-en-raison-de-la-flambee-des-prix-du-petrole\/","og_site_name":"RBC Economique","article_published_time":"2026-03-06T23:21:14+00:00","article_modified_time":"2026-03-11T23:21:56+00:00","og_image":[{"width":3067,"height":1850,"url":"https:\/\/www.rbc.com\/fr\/economique\/wp-content\/uploads\/sites\/24\/2025\/11\/FG-WA.png?quality=80","type":"image\/png"}],"author":"viktoriyapanahova","twitter_card":"summary_large_image","twitter_misc":{"Written by":"viktoriyapanahova","Est. reading time":"8 minutes"},"schema":{"@context":"https:\/\/schema.org","@graph":[{"@type":"Article","@id":"https:\/\/www.rbc.com\/fr\/economique\/analyse-pour-les-etats-unis\/cette-semaine-aux-etats-unis\/les-inquietudes-a-legard-de-linflation-aux-etats-unis-augmentent-en-raison-de-la-flambee-des-prix-du-petrole\/#article","isPartOf":{"@id":"https:\/\/www.rbc.com\/fr\/economique\/analyse-pour-les-etats-unis\/cette-semaine-aux-etats-unis\/les-inquietudes-a-legard-de-linflation-aux-etats-unis-augmentent-en-raison-de-la-flambee-des-prix-du-petrole\/"},"author":{"name":"viktoriyapanahova","@id":"https:\/\/www.rbc.com\/fr\/economique\/#\/schema\/person\/109dd1bd3c90e818f8159356d46905ea"},"headline":"Les inqui\u00e9tudes \u00e0 l\u2019\u00e9gard de l\u2019inflation aux \u00c9tats-Unis augmentent en raison de la flamb\u00e9e des prix du p\u00e9trole","datePublished":"2026-03-06T23:21:14+00:00","dateModified":"2026-03-11T23:21:56+00:00","mainEntityOfPage":{"@id":"https:\/\/www.rbc.com\/fr\/economique\/analyse-pour-les-etats-unis\/cette-semaine-aux-etats-unis\/les-inquietudes-a-legard-de-linflation-aux-etats-unis-augmentent-en-raison-de-la-flambee-des-prix-du-petrole\/"},"wordCount":1484,"commentCount":0,"image":{"@id":"https:\/\/www.rbc.com\/fr\/economique\/analyse-pour-les-etats-unis\/cette-semaine-aux-etats-unis\/les-inquietudes-a-legard-de-linflation-aux-etats-unis-augmentent-en-raison-de-la-flambee-des-prix-du-petrole\/#primaryimage"},"thumbnailUrl":"https:\/\/www.rbc.com\/fr\/economique\/wp-content\/uploads\/sites\/24\/2025\/11\/FG-WA.png?quality=80","articleSection":["Cette semaine aux \u00c9tats-Unis"],"inLanguage":"fr-FR","potentialAction":[{"@type":"CommentAction","name":"Comment","target":["https:\/\/www.rbc.com\/fr\/economique\/analyse-pour-les-etats-unis\/cette-semaine-aux-etats-unis\/les-inquietudes-a-legard-de-linflation-aux-etats-unis-augmentent-en-raison-de-la-flambee-des-prix-du-petrole\/#respond"]}]},{"@type":"WebPage","@id":"https:\/\/www.rbc.com\/fr\/economique\/analyse-pour-les-etats-unis\/cette-semaine-aux-etats-unis\/les-inquietudes-a-legard-de-linflation-aux-etats-unis-augmentent-en-raison-de-la-flambee-des-prix-du-petrole\/","url":"https:\/\/www.rbc.com\/fr\/economique\/analyse-pour-les-etats-unis\/cette-semaine-aux-etats-unis\/les-inquietudes-a-legard-de-linflation-aux-etats-unis-augmentent-en-raison-de-la-flambee-des-prix-du-petrole\/","name":"Les inqui\u00e9tudes \u00e0 l\u2019\u00e9gard de l\u2019inflation aux \u00c9tats-Unis augmentent en raison de la flamb\u00e9e des prix du p\u00e9trole - RBC Economique","isPartOf":{"@id":"https:\/\/www.rbc.com\/fr\/economique\/#website"},"primaryImageOfPage":{"@id":"https:\/\/www.rbc.com\/fr\/economique\/analyse-pour-les-etats-unis\/cette-semaine-aux-etats-unis\/les-inquietudes-a-legard-de-linflation-aux-etats-unis-augmentent-en-raison-de-la-flambee-des-prix-du-petrole\/#primaryimage"},"image":{"@id":"https:\/\/www.rbc.com\/fr\/economique\/analyse-pour-les-etats-unis\/cette-semaine-aux-etats-unis\/les-inquietudes-a-legard-de-linflation-aux-etats-unis-augmentent-en-raison-de-la-flambee-des-prix-du-petrole\/#primaryimage"},"thumbnailUrl":"https:\/\/www.rbc.com\/fr\/economique\/wp-content\/uploads\/sites\/24\/2025\/11\/FG-WA.png?quality=80","datePublished":"2026-03-06T23:21:14+00:00","dateModified":"2026-03-11T23:21:56+00:00","author":{"@id":"https:\/\/www.rbc.com\/fr\/economique\/#\/schema\/person\/109dd1bd3c90e818f8159356d46905ea"},"breadcrumb":{"@id":"https:\/\/www.rbc.com\/fr\/economique\/analyse-pour-les-etats-unis\/cette-semaine-aux-etats-unis\/les-inquietudes-a-legard-de-linflation-aux-etats-unis-augmentent-en-raison-de-la-flambee-des-prix-du-petrole\/#breadcrumb"},"inLanguage":"fr-FR","potentialAction":[{"@type":"ReadAction","target":["https:\/\/www.rbc.com\/fr\/economique\/analyse-pour-les-etats-unis\/cette-semaine-aux-etats-unis\/les-inquietudes-a-legard-de-linflation-aux-etats-unis-augmentent-en-raison-de-la-flambee-des-prix-du-petrole\/"]}]},{"@type":"ImageObject","inLanguage":"fr-FR","@id":"https:\/\/www.rbc.com\/fr\/economique\/analyse-pour-les-etats-unis\/cette-semaine-aux-etats-unis\/les-inquietudes-a-legard-de-linflation-aux-etats-unis-augmentent-en-raison-de-la-flambee-des-prix-du-petrole\/#primaryimage","url":"https:\/\/www.rbc.com\/fr\/economique\/wp-content\/uploads\/sites\/24\/2025\/11\/FG-WA.png?quality=80","contentUrl":"https:\/\/www.rbc.com\/fr\/economique\/wp-content\/uploads\/sites\/24\/2025\/11\/FG-WA.png?quality=80","width":3067,"height":1850},{"@type":"BreadcrumbList","@id":"https:\/\/www.rbc.com\/fr\/economique\/analyse-pour-les-etats-unis\/cette-semaine-aux-etats-unis\/les-inquietudes-a-legard-de-linflation-aux-etats-unis-augmentent-en-raison-de-la-flambee-des-prix-du-petrole\/#breadcrumb","itemListElement":[{"@type":"ListItem","position":1,"name":"Home","item":"https:\/\/www.rbc.com\/fr\/economique\/"},{"@type":"ListItem","position":2,"name":"Les inqui\u00e9tudes \u00e0 l\u2019\u00e9gard de l\u2019inflation aux \u00c9tats-Unis augmentent en raison de la flamb\u00e9e des prix du p\u00e9trole"}]},{"@type":"WebSite","@id":"https:\/\/www.rbc.com\/fr\/economique\/#website","url":"https:\/\/www.rbc.com\/fr\/economique\/","name":"RBC Economique","description":"","potentialAction":[{"@type":"SearchAction","target":{"@type":"EntryPoint","urlTemplate":"https:\/\/www.rbc.com\/fr\/economique\/?s={search_term_string}"},"query-input":{"@type":"PropertyValueSpecification","valueRequired":true,"valueName":"search_term_string"}}],"inLanguage":"fr-FR"},{"@type":"Person","@id":"https:\/\/www.rbc.com\/fr\/economique\/#\/schema\/person\/109dd1bd3c90e818f8159356d46905ea","name":"viktoriyapanahova","image":{"@type":"ImageObject","inLanguage":"fr-FR","@id":"https:\/\/secure.gravatar.com\/avatar\/885bcff339d33080f070ec9cbe77fcf3007653305ae17de7827e19af43e61913?s=96&d=mm&r=g","url":"https:\/\/secure.gravatar.com\/avatar\/885bcff339d33080f070ec9cbe77fcf3007653305ae17de7827e19af43e61913?s=96&d=mm&r=g","contentUrl":"https:\/\/secure.gravatar.com\/avatar\/885bcff339d33080f070ec9cbe77fcf3007653305ae17de7827e19af43e61913?s=96&d=mm&r=g","caption":"viktoriyapanahova"},"url":"https:\/\/www.rbc.com\/fr\/economique\/author\/viktoriyapanahova\/"}]}},"author_meta":{"display_name":"viktoriyapanahova","author_link":"https:\/\/www.rbc.com\/fr\/economique\/author\/viktoriyapanahova\/"},"featured_img":"https:\/\/www.rbc.com\/fr\/economique\/wp-content\/uploads\/sites\/24\/2025\/11\/FG-WA.png?quality=80&w=300","jetpack_featured_media_url":"https:\/\/www.rbc.com\/fr\/economique\/wp-content\/uploads\/sites\/24\/2025\/11\/FG-WA.png?quality=80","coauthors":[],"tax_additional":{"categories":{"linked":["<a href=\"https:\/\/www.rbc.com\/fr\/economique\/category\/analyse-pour-les-etats-unis\/cette-semaine-aux-etats-unis\/\" class=\"advgb-post-tax-term\">Cette semaine aux \u00c9tats-Unis<\/a>"],"unlinked":["<span class=\"advgb-post-tax-term\">Cette semaine aux \u00c9tats-Unis<\/span>"]}},"comment_count":"0","relative_dates":{"created":"Publi\u00e9 2 mois il y a","modified":"Mis \u00e0 jour 2 mois il y a"},"absolute_dates":{"created":"Publi\u00e9 le 6 mars 2026","modified":"Mise \u00e0 jour le 11 mars 2026"},"absolute_dates_time":{"created":"Publi\u00e9 le 6 mars 2026 11:21  ","modified":"Mise \u00e0 jour le 11 mars 2026 11:21  "},"featured_img_caption":"","series_order":"","_links":{"self":[{"href":"https:\/\/www.rbc.com\/fr\/economique\/wp-json\/wp\/v2\/posts\/3941","targetHints":{"allow":["GET"]}}],"collection":[{"href":"https:\/\/www.rbc.com\/fr\/economique\/wp-json\/wp\/v2\/posts"}],"about":[{"href":"https:\/\/www.rbc.com\/fr\/economique\/wp-json\/wp\/v2\/types\/post"}],"author":[{"embeddable":true,"href":"https:\/\/www.rbc.com\/fr\/economique\/wp-json\/wp\/v2\/users\/318"}],"replies":[{"embeddable":true,"href":"https:\/\/www.rbc.com\/fr\/economique\/wp-json\/wp\/v2\/comments?post=3941"}],"version-history":[{"count":5,"href":"https:\/\/www.rbc.com\/fr\/economique\/wp-json\/wp\/v2\/posts\/3941\/revisions"}],"predecessor-version":[{"id":3946,"href":"https:\/\/www.rbc.com\/fr\/economique\/wp-json\/wp\/v2\/posts\/3941\/revisions\/3946"}],"wp:featuredmedia":[{"embeddable":true,"href":"https:\/\/www.rbc.com\/fr\/economique\/wp-json\/wp\/v2\/media\/2504"}],"wp:attachment":[{"href":"https:\/\/www.rbc.com\/fr\/economique\/wp-json\/wp\/v2\/media?parent=3941"}],"wp:term":[{"taxonomy":"category","embeddable":true,"href":"https:\/\/www.rbc.com\/fr\/economique\/wp-json\/wp\/v2\/categories?post=3941"},{"taxonomy":"post_tag","embeddable":true,"href":"https:\/\/www.rbc.com\/fr\/economique\/wp-json\/wp\/v2\/tags?post=3941"},{"taxonomy":"rbc_econ_content_type","embeddable":true,"href":"https:\/\/www.rbc.com\/fr\/economique\/wp-json\/wp\/v2\/rbc_econ_content_type?post=3941"}],"curies":[{"name":"wp","href":"https:\/\/api.w.org\/{rel}","templated":true}]}}