{"id":3767,"date":"2026-02-17T22:49:10","date_gmt":"2026-02-17T22:49:10","guid":{"rendered":"https:\/\/www.rbc.com\/fr\/economique\/?p=3767"},"modified":"2026-02-17T22:49:12","modified_gmt":"2026-02-17T22:49:12","slug":"leger-flechissement-de-la-croissance-de-lipc-au-canada-en-janvier","status":"publish","type":"post","link":"https:\/\/www.rbc.com\/fr\/economique\/analyse-pour-le-canada\/rapports-de-donnees-provisoires\/leger-flechissement-de-la-croissance-de-lipc-au-canada-en-janvier\/","title":{"rendered":"L\u00e9ger fl\u00e9chissement de la croissance de l\u2019IPC au Canada en janvier"},"content":{"rendered":"\n<section class=\"wp-block-rbc-section-block  pos-rel\" style=\"border-radius:0px\">\n<div class=\"wp-block-rbc-section-inner-block  section-inner\" style=\"border-radius:0x\">\n<h4 class=\"wp-block-heading has-rbc-bright-blue-color has-text-color has-link-color wp-elements-2a085f8e9d72230e9bb0cd7136b50435\" id=\"h-en-resume-nbsp\">En r\u00e9sum\u00e9&nbsp;:<\/h4>\n\n\n\n<p>L\u2019IPC global canadien sur 12&nbsp;mois a baiss\u00e9 d\u2019un cran, \u00e0 2,3&nbsp;% en janvier (contre 2,4&nbsp;% en d\u00e9cembre) malgr\u00e9 les distorsions li\u00e9es \u00e0 la taxe qui ont fait grimper la mesure, les prix taxes comprises cette ann\u00e9e \u00e9tant compar\u00e9s aux prix exon\u00e9r\u00e9s de taxe enregistr\u00e9s il y a un an dans le cadre du cong\u00e9 temporaire de TPS\/TVH de 2024\/2025.<\/p>\n\n\n\n<p>Si l\u2019on exclut l\u2019incidence des taxes indirectes, la croissance des prix sur 12&nbsp;mois est tomb\u00e9e \u00e0 2,1&nbsp;%. Les mesures tronqu\u00e9e et m\u00e9diane de l\u2019inflation fondamentale qu\u2019utilise la Banque du Canada \u2013 con\u00e7ues pour donner une meilleure indication de la croissance sous-jacente des prix et, surtout, pour exclure les variations des taxes indirectes \u2013 ont continu\u00e9 de baisser, reculant \u00e0 2,5&nbsp;% en moyenne sur 12&nbsp;mois (2,6&nbsp;% en d\u00e9cembre), avec une variation de 0,1&nbsp;% sur un mois, plus faible que pr\u00e9vu.<\/p>\n\n\n\n<p>La baisse des donn\u00e9es sur l\u2019inflation donne \u00e0 la BdC plus de souplesse pour r\u00e9agir \u00e0 l\u2019affaiblissement des conditions \u00e9conomiques en abaissant les taux d\u2019int\u00e9r\u00eat s\u2019il y a lieu, m\u00eame si nous ne nous attendons pas, dans le sc\u00e9nario de base, \u00e0 ce que d\u2019autres r\u00e9ductions soient n\u00e9cessaires. Dans certains secteurs (comme les produits d\u2019\u00e9picerie), la hausse des prix reste \u00e9lev\u00e9e. La croissance sur 12&nbsp;mois des mesures de l\u2019inflation tronqu\u00e9e et de l\u2019inflation m\u00e9diane demeure sup\u00e9rieure \u00e0 la cible d\u2019inflation de 2&nbsp;% depuis pr\u00e8s de cinq&nbsp;ans. De plus, certains signes indiquent que les march\u00e9s du travail <a href=\"https:\/\/www.rbc.com\/fr\/economique\/analyse-pour-le-canada\/rapports-de-donnees-provisoires\/des-marches-du-travail-canadiens-en-amelioration-par-travailleur-pour-demarrer-lannee-2026\/\" target=\"_blank\" data-dig-id=\"LP-AnalysepourleCanada-Rapportsdedonn\u00e9esprovisoires-3767-bc903c71\" data-dig-category=\"LP-AnalysepourleCanada-Rapportsdedonn\u00e9esprovisoires\" data-dig-action=\"link click\" data-dig-label=\"(par travailleur)\" rel=\"noreferrer noopener\" class=\"rbc-link-format\">(par travailleur)<\/a> ont commenc\u00e9 \u00e0 s\u2019am\u00e9liorer aux taux d\u2019int\u00e9r\u00eat actuels.<\/p>\n\n\n\n<hr class=\"wp-block-separator has-alpha-channel-opacity is-style-wide wide\" \/>\n\n\n\n<div id=\"everviz-dBKGMyOeV\" class=\"everviz-dBKGMyOeV\" data-view=\"graph\"><\/div>\n\n\n\n<hr class=\"wp-block-separator has-alpha-channel-opacity is-style-wide wide\" \/>\n\n\n\n<h4 class=\"wp-block-heading has-rbc-bright-blue-color has-text-color has-link-color wp-elements-c16a232b0372029a9ddfb33caadeeb9f\" id=\"h-les-details-de-janvier-nbsp\">Les d\u00e9tails de janvier&nbsp;:<\/h4>\n\n\n\n<ul class=\"wp-block-rbc-list is-style-chevron-list mar-l-qtr mob-mar-l-qtr\">\n<li class=\"wp-block-rbc-list-item\">\n<p>La croissance de l\u2019IPC global est pass\u00e9e de 2,4&nbsp;% en d\u00e9cembre \u00e0 2,3&nbsp;% en janvier, principalement en raison de la baisse des prix de l\u2019\u00e9nergie, mais aussi d\u2019un ralentissement relativement g\u00e9n\u00e9ralis\u00e9 des composantes sous-jacentes des prix.<\/p>\n<\/li>\n\n\n\n<li class=\"wp-block-rbc-list-item\">\n<p>Le ralentissement de la croissance des prix sur 12&nbsp;mois s\u2019est produit malgr\u00e9 les distorsions des taxes qui exag\u00e8rent les hausses d\u2019une ann\u00e9e \u00e0 l\u2019autre. Le cong\u00e9 temporaire de TPS\/TVH il y a un an fait en sorte que les prix apr\u00e8s taxes de janvier&nbsp;2026 sont compar\u00e9s aux prix avant taxes enregistr\u00e9s un an plus t\u00f4t.<\/p>\n<\/li>\n\n\n\n<li class=\"wp-block-rbc-list-item\">\n<p>L\u2019\u00e9limination de la taxe carbone pour les consommateurs en avril a l\u2019effet inverse&nbsp;: elle r\u00e9duit la croissance observ\u00e9e des prix des produits \u00e9nerg\u00e9tiques.<\/p>\n<\/li>\n\n\n\n<li class=\"wp-block-rbc-list-item\">\n<p>Hors taxes indirectes, la croissance des prix est pass\u00e9e de 2,5&nbsp;% en d\u00e9cembre \u00e0 2,1&nbsp;% sur 12&nbsp;mois.<\/p>\n<\/li>\n\n\n\n<li class=\"wp-block-rbc-list-item\">\n<p>Les mesures tronqu\u00e9e et m\u00e9diane de l\u2019inflation fondamentale qu\u2019utilise la Banque du Canada visent toutes deux \u00e0 exclure l\u2019incidence des taxes indirectes et ont enregistr\u00e9 un deuxi\u00e8me tr\u00e8s petit gain cons\u00e9cutif d\u2019un mois sur l\u2019autre (d\u00e9saisonnalis\u00e9) de 0,1&nbsp;% en janvier. Les deux mesures sont demeur\u00e9es sup\u00e9rieures \u00e0 la cible d\u2019inflation de 2&nbsp;% de la Banque du Canada, \u00e0 2,4&nbsp;% et \u00e0 2,5&nbsp;%, respectivement, mais se sont \u00e9tablies en moyenne \u00e0 un taux annualis\u00e9 d\u2019\u00e0 peine 1,2&nbsp;% sur les trois derniers mois.<\/p>\n<\/li>\n\n\n\n<li class=\"wp-block-rbc-list-item\">\n<p>Le ralentissement des mesures de l\u2019inflation fondamentale semble \u00eatre en grande partie attribuable \u00e0 la mod\u00e9ration de la croissance des prix des logements. La croissance des loyers a ralenti \u00e0 4,3&nbsp;% et celle des co\u00fbts des int\u00e9r\u00eats hypoth\u00e9caires a encore d\u00e9c\u00e9l\u00e9r\u00e9 (1,2&nbsp;% sur 12&nbsp;mois, contre 1,7&nbsp;% en d\u00e9cembre), car la vague de renouvellements de pr\u00eats hypoth\u00e9caires \u00e0 des taux d\u2019int\u00e9r\u00eat plus \u00e9lev\u00e9s en 2023 et 2024 continue de retomber.<\/p>\n<\/li>\n\n\n\n<li class=\"wp-block-rbc-list-item\">\n<p>L\u2019IPC tronqu\u00e9 des services hors logement (mesure qu\u2019a utilis\u00e9e la BdC dans le pass\u00e9 pour avoir une meilleure id\u00e9e de la croissance des prix sur le march\u00e9 int\u00e9rieur au Canada) a augment\u00e9 de 0,2&nbsp;% sur un mois et de 3,1&nbsp;% sur 12&nbsp;mois (l\u00e9g\u00e8re baisse par rapport \u00e0 3,2&nbsp;% en d\u00e9cembre).&nbsp;<\/p>\n<\/li>\n\n\n\n<li class=\"wp-block-rbc-list-item\">\n<p>La croissance des prix des produits alimentaires demeure tr\u00e8s \u00e9lev\u00e9e \u2013 les distorsions li\u00e9es au cong\u00e9 de TPS\/TVH ont fait grimper le prix des repas au restaurant de 12,2&nbsp;% par rapport \u00e0 l\u2019an dernier. Les prix \u00e0 l\u2019\u00e9picerie ont \u00e9galement continu\u00e9 d\u2019augmenter fortement, mais la croissance sur 12&nbsp;mois est tomb\u00e9e \u00e0 4,8&nbsp;%, apr\u00e8s avoir atteint 5,0&nbsp;% en d\u00e9cembre.<\/p>\n<\/li>\n\n\n\n<li class=\"wp-block-rbc-list-item\">\n<p>Les prix de l\u2019\u00e9nergie ont recul\u00e9 de 10,9&nbsp;% sur 12&nbsp;mois, principalement en raison du plongeon du prix de l\u2019essence, dont environ la moiti\u00e9 est attribuable \u00e0 l\u2019\u00e9limination de la taxe carbone pour les consommateurs en avril&nbsp;2025.<\/p>\n<\/li>\n\n\n\n<li class=\"wp-block-rbc-list-item\">\n<p>N\u00e9anmoins, la part du panier global des consommateurs dont les prix affichent une croissance exceptionnellement \u00e9lev\u00e9e a continu\u00e9 de diminuer \u2013 selon nos calculs, environ 23&nbsp;% du panier de l\u2019IPC a cr\u00fb \u00e0 un taux sup\u00e9rieur \u00e0 5&nbsp;% au cours des trois derniers mois, contre 28&nbsp;% en d\u00e9cembre et 30&nbsp;% en novembre.<\/p>\n<\/li>\n<\/ul>\n\n\n\n<figure data-wp-context=\"{&quot;imageId&quot;:&quot;69f4d51caf6f4&quot;}\" data-wp-interactive=\"core\/image\" data-wp-key=\"69f4d51caf6f4\" class=\"wp-block-image size-full wp-lightbox-container\"><img loading=\"lazy\" decoding=\"async\" width=\"8826\" height=\"10059\" data-wp-class--hide=\"state.isContentHidden\" data-wp-class--show=\"state.isContentVisible\" data-wp-init=\"callbacks.setButtonStyles\" data-wp-on--click=\"actions.showLightbox\" data-wp-on--load=\"callbacks.setButtonStyles\" data-wp-on-window--resize=\"callbacks.setButtonStyles\" src=\"https:\/\/www.rbc.com\/fr\/economique\/wp-content\/uploads\/sites\/24\/2026\/02\/FR-CPI-table-Feb-2026.png?quality=80\" alt=\"\" class=\"wp-image-3770\" srcset=\"https:\/\/www.rbc.com\/fr\/economique\/wp-content\/uploads\/sites\/24\/2026\/02\/FR-CPI-table-Feb-2026.png 8826w, https:\/\/www.rbc.com\/fr\/economique\/wp-content\/uploads\/sites\/24\/2026\/02\/FR-CPI-table-Feb-2026.png?resize=263,300 263w, https:\/\/www.rbc.com\/fr\/economique\/wp-content\/uploads\/sites\/24\/2026\/02\/FR-CPI-table-Feb-2026.png?resize=768,875 768w, https:\/\/www.rbc.com\/fr\/economique\/wp-content\/uploads\/sites\/24\/2026\/02\/FR-CPI-table-Feb-2026.png?resize=898,1024 898w, https:\/\/www.rbc.com\/fr\/economique\/wp-content\/uploads\/sites\/24\/2026\/02\/FR-CPI-table-Feb-2026.png?resize=1348,1536 1348w, https:\/\/www.rbc.com\/fr\/economique\/wp-content\/uploads\/sites\/24\/2026\/02\/FR-CPI-table-Feb-2026.png?resize=1797,2048 1797w\" sizes=\"auto, (max-width: 8826px) 100vw, 8826px\" \/><button\n\t\t\tclass=\"lightbox-trigger\"\n\t\t\ttype=\"button\"\n\t\t\taria-haspopup=\"dialog\"\n\t\t\taria-label=\"Enlarge\"\n\t\t\tdata-wp-init=\"callbacks.initTriggerButton\"\n\t\t\tdata-wp-on--click=\"actions.showLightbox\"\n\t\t\tdata-wp-style--right=\"state.imageButtonRight\"\n\t\t\tdata-wp-style--top=\"state.imageButtonTop\"\n\t\t>\n\t\t\t<svg xmlns=\"http:\/\/www.w3.org\/2000\/svg\" width=\"12\" height=\"12\" fill=\"none\" viewBox=\"0 0 12 12\">\n\t\t\t\t<path fill=\"#fff\" d=\"M2 0a2 2 0 0 0-2 2v2h1.5V2a.5.5 0 0 1 .5-.5h2V0H2Zm2 10.5H2a.5.5 0 0 1-.5-.5V8H0v2a2 2 0 0 0 2 2h2v-1.5ZM8 12v-1.5h2a.5.5 0 0 0 .5-.5V8H12v2a2 2 0 0 1-2 2H8Zm2-12a2 2 0 0 1 2 2v2h-1.5V2a.5.5 0 0 0-.5-.5H8V0h2Z\" \/>\n\t\t\t<\/svg>\n\t\t<\/button><\/figure>\n\n\n\n<hr class=\"wp-block-separator has-alpha-channel-opacity is-style-wide wide\" \/>\n\n\n\n<p class=\"has-text-align-center\"><strong><br>\u00c0 propos de l\u2019auteur<\/strong><\/p>\n\n\n\n<p><em><em><br><\/em><\/em><strong>Nathan Janzen<\/strong><em><em><em>&nbsp;travaille \u00e0 RBC depuis 2008, o\u00f9 il s\u2019occupe principalement de la couverture des perspectives macro\u00e9conomiques du Canada et des \u00c9tats-Unis. Il est titulaire d\u2019une ma\u00eetrise en \u00e9conomie de l\u2019Universit\u00e9 McMaster et d\u2019un baccalaur\u00e9at en \u00e9conomie de l\u2019Universit\u00e9 de Regina.<\/em><\/em><\/em><\/p>\n\n\n\n<hr class=\"wp-block-separator has-alpha-channel-opacity is-style-wide wide\" \/>\n<\/div>\n<\/section>\n","protected":false},"excerpt":{"rendered":"","protected":false},"author":318,"featured_media":1059,"comment_status":"open","ping_status":"open","sticky":false,"template":"","format":"standard","meta":{"_acf_changed":false,"advgb_blocks_editor_width":"","advgb_blocks_columns_visual_guide":"","footnotes":""},"categories":[71,83],"tags":[],"rbc_econ_content_type":[],"class_list":["post-3767","post","type-post","status-publish","format-standard","has-post-thumbnail","hentry","category-analyse-pour-le-canada","category-rapports-de-donnees-provisoires"],"acf":[],"yoast_head":"<!-- This site is optimized with the Yoast SEO Premium plugin v27.4 (Yoast SEO v27.4) - https:\/\/yoast.com\/product\/yoast-seo-premium-wordpress\/ -->\n<title>L\u00e9ger fl\u00e9chissement de la croissance de l\u2019IPC au Canada en janvier - RBC Economique<\/title>\n<meta name=\"robots\" content=\"index, follow, max-snippet:-1, max-image-preview:large, max-video-preview:-1\" \/>\n<link rel=\"canonical\" href=\"https:\/\/www.rbc.com\/fr\/economique\/analyse-pour-le-canada\/rapports-de-donnees-provisoires\/leger-flechissement-de-la-croissance-de-lipc-au-canada-en-janvier\/\" \/>\n<meta property=\"og:locale\" content=\"fr_FR\" \/>\n<meta property=\"og:type\" content=\"article\" \/>\n<meta property=\"og:title\" content=\"L\u00e9ger fl\u00e9chissement de la croissance de l\u2019IPC au Canada en janvier\" \/>\n<meta property=\"og:url\" content=\"https:\/\/www.rbc.com\/fr\/economique\/analyse-pour-le-canada\/rapports-de-donnees-provisoires\/leger-flechissement-de-la-croissance-de-lipc-au-canada-en-janvier\/\" \/>\n<meta property=\"og:site_name\" content=\"RBC Economique\" \/>\n<meta property=\"article:published_time\" content=\"2026-02-17T22:49:10+00:00\" \/>\n<meta property=\"article:modified_time\" content=\"2026-02-17T22:49:12+00:00\" \/>\n<meta property=\"og:image\" content=\"https:\/\/www.rbc.com\/fr\/economique\/wp-content\/uploads\/sites\/24\/\/2025\/05\/Inf-CA-Compressed-4.png?quality=80\" \/>\n\t<meta property=\"og:image:width\" content=\"3067\" \/>\n\t<meta property=\"og:image:height\" content=\"1850\" \/>\n\t<meta property=\"og:image:type\" content=\"image\/png\" \/>\n<meta name=\"author\" content=\"viktoriyapanahova\" \/>\n<meta name=\"twitter:card\" content=\"summary_large_image\" \/>\n<meta name=\"twitter:label1\" content=\"Written by\" \/>\n\t<meta name=\"twitter:data1\" content=\"viktoriyapanahova\" \/>\n\t<meta name=\"twitter:label2\" content=\"Est. reading time\" \/>\n\t<meta name=\"twitter:data2\" content=\"5 minutes\" \/>\n<script type=\"application\/ld+json\" class=\"yoast-schema-graph\">{\"@context\":\"https:\\\/\\\/schema.org\",\"@graph\":[{\"@type\":\"Article\",\"@id\":\"https:\\\/\\\/www.rbc.com\\\/fr\\\/economique\\\/analyse-pour-le-canada\\\/rapports-de-donnees-provisoires\\\/leger-flechissement-de-la-croissance-de-lipc-au-canada-en-janvier\\\/#article\",\"isPartOf\":{\"@id\":\"https:\\\/\\\/www.rbc.com\\\/fr\\\/economique\\\/analyse-pour-le-canada\\\/rapports-de-donnees-provisoires\\\/leger-flechissement-de-la-croissance-de-lipc-au-canada-en-janvier\\\/\"},\"author\":{\"name\":\"viktoriyapanahova\",\"@id\":\"https:\\\/\\\/www.rbc.com\\\/fr\\\/economique\\\/#\\\/schema\\\/person\\\/109dd1bd3c90e818f8159356d46905ea\"},\"headline\":\"L\u00e9ger fl\u00e9chissement de la croissance de l\u2019IPC au Canada en janvier\",\"datePublished\":\"2026-02-17T22:49:10+00:00\",\"dateModified\":\"2026-02-17T22:49:12+00:00\",\"mainEntityOfPage\":{\"@id\":\"https:\\\/\\\/www.rbc.com\\\/fr\\\/economique\\\/analyse-pour-le-canada\\\/rapports-de-donnees-provisoires\\\/leger-flechissement-de-la-croissance-de-lipc-au-canada-en-janvier\\\/\"},\"wordCount\":907,\"commentCount\":0,\"image\":{\"@id\":\"https:\\\/\\\/www.rbc.com\\\/fr\\\/economique\\\/analyse-pour-le-canada\\\/rapports-de-donnees-provisoires\\\/leger-flechissement-de-la-croissance-de-lipc-au-canada-en-janvier\\\/#primaryimage\"},\"thumbnailUrl\":\"https:\\\/\\\/www.rbc.com\\\/fr\\\/economique\\\/wp-content\\\/uploads\\\/sites\\\/24\\\/\\\/2025\\\/05\\\/Inf-CA-Compressed-4.png?quality=80\",\"articleSection\":[\"Analyse pour le Canada\",\"Rapports de donn\u00e9es provisoires\"],\"inLanguage\":\"fr-FR\",\"potentialAction\":[{\"@type\":\"CommentAction\",\"name\":\"Comment\",\"target\":[\"https:\\\/\\\/www.rbc.com\\\/fr\\\/economique\\\/analyse-pour-le-canada\\\/rapports-de-donnees-provisoires\\\/leger-flechissement-de-la-croissance-de-lipc-au-canada-en-janvier\\\/#respond\"]}]},{\"@type\":\"WebPage\",\"@id\":\"https:\\\/\\\/www.rbc.com\\\/fr\\\/economique\\\/analyse-pour-le-canada\\\/rapports-de-donnees-provisoires\\\/leger-flechissement-de-la-croissance-de-lipc-au-canada-en-janvier\\\/\",\"url\":\"https:\\\/\\\/www.rbc.com\\\/fr\\\/economique\\\/analyse-pour-le-canada\\\/rapports-de-donnees-provisoires\\\/leger-flechissement-de-la-croissance-de-lipc-au-canada-en-janvier\\\/\",\"name\":\"L\u00e9ger fl\u00e9chissement de la croissance de l\u2019IPC au Canada en janvier - RBC Economique\",\"isPartOf\":{\"@id\":\"https:\\\/\\\/www.rbc.com\\\/fr\\\/economique\\\/#website\"},\"primaryImageOfPage\":{\"@id\":\"https:\\\/\\\/www.rbc.com\\\/fr\\\/economique\\\/analyse-pour-le-canada\\\/rapports-de-donnees-provisoires\\\/leger-flechissement-de-la-croissance-de-lipc-au-canada-en-janvier\\\/#primaryimage\"},\"image\":{\"@id\":\"https:\\\/\\\/www.rbc.com\\\/fr\\\/economique\\\/analyse-pour-le-canada\\\/rapports-de-donnees-provisoires\\\/leger-flechissement-de-la-croissance-de-lipc-au-canada-en-janvier\\\/#primaryimage\"},\"thumbnailUrl\":\"https:\\\/\\\/www.rbc.com\\\/fr\\\/economique\\\/wp-content\\\/uploads\\\/sites\\\/24\\\/\\\/2025\\\/05\\\/Inf-CA-Compressed-4.png?quality=80\",\"datePublished\":\"2026-02-17T22:49:10+00:00\",\"dateModified\":\"2026-02-17T22:49:12+00:00\",\"author\":{\"@id\":\"https:\\\/\\\/www.rbc.com\\\/fr\\\/economique\\\/#\\\/schema\\\/person\\\/109dd1bd3c90e818f8159356d46905ea\"},\"breadcrumb\":{\"@id\":\"https:\\\/\\\/www.rbc.com\\\/fr\\\/economique\\\/analyse-pour-le-canada\\\/rapports-de-donnees-provisoires\\\/leger-flechissement-de-la-croissance-de-lipc-au-canada-en-janvier\\\/#breadcrumb\"},\"inLanguage\":\"fr-FR\",\"potentialAction\":[{\"@type\":\"ReadAction\",\"target\":[\"https:\\\/\\\/www.rbc.com\\\/fr\\\/economique\\\/analyse-pour-le-canada\\\/rapports-de-donnees-provisoires\\\/leger-flechissement-de-la-croissance-de-lipc-au-canada-en-janvier\\\/\"]}]},{\"@type\":\"ImageObject\",\"inLanguage\":\"fr-FR\",\"@id\":\"https:\\\/\\\/www.rbc.com\\\/fr\\\/economique\\\/analyse-pour-le-canada\\\/rapports-de-donnees-provisoires\\\/leger-flechissement-de-la-croissance-de-lipc-au-canada-en-janvier\\\/#primaryimage\",\"url\":\"https:\\\/\\\/www.rbc.com\\\/fr\\\/economique\\\/wp-content\\\/uploads\\\/sites\\\/24\\\/\\\/2025\\\/05\\\/Inf-CA-Compressed-4.png?quality=80\",\"contentUrl\":\"https:\\\/\\\/www.rbc.com\\\/fr\\\/economique\\\/wp-content\\\/uploads\\\/sites\\\/24\\\/\\\/2025\\\/05\\\/Inf-CA-Compressed-4.png?quality=80\",\"width\":3067,\"height\":1850},{\"@type\":\"BreadcrumbList\",\"@id\":\"https:\\\/\\\/www.rbc.com\\\/fr\\\/economique\\\/analyse-pour-le-canada\\\/rapports-de-donnees-provisoires\\\/leger-flechissement-de-la-croissance-de-lipc-au-canada-en-janvier\\\/#breadcrumb\",\"itemListElement\":[{\"@type\":\"ListItem\",\"position\":1,\"name\":\"Home\",\"item\":\"https:\\\/\\\/www.rbc.com\\\/fr\\\/economique\\\/\"},{\"@type\":\"ListItem\",\"position\":2,\"name\":\"L\u00e9ger fl\u00e9chissement de la croissance de l\u2019IPC au Canada en janvier\"}]},{\"@type\":\"WebSite\",\"@id\":\"https:\\\/\\\/www.rbc.com\\\/fr\\\/economique\\\/#website\",\"url\":\"https:\\\/\\\/www.rbc.com\\\/fr\\\/economique\\\/\",\"name\":\"RBC Economique\",\"description\":\"\",\"potentialAction\":[{\"@type\":\"SearchAction\",\"target\":{\"@type\":\"EntryPoint\",\"urlTemplate\":\"https:\\\/\\\/www.rbc.com\\\/fr\\\/economique\\\/?s={search_term_string}\"},\"query-input\":{\"@type\":\"PropertyValueSpecification\",\"valueRequired\":true,\"valueName\":\"search_term_string\"}}],\"inLanguage\":\"fr-FR\"},{\"@type\":\"Person\",\"@id\":\"https:\\\/\\\/www.rbc.com\\\/fr\\\/economique\\\/#\\\/schema\\\/person\\\/109dd1bd3c90e818f8159356d46905ea\",\"name\":\"viktoriyapanahova\",\"image\":{\"@type\":\"ImageObject\",\"inLanguage\":\"fr-FR\",\"@id\":\"https:\\\/\\\/secure.gravatar.com\\\/avatar\\\/885bcff339d33080f070ec9cbe77fcf3007653305ae17de7827e19af43e61913?s=96&d=mm&r=g\",\"url\":\"https:\\\/\\\/secure.gravatar.com\\\/avatar\\\/885bcff339d33080f070ec9cbe77fcf3007653305ae17de7827e19af43e61913?s=96&d=mm&r=g\",\"contentUrl\":\"https:\\\/\\\/secure.gravatar.com\\\/avatar\\\/885bcff339d33080f070ec9cbe77fcf3007653305ae17de7827e19af43e61913?s=96&d=mm&r=g\",\"caption\":\"viktoriyapanahova\"},\"url\":\"https:\\\/\\\/www.rbc.com\\\/fr\\\/economique\\\/author\\\/viktoriyapanahova\\\/\"}]}<\/script>\n<!-- \/ Yoast SEO Premium plugin. -->","yoast_head_json":{"title":"L\u00e9ger fl\u00e9chissement de la croissance de l\u2019IPC au Canada en janvier - RBC Economique","robots":{"index":"index","follow":"follow","max-snippet":"max-snippet:-1","max-image-preview":"max-image-preview:large","max-video-preview":"max-video-preview:-1"},"canonical":"https:\/\/www.rbc.com\/fr\/economique\/analyse-pour-le-canada\/rapports-de-donnees-provisoires\/leger-flechissement-de-la-croissance-de-lipc-au-canada-en-janvier\/","og_locale":"fr_FR","og_type":"article","og_title":"L\u00e9ger fl\u00e9chissement de la croissance de l\u2019IPC au Canada en janvier","og_url":"https:\/\/www.rbc.com\/fr\/economique\/analyse-pour-le-canada\/rapports-de-donnees-provisoires\/leger-flechissement-de-la-croissance-de-lipc-au-canada-en-janvier\/","og_site_name":"RBC Economique","article_published_time":"2026-02-17T22:49:10+00:00","article_modified_time":"2026-02-17T22:49:12+00:00","og_image":[{"width":3067,"height":1850,"url":"https:\/\/www.rbc.com\/fr\/economique\/wp-content\/uploads\/sites\/24\/\/2025\/05\/Inf-CA-Compressed-4.png?quality=80","type":"image\/png"}],"author":"viktoriyapanahova","twitter_card":"summary_large_image","twitter_misc":{"Written by":"viktoriyapanahova","Est. reading time":"5 minutes"},"schema":{"@context":"https:\/\/schema.org","@graph":[{"@type":"Article","@id":"https:\/\/www.rbc.com\/fr\/economique\/analyse-pour-le-canada\/rapports-de-donnees-provisoires\/leger-flechissement-de-la-croissance-de-lipc-au-canada-en-janvier\/#article","isPartOf":{"@id":"https:\/\/www.rbc.com\/fr\/economique\/analyse-pour-le-canada\/rapports-de-donnees-provisoires\/leger-flechissement-de-la-croissance-de-lipc-au-canada-en-janvier\/"},"author":{"name":"viktoriyapanahova","@id":"https:\/\/www.rbc.com\/fr\/economique\/#\/schema\/person\/109dd1bd3c90e818f8159356d46905ea"},"headline":"L\u00e9ger fl\u00e9chissement de la croissance de l\u2019IPC au Canada en janvier","datePublished":"2026-02-17T22:49:10+00:00","dateModified":"2026-02-17T22:49:12+00:00","mainEntityOfPage":{"@id":"https:\/\/www.rbc.com\/fr\/economique\/analyse-pour-le-canada\/rapports-de-donnees-provisoires\/leger-flechissement-de-la-croissance-de-lipc-au-canada-en-janvier\/"},"wordCount":907,"commentCount":0,"image":{"@id":"https:\/\/www.rbc.com\/fr\/economique\/analyse-pour-le-canada\/rapports-de-donnees-provisoires\/leger-flechissement-de-la-croissance-de-lipc-au-canada-en-janvier\/#primaryimage"},"thumbnailUrl":"https:\/\/www.rbc.com\/fr\/economique\/wp-content\/uploads\/sites\/24\/\/2025\/05\/Inf-CA-Compressed-4.png?quality=80","articleSection":["Analyse pour le Canada","Rapports de donn\u00e9es provisoires"],"inLanguage":"fr-FR","potentialAction":[{"@type":"CommentAction","name":"Comment","target":["https:\/\/www.rbc.com\/fr\/economique\/analyse-pour-le-canada\/rapports-de-donnees-provisoires\/leger-flechissement-de-la-croissance-de-lipc-au-canada-en-janvier\/#respond"]}]},{"@type":"WebPage","@id":"https:\/\/www.rbc.com\/fr\/economique\/analyse-pour-le-canada\/rapports-de-donnees-provisoires\/leger-flechissement-de-la-croissance-de-lipc-au-canada-en-janvier\/","url":"https:\/\/www.rbc.com\/fr\/economique\/analyse-pour-le-canada\/rapports-de-donnees-provisoires\/leger-flechissement-de-la-croissance-de-lipc-au-canada-en-janvier\/","name":"L\u00e9ger fl\u00e9chissement de la croissance de l\u2019IPC au Canada en janvier - RBC Economique","isPartOf":{"@id":"https:\/\/www.rbc.com\/fr\/economique\/#website"},"primaryImageOfPage":{"@id":"https:\/\/www.rbc.com\/fr\/economique\/analyse-pour-le-canada\/rapports-de-donnees-provisoires\/leger-flechissement-de-la-croissance-de-lipc-au-canada-en-janvier\/#primaryimage"},"image":{"@id":"https:\/\/www.rbc.com\/fr\/economique\/analyse-pour-le-canada\/rapports-de-donnees-provisoires\/leger-flechissement-de-la-croissance-de-lipc-au-canada-en-janvier\/#primaryimage"},"thumbnailUrl":"https:\/\/www.rbc.com\/fr\/economique\/wp-content\/uploads\/sites\/24\/\/2025\/05\/Inf-CA-Compressed-4.png?quality=80","datePublished":"2026-02-17T22:49:10+00:00","dateModified":"2026-02-17T22:49:12+00:00","author":{"@id":"https:\/\/www.rbc.com\/fr\/economique\/#\/schema\/person\/109dd1bd3c90e818f8159356d46905ea"},"breadcrumb":{"@id":"https:\/\/www.rbc.com\/fr\/economique\/analyse-pour-le-canada\/rapports-de-donnees-provisoires\/leger-flechissement-de-la-croissance-de-lipc-au-canada-en-janvier\/#breadcrumb"},"inLanguage":"fr-FR","potentialAction":[{"@type":"ReadAction","target":["https:\/\/www.rbc.com\/fr\/economique\/analyse-pour-le-canada\/rapports-de-donnees-provisoires\/leger-flechissement-de-la-croissance-de-lipc-au-canada-en-janvier\/"]}]},{"@type":"ImageObject","inLanguage":"fr-FR","@id":"https:\/\/www.rbc.com\/fr\/economique\/analyse-pour-le-canada\/rapports-de-donnees-provisoires\/leger-flechissement-de-la-croissance-de-lipc-au-canada-en-janvier\/#primaryimage","url":"https:\/\/www.rbc.com\/fr\/economique\/wp-content\/uploads\/sites\/24\/\/2025\/05\/Inf-CA-Compressed-4.png?quality=80","contentUrl":"https:\/\/www.rbc.com\/fr\/economique\/wp-content\/uploads\/sites\/24\/\/2025\/05\/Inf-CA-Compressed-4.png?quality=80","width":3067,"height":1850},{"@type":"BreadcrumbList","@id":"https:\/\/www.rbc.com\/fr\/economique\/analyse-pour-le-canada\/rapports-de-donnees-provisoires\/leger-flechissement-de-la-croissance-de-lipc-au-canada-en-janvier\/#breadcrumb","itemListElement":[{"@type":"ListItem","position":1,"name":"Home","item":"https:\/\/www.rbc.com\/fr\/economique\/"},{"@type":"ListItem","position":2,"name":"L\u00e9ger fl\u00e9chissement de la croissance de l\u2019IPC au Canada en janvier"}]},{"@type":"WebSite","@id":"https:\/\/www.rbc.com\/fr\/economique\/#website","url":"https:\/\/www.rbc.com\/fr\/economique\/","name":"RBC Economique","description":"","potentialAction":[{"@type":"SearchAction","target":{"@type":"EntryPoint","urlTemplate":"https:\/\/www.rbc.com\/fr\/economique\/?s={search_term_string}"},"query-input":{"@type":"PropertyValueSpecification","valueRequired":true,"valueName":"search_term_string"}}],"inLanguage":"fr-FR"},{"@type":"Person","@id":"https:\/\/www.rbc.com\/fr\/economique\/#\/schema\/person\/109dd1bd3c90e818f8159356d46905ea","name":"viktoriyapanahova","image":{"@type":"ImageObject","inLanguage":"fr-FR","@id":"https:\/\/secure.gravatar.com\/avatar\/885bcff339d33080f070ec9cbe77fcf3007653305ae17de7827e19af43e61913?s=96&d=mm&r=g","url":"https:\/\/secure.gravatar.com\/avatar\/885bcff339d33080f070ec9cbe77fcf3007653305ae17de7827e19af43e61913?s=96&d=mm&r=g","contentUrl":"https:\/\/secure.gravatar.com\/avatar\/885bcff339d33080f070ec9cbe77fcf3007653305ae17de7827e19af43e61913?s=96&d=mm&r=g","caption":"viktoriyapanahova"},"url":"https:\/\/www.rbc.com\/fr\/economique\/author\/viktoriyapanahova\/"}]}},"author_meta":{"display_name":"viktoriyapanahova","author_link":"https:\/\/www.rbc.com\/fr\/economique\/author\/viktoriyapanahova\/"},"featured_img":"https:\/\/www.rbc.com\/fr\/economique\/wp-content\/uploads\/sites\/24\/\/2025\/05\/Inf-CA-Compressed-4.png?quality=80&w=300","jetpack_featured_media_url":"https:\/\/www.rbc.com\/fr\/economique\/wp-content\/uploads\/sites\/24\/\/2025\/05\/Inf-CA-Compressed-4.png?quality=80","coauthors":[],"tax_additional":{"categories":{"linked":["<a href=\"https:\/\/www.rbc.com\/fr\/economique\/category\/analyse-pour-le-canada\/\" class=\"advgb-post-tax-term\">Analyse pour le Canada<\/a>","<a href=\"https:\/\/www.rbc.com\/fr\/economique\/category\/analyse-pour-le-canada\/rapports-de-donnees-provisoires\/\" class=\"advgb-post-tax-term\">Rapports de donn\u00e9es provisoires<\/a>"],"unlinked":["<span class=\"advgb-post-tax-term\">Analyse pour le Canada<\/span>","<span class=\"advgb-post-tax-term\">Rapports de donn\u00e9es provisoires<\/span>"]}},"comment_count":"0","relative_dates":{"created":"Publi\u00e9 2 mois il y a","modified":"Mis \u00e0 jour 2 mois il y a"},"absolute_dates":{"created":"Publi\u00e9 le 17 f\u00e9vrier 2026","modified":"Mise \u00e0 jour le 17 f\u00e9vrier 2026"},"absolute_dates_time":{"created":"Publi\u00e9 le 17 f\u00e9vrier 2026 10:49  ","modified":"Mise \u00e0 jour le 17 f\u00e9vrier 2026 10:49  "},"featured_img_caption":"","series_order":"","_links":{"self":[{"href":"https:\/\/www.rbc.com\/fr\/economique\/wp-json\/wp\/v2\/posts\/3767","targetHints":{"allow":["GET"]}}],"collection":[{"href":"https:\/\/www.rbc.com\/fr\/economique\/wp-json\/wp\/v2\/posts"}],"about":[{"href":"https:\/\/www.rbc.com\/fr\/economique\/wp-json\/wp\/v2\/types\/post"}],"author":[{"embeddable":true,"href":"https:\/\/www.rbc.com\/fr\/economique\/wp-json\/wp\/v2\/users\/318"}],"replies":[{"embeddable":true,"href":"https:\/\/www.rbc.com\/fr\/economique\/wp-json\/wp\/v2\/comments?post=3767"}],"version-history":[{"count":3,"href":"https:\/\/www.rbc.com\/fr\/economique\/wp-json\/wp\/v2\/posts\/3767\/revisions"}],"predecessor-version":[{"id":3771,"href":"https:\/\/www.rbc.com\/fr\/economique\/wp-json\/wp\/v2\/posts\/3767\/revisions\/3771"}],"wp:featuredmedia":[{"embeddable":true,"href":"https:\/\/www.rbc.com\/fr\/economique\/wp-json\/wp\/v2\/media\/1059"}],"wp:attachment":[{"href":"https:\/\/www.rbc.com\/fr\/economique\/wp-json\/wp\/v2\/media?parent=3767"}],"wp:term":[{"taxonomy":"category","embeddable":true,"href":"https:\/\/www.rbc.com\/fr\/economique\/wp-json\/wp\/v2\/categories?post=3767"},{"taxonomy":"post_tag","embeddable":true,"href":"https:\/\/www.rbc.com\/fr\/economique\/wp-json\/wp\/v2\/tags?post=3767"},{"taxonomy":"rbc_econ_content_type","embeddable":true,"href":"https:\/\/www.rbc.com\/fr\/economique\/wp-json\/wp\/v2\/rbc_econ_content_type?post=3767"}],"curies":[{"name":"wp","href":"https:\/\/api.w.org\/{rel}","templated":true}]}}