{"id":372,"date":"2022-08-03T04:00:00","date_gmt":"2022-08-03T04:00:00","guid":{"rendered":"https:\/\/www.rbc.com\/fr\/economique\/2022\/08\/03\/preuve-la-relocalisation-na-pas-stimule-une-renaissance-du-secteur-manufacturier-canadien\/"},"modified":"2025-03-26T04:54:22","modified_gmt":"2025-03-26T04:54:22","slug":"preuve-la-relocalisation-na-pas-stimule-une-renaissance-du-secteur-manufacturier-canadien","status":"publish","type":"post","link":"https:\/\/www.rbc.com\/fr\/economique\/analyse-pour-le-canada\/analyse-en-vedette\/perspectives\/preuve-la-relocalisation-na-pas-stimule-une-renaissance-du-secteur-manufacturier-canadien\/","title":{"rendered":"Preuve : La relocalisation n&rsquo;a pas stimul\u00e9 une renaissance du secteur manufacturier canadien"},"content":{"rendered":"<ul class=\"disc pad-l\">\n<li>Bien que les perturbations pand\u00e9miques aient suscit\u00e9 de nombreuses demandes de relocalisation, peu de signes indiquent que les cha\u00eenes logistiques retournent au Canada.<\/li>\n<li>L\u2019ann\u00e9e derni\u00e8re, la construction d\u2019usines au Canada est tomb\u00e9e \u00e0 son plus bas niveau depuis dix ans, et l\u2019emploi dans le secteur manufacturier est plut\u00f4t stable dans un contexte de p\u00e9nurie de main-d\u2019\u0153uvre.<\/li>\n<li>La production int\u00e9rieure ne l\u2019emporte sur les importations que dans des secteurs toujours producteurs. <\/li>\n<li>Cependant, les fabricants canadiens prennent d\u2019autres mesures pour renforcer la r\u00e9silience des cha\u00eenes logistiques : diversification des fournisseurs et augmentation des stocks.<\/li>\n<li><b>Conclusion :<\/b> Alors que le gouvernement cible la production int\u00e9rieure dans certains secteurs, il n\u2019y a gu\u00e8re de preuves que la grande relocalisation permette de favoriser la renaissance du secteur manufacturier canadien. <\/li>\n<\/ul>\n<hr>\n<h4>La pand\u00e9mie a men\u00e9 \u00e0 des appels au Canada \u00e0 rapatrier la production<\/h4>\n<p>La COVID-19 a boulevers\u00e9 les cha\u00eenes logistiques mondiales, poussant les fabricants \u00e0 se tourner vers la production d\u2019\u00e9quipements m\u00e9dicaux et les gouvernements \u00e0 explorer les march\u00e9s mondiaux \u00e0 la recherche de vaccins, d\u2019\u00e9quipement de protection individuelle et d\u2019autres produits vitaux impossibles \u00e0 fabriquer dans le pays. Parall\u00e8lement, ces manques d\u00e9voilaient la faiblesse de la capacit\u00e9 de fabrication sur le territoire pour des biens essentiels ; les fermetures d\u2019usines, les p\u00e9nuries d\u2019intrants et les goulets d\u2019\u00e9tranglement logistiques r\u00e9v\u00e9laient la fragilit\u00e9 des r\u00e9seaux de production mondiaux. Ces facteurs ont provoqu\u00e9 un enthousiasme pour la \u00ab relocalisation \u00bb, \u00e0 savoir la fin de l\u2019externalisation depuis des d\u00e9cennies, en vue de revitaliser la production int\u00e9rieure et de prot\u00e9ger les \u00e9conomies des chocs futurs.<\/p>\n<p>Comme nous l\u2019avons mentionn\u00e9 l\u2019ann\u00e9e derni\u00e8re dans notre rapport <a href=\"https:\/\/leadershipavise.rbc.com\/interversion-la-place-du-canada-dans-une-economie-mondiale-en-plein-changement\/\">Interversion<\/a>, les gouvernements s\u2019engagent \u00e0 appliquer des politiques industrielles activistes pour cr\u00e9er de <em>nouvelles<\/em> cha\u00eenes logistiques nationales et r\u00e9gionales pour limiter la d\u00e9pendance \u00e0 l\u2019\u00e9gard des rivaux. Cependant, il faut \u00e9galement rapatrier la production et r\u00e9soudre les probl\u00e8mes des cha\u00eenes logistiques. Et apr\u00e8s plus de deux ans, la pand\u00e9mie touche \u00e0 sa fin. <\/p>\n<p>Les politiques industrielles du Canada comprennent l\u2019appui du gouvernement \u00e0 la production int\u00e9rieure de vaccins et au r\u00e9outillage des installations d\u2019automobiles existantes pour fabriquer des v\u00e9hicules \u00e9lectriques. Pourtant, \u00e0 part ces mesures, il est difficile de pr\u00e9voir un grand redressement du secteur manufacturier. <\/p>\n<p>L\u2019emploi dans ce secteur n\u2019est pas exactement en plein essor. En fait, il n\u2019a gu\u00e8re chang\u00e9 par rapport \u00e0 son niveau d\u2019avant la pand\u00e9mie, ni \u00e0 la moyenne de la derni\u00e8re d\u00e9cennie. La demande r\u00e9elle de main-d\u2019\u0153uvre semble s\u2019\u00eatre raffermie avec un nombre record de 90\u2009000 postes vacants dans le secteur manufacturier. On peut donc se demander : comment les entreprises canadiennes peuvent-elles rapatrier la production si elles ne peuvent pas pourvoir ces postes ? Les p\u00e9nuries de main-d\u2019\u0153uvre semblent \u00eatre un obstacle majeur \u00e0 la relocalisation. <\/p>\n<p>L\u2019automatisation pourrait \u00eatre la solution, bien que le Canada <a href=\"https:\/\/www.rbc.com\/fr\/economique\/wp-content\/uploads\/sites\/4\/2024\/11\/Executive_Summary_WR_Industrial_Robots_2021.pdf\">tarde<\/a> \u00e0 installer des robots industriels. Les intentions d\u2019investissement des fabricants dans la machinerie et l\u2019outillage ont augment\u00e9 en 2022, mais les fonds consacr\u00e9s \u00e0 la construction d\u2019usines sont tomb\u00e9s l\u2019an dernier \u00e0 leur plus bas niveau depuis dix ans, en raison de l\u2019inflation. <\/p>\n<p><img loading=\"lazy\" decoding=\"async\" src=\"https:\/\/www.rbc.com\/fr\/economique\/wp-content\/uploads\/sites\/24\/2025\/03\/proof-point-issue-9-Chart-1-1200-FR.png\" alt=\"\" width=\"1200\" height=\"787\" class=\"alignnone size-full wp-image-38063\" \/><\/p>\n<h4>Mais peu de signes montrent que la production revient au Canada<\/h4>\n<p>On a observ\u00e9 une augmentation du nombre de produits fabriqu\u00e9s au pays par rapport aux produits import\u00e9s en 2021 et au d\u00e9but de 2022, ce qui prouve peut-\u00eatre que la production int\u00e9rieure l\u2019emporte sur la production \u00e9trang\u00e8re. Pourtant, si l\u2019on examine les d\u00e9tails, les seuls secteurs o\u00f9 la production int\u00e9rieure a connu une progression notable sont ceux o\u00f9 le Canada dominait d\u00e9j\u00e0, qui produisaient beaucoup plus que les importations. <\/p>\n<p>C\u2019est dans des secteurs comme la fabrication de produits du bois, de produits du p\u00e9trole et du charbon, ainsi que la transformation des aliments, que la production s\u2019est le plus accrue. Aucun d\u2019entre eux n\u2019est, au d\u00e9part, fortement d\u00e9pendant des importations. Les secteurs o\u00f9 dominent les produits \u00e9trangers, comme la fabrication d\u2019ordinateurs et de mat\u00e9riels \u00e9lectroniques et \u00e9lectriques, n\u2019ont pas enregistr\u00e9 de mont\u00e9e de la production par rapport aux importations. <\/p>\n<p>Si la relocalisation consiste \u00e0 rapatrier la production, et non pas \u00e0 tirer profit de l\u2019avantage comparatif du pays et \u00e0 augmenter la production existante, elle n\u2019apporte pas de contribution significative.<\/p>\n<p><img loading=\"lazy\" decoding=\"async\" src=\"https:\/\/www.rbc.com\/fr\/economique\/wp-content\/uploads\/sites\/24\/2025\/03\/proof-point-issue-9-Chart-2-1200-FR.png\" alt=\"\" width=\"1200\" height=\"707\" class=\"alignnone size-full wp-image-38061\" \/><\/p>\n<h4>Les cha\u00eenes logistiques canadiennes sont plus longues et plus mondiales que jamais<\/h4>\n<p>Cela ne devrait peut-\u00eatre pas \u00eatre surprenant. Apr\u00e8s tout, lorsque l\u2019on a demand\u00e9 aux fabricants confront\u00e9s \u00e0 des difficult\u00e9s li\u00e9es aux cha\u00eenes logistiques comment ils pr\u00e9voyaient r\u00e9agir, la relocalisation au Canada des activit\u00e9s de cha\u00eenes logistiques \u00e9tait leur dernier choix. En fait, un peu plus d\u2019entre eux ont r\u00e9pondu vouloir relocaliser des unit\u00e9s de cha\u00eenes logistiques \u00e0 l\u2019ext\u00e9rieur du Canada. Les entreprises comptent collaborer avec les fournisseurs pour am\u00e9liorer les d\u00e9lais de livraison, s\u2019associer \u00e0 de nouveaux fournisseurs ou recourir \u00e0 des solutions de rechange au lieu de relocaliser. Effectivement, le Canada a continu\u00e9 de diversifier ses importations en 2021, r\u00e9duisant ainsi sa d\u00e9pendance \u00e0 l\u2019\u00e9gard d\u2019un seul partenaire commercial.<\/p>\n<p>Si les entreprises ne r\u00e9installent pas les activit\u00e9s de cha\u00eenes logistiques au Canada, relocalisent-elles au moins ces activit\u00e9s \u00e0 proximit\u00e9 du pays ? Cela ne semble pas \u00eatre le cas. En fait, les importations du Canada proviennent de plus loin que jamais auparavant (selon la distance g\u00e9od\u00e9sique entre le Canada et ses partenaires commerciaux). Au cours de la pand\u00e9mie, plusieurs pays asiatiques, notamment la Chine, ont augment\u00e9 leur part du march\u00e9 d\u2019importation canadien au d\u00e9triment de pays comme les \u00c9tats-Unis, le Mexique et des pays de l\u2019UE.<\/p>\n<p>Enfin, il importe de noter que la relocalisation apporterait un \u00e9change collaboratif : l\u2019emploi et l\u2019investissement canadiens risqueraient d\u2019\u00eatre touch\u00e9s par les tentatives d\u2019autres pays de rapatrier la production. Le secteur manufacturier canadien repose sur les capitaux \u00e9trangers : l\u2019investissement direct \u00e0 l\u2019\u00e9tranger dans ce secteur est 1,7 fois plus \u00e9lev\u00e9 que l\u2019investissement direct canadien \u00e0 l\u2019\u00e9tranger. Plus d\u2019un employ\u00e9 sur trois dans ce secteur travaille pour une multinationale \u00e9trang\u00e8re, soit pr\u00e8s de trois fois plus que dans l\u2019ensemble de l\u2019\u00e9conomie canadienne. Et par rapport \u00e0 chaque travailleur international employ\u00e9 par un fabricant canadien \u00e0 l\u2019\u00e9tranger, 1,2 Canadien travaille au pays pour une multinationale \u00e9trang\u00e8re. <\/p>\n<p>Ainsi, une grande relocalisation ne profiterait pas forc\u00e9ment au secteur manufacturier canadien. Au contraire, le secteur pourrait b\u00e9n\u00e9ficier davantage des mesures visant \u00e0 am\u00e9liorer la r\u00e9silience des cha\u00eenes logistiques, lesquelles semblent d\u00e9j\u00e0 en cours. Bien que les politiques gouvernementales puissent soutenir la production int\u00e9rieure dans quelques secteurs strat\u00e9giques, peu d\u2019entreprises semblent consid\u00e9rer la relocalisation comme la meilleure solution aux probl\u00e8mes de cha\u00eene logistique.<\/p>\n<p><img loading=\"lazy\" decoding=\"async\" src=\"https:\/\/www.rbc.com\/fr\/economique\/wp-content\/uploads\/sites\/24\/2025\/03\/proof-point-issue-9-Chart-3-1200-FR-1.png\" alt=\"\" width=\"1200\" height=\"707\" class=\"alignnone size-full wp-image-38068\" \/><\/p>\n<p>\u00a0<\/p>\n<hr>\n<p><em><b>Josh Nye<\/b> s\u2019est joint aux Services \u00e9conomiques RBC en 2012, \u00e0 titre d\u2019\u00e9conomiste. Il est titulaire d\u2019un baccalaur\u00e9at \u00e8s arts (avec distinction) en \u00e9conomie de l\u2019Universit\u00e9 Western Ontario et d\u2019une ma\u00eetrise en \u00e9conomie de la London School of Economics.<\/em><\/p>\n<hr>\n","protected":false},"excerpt":{"rendered":"<p>Bien que les perturbations pand\u00e9miques aient suscit\u00e9 de nombreuses demandes de relocalisation, peu de signes indiquent que les cha\u00eenes logistiques retournent au Canada.<\/p>\n","protected":false},"author":268,"featured_media":363,"comment_status":"open","ping_status":"open","sticky":false,"template":"","format":"standard","meta":{"_acf_changed":false,"advgb_blocks_editor_width":"","advgb_blocks_columns_visual_guide":"","footnotes":""},"categories":[77,71,79],"tags":[14],"rbc_econ_content_type":[],"class_list":["post-372","post","type-post","status-publish","format-standard","has-post-thumbnail","hentry","category-analyse-en-vedette","category-analyse-pour-le-canada","category-perspectives","tag-economie"],"acf":[],"yoast_head":"<!-- This site is optimized with the Yoast SEO Premium plugin v27.2 (Yoast SEO v27.2) - https:\/\/yoast.com\/product\/yoast-seo-premium-wordpress\/ -->\n<title>Preuve : La relocalisation n&#039;a pas stimul\u00e9 une renaissance du secteur manufacturier canadien - RBC Economique<\/title>\n<meta name=\"description\" content=\"Bien que les perturbations pand\u00e9miques aient suscit\u00e9 de nombreuses demandes de relocalisation, peu de signes indiquent que les cha\u00eenes logistiques retournent au Canada.\" \/>\n<meta name=\"robots\" content=\"index, follow, max-snippet:-1, max-image-preview:large, max-video-preview:-1\" \/>\n<link rel=\"canonical\" href=\"https:\/\/www.rbc.com\/fr\/economique\/analyse-pour-le-canada\/analyse-en-vedette\/perspectives\/preuve-la-relocalisation-na-pas-stimule-une-renaissance-du-secteur-manufacturier-canadien\/\" \/>\n<meta property=\"og:locale\" content=\"fr_FR\" \/>\n<meta property=\"og:type\" content=\"article\" \/>\n<meta property=\"og:title\" content=\"Preuve : La relocalisation n&#039;a pas stimul\u00e9 une renaissance du secteur manufacturier canadien\" \/>\n<meta property=\"og:description\" content=\"Bien que les perturbations pand\u00e9miques aient suscit\u00e9 de nombreuses demandes de relocalisation, peu de signes indiquent que les cha\u00eenes logistiques retournent au Canada.\" \/>\n<meta property=\"og:url\" content=\"https:\/\/www.rbc.com\/fr\/economique\/analyse-pour-le-canada\/analyse-en-vedette\/perspectives\/preuve-la-relocalisation-na-pas-stimule-une-renaissance-du-secteur-manufacturier-canadien\/\" \/>\n<meta property=\"og:site_name\" content=\"RBC Economique\" \/>\n<meta property=\"article:published_time\" content=\"2022-08-03T04:00:00+00:00\" \/>\n<meta property=\"article:modified_time\" content=\"2025-03-26T04:54:22+00:00\" \/>\n<meta property=\"og:image\" content=\"https:\/\/www.rbc.com\/fr\/economique\/wp-content\/uploads\/sites\/24\/\/2025\/03\/Proof-Point_Banner-wide-1.png?quality=80\" \/>\n\t<meta property=\"og:image:width\" content=\"7251\" \/>\n\t<meta property=\"og:image:height\" content=\"3501\" \/>\n\t<meta property=\"og:image:type\" content=\"image\/png\" \/>\n<meta name=\"author\" content=\"Josh Nye\" \/>\n<meta name=\"twitter:card\" content=\"summary_large_image\" \/>\n<meta name=\"twitter:label1\" content=\"Written by\" \/>\n\t<meta name=\"twitter:data1\" content=\"Josh Nye\" \/>\n\t<meta name=\"twitter:label2\" content=\"Est. reading time\" \/>\n\t<meta name=\"twitter:data2\" content=\"6 minutes\" \/>\n<script type=\"application\/ld+json\" class=\"yoast-schema-graph\">{\"@context\":\"https:\/\/schema.org\",\"@graph\":[{\"@type\":\"Article\",\"@id\":\"https:\/\/www.rbc.com\/fr\/economique\/analyse-pour-le-canada\/analyse-en-vedette\/perspectives\/preuve-la-relocalisation-na-pas-stimule-une-renaissance-du-secteur-manufacturier-canadien\/#article\",\"isPartOf\":{\"@id\":\"https:\/\/www.rbc.com\/fr\/economique\/analyse-pour-le-canada\/analyse-en-vedette\/perspectives\/preuve-la-relocalisation-na-pas-stimule-une-renaissance-du-secteur-manufacturier-canadien\/\"},\"author\":{\"name\":\"Josh Nye\",\"@id\":\"https:\/\/www.rbc.com\/fr\/economique\/#\/schema\/person\/d44e5d2581cf957836ba7d1ef4af6528\"},\"headline\":\"Preuve : La relocalisation n&rsquo;a pas stimul\u00e9 une renaissance du secteur manufacturier canadien\",\"datePublished\":\"2022-08-03T04:00:00+00:00\",\"dateModified\":\"2025-03-26T04:54:22+00:00\",\"mainEntityOfPage\":{\"@id\":\"https:\/\/www.rbc.com\/fr\/economique\/analyse-pour-le-canada\/analyse-en-vedette\/perspectives\/preuve-la-relocalisation-na-pas-stimule-une-renaissance-du-secteur-manufacturier-canadien\/\"},\"wordCount\":1235,\"commentCount\":0,\"image\":{\"@id\":\"https:\/\/www.rbc.com\/fr\/economique\/analyse-pour-le-canada\/analyse-en-vedette\/perspectives\/preuve-la-relocalisation-na-pas-stimule-une-renaissance-du-secteur-manufacturier-canadien\/#primaryimage\"},\"thumbnailUrl\":\"https:\/\/www.rbc.com\/fr\/economique\/wp-content\/uploads\/sites\/24\/\/2025\/03\/Proof-Point_Banner-wide-1.png?quality=80\",\"keywords\":[\"\u00c9conomie\"],\"articleSection\":[\"Analyse en vedette\",\"Analyse pour le Canada\",\"Perspectives\"],\"inLanguage\":\"fr-FR\",\"potentialAction\":[{\"@type\":\"CommentAction\",\"name\":\"Comment\",\"target\":[\"https:\/\/www.rbc.com\/fr\/economique\/analyse-pour-le-canada\/analyse-en-vedette\/perspectives\/preuve-la-relocalisation-na-pas-stimule-une-renaissance-du-secteur-manufacturier-canadien\/#respond\"]}]},{\"@type\":\"WebPage\",\"@id\":\"https:\/\/www.rbc.com\/fr\/economique\/analyse-pour-le-canada\/analyse-en-vedette\/perspectives\/preuve-la-relocalisation-na-pas-stimule-une-renaissance-du-secteur-manufacturier-canadien\/\",\"url\":\"https:\/\/www.rbc.com\/fr\/economique\/analyse-pour-le-canada\/analyse-en-vedette\/perspectives\/preuve-la-relocalisation-na-pas-stimule-une-renaissance-du-secteur-manufacturier-canadien\/\",\"name\":\"Preuve : La relocalisation n'a pas stimul\u00e9 une renaissance du secteur manufacturier canadien - RBC Economique\",\"isPartOf\":{\"@id\":\"https:\/\/www.rbc.com\/fr\/economique\/#website\"},\"primaryImageOfPage\":{\"@id\":\"https:\/\/www.rbc.com\/fr\/economique\/analyse-pour-le-canada\/analyse-en-vedette\/perspectives\/preuve-la-relocalisation-na-pas-stimule-une-renaissance-du-secteur-manufacturier-canadien\/#primaryimage\"},\"image\":{\"@id\":\"https:\/\/www.rbc.com\/fr\/economique\/analyse-pour-le-canada\/analyse-en-vedette\/perspectives\/preuve-la-relocalisation-na-pas-stimule-une-renaissance-du-secteur-manufacturier-canadien\/#primaryimage\"},\"thumbnailUrl\":\"https:\/\/www.rbc.com\/fr\/economique\/wp-content\/uploads\/sites\/24\/\/2025\/03\/Proof-Point_Banner-wide-1.png?quality=80\",\"datePublished\":\"2022-08-03T04:00:00+00:00\",\"dateModified\":\"2025-03-26T04:54:22+00:00\",\"author\":{\"@id\":\"https:\/\/www.rbc.com\/fr\/economique\/#\/schema\/person\/d44e5d2581cf957836ba7d1ef4af6528\"},\"description\":\"Bien que les perturbations pand\u00e9miques aient suscit\u00e9 de nombreuses demandes de relocalisation, peu de signes indiquent que les cha\u00eenes logistiques retournent au Canada.\",\"breadcrumb\":{\"@id\":\"https:\/\/www.rbc.com\/fr\/economique\/analyse-pour-le-canada\/analyse-en-vedette\/perspectives\/preuve-la-relocalisation-na-pas-stimule-une-renaissance-du-secteur-manufacturier-canadien\/#breadcrumb\"},\"inLanguage\":\"fr-FR\",\"potentialAction\":[{\"@type\":\"ReadAction\",\"target\":[\"https:\/\/www.rbc.com\/fr\/economique\/analyse-pour-le-canada\/analyse-en-vedette\/perspectives\/preuve-la-relocalisation-na-pas-stimule-une-renaissance-du-secteur-manufacturier-canadien\/\"]}]},{\"@type\":\"ImageObject\",\"inLanguage\":\"fr-FR\",\"@id\":\"https:\/\/www.rbc.com\/fr\/economique\/analyse-pour-le-canada\/analyse-en-vedette\/perspectives\/preuve-la-relocalisation-na-pas-stimule-une-renaissance-du-secteur-manufacturier-canadien\/#primaryimage\",\"url\":\"https:\/\/www.rbc.com\/fr\/economique\/wp-content\/uploads\/sites\/24\/\/2025\/03\/Proof-Point_Banner-wide-1.png?quality=80\",\"contentUrl\":\"https:\/\/www.rbc.com\/fr\/economique\/wp-content\/uploads\/sites\/24\/\/2025\/03\/Proof-Point_Banner-wide-1.png?quality=80\",\"width\":7251,\"height\":3501},{\"@type\":\"BreadcrumbList\",\"@id\":\"https:\/\/www.rbc.com\/fr\/economique\/analyse-pour-le-canada\/analyse-en-vedette\/perspectives\/preuve-la-relocalisation-na-pas-stimule-une-renaissance-du-secteur-manufacturier-canadien\/#breadcrumb\",\"itemListElement\":[{\"@type\":\"ListItem\",\"position\":1,\"name\":\"Home\",\"item\":\"https:\/\/www.rbc.com\/fr\/economique\/\"},{\"@type\":\"ListItem\",\"position\":2,\"name\":\"Preuve : La relocalisation n&rsquo;a pas stimul\u00e9 une renaissance du secteur manufacturier canadien\"}]},{\"@type\":\"WebSite\",\"@id\":\"https:\/\/www.rbc.com\/fr\/economique\/#website\",\"url\":\"https:\/\/www.rbc.com\/fr\/economique\/\",\"name\":\"RBC Economique\",\"description\":\"\",\"potentialAction\":[{\"@type\":\"SearchAction\",\"target\":{\"@type\":\"EntryPoint\",\"urlTemplate\":\"https:\/\/www.rbc.com\/fr\/economique\/?s={search_term_string}\"},\"query-input\":{\"@type\":\"PropertyValueSpecification\",\"valueRequired\":true,\"valueName\":\"search_term_string\"}}],\"inLanguage\":\"fr-FR\"},{\"@type\":\"Person\",\"@id\":\"https:\/\/www.rbc.com\/fr\/economique\/#\/schema\/person\/d44e5d2581cf957836ba7d1ef4af6528\",\"name\":\"Josh Nye\",\"image\":{\"@type\":\"ImageObject\",\"inLanguage\":\"fr-FR\",\"@id\":\"https:\/\/secure.gravatar.com\/avatar\/32e5e3c5f9262b2b78b019886ca43dc22ea5c8e9cb105daadb22698d5224d4f1?s=96&d=mm&r=g\",\"url\":\"https:\/\/secure.gravatar.com\/avatar\/32e5e3c5f9262b2b78b019886ca43dc22ea5c8e9cb105daadb22698d5224d4f1?s=96&d=mm&r=g\",\"contentUrl\":\"https:\/\/secure.gravatar.com\/avatar\/32e5e3c5f9262b2b78b019886ca43dc22ea5c8e9cb105daadb22698d5224d4f1?s=96&d=mm&r=g\",\"caption\":\"Josh Nye\"},\"url\":\"https:\/\/www.rbc.com\/fr\/economique\/author\/josh-nye\/\"}]}<\/script>\n<!-- \/ Yoast SEO Premium plugin. -->","yoast_head_json":{"title":"Preuve : La relocalisation n'a pas stimul\u00e9 une renaissance du secteur manufacturier canadien - RBC Economique","description":"Bien que les perturbations pand\u00e9miques aient suscit\u00e9 de nombreuses demandes de relocalisation, peu de signes indiquent que les cha\u00eenes logistiques retournent au Canada.","robots":{"index":"index","follow":"follow","max-snippet":"max-snippet:-1","max-image-preview":"max-image-preview:large","max-video-preview":"max-video-preview:-1"},"canonical":"https:\/\/www.rbc.com\/fr\/economique\/analyse-pour-le-canada\/analyse-en-vedette\/perspectives\/preuve-la-relocalisation-na-pas-stimule-une-renaissance-du-secteur-manufacturier-canadien\/","og_locale":"fr_FR","og_type":"article","og_title":"Preuve : La relocalisation n'a pas stimul\u00e9 une renaissance du secteur manufacturier canadien","og_description":"Bien que les perturbations pand\u00e9miques aient suscit\u00e9 de nombreuses demandes de relocalisation, peu de signes indiquent que les cha\u00eenes logistiques retournent au Canada.","og_url":"https:\/\/www.rbc.com\/fr\/economique\/analyse-pour-le-canada\/analyse-en-vedette\/perspectives\/preuve-la-relocalisation-na-pas-stimule-une-renaissance-du-secteur-manufacturier-canadien\/","og_site_name":"RBC Economique","article_published_time":"2022-08-03T04:00:00+00:00","article_modified_time":"2025-03-26T04:54:22+00:00","og_image":[{"width":7251,"height":3501,"url":"https:\/\/www.rbc.com\/fr\/economique\/wp-content\/uploads\/sites\/24\/\/2025\/03\/Proof-Point_Banner-wide-1.png?quality=80","type":"image\/png"}],"author":"Josh Nye","twitter_card":"summary_large_image","twitter_misc":{"Written by":"Josh Nye","Est. reading time":"6 minutes"},"schema":{"@context":"https:\/\/schema.org","@graph":[{"@type":"Article","@id":"https:\/\/www.rbc.com\/fr\/economique\/analyse-pour-le-canada\/analyse-en-vedette\/perspectives\/preuve-la-relocalisation-na-pas-stimule-une-renaissance-du-secteur-manufacturier-canadien\/#article","isPartOf":{"@id":"https:\/\/www.rbc.com\/fr\/economique\/analyse-pour-le-canada\/analyse-en-vedette\/perspectives\/preuve-la-relocalisation-na-pas-stimule-une-renaissance-du-secteur-manufacturier-canadien\/"},"author":{"name":"Josh Nye","@id":"https:\/\/www.rbc.com\/fr\/economique\/#\/schema\/person\/d44e5d2581cf957836ba7d1ef4af6528"},"headline":"Preuve : La relocalisation n&rsquo;a pas stimul\u00e9 une renaissance du secteur manufacturier canadien","datePublished":"2022-08-03T04:00:00+00:00","dateModified":"2025-03-26T04:54:22+00:00","mainEntityOfPage":{"@id":"https:\/\/www.rbc.com\/fr\/economique\/analyse-pour-le-canada\/analyse-en-vedette\/perspectives\/preuve-la-relocalisation-na-pas-stimule-une-renaissance-du-secteur-manufacturier-canadien\/"},"wordCount":1235,"commentCount":0,"image":{"@id":"https:\/\/www.rbc.com\/fr\/economique\/analyse-pour-le-canada\/analyse-en-vedette\/perspectives\/preuve-la-relocalisation-na-pas-stimule-une-renaissance-du-secteur-manufacturier-canadien\/#primaryimage"},"thumbnailUrl":"https:\/\/www.rbc.com\/fr\/economique\/wp-content\/uploads\/sites\/24\/\/2025\/03\/Proof-Point_Banner-wide-1.png?quality=80","keywords":["\u00c9conomie"],"articleSection":["Analyse en vedette","Analyse pour le Canada","Perspectives"],"inLanguage":"fr-FR","potentialAction":[{"@type":"CommentAction","name":"Comment","target":["https:\/\/www.rbc.com\/fr\/economique\/analyse-pour-le-canada\/analyse-en-vedette\/perspectives\/preuve-la-relocalisation-na-pas-stimule-une-renaissance-du-secteur-manufacturier-canadien\/#respond"]}]},{"@type":"WebPage","@id":"https:\/\/www.rbc.com\/fr\/economique\/analyse-pour-le-canada\/analyse-en-vedette\/perspectives\/preuve-la-relocalisation-na-pas-stimule-une-renaissance-du-secteur-manufacturier-canadien\/","url":"https:\/\/www.rbc.com\/fr\/economique\/analyse-pour-le-canada\/analyse-en-vedette\/perspectives\/preuve-la-relocalisation-na-pas-stimule-une-renaissance-du-secteur-manufacturier-canadien\/","name":"Preuve : La relocalisation n'a pas stimul\u00e9 une renaissance du secteur manufacturier canadien - RBC Economique","isPartOf":{"@id":"https:\/\/www.rbc.com\/fr\/economique\/#website"},"primaryImageOfPage":{"@id":"https:\/\/www.rbc.com\/fr\/economique\/analyse-pour-le-canada\/analyse-en-vedette\/perspectives\/preuve-la-relocalisation-na-pas-stimule-une-renaissance-du-secteur-manufacturier-canadien\/#primaryimage"},"image":{"@id":"https:\/\/www.rbc.com\/fr\/economique\/analyse-pour-le-canada\/analyse-en-vedette\/perspectives\/preuve-la-relocalisation-na-pas-stimule-une-renaissance-du-secteur-manufacturier-canadien\/#primaryimage"},"thumbnailUrl":"https:\/\/www.rbc.com\/fr\/economique\/wp-content\/uploads\/sites\/24\/\/2025\/03\/Proof-Point_Banner-wide-1.png?quality=80","datePublished":"2022-08-03T04:00:00+00:00","dateModified":"2025-03-26T04:54:22+00:00","author":{"@id":"https:\/\/www.rbc.com\/fr\/economique\/#\/schema\/person\/d44e5d2581cf957836ba7d1ef4af6528"},"description":"Bien que les perturbations pand\u00e9miques aient suscit\u00e9 de nombreuses demandes de relocalisation, peu de signes indiquent que les cha\u00eenes logistiques retournent au Canada.","breadcrumb":{"@id":"https:\/\/www.rbc.com\/fr\/economique\/analyse-pour-le-canada\/analyse-en-vedette\/perspectives\/preuve-la-relocalisation-na-pas-stimule-une-renaissance-du-secteur-manufacturier-canadien\/#breadcrumb"},"inLanguage":"fr-FR","potentialAction":[{"@type":"ReadAction","target":["https:\/\/www.rbc.com\/fr\/economique\/analyse-pour-le-canada\/analyse-en-vedette\/perspectives\/preuve-la-relocalisation-na-pas-stimule-une-renaissance-du-secteur-manufacturier-canadien\/"]}]},{"@type":"ImageObject","inLanguage":"fr-FR","@id":"https:\/\/www.rbc.com\/fr\/economique\/analyse-pour-le-canada\/analyse-en-vedette\/perspectives\/preuve-la-relocalisation-na-pas-stimule-une-renaissance-du-secteur-manufacturier-canadien\/#primaryimage","url":"https:\/\/www.rbc.com\/fr\/economique\/wp-content\/uploads\/sites\/24\/\/2025\/03\/Proof-Point_Banner-wide-1.png?quality=80","contentUrl":"https:\/\/www.rbc.com\/fr\/economique\/wp-content\/uploads\/sites\/24\/\/2025\/03\/Proof-Point_Banner-wide-1.png?quality=80","width":7251,"height":3501},{"@type":"BreadcrumbList","@id":"https:\/\/www.rbc.com\/fr\/economique\/analyse-pour-le-canada\/analyse-en-vedette\/perspectives\/preuve-la-relocalisation-na-pas-stimule-une-renaissance-du-secteur-manufacturier-canadien\/#breadcrumb","itemListElement":[{"@type":"ListItem","position":1,"name":"Home","item":"https:\/\/www.rbc.com\/fr\/economique\/"},{"@type":"ListItem","position":2,"name":"Preuve : La relocalisation n&rsquo;a pas stimul\u00e9 une renaissance du secteur manufacturier canadien"}]},{"@type":"WebSite","@id":"https:\/\/www.rbc.com\/fr\/economique\/#website","url":"https:\/\/www.rbc.com\/fr\/economique\/","name":"RBC Economique","description":"","potentialAction":[{"@type":"SearchAction","target":{"@type":"EntryPoint","urlTemplate":"https:\/\/www.rbc.com\/fr\/economique\/?s={search_term_string}"},"query-input":{"@type":"PropertyValueSpecification","valueRequired":true,"valueName":"search_term_string"}}],"inLanguage":"fr-FR"},{"@type":"Person","@id":"https:\/\/www.rbc.com\/fr\/economique\/#\/schema\/person\/d44e5d2581cf957836ba7d1ef4af6528","name":"Josh Nye","image":{"@type":"ImageObject","inLanguage":"fr-FR","@id":"https:\/\/secure.gravatar.com\/avatar\/32e5e3c5f9262b2b78b019886ca43dc22ea5c8e9cb105daadb22698d5224d4f1?s=96&d=mm&r=g","url":"https:\/\/secure.gravatar.com\/avatar\/32e5e3c5f9262b2b78b019886ca43dc22ea5c8e9cb105daadb22698d5224d4f1?s=96&d=mm&r=g","contentUrl":"https:\/\/secure.gravatar.com\/avatar\/32e5e3c5f9262b2b78b019886ca43dc22ea5c8e9cb105daadb22698d5224d4f1?s=96&d=mm&r=g","caption":"Josh Nye"},"url":"https:\/\/www.rbc.com\/fr\/economique\/author\/josh-nye\/"}]}},"author_meta":{"display_name":"Josh Nye","author_link":"https:\/\/www.rbc.com\/fr\/economique\/author\/josh-nye\/"},"featured_img":"https:\/\/www.rbc.com\/fr\/economique\/wp-content\/uploads\/sites\/24\/\/2025\/03\/Proof-Point_Banner-wide-1.png?quality=80&w=300","jetpack_featured_media_url":"https:\/\/www.rbc.com\/fr\/economique\/wp-content\/uploads\/sites\/24\/\/2025\/03\/Proof-Point_Banner-wide-1.png?quality=80","coauthors":[],"tax_additional":{"categories":{"linked":["<a href=\"https:\/\/www.rbc.com\/fr\/economique\/category\/analyse-pour-le-canada\/analyse-en-vedette\/\" class=\"advgb-post-tax-term\">Analyse en vedette<\/a>","<a href=\"https:\/\/www.rbc.com\/fr\/economique\/category\/analyse-pour-le-canada\/\" class=\"advgb-post-tax-term\">Analyse pour le Canada<\/a>","<a href=\"https:\/\/www.rbc.com\/fr\/economique\/category\/analyse-pour-le-canada\/analyse-en-vedette\/perspectives\/\" class=\"advgb-post-tax-term\">Perspectives<\/a>"],"unlinked":["<span class=\"advgb-post-tax-term\">Analyse en vedette<\/span>","<span class=\"advgb-post-tax-term\">Analyse pour le Canada<\/span>","<span class=\"advgb-post-tax-term\">Perspectives<\/span>"]},"tags":{"linked":["<a href=\"https:\/\/www.rbc.com\/fr\/economique\/category\/analyse-pour-le-canada\/analyse-en-vedette\/perspectives\/\" class=\"advgb-post-tax-term\">\u00c9conomie<\/a>"],"unlinked":["<span class=\"advgb-post-tax-term\">\u00c9conomie<\/span>"]}},"comment_count":"0","relative_dates":{"created":"Publi\u00e9 4 ans il y a","modified":"Mis \u00e0 jour 1 an il y a"},"absolute_dates":{"created":"Publi\u00e9 le 3 ao\u00fbt 2022","modified":"Mise \u00e0 jour le 26 mars 2025"},"absolute_dates_time":{"created":"Publi\u00e9 le 3 ao\u00fbt 2022 4:00  ","modified":"Mise \u00e0 jour le 26 mars 2025 4:54  "},"featured_img_caption":"","series_order":"","_links":{"self":[{"href":"https:\/\/www.rbc.com\/fr\/economique\/wp-json\/wp\/v2\/posts\/372","targetHints":{"allow":["GET"]}}],"collection":[{"href":"https:\/\/www.rbc.com\/fr\/economique\/wp-json\/wp\/v2\/posts"}],"about":[{"href":"https:\/\/www.rbc.com\/fr\/economique\/wp-json\/wp\/v2\/types\/post"}],"author":[{"embeddable":true,"href":"https:\/\/www.rbc.com\/fr\/economique\/wp-json\/wp\/v2\/users\/268"}],"replies":[{"embeddable":true,"href":"https:\/\/www.rbc.com\/fr\/economique\/wp-json\/wp\/v2\/comments?post=372"}],"version-history":[{"count":1,"href":"https:\/\/www.rbc.com\/fr\/economique\/wp-json\/wp\/v2\/posts\/372\/revisions"}],"predecessor-version":[{"id":1661,"href":"https:\/\/www.rbc.com\/fr\/economique\/wp-json\/wp\/v2\/posts\/372\/revisions\/1661"}],"wp:featuredmedia":[{"embeddable":true,"href":"https:\/\/www.rbc.com\/fr\/economique\/wp-json\/wp\/v2\/media\/363"}],"wp:attachment":[{"href":"https:\/\/www.rbc.com\/fr\/economique\/wp-json\/wp\/v2\/media?parent=372"}],"wp:term":[{"taxonomy":"category","embeddable":true,"href":"https:\/\/www.rbc.com\/fr\/economique\/wp-json\/wp\/v2\/categories?post=372"},{"taxonomy":"post_tag","embeddable":true,"href":"https:\/\/www.rbc.com\/fr\/economique\/wp-json\/wp\/v2\/tags?post=372"},{"taxonomy":"rbc_econ_content_type","embeddable":true,"href":"https:\/\/www.rbc.com\/fr\/economique\/wp-json\/wp\/v2\/rbc_econ_content_type?post=372"}],"curies":[{"name":"wp","href":"https:\/\/api.w.org\/{rel}","templated":true}]}}