{"id":3569,"date":"2026-01-23T18:23:31","date_gmt":"2026-01-23T18:23:31","guid":{"rendered":"https:\/\/www.rbc.com\/fr\/economique\/?p=3569"},"modified":"2026-01-26T18:26:05","modified_gmt":"2026-01-26T18:26:05","slug":"une-conjoncture-propice-a-une-pause-de-la-fed","status":"publish","type":"post","link":"https:\/\/www.rbc.com\/fr\/economique\/analyse-pour-les-etats-unis\/cette-semaine-aux-etats-unis\/une-conjoncture-propice-a-une-pause-de-la-fed\/","title":{"rendered":"Une conjoncture propice \u00e0 une pause de la Fed"},"content":{"rendered":"\n<section class=\"wp-block-rbc-section-block  pos-rel\" style=\"border-radius:0px\">\n<div class=\"wp-block-rbc-section-inner-block  section-inner\" style=\"border-radius:0x\">\n<p>Cette semaine, les manchettes sur le Forum \u00e9conomique mondial \u00e0 Davos et les turbulences sur les march\u00e9s qui en ont d\u00e9coul\u00e9 ont davantage retenu l\u2019attention que les donn\u00e9es macro\u00e9conomiques. Maintenant que l\u2019effervescence est retomb\u00e9e et que les participants au march\u00e9 sont soulag\u00e9s, pour un temps, la r\u00e9union du FOMC de mercredi sera le point de mire la semaine prochaine. <strong>Nous pr\u00e9voyons toutefois que la r\u00e9union n\u2019apportera rien de neuf, du moins c\u00f4t\u00e9 politique mon\u00e9taire. Nous nous attendons \u00e0 ce que la Fed reste sur la touche, car les donn\u00e9es relatives aux deux volets de son mandat ont \u00e9volu\u00e9 dans une direction plus favorable.<\/strong><\/p>\n\n\n\n<p>Du c\u00f4t\u00e9 du march\u00e9 de l\u2019emploi, \u00e9tonnamment, le taux de ch\u00f4mage est tomb\u00e9 \u00e0&nbsp;4,4&nbsp;% en d\u00e9cembre, apr\u00e8s avoir atteint (un taux r\u00e9vis\u00e9 de) 4,5&nbsp;% en novembre. Contre toute attente, le nombre de nouvelles demandes de prestations d\u2019assurance-ch\u00f4mage depuis le d\u00e9but de janvier est faible, la moyenne mobile sur quatre semaines ayant diminu\u00e9 jusqu\u2019\u00e0 tutoyer la barre des 200&nbsp;000&nbsp;emplois. Il est habituel de commencer l\u2019ann\u00e9e avec une baisse des demandes, car les mises \u00e0 pied saisonni\u00e8res ont tendance \u00e0 diminuer \u00e0 la mi-janvier. Toutefois, la tendance actuelle est particuli\u00e8re, car nous n\u2019avons pas observ\u00e9 de pic apr\u00e8s les f\u00eates au d\u00e9but du mois. Cette situation donne \u00e0 penser que le march\u00e9 de l\u2019emploi pourrait \u00eatre plus tendu que pr\u00e9vu, compte tenu de la r\u00e9cente vague de mises \u00e0 pied annonc\u00e9es. Nous nous attendons toujours \u00e0 ce que le taux de ch\u00f4mage stagne au cours de l\u2019ann\u00e9e, et un taux de ch\u00f4mage stable att\u00e9nuera les pressions qui p\u00e8sent sur la Fed pour baisser les taux, d\u2019autant plus que l\u2019inflation demeure sup\u00e9rieure \u00e0 la cible. De plus, les r\u00e9centes donn\u00e9es sur les d\u00e9penses de novembre indiquent que les consommateurs continuent de d\u00e9penser \u00e0 un rythme soutenu. Les d\u00e9penses en biens se sont intensifi\u00e9es pendant la p\u00e9riode des f\u00eates et celles en services sont demeur\u00e9es \u00e9lev\u00e9es tout au long de l\u2019ann\u00e9e.<\/p>\n\n\n\n<p>Les plus r\u00e9centes donn\u00e9es sur l\u2019inflation selon les DPC que nous avons ne sont plus \u00e0 jour, mais le rapport de novembre indique que les&nbsp;DPC de base sont rest\u00e9es confin\u00e9es \u00e0&nbsp;2,8&nbsp;%, ce qui demeure nettement sup\u00e9rieur \u00e0 la cible de la Fed. Cette persistance d\u00e9coule en partie du resserrement du march\u00e9 de l\u2019emploi; la croissance des salaires demeure robuste et emp\u00eachera les prix des services de baisser en dessous d\u2019un certain seuil. M\u00eame si les donn\u00e9es plus r\u00e9centes de l\u2019IPC laissent entrevoir une baisse soutenue, nous pensons qu\u2019accorder trop d\u2019importance \u00e0 cette tendance serait une erreur. Tout d\u2019abord, l\u2019IPC accorde plus de poids au logement, qui est majoritairement responsable de la d\u00e9flation du panier de l\u2019IPC. Deuxi\u00e8mement, la mesure privil\u00e9gi\u00e9e par la Fed est l\u2019inflation selon les DPC, qui n\u2019est pas soumise \u00e0 des changements m\u00e9thodologiques en d\u00e9but d\u2019ann\u00e9e comme l\u2019IPC, dont les pond\u00e9rations seront rajust\u00e9es pour les donn\u00e9es de janvier, et nous nous attendons \u00e0 ce que la pond\u00e9ration du logement augmente encore dans le panier de l\u2019IPC et fausse la tendance. Cela signifie que l\u2019IPC pourrait pr\u00e9senter un faux espoir de baisse de l\u2019inflation par rapport aux DPC. En fait, depuis 1960, l\u2019inflation sur 12&nbsp;mois selon l\u2019IPC de base a \u00e9t\u00e9 inf\u00e9rieure \u00e0 l\u2019inflation selon les DPC de base seulement 20&nbsp;% du temps (160&nbsp;publications mensuelles sur&nbsp;791).<\/p>\n\n\n\n<p>Ce sera plut\u00f4t l\u2019IPP qu\u2019il faudra surveiller au cours des prochains mois, car il indiquera en amont les pressions tarifaires que subira le panier de l\u2019IPC. En fait, bien que <strong>nous nous attendions \u00e0 ce que l\u2019IPP de base affiche une l\u00e9g\u00e8re hausse de +0,1&nbsp;% sur un mois en d\u00e9cembre<\/strong>, si la mesure est plus \u00e9lev\u00e9e que pr\u00e9vu, elle pourrait avoir plus d\u2019effet sur le march\u00e9 que la r\u00e9union de la Fed. Nous surveillerons de pr\u00e8s les marges commerciales de gros et de d\u00e9tail pour rep\u00e9rer tout signe indiquant une r\u00e9percussion des droits de douane. Nous scruterons \u00e9galement les services de soins m\u00e9dicaux, auxquels l\u2019inflation selon les DPC, qui est la mesure privil\u00e9gi\u00e9e par la Fed, accorde relativement plus de poids. Les services m\u00e9dicaux repr\u00e9sentent aussi un secteur de plus en plus essentiel pour la population am\u00e9ricaine vieillissante, une cohorte qui stimule de plus en plus la croissance de la consommation.<\/p>\n\n\n\n<hr class=\"wp-block-separator has-alpha-channel-opacity\" \/>\n\n\n\n<figure class=\"wp-block-image size-full\"><img loading=\"lazy\" decoding=\"async\" width=\"2144\" height=\"1676\" src=\"https:\/\/www.rbc.com\/fr\/economique\/wp-content\/uploads\/sites\/24\/2026\/01\/US-WA-chart-FR-Jan-23-26.png?quality=80\" alt=\"\" class=\"wp-image-3576\" srcset=\"https:\/\/www.rbc.com\/fr\/economique\/wp-content\/uploads\/sites\/24\/2026\/01\/US-WA-chart-FR-Jan-23-26.png 2144w, https:\/\/www.rbc.com\/fr\/economique\/wp-content\/uploads\/sites\/24\/2026\/01\/US-WA-chart-FR-Jan-23-26.png?resize=300,235 300w, https:\/\/www.rbc.com\/fr\/economique\/wp-content\/uploads\/sites\/24\/2026\/01\/US-WA-chart-FR-Jan-23-26.png?resize=768,600 768w, https:\/\/www.rbc.com\/fr\/economique\/wp-content\/uploads\/sites\/24\/2026\/01\/US-WA-chart-FR-Jan-23-26.png?resize=1024,800 1024w, https:\/\/www.rbc.com\/fr\/economique\/wp-content\/uploads\/sites\/24\/2026\/01\/US-WA-chart-FR-Jan-23-26.png?resize=1536,1201 1536w, https:\/\/www.rbc.com\/fr\/economique\/wp-content\/uploads\/sites\/24\/2026\/01\/US-WA-chart-FR-Jan-23-26.png?resize=2048,1601 2048w\" sizes=\"auto, (max-width: 2144px) 100vw, 2144px\" \/><\/figure>\n\n\n\n<hr class=\"wp-block-separator has-alpha-channel-opacity\" \/>\n\n\n\n<p>Outre la r\u00e9union du FOMC et les donn\u00e9es de l\u2019IPP, voici ce que nous surveillerons la semaine prochaine\u00a0:<\/p>\n\n\n\n<ul class=\"wp-block-rbc-list is-style-chevron-list\">\n<li class=\"wp-block-rbc-list-item\">\n<p><strong>Nous nous attendons \u00e0 ce que le nombre de nouvelles demandes de prestations d\u2019assurance-ch\u00f4mage diminue l\u00e9g\u00e8rement pour la semaine se terminant le 24\u00a0janvier, \u00e0 195\u00a0000. <\/strong>Cette baisse cadre avec la stabilisation du march\u00e9 de l\u2019emploi qui, selon nous, se confirme, et avec les tendances saisonni\u00e8res, car le nombre de demandes a tendance \u00e0 diminuer vers la fin de janvier.<\/p>\n<\/li>\n\n\n\n<li class=\"wp-block-rbc-list-item\">\n<p><strong>Les commandes de biens durables devraient \u00eatre exceptionnellement \u00e9lev\u00e9es, car la forte hausse des commandes de Boeing en novembre<\/strong> (apr\u00e8s un faible nombre de commandes <strong>en octobre) biaisera les donn\u00e9es globales<\/strong>. <strong>Si l\u2019on exclut le transport, les commandes de biens durables devraient tout de m\u00eame fortement augmenter, \u00e0 +0,7\u00a0% sur un mois.<\/strong><\/p>\n<\/li>\n\n\n\n<li class=\"wp-block-rbc-list-item\">\n<p>Le d\u00e9ficit commercial des \u00c9tats-Unis s\u2019est accentu\u00e9 en novembre pour s\u2019\u00e9tablir \u00e0 -37,6\u00a0milliards de dollars. Il est int\u00e9ressant de remarquer que cet \u00e9cart est nettement inf\u00e9rieur \u00e0 celui observ\u00e9 les ann\u00e9es pr\u00e9c\u00e9dentes pour novembre. Cela t\u00e9moigne de l\u2019importante acc\u00e9l\u00e9ration de l\u2019activit\u00e9 commerciale au premier semestre, les entreprises s\u2019\u00e9tant empress\u00e9es d\u2019acheter pour \u00e9viter les tarifs douaniers. En particulier, les importations de profil\u00e9s m\u00e9talliques finis (utilis\u00e9s pour la fabrication d\u2019automobiles et d\u2019appareils m\u00e9nagers), de produits pharmaceutiques, d\u2019ordinateurs et de pi\u00e8ces d\u2019ordinateurs ont bondi au premier semestre de 2025 par rapport \u00e0 la m\u00eame p\u00e9riode l\u2019ann\u00e9e pr\u00e9c\u00e9dente.<\/p>\n<\/li>\n<\/ul>\n\n\n\n<hr class=\"wp-block-separator has-alpha-channel-opacity is-style-wide wide\" \/>\n\n\n\n<p class=\"has-text-align-left\"><em><strong>Mike Reid<\/strong>&nbsp;est Directeur et chef de la recherche sur l\u2019\u00e9conomie aux \u00c9tats-Unis&nbsp;\u00e0 RBC.&nbsp;Il est charg\u00e9 d\u2019\u00e9tablir les perspectives \u00e9conomiques de RBC pour les \u00c9tats-Unis, de commenter les indicateurs macro\u00e9conomiques et de r\u00e9diger des analyses concernant le contexte \u00e9conomique.<\/em><\/p>\n\n\n\n<p><em><strong>Carrie Freestone<\/strong>&nbsp;est \u00e9conomiste principale aux \u00c9tats-Unis \u00e0 RBC et membre de l\u2019\u00e9quipe des Services \u00e9conomiques aux \u00c9tats-Unis \u00e0 RBC&nbsp;March\u00e9s des Capitaux. Elle est responsable de pr\u00e9voir les principaux indicateurs cl\u00e9s am\u00e9ricains, notamment le PIB, l\u2019emploi, les d\u00e9penses de consommation et l\u2019inflation aux \u00c9tats-Unis. Elle contribue \u00e9galement aux commentaires sur la conjoncture \u00e9conomique aux \u00c9tats-Unis qu\u2019elle transmet aux clients au moyen de publications, de pr\u00e9sentations et par l\u2019interm\u00e9diaire des m\u00e9dias.<\/em><\/p>\n\n\n\n<p><em><strong>Imri Haggin<\/strong>&nbsp;est \u00e9conomiste \u00e0 RBC March\u00e9s des Capitaux, o\u00f9 il se concentre sur la recherche th\u00e9matique. Ses travaux ant\u00e9rieurs portaient sur la dynamique du cr\u00e9dit \u00e0 la consommation et la mod\u00e9lisation des liquidit\u00e9s, et mettaient l\u2019accent sur l\u2019utilisation des donn\u00e9es pour comprendre les comportements.<\/em><\/p>\n\n\n\n<hr class=\"wp-block-separator has-alpha-channel-opacity is-style-wide wide\" \/>\n<\/div>\n<\/section>\n","protected":false},"excerpt":{"rendered":"","protected":false},"author":189,"featured_media":2504,"comment_status":"open","ping_status":"open","sticky":false,"template":"","format":"standard","meta":{"_acf_changed":false,"advgb_blocks_editor_width":"","advgb_blocks_columns_visual_guide":"","footnotes":""},"categories":[76],"tags":[],"rbc_econ_content_type":[],"class_list":["post-3569","post","type-post","status-publish","format-standard","has-post-thumbnail","hentry","category-cette-semaine-aux-etats-unis"],"acf":[],"yoast_head":"<!-- This site is optimized with the Yoast SEO Premium plugin v27.2 (Yoast SEO v27.2) - https:\/\/yoast.com\/product\/yoast-seo-premium-wordpress\/ -->\n<title>Une conjoncture propice \u00e0 une pause de la Fed - RBC Economique<\/title>\n<meta name=\"robots\" content=\"index, follow, max-snippet:-1, max-image-preview:large, max-video-preview:-1\" \/>\n<link rel=\"canonical\" href=\"https:\/\/www.rbc.com\/fr\/economique\/analyse-pour-les-etats-unis\/cette-semaine-aux-etats-unis\/une-conjoncture-propice-a-une-pause-de-la-fed\/\" \/>\n<meta property=\"og:locale\" content=\"fr_FR\" \/>\n<meta property=\"og:type\" content=\"article\" \/>\n<meta property=\"og:title\" content=\"Une conjoncture propice \u00e0 une pause de la Fed\" \/>\n<meta property=\"og:url\" content=\"https:\/\/www.rbc.com\/fr\/economique\/analyse-pour-les-etats-unis\/cette-semaine-aux-etats-unis\/une-conjoncture-propice-a-une-pause-de-la-fed\/\" \/>\n<meta property=\"og:site_name\" content=\"RBC Economique\" \/>\n<meta property=\"article:published_time\" content=\"2026-01-23T18:23:31+00:00\" \/>\n<meta property=\"article:modified_time\" content=\"2026-01-26T18:26:05+00:00\" \/>\n<meta property=\"og:image\" content=\"https:\/\/www.rbc.com\/fr\/economique\/wp-content\/uploads\/sites\/24\/2025\/11\/FG-WA.png?quality=80\" \/>\n\t<meta property=\"og:image:width\" content=\"3067\" \/>\n\t<meta property=\"og:image:height\" content=\"1850\" \/>\n\t<meta property=\"og:image:type\" content=\"image\/png\" \/>\n<meta name=\"author\" content=\"aidansmithedgell\" \/>\n<meta name=\"twitter:card\" content=\"summary_large_image\" \/>\n<meta name=\"twitter:label1\" content=\"Written by\" \/>\n\t<meta name=\"twitter:data1\" content=\"aidansmithedgell\" \/>\n\t<meta name=\"twitter:label2\" content=\"Est. reading time\" \/>\n\t<meta name=\"twitter:data2\" content=\"6 minutes\" \/>\n<script type=\"application\/ld+json\" class=\"yoast-schema-graph\">{\"@context\":\"https:\/\/schema.org\",\"@graph\":[{\"@type\":\"Article\",\"@id\":\"https:\/\/www.rbc.com\/fr\/economique\/analyse-pour-les-etats-unis\/cette-semaine-aux-etats-unis\/une-conjoncture-propice-a-une-pause-de-la-fed\/#article\",\"isPartOf\":{\"@id\":\"https:\/\/www.rbc.com\/fr\/economique\/analyse-pour-les-etats-unis\/cette-semaine-aux-etats-unis\/une-conjoncture-propice-a-une-pause-de-la-fed\/\"},\"author\":{\"name\":\"aidansmithedgell\",\"@id\":\"https:\/\/www.rbc.com\/fr\/economique\/#\/schema\/person\/466b148147b6e1461c12a15420fc76fd\"},\"headline\":\"Une conjoncture propice \u00e0 une pause de la Fed\",\"datePublished\":\"2026-01-23T18:23:31+00:00\",\"dateModified\":\"2026-01-26T18:26:05+00:00\",\"mainEntityOfPage\":{\"@id\":\"https:\/\/www.rbc.com\/fr\/economique\/analyse-pour-les-etats-unis\/cette-semaine-aux-etats-unis\/une-conjoncture-propice-a-une-pause-de-la-fed\/\"},\"wordCount\":1253,\"commentCount\":0,\"image\":{\"@id\":\"https:\/\/www.rbc.com\/fr\/economique\/analyse-pour-les-etats-unis\/cette-semaine-aux-etats-unis\/une-conjoncture-propice-a-une-pause-de-la-fed\/#primaryimage\"},\"thumbnailUrl\":\"https:\/\/www.rbc.com\/fr\/economique\/wp-content\/uploads\/sites\/24\/2025\/11\/FG-WA.png?quality=80\",\"articleSection\":[\"Cette semaine aux \u00c9tats-Unis\"],\"inLanguage\":\"fr-FR\",\"potentialAction\":[{\"@type\":\"CommentAction\",\"name\":\"Comment\",\"target\":[\"https:\/\/www.rbc.com\/fr\/economique\/analyse-pour-les-etats-unis\/cette-semaine-aux-etats-unis\/une-conjoncture-propice-a-une-pause-de-la-fed\/#respond\"]}]},{\"@type\":\"WebPage\",\"@id\":\"https:\/\/www.rbc.com\/fr\/economique\/analyse-pour-les-etats-unis\/cette-semaine-aux-etats-unis\/une-conjoncture-propice-a-une-pause-de-la-fed\/\",\"url\":\"https:\/\/www.rbc.com\/fr\/economique\/analyse-pour-les-etats-unis\/cette-semaine-aux-etats-unis\/une-conjoncture-propice-a-une-pause-de-la-fed\/\",\"name\":\"Une conjoncture propice \u00e0 une pause de la Fed - RBC Economique\",\"isPartOf\":{\"@id\":\"https:\/\/www.rbc.com\/fr\/economique\/#website\"},\"primaryImageOfPage\":{\"@id\":\"https:\/\/www.rbc.com\/fr\/economique\/analyse-pour-les-etats-unis\/cette-semaine-aux-etats-unis\/une-conjoncture-propice-a-une-pause-de-la-fed\/#primaryimage\"},\"image\":{\"@id\":\"https:\/\/www.rbc.com\/fr\/economique\/analyse-pour-les-etats-unis\/cette-semaine-aux-etats-unis\/une-conjoncture-propice-a-une-pause-de-la-fed\/#primaryimage\"},\"thumbnailUrl\":\"https:\/\/www.rbc.com\/fr\/economique\/wp-content\/uploads\/sites\/24\/2025\/11\/FG-WA.png?quality=80\",\"datePublished\":\"2026-01-23T18:23:31+00:00\",\"dateModified\":\"2026-01-26T18:26:05+00:00\",\"author\":{\"@id\":\"https:\/\/www.rbc.com\/fr\/economique\/#\/schema\/person\/466b148147b6e1461c12a15420fc76fd\"},\"breadcrumb\":{\"@id\":\"https:\/\/www.rbc.com\/fr\/economique\/analyse-pour-les-etats-unis\/cette-semaine-aux-etats-unis\/une-conjoncture-propice-a-une-pause-de-la-fed\/#breadcrumb\"},\"inLanguage\":\"fr-FR\",\"potentialAction\":[{\"@type\":\"ReadAction\",\"target\":[\"https:\/\/www.rbc.com\/fr\/economique\/analyse-pour-les-etats-unis\/cette-semaine-aux-etats-unis\/une-conjoncture-propice-a-une-pause-de-la-fed\/\"]}]},{\"@type\":\"ImageObject\",\"inLanguage\":\"fr-FR\",\"@id\":\"https:\/\/www.rbc.com\/fr\/economique\/analyse-pour-les-etats-unis\/cette-semaine-aux-etats-unis\/une-conjoncture-propice-a-une-pause-de-la-fed\/#primaryimage\",\"url\":\"https:\/\/www.rbc.com\/fr\/economique\/wp-content\/uploads\/sites\/24\/2025\/11\/FG-WA.png?quality=80\",\"contentUrl\":\"https:\/\/www.rbc.com\/fr\/economique\/wp-content\/uploads\/sites\/24\/2025\/11\/FG-WA.png?quality=80\",\"width\":3067,\"height\":1850},{\"@type\":\"BreadcrumbList\",\"@id\":\"https:\/\/www.rbc.com\/fr\/economique\/analyse-pour-les-etats-unis\/cette-semaine-aux-etats-unis\/une-conjoncture-propice-a-une-pause-de-la-fed\/#breadcrumb\",\"itemListElement\":[{\"@type\":\"ListItem\",\"position\":1,\"name\":\"Home\",\"item\":\"https:\/\/www.rbc.com\/fr\/economique\/\"},{\"@type\":\"ListItem\",\"position\":2,\"name\":\"Une conjoncture propice \u00e0 une pause de la Fed\"}]},{\"@type\":\"WebSite\",\"@id\":\"https:\/\/www.rbc.com\/fr\/economique\/#website\",\"url\":\"https:\/\/www.rbc.com\/fr\/economique\/\",\"name\":\"RBC Economique\",\"description\":\"\",\"potentialAction\":[{\"@type\":\"SearchAction\",\"target\":{\"@type\":\"EntryPoint\",\"urlTemplate\":\"https:\/\/www.rbc.com\/fr\/economique\/?s={search_term_string}\"},\"query-input\":{\"@type\":\"PropertyValueSpecification\",\"valueRequired\":true,\"valueName\":\"search_term_string\"}}],\"inLanguage\":\"fr-FR\"},{\"@type\":\"Person\",\"@id\":\"https:\/\/www.rbc.com\/fr\/economique\/#\/schema\/person\/466b148147b6e1461c12a15420fc76fd\",\"name\":\"aidansmithedgell\",\"image\":{\"@type\":\"ImageObject\",\"inLanguage\":\"fr-FR\",\"@id\":\"https:\/\/secure.gravatar.com\/avatar\/e247c7ada7a3507bb5f106189e928be8cf5b67a3b04e14a610c1d079d7f57847?s=96&d=mm&r=g\",\"url\":\"https:\/\/secure.gravatar.com\/avatar\/e247c7ada7a3507bb5f106189e928be8cf5b67a3b04e14a610c1d079d7f57847?s=96&d=mm&r=g\",\"contentUrl\":\"https:\/\/secure.gravatar.com\/avatar\/e247c7ada7a3507bb5f106189e928be8cf5b67a3b04e14a610c1d079d7f57847?s=96&d=mm&r=g\",\"caption\":\"aidansmithedgell\"},\"url\":\"https:\/\/www.rbc.com\/fr\/economique\/author\/aidansmithedgell\/\"}]}<\/script>\n<!-- \/ Yoast SEO Premium plugin. -->","yoast_head_json":{"title":"Une conjoncture propice \u00e0 une pause de la Fed - RBC Economique","robots":{"index":"index","follow":"follow","max-snippet":"max-snippet:-1","max-image-preview":"max-image-preview:large","max-video-preview":"max-video-preview:-1"},"canonical":"https:\/\/www.rbc.com\/fr\/economique\/analyse-pour-les-etats-unis\/cette-semaine-aux-etats-unis\/une-conjoncture-propice-a-une-pause-de-la-fed\/","og_locale":"fr_FR","og_type":"article","og_title":"Une conjoncture propice \u00e0 une pause de la Fed","og_url":"https:\/\/www.rbc.com\/fr\/economique\/analyse-pour-les-etats-unis\/cette-semaine-aux-etats-unis\/une-conjoncture-propice-a-une-pause-de-la-fed\/","og_site_name":"RBC Economique","article_published_time":"2026-01-23T18:23:31+00:00","article_modified_time":"2026-01-26T18:26:05+00:00","og_image":[{"width":3067,"height":1850,"url":"https:\/\/www.rbc.com\/fr\/economique\/wp-content\/uploads\/sites\/24\/2025\/11\/FG-WA.png?quality=80","type":"image\/png"}],"author":"aidansmithedgell","twitter_card":"summary_large_image","twitter_misc":{"Written by":"aidansmithedgell","Est. reading time":"6 minutes"},"schema":{"@context":"https:\/\/schema.org","@graph":[{"@type":"Article","@id":"https:\/\/www.rbc.com\/fr\/economique\/analyse-pour-les-etats-unis\/cette-semaine-aux-etats-unis\/une-conjoncture-propice-a-une-pause-de-la-fed\/#article","isPartOf":{"@id":"https:\/\/www.rbc.com\/fr\/economique\/analyse-pour-les-etats-unis\/cette-semaine-aux-etats-unis\/une-conjoncture-propice-a-une-pause-de-la-fed\/"},"author":{"name":"aidansmithedgell","@id":"https:\/\/www.rbc.com\/fr\/economique\/#\/schema\/person\/466b148147b6e1461c12a15420fc76fd"},"headline":"Une conjoncture propice \u00e0 une pause de la Fed","datePublished":"2026-01-23T18:23:31+00:00","dateModified":"2026-01-26T18:26:05+00:00","mainEntityOfPage":{"@id":"https:\/\/www.rbc.com\/fr\/economique\/analyse-pour-les-etats-unis\/cette-semaine-aux-etats-unis\/une-conjoncture-propice-a-une-pause-de-la-fed\/"},"wordCount":1253,"commentCount":0,"image":{"@id":"https:\/\/www.rbc.com\/fr\/economique\/analyse-pour-les-etats-unis\/cette-semaine-aux-etats-unis\/une-conjoncture-propice-a-une-pause-de-la-fed\/#primaryimage"},"thumbnailUrl":"https:\/\/www.rbc.com\/fr\/economique\/wp-content\/uploads\/sites\/24\/2025\/11\/FG-WA.png?quality=80","articleSection":["Cette semaine aux \u00c9tats-Unis"],"inLanguage":"fr-FR","potentialAction":[{"@type":"CommentAction","name":"Comment","target":["https:\/\/www.rbc.com\/fr\/economique\/analyse-pour-les-etats-unis\/cette-semaine-aux-etats-unis\/une-conjoncture-propice-a-une-pause-de-la-fed\/#respond"]}]},{"@type":"WebPage","@id":"https:\/\/www.rbc.com\/fr\/economique\/analyse-pour-les-etats-unis\/cette-semaine-aux-etats-unis\/une-conjoncture-propice-a-une-pause-de-la-fed\/","url":"https:\/\/www.rbc.com\/fr\/economique\/analyse-pour-les-etats-unis\/cette-semaine-aux-etats-unis\/une-conjoncture-propice-a-une-pause-de-la-fed\/","name":"Une conjoncture propice \u00e0 une pause de la Fed - RBC Economique","isPartOf":{"@id":"https:\/\/www.rbc.com\/fr\/economique\/#website"},"primaryImageOfPage":{"@id":"https:\/\/www.rbc.com\/fr\/economique\/analyse-pour-les-etats-unis\/cette-semaine-aux-etats-unis\/une-conjoncture-propice-a-une-pause-de-la-fed\/#primaryimage"},"image":{"@id":"https:\/\/www.rbc.com\/fr\/economique\/analyse-pour-les-etats-unis\/cette-semaine-aux-etats-unis\/une-conjoncture-propice-a-une-pause-de-la-fed\/#primaryimage"},"thumbnailUrl":"https:\/\/www.rbc.com\/fr\/economique\/wp-content\/uploads\/sites\/24\/2025\/11\/FG-WA.png?quality=80","datePublished":"2026-01-23T18:23:31+00:00","dateModified":"2026-01-26T18:26:05+00:00","author":{"@id":"https:\/\/www.rbc.com\/fr\/economique\/#\/schema\/person\/466b148147b6e1461c12a15420fc76fd"},"breadcrumb":{"@id":"https:\/\/www.rbc.com\/fr\/economique\/analyse-pour-les-etats-unis\/cette-semaine-aux-etats-unis\/une-conjoncture-propice-a-une-pause-de-la-fed\/#breadcrumb"},"inLanguage":"fr-FR","potentialAction":[{"@type":"ReadAction","target":["https:\/\/www.rbc.com\/fr\/economique\/analyse-pour-les-etats-unis\/cette-semaine-aux-etats-unis\/une-conjoncture-propice-a-une-pause-de-la-fed\/"]}]},{"@type":"ImageObject","inLanguage":"fr-FR","@id":"https:\/\/www.rbc.com\/fr\/economique\/analyse-pour-les-etats-unis\/cette-semaine-aux-etats-unis\/une-conjoncture-propice-a-une-pause-de-la-fed\/#primaryimage","url":"https:\/\/www.rbc.com\/fr\/economique\/wp-content\/uploads\/sites\/24\/2025\/11\/FG-WA.png?quality=80","contentUrl":"https:\/\/www.rbc.com\/fr\/economique\/wp-content\/uploads\/sites\/24\/2025\/11\/FG-WA.png?quality=80","width":3067,"height":1850},{"@type":"BreadcrumbList","@id":"https:\/\/www.rbc.com\/fr\/economique\/analyse-pour-les-etats-unis\/cette-semaine-aux-etats-unis\/une-conjoncture-propice-a-une-pause-de-la-fed\/#breadcrumb","itemListElement":[{"@type":"ListItem","position":1,"name":"Home","item":"https:\/\/www.rbc.com\/fr\/economique\/"},{"@type":"ListItem","position":2,"name":"Une conjoncture propice \u00e0 une pause de la Fed"}]},{"@type":"WebSite","@id":"https:\/\/www.rbc.com\/fr\/economique\/#website","url":"https:\/\/www.rbc.com\/fr\/economique\/","name":"RBC Economique","description":"","potentialAction":[{"@type":"SearchAction","target":{"@type":"EntryPoint","urlTemplate":"https:\/\/www.rbc.com\/fr\/economique\/?s={search_term_string}"},"query-input":{"@type":"PropertyValueSpecification","valueRequired":true,"valueName":"search_term_string"}}],"inLanguage":"fr-FR"},{"@type":"Person","@id":"https:\/\/www.rbc.com\/fr\/economique\/#\/schema\/person\/466b148147b6e1461c12a15420fc76fd","name":"aidansmithedgell","image":{"@type":"ImageObject","inLanguage":"fr-FR","@id":"https:\/\/secure.gravatar.com\/avatar\/e247c7ada7a3507bb5f106189e928be8cf5b67a3b04e14a610c1d079d7f57847?s=96&d=mm&r=g","url":"https:\/\/secure.gravatar.com\/avatar\/e247c7ada7a3507bb5f106189e928be8cf5b67a3b04e14a610c1d079d7f57847?s=96&d=mm&r=g","contentUrl":"https:\/\/secure.gravatar.com\/avatar\/e247c7ada7a3507bb5f106189e928be8cf5b67a3b04e14a610c1d079d7f57847?s=96&d=mm&r=g","caption":"aidansmithedgell"},"url":"https:\/\/www.rbc.com\/fr\/economique\/author\/aidansmithedgell\/"}]}},"author_meta":{"display_name":"aidansmithedgell","author_link":"https:\/\/www.rbc.com\/fr\/economique\/author\/aidansmithedgell\/"},"featured_img":"https:\/\/www.rbc.com\/fr\/economique\/wp-content\/uploads\/sites\/24\/2025\/11\/FG-WA.png?quality=80&w=300","jetpack_featured_media_url":"https:\/\/www.rbc.com\/fr\/economique\/wp-content\/uploads\/sites\/24\/2025\/11\/FG-WA.png?quality=80","coauthors":[],"tax_additional":{"categories":{"linked":["<a href=\"https:\/\/www.rbc.com\/fr\/economique\/category\/analyse-pour-les-etats-unis\/cette-semaine-aux-etats-unis\/\" class=\"advgb-post-tax-term\">Cette semaine aux \u00c9tats-Unis<\/a>"],"unlinked":["<span class=\"advgb-post-tax-term\">Cette semaine aux \u00c9tats-Unis<\/span>"]}},"comment_count":"0","relative_dates":{"created":"Publi\u00e9 3 mois il y a","modified":"Mis \u00e0 jour 3 mois il y a"},"absolute_dates":{"created":"Publi\u00e9 le 23 janvier 2026","modified":"Mise \u00e0 jour le 26 janvier 2026"},"absolute_dates_time":{"created":"Publi\u00e9 le 23 janvier 2026 6:23  ","modified":"Mise \u00e0 jour le 26 janvier 2026 6:26  "},"featured_img_caption":"","series_order":"","_links":{"self":[{"href":"https:\/\/www.rbc.com\/fr\/economique\/wp-json\/wp\/v2\/posts\/3569","targetHints":{"allow":["GET"]}}],"collection":[{"href":"https:\/\/www.rbc.com\/fr\/economique\/wp-json\/wp\/v2\/posts"}],"about":[{"href":"https:\/\/www.rbc.com\/fr\/economique\/wp-json\/wp\/v2\/types\/post"}],"author":[{"embeddable":true,"href":"https:\/\/www.rbc.com\/fr\/economique\/wp-json\/wp\/v2\/users\/189"}],"replies":[{"embeddable":true,"href":"https:\/\/www.rbc.com\/fr\/economique\/wp-json\/wp\/v2\/comments?post=3569"}],"version-history":[{"count":4,"href":"https:\/\/www.rbc.com\/fr\/economique\/wp-json\/wp\/v2\/posts\/3569\/revisions"}],"predecessor-version":[{"id":3578,"href":"https:\/\/www.rbc.com\/fr\/economique\/wp-json\/wp\/v2\/posts\/3569\/revisions\/3578"}],"wp:featuredmedia":[{"embeddable":true,"href":"https:\/\/www.rbc.com\/fr\/economique\/wp-json\/wp\/v2\/media\/2504"}],"wp:attachment":[{"href":"https:\/\/www.rbc.com\/fr\/economique\/wp-json\/wp\/v2\/media?parent=3569"}],"wp:term":[{"taxonomy":"category","embeddable":true,"href":"https:\/\/www.rbc.com\/fr\/economique\/wp-json\/wp\/v2\/categories?post=3569"},{"taxonomy":"post_tag","embeddable":true,"href":"https:\/\/www.rbc.com\/fr\/economique\/wp-json\/wp\/v2\/tags?post=3569"},{"taxonomy":"rbc_econ_content_type","embeddable":true,"href":"https:\/\/www.rbc.com\/fr\/economique\/wp-json\/wp\/v2\/rbc_econ_content_type?post=3569"}],"curies":[{"name":"wp","href":"https:\/\/api.w.org\/{rel}","templated":true}]}}