{"id":3546,"date":"2026-01-14T15:34:11","date_gmt":"2026-01-14T15:34:11","guid":{"rendered":"https:\/\/www.rbc.com\/fr\/economique\/?p=3546"},"modified":"2026-01-21T15:42:57","modified_gmt":"2026-01-21T15:42:57","slug":"les-banques-centrales-garderont-le-cap-en-2026","status":"publish","type":"post","link":"https:\/\/www.rbc.com\/fr\/economique\/marches-financiers\/les-banques-centrales-garderont-le-cap-en-2026\/","title":{"rendered":"Les banques centrales garderont le cap en 2026"},"content":{"rendered":"\n<section class=\"wp-block-rbc-section-block  pos-rel\" style=\"border-radius:0px\">\n<div class=\"wp-block-rbc-section-inner-block  section-inner\" style=\"border-radius:0x\">\n<h4 class=\"wp-block-heading is-style-default default has-rbc-bright-blue-tint-1-color has-text-color has-link-color has-text-reg-font-size wp-elements-af65ac9a1686befdce181a69912b2494\" id=\"h-points-saillants\"><strong><strong>Points saillants:<\/strong><\/strong><\/h4>\n\n\n\n<div class=\"wp-block-columns is-layout-flex wp-container-core-columns-is-layout-28f84493 wp-block-columns-is-layout-flex\">\n<div class=\"wp-block-column  mar-r-hlf is-layout-flow wp-block-column-is-layout-flow\" style=\"flex-basis:8%\">\n<figure class=\"wp-block-image aligncenter size-large is-resized  mob-mar-b-hlf\"><img decoding=\"async\" src=\"https:\/\/www.rbc.com\/en\/economics\/wp-content\/uploads\/sites\/23\/2025\/12\/Icon-MFU-dec-12-25-2.png?quality=80&amp;w=1024\" alt=\"\" class=\"wp-image-5817\" style=\"width:85px\" \/><\/figure>\n<\/div>\n\n\n\n<div class=\"wp-block-column is-layout-flow wp-block-column-is-layout-flow\" style=\"flex-basis:92%\">\n<p><strong>Les facteurs d\u00e9mographiques influencent la croissance du Canada&nbsp;:<\/strong>&nbsp;Comme la croissance d\u00e9mographique sera nulle en&nbsp;2026, la croissance du PIB sera plus lente; elle sera aussi enti\u00e8rement attribuable \u00e0 un gain par habitant dans la foul\u00e9e des baisses du taux directeur pass\u00e9es de la banque centrale. Voil\u00e0 qui marque un changement important par rapport aux tendances de l\u2019ann\u00e9e derni\u00e8re.<\/p>\n<\/div>\n<\/div>\n\n\n\n<div class=\"wp-block-columns is-layout-flex wp-container-core-columns-is-layout-28f84493 wp-block-columns-is-layout-flex\">\n<div class=\"wp-block-column  mar-r-hlf is-layout-flow wp-block-column-is-layout-flow\" style=\"flex-basis:8%\">\n<figure class=\"wp-block-image aligncenter size-large is-resized  mob-mar-b-hlf\"><img decoding=\"async\" src=\"https:\/\/www.rbc.com\/en\/economics\/wp-content\/uploads\/sites\/23\/\/2025\/10\/question-icon-us-wa-oct-3.png?quality=80&amp;w=1024\" alt=\"\" class=\"wp-image-4110\" style=\"width:85px\" \/><\/figure>\n<\/div>\n\n\n\n<div class=\"wp-block-column is-layout-flow wp-block-column-is-layout-flow\" style=\"flex-basis:92%\">\n<p><strong>Des difficult\u00e9s sont anticip\u00e9es aux \u00c9tats-Unis&nbsp;:<\/strong>&nbsp;En&nbsp;2025, la croissance du PIB a surpris \u00e0 la hausse, malgr\u00e9 le ralentissement du march\u00e9 de l\u2019emploi. On peut en d\u00e9duire que ce sont les gains de productivit\u00e9, et non la cr\u00e9ation d\u2019emplois, qui ont aliment\u00e9 l\u2019expansion \u00e9conomique. Reste \u00e0 savoir si ces gains se maintiendront. Cette incertitude et d\u2019autres assombrissent les perspectives.<\/p>\n<\/div>\n<\/div>\n\n\n\n<div class=\"wp-block-columns is-layout-flex wp-container-core-columns-is-layout-28f84493 wp-block-columns-is-layout-flex\">\n<div class=\"wp-block-column  mar-r-hlf is-layout-flow wp-block-column-is-layout-flow\" style=\"flex-basis:8%\">\n<figure class=\"wp-block-image aligncenter size-large is-resized  mob-mar-b-hlf\"><img decoding=\"async\" src=\"https:\/\/www.rbc.com\/en\/economics\/wp-content\/uploads\/sites\/23\/\/2025\/08\/gov-building-mfu-aug.png?quality=80&amp;w=1024\" alt=\"\" class=\"wp-image-3287\" style=\"width:85px\" \/><\/figure>\n<\/div>\n\n\n\n<div class=\"wp-block-column is-layout-flow wp-block-column-is-layout-flow\" style=\"flex-basis:92%\">\n<p><strong>Les banques centrales devraient maintenir leur orientation&nbsp;:<\/strong>&nbsp;Nous nous attendons \u00e0 ce que la Banque du Canada (BdC) et la R\u00e9serve f\u00e9d\u00e9rale am\u00e9ricaine (Fed) maintiennent leurs taux d\u2019int\u00e9r\u00eat inchang\u00e9s&nbsp;en 2026. Les taux canadiens se situent \u00e0 un niveau neutre et les taux am\u00e9ricains restent l\u00e9g\u00e8rement restrictifs.<\/p>\n<\/div>\n<\/div>\n\n\n\n<h4 class=\"wp-block-heading is-style-default default has-rbc-bright-blue-tint-1-color has-text-color has-link-color has-text-reg-font-size wp-elements-ae5c927e187798a7ed6fafcfd1a6db54\" id=\"h-enjeux-sous-la-loupe\"><strong><strong>Enjeux sous la loupe :<\/strong><\/strong><\/h4>\n\n\n\n<div class=\"wp-block-columns is-layout-flex wp-container-core-columns-is-layout-28f84493 wp-block-columns-is-layout-flex\">\n<div class=\"wp-block-column  mar-r-hlf is-layout-flow wp-block-column-is-layout-flow\" style=\"flex-basis:8%\">\n<figure class=\"wp-block-image aligncenter size-large is-resized  mob-mar-b-hlf\"><img decoding=\"async\" src=\"https:\/\/www.rbc.com\/en\/economics\/wp-content\/uploads\/sites\/23\/2025\/12\/Icon-MFU-dec-11-25-1.png?quality=80&amp;w=1024\" alt=\"\" class=\"wp-image-5815\" style=\"width:85px\" \/><\/figure>\n<\/div>\n\n\n\n<div class=\"wp-block-column is-layout-flow wp-block-column-is-layout-flow\" style=\"flex-basis:92%\">\n<p>Le plafonnement de l\u2019immigration et le vieillissement de la population freinent l\u2019expansion de la population active au Canada et aux \u00c9tats-Unis. Par cons\u00e9quent, le nombre d\u2019emplois qui doivent \u00eatre cr\u00e9\u00e9s chaque mois pour maintenir le taux de ch\u00f4mage \u00e0 un niveau stable est plus faible. Nous utilisons notre estimation du point d\u2019\u00e9quilibre de l\u2019emploi comme mesure de r\u00e9f\u00e9rence pour \u00e9valuer la sant\u00e9 du march\u00e9 du travail.<\/p>\n<\/div>\n<\/div>\n\n\n\n<hr class=\"wp-block-separator has-text-color has-rbc-bright-blue-tint-1-color has-alpha-channel-opacity has-rbc-bright-blue-tint-1-background-color has-background is-style-wide wide\" \/>\n\n\n\n<h3 class=\"wp-block-heading is-style-heading-underline-left has-rbc-bright-blue-color has-text-color has-link-color wp-elements-7c2efeaf986641945bd9bf0d631b2558\" id=\"h-changements-dans-les-previsions\">Changements dans les pr\u00e9visions :<\/h3>\n\n\n\n<h4 class=\"wp-block-heading has-rbc-bright-blue-color has-text-color has-link-color has-text-lg-font-size wp-elements-25466cd35c5d57fc313116340078fbe2\" id=\"h-les-changements-demographiques-pourraient-supplanter-les-echanges-commerciaux-en-tant-que-point-de-mire-de-nos-previsions-pour-l-economie-canadienne\">Les changements d\u00e9mographiques pourraient supplanter les \u00e9changes commerciaux en tant que point de mire de nos pr\u00e9visions pour l\u2019\u00e9conomie canadienne<\/h4>\n\n\n\n<p>La croissance d\u00e9mographique du Canada tombera au point mort en&nbsp;2026 pour la premi\u00e8re fois depuis les ann\u00e9es&nbsp;1950, en raison de la r\u00e9orientation de la politique f\u00e9d\u00e9rale d\u2019immigration. Par cons\u00e9quent, la croissance globale du PIB sera uniquement attribuable \u00e0 des gains par habitant. Apr\u00e8s le revirement de&nbsp;2025, nous nous attendons \u00e0 ce que le PIB par habitant augmente plus rapidement cette ann\u00e9e, gr\u00e2ce aux mesures d\u2019assouplissement d\u00e9j\u00e0 adopt\u00e9es par la banque centrale.<\/p>\n\n\n\n<hr class=\"wp-block-separator has-alpha-channel-opacity is-style-wide wide\" \/>\n\n\n\n<div id=\"everviz-35VV6xyth\" class=\"everviz-35VV6xyth\" data-view=\"graph\"><\/div>\n\n\n\n<hr class=\"wp-block-separator has-alpha-channel-opacity is-style-wide wide\" \/>\n\n\n\n<p>\u00c0 l\u2019\u00e9chelle mondiale, les tensions g\u00e9opolitiques dominent les manchettes et minent la confiance, mais \u00e0 court terme, elles ont probablement peu d\u2019incidence sur nos pr\u00e9visions. Par exemple, l\u2019intervention am\u00e9ricaine au Venezuela n\u2019entra\u00eenera pas d\u2019augmentation notable de la production de p\u00e9trole en 2026, car les infrastructures ont \u00e9t\u00e9 n\u00e9glig\u00e9es pendant des d\u00e9cennies; elles n\u00e9cessiteront des investissements massifs et continus ainsi qu\u2019une stabilit\u00e9 op\u00e9rationnelle pour \u00eatre remises en \u00e9tat.<\/p>\n\n\n\n<p>Dans l\u2019ensemble, nos perspectives pour le Canada ont peu chang\u00e9 depuis le mois dernier. Nous pr\u00e9voyons toujours que la croissance du PIB ralentira en&nbsp;2026, par rapport \u00e0&nbsp;2025, du fait de la croissance d\u00e9mographique nulle. Cependant, malgr\u00e9 ce d\u00e9clin, les conditions se raffermiront, comme le montreront l\u2019augmentation de la croissance du PIB r\u00e9el par habitant, le recul graduel du taux de ch\u00f4mage et la stabilit\u00e9 g\u00e9n\u00e9rale de l\u2019inflation de base des prix \u00e0 la consommation (m\u00eame si elle demeurera sup\u00e9rieure \u00e0 la cible).<\/p>\n\n\n\n<p>Plus pr\u00e9cis\u00e9ment&nbsp;:<\/p>\n\n\n\n<ul class=\"wp-block-rbc-list is-style-chevron-list\">\n<li class=\"wp-block-rbc-list-item\">\n<p><strong>Nous maintenons nos pr\u00e9visions de croissance du PIB \u00e0 1,3&nbsp;% pour 2026, ce qui repr\u00e9sente un l\u00e9ger recul par rapport au taux de 1,7&nbsp;% observ\u00e9 en 2025. <\/strong>Comme la croissance d\u00e9mographique sera nulle, le PIB par habitant augmentera de 1,3&nbsp;% cette ann\u00e9e, comme le PIB total, contre 0,8&nbsp;% en 2025. Ce sera la deuxi\u00e8me hausse annuelle cons\u00e9cutive apr\u00e8s les diminutions enregistr\u00e9es en 2023 et 2024.<\/p>\n<\/li>\n\n\n\n<li class=\"wp-block-rbc-list-item\">\n<p><strong>Bien que modeste, \u00e0 1,3&nbsp;%, la croissance du PIB surpassera quand m\u00eame la croissance potentielle, de 0,7&nbsp;%, en 2026<\/strong>. Celle-ci est frein\u00e9e par des probl\u00e8mes persistants de productivit\u00e9 et une diminution du nombre d\u2019heures travaill\u00e9es. Par cons\u00e9quent, l\u2019\u00e9cart de production n\u00e9gatif de l\u2019\u00e9conomie se resserrera progressivement, avant d\u2019\u00eatre compl\u00e8tement \u00e9limin\u00e9 en 2027.<\/p>\n<\/li>\n\n\n\n<li class=\"wp-block-rbc-list-item\">\n<p><strong>Les march\u00e9s du travail devraient reprendre de la vigueur. <\/strong>Nous nous attendons \u00e0 ce que le taux de ch\u00f4mage recule graduellement, pour passer de 6,8&nbsp;% \u00e0 6,3&nbsp;% d\u2019ici le quatri\u00e8me trimestre de 2026. En raison du ralentissement marqu\u00e9 de la croissance d\u00e9mographique, la cr\u00e9ation d\u2019emplois n\u2019aura pas besoin d\u2019\u00eatre forte cette ann\u00e9e pour que les conditions d\u2019emploi par travailleur s\u2019am\u00e9liorent (ces conditions \u00e9tant mieux mesur\u00e9es par le taux de ch\u00f4mage). Vous trouverez <a href=\"https:\/\/www.rbc.com\/en\/economics\/financial-markets-monthly\/steady-as-she-goes-central-banks-hold-the-line-in-2026\/#h-issue-in-focus-0\">ci-dessous<\/a> les pr\u00e9cisions sur notre estimation du point d\u2019\u00e9quilibre de l\u2019emploi.<\/p>\n<\/li>\n\n\n\n<li class=\"wp-block-rbc-list-item\">\n<p><strong>L\u2019inflation devrait avoisiner la cible de 2&nbsp;%, mais il s\u2019agit d\u2019un \u00e9quilibre fragile. <\/strong>L\u2019inflation de base restera probablement au-dessus de la cible de 2&nbsp;%. Les prix de l\u2019\u00e9nergie pourraient fluctuer plus que d\u2019habitude en raison des risques g\u00e9opolitiques, tandis que l\u2019inflation des prix des aliments s\u2019acc\u00e9l\u00e8re, tout comme celle des prix des marchandises agricoles (en particulier de la viande), du fait de p\u00e9nuries qui prendront du temps \u00e0 se r\u00e9sorber.<\/p>\n<\/li>\n\n\n\n<li class=\"wp-block-rbc-list-item\">\n<p><strong>La Banque du Canada (BdC) ne devrait pas modifier les taux d\u2019int\u00e9r\u00eat en 2026<\/strong>. Il est plut\u00f4t pr\u00e9vu qu\u2019elle les rel\u00e8ve mod\u00e9r\u00e9ment en 2027, une fois que l\u2019\u00e9cart de production sera r\u00e9sorb\u00e9 et que l\u2019inflation de base sera stabilis\u00e9e. Le raffermissement de l\u2019activit\u00e9 (par habitant) risque d\u2019attiser l\u2019inflation, de sorte que les hausses de taux pourraient \u00eatre avanc\u00e9es \u00e0&nbsp;2026.<\/p>\n<\/li>\n\n\n\n<li class=\"wp-block-rbc-list-item\">\n<p><strong>Enfin, nos pr\u00e9visions tablent sur le maintien des exemptions pr\u00e9vues dans l\u2019ACEUM<\/strong> lors de la r\u00e9vision pr\u00e9vue de l\u2019Accord qui commencera en juillet, ainsi que sur des droits de douane sectoriels suppl\u00e9mentaires limit\u00e9s. Une escalade soudaine des droits de douane, bien que peu probable, demeure un risque de baisse important pour nos pr\u00e9visions.<\/p>\n<\/li>\n<\/ul>\n\n\n\n<h4 class=\"wp-block-heading has-rbc-bright-blue-color has-text-color has-link-color has-text-lg-font-size wp-elements-a693636208fb380c5258f98fd15db4e5\" id=\"h-la-liste-des-inconnues-connues-qui-remettent-en-question-les-previsions-concernant-les-etats-unis-ne-cesse-de-s-allonger\">La liste des inconnues connues qui remettent en question les pr\u00e9visions concernant les \u00c9tats-Unis ne cesse de s\u2019allonger<\/h4>\n\n\n\n<p>La nouvelle ann\u00e9e n\u2019a pas apport\u00e9 les \u00e9claircissements que nous avions esp\u00e9r\u00e9s \u00e0 propos de l\u2019\u00e9conomie am\u00e9ricaine. Les difficult\u00e9s se multiplient&nbsp;: les perturbations dans la publication des donn\u00e9es caus\u00e9es par la paralysie du gouvernement emp\u00eachent encore d\u2019avoir une id\u00e9e pr\u00e9cise de la situation; la remise en question de la l\u00e9galit\u00e9 des droits de douane impos\u00e9s aux termes de l\u2019IEEPA, ses r\u00e9percussions sur la collecte et le remboursement des droits, et les effets des droits sur l\u2019\u00e9conomie demeureront tr\u00e8s incertains, m\u00eame apr\u00e8s que la Cour supr\u00eame aura rendu sa d\u00e9cision.<\/p>\n\n\n\n<p>En&nbsp;2025, la croissance du PIB des \u00c9tats-Unis n\u2019a cess\u00e9 de surprendre \u00e0 la hausse. Comme le march\u00e9 du travail s\u2019est affaibli et que le taux de ch\u00f4mage a augment\u00e9, la croissance \u00e9conomique a \u00e9t\u00e9 enti\u00e8rement aliment\u00e9e par la hausse de la productivit\u00e9 implicite de la main-d\u2019\u0153uvre. Le nombre d\u2019heures travaill\u00e9es n\u2019a augment\u00e9 que de 0,6&nbsp;%, selon la moyenne annualis\u00e9e, entre le deuxi\u00e8me trimestre et le quatri\u00e8me trimestre. Il a m\u00eame carr\u00e9ment recul\u00e9 de 1&nbsp;% par trimestre dans le secteur manufacturier, qui d\u00e9pend des \u00e9changes commerciaux.<\/p>\n\n\n\n<p>Selon les donn\u00e9es pr\u00e9liminaires, la demande des consommateurs est demeur\u00e9e vigoureuse et le d\u00e9ficit commercial s\u2019est contract\u00e9 au quatri\u00e8me trimestre de 2025. Par cons\u00e9quent, nous avons revu \u00e0 la hausse nos pr\u00e9visions de croissance du PIB pour ce trimestre, mais pour l\u2019instant, nous n\u2019avons pas modifi\u00e9 nos perspectives g\u00e9n\u00e9rales pour 2026, qui tablent sur une inflation de base des prix \u00e0 la consommation sup\u00e9rieure \u00e0 la cible et une croissance du PIB inf\u00e9rieure \u00e0 la tendance.<\/p>\n\n\n\n<p>Plus pr\u00e9cis\u00e9ment&nbsp;:<\/p>\n\n\n\n<ul class=\"wp-block-rbc-list is-style-chevron-list\">\n<li class=\"wp-block-rbc-list-item\">\n<p><strong>Nous avons relev\u00e9 \u00e0 3,1&nbsp;% nos estimations pour la croissance du PIB des \u00c9tats-Unis au quatri\u00e8me trimestre de 2025<\/strong>, apr\u00e8s qu\u2019elle a surpass\u00e9 les attentes au troisi\u00e8me trimestre (4,3&nbsp;%). Pour le quatri\u00e8me trimestre, nous croyons que l\u2019\u00e9lan de la consommation des m\u00e9nages s\u2019est maintenu, parall\u00e8lement \u00e0 une am\u00e9lioration de la balance commerciale attribuable \u00e0 la hausse des exportations d\u2019or non mon\u00e9taire. Cette vigueur a \u00e9t\u00e9 en partie neutralis\u00e9e par l\u2019effet n\u00e9gatif de la paralysie du gouvernement, d\u2019une dur\u00e9e de six semaines, qui s\u2019inversera au premier trimestre de 2026.<\/p>\n<\/li>\n\n\n\n<li class=\"wp-block-rbc-list-item\">\n<p><strong>Apr\u00e8s le rel\u00e8vement des pr\u00e9visions de croissance du PIB effectu\u00e9 au deuxi\u00e8me semestre de 2025, les pr\u00e9visions pour&nbsp;2025 et 2026 ont augment\u00e9<\/strong>, de 1,9&nbsp;% et de 1,7&nbsp;%, respectivement, \u00e0 2,3&nbsp;% et \u00e0 2,4&nbsp;%. L\u2019augmentation visant&nbsp;2026 refl\u00e8te un point de d\u00e9part plus \u00e9lev\u00e9. Nous n\u2019avons pas rajust\u00e9 les estimations trimestrielles d\u2019une croissance du PIB uniform\u00e9ment plus faible et inf\u00e9rieure \u00e0 2&nbsp;%.<\/p>\n<\/li>\n\n\n\n<li class=\"wp-block-rbc-list-item\">\n<p><strong>Nos pr\u00e9visions d\u2019un ralentissement du march\u00e9 de l\u2019emploi demeurent inchang\u00e9es. <\/strong>Malgr\u00e9 les surprises \u00e0 la hausse de la croissance du PIB, le taux de ch\u00f4mage a augment\u00e9 tout au long de 2025, tandis que la cr\u00e9ation d\u2019emplois a stagn\u00e9. La faible demande de main-d\u2019\u0153uvre a allong\u00e9 la p\u00e9riode de recherche d\u2019emploi pour les nouveaux venus sur le march\u00e9 du travail, ce qui devrait, selon nous, continuer de faire grimper le taux de ch\u00f4mage jusqu\u2019\u00e0 4,6&nbsp;% au premier semestre de 2026.<\/p>\n<\/li>\n\n\n\n<li class=\"wp-block-rbc-list-item\">\n<p><strong>L\u2019IPC de base aux \u00c9tats-Unis devrait osciller autour de 3&nbsp;% tout au long de 2026<\/strong>. Ce taux est nettement sup\u00e9rieur \u00e0 la cible de 2&nbsp;% fix\u00e9e par la Fed en raison des effets \u00e0 retardement des droits de douane. La m\u00e9thode utilis\u00e9e par le BLS pour traiter la composante de l\u2019\u00e9quivalent de loyer des propri\u00e9taires dans le relev\u00e9 de l\u2019IPC d\u2019octobre et de novembre a exacerb\u00e9 la volatilit\u00e9. Cette composante pourrait entra\u00eener une baisse des donn\u00e9es annuelles \u00e0 court terme, puis une hausse en avril.<\/p>\n<\/li>\n\n\n\n<li class=\"wp-block-rbc-list-item\">\n<p><strong>La Fed devrait maintenir le statu quo en 2026<\/strong>, car elle doit composer avec les pressions oppos\u00e9es des deux volets de son mandat. Les pressions politiques sur la Fed suscitent des inqui\u00e9tudes grandissantes, mais nous croyons que ses d\u00e9cisions demeurent \u00e0 l\u2019abri de ce type d\u2019influence. Nous pr\u00e9voyons que la fourchette du taux des fonds f\u00e9d\u00e9raux de 3,5&nbsp;% \u00e0 3,75&nbsp;% restera inchang\u00e9e cette ann\u00e9e, avant de baisser en 2027.<\/p>\n<\/li>\n<\/ul>\n\n\n\n<div style=\"height:28px\" aria-hidden=\"true\" class=\"wp-block-spacer\"><\/div>\n\n\n\n<section class=\"wp-block-rbc-rbc-tabs-block aligncenter  section-tabs full-width tabs-scroll is-style-default\" id=\"Central-bank-bias\" aria-label=\"Section Tabs\"><div class=\"section-inner \"><ul class=\"tab-nav \" role=\"tablist\"><li role=\"presentation\"><a href=\"#section-content-16f2699a\" id=\"section-tab-16f2699a\" role=\"tab\" data-toggle=\"tab\" data-bs-toggle=\"tab\" data-bs-target=\"#section-content-16f2699a\" aria-controls=\"section-content-16f2699a\" aria-selected=\"false\" data-dig-id=\"LP-Lepointsurlespr\u00e9visionsmensuelles-3546-16f2699a\" data-dig-category=\"LP-Lepointsurlespr\u00e9visionsmensuelles\" data-dig-action=\"tab select\" data-dig-label=\"BdC\">BdC<\/a><\/li><li role=\"presentation\"><a href=\"#section-content-2fa9df2f\" id=\"section-tab-2fa9df2f\" role=\"tab\" data-toggle=\"tab\" data-bs-toggle=\"tab\" data-bs-target=\"#section-content-2fa9df2f\" aria-controls=\"section-content-2fa9df2f\" aria-selected=\"false\" data-dig-id=\"LP-Lepointsurlespr\u00e9visionsmensuelles-3546-2fa9df2f\" data-dig-category=\"LP-Lepointsurlespr\u00e9visionsmensuelles\" data-dig-action=\"tab select\" data-dig-label=\"Fed\">Fed<\/a><\/li><li role=\"presentation\"><a href=\"#section-content-f1fcf787\" id=\"section-tab-f1fcf787\" role=\"tab\" data-toggle=\"tab\" data-bs-toggle=\"tab\" data-bs-target=\"#section-content-f1fcf787\" aria-controls=\"section-content-f1fcf787\" aria-selected=\"false\" data-dig-id=\"LP-Lepointsurlespr\u00e9visionsmensuelles-3546-f1fcf787\" data-dig-category=\"LP-Lepointsurlespr\u00e9visionsmensuelles\" data-dig-action=\"tab select\" data-dig-label=\"BdA\">BdA<\/a><\/li><li role=\"presentation\"><a href=\"#section-content-4a5c4d64\" id=\"section-tab-4a5c4d64\" role=\"tab\" data-toggle=\"tab\" data-bs-toggle=\"tab\" data-bs-target=\"#section-content-4a5c4d64\" aria-controls=\"section-content-4a5c4d64\" aria-selected=\"false\" data-dig-id=\"LP-Lepointsurlespr\u00e9visionsmensuelles-3546-4a5c4d64\" data-dig-category=\"LP-Lepointsurlespr\u00e9visionsmensuelles\" data-dig-action=\"tab select\" data-dig-label=\"BCE\">BCE<\/a><\/li><li role=\"presentation\"><a href=\"#section-content-1bd3367f\" id=\"section-tab-1bd3367f\" role=\"tab\" data-toggle=\"tab\" data-bs-toggle=\"tab\" data-bs-target=\"#section-content-1bd3367f\" aria-controls=\"section-content-1bd3367f\" aria-selected=\"false\" data-dig-id=\"LP-Lepointsurlespr\u00e9visionsmensuelles-3546-1bd3367f\" data-dig-category=\"LP-Lepointsurlespr\u00e9visionsmensuelles\" data-dig-action=\"tab select\" data-dig-label=\"RBA\">RBA<\/a><\/li><\/ul><div class=\"tab-ctrl\"><button class=\"tabs-prev hidden\"><span class=\"offscreen\">Go to previous tab<\/span><\/button><button class=\"tabs-next\"><span class=\"offscreen\">Go to next tab<\/span><\/button><\/div><div class=\"tab-content\">\n<div class=\"wp-block-rbc-rbc-tab-content\"><div role=\"tabpanel\" class=\"tab-pane\" aria-labelledby=\"section-tab-16f2699a\" id=\"section-content-16f2699a\" tabindex=\"0\">\n<figure class=\"wp-block-image size-large is-resized\"><img decoding=\"async\" src=\"https:\/\/www.rbc.com\/fr\/economique\/wp-content\/uploads\/sites\/24\/2025\/09\/bias-cover-fr-2.png?quality=80&amp;w=1024\" alt=\"\" class=\"wp-image-9604\" style=\"width:1171px;height:auto\" \/><\/figure>\n\n\n\n<div class=\"wp-block-columns is-style-default default is-layout-flex wp-container-core-columns-is-layout-28f84493 wp-block-columns-is-layout-flex\">\n<div class=\"wp-block-column mar-b-qtr mob-mar-b-qtr mar-t-hlf mob-mar-t-hlf is-layout-flow wp-block-column-is-layout-flow\">\n<figure class=\"wp-block-image size-full\"><img decoding=\"async\" src=\"https:\/\/www.rbc.com\/fr\/economique\/wp-content\/uploads\/sites\/24\/2025\/09\/BdC.png?quality=80\" alt=\"\" class=\"wp-image-9598\" \/><\/figure>\n<\/div>\n\n\n\n<div class=\"wp-block-column is-vertically-aligned-center mar-b-qtr mob-mar-b-qtr mar-t-hlf mob-mar-t-hlf is-layout-flow wp-block-column-is-layout-flow\">\n<h4 class=\"wp-block-heading has-text-align-center has-rbc-bright-blue-tint-1-color has-text-color\" id=\"h-2-25\">2.25%<\/h4>\n\n\n\n<p class=\"has-text-align-center has-rbc-bright-blue-tint-1-color has-text-color has-text-reg-font-size\">0 pb en d\u00e9c. 2025<\/p>\n<\/div>\n\n\n\n<div class=\"wp-block-column is-vertically-aligned-center mar-t-hlf mob-mar-t-hlf is-layout-flow wp-block-column-is-layout-flow\">\n<h4 class=\"wp-block-heading has-text-align-center mar-l-qtr mob-mar-l-qtr pad-l-qtr mob-pad-l-qtr has-rbc-bright-blue-tint-1-color has-text-color\" id=\"h-0-pb\">0 pb<\/h4>\n\n\n\n<p class=\"has-text-align-center mar-l-qtr mob-mar-l-qtr pad-l-qtr mob-pad-l-qtr has-rbc-bright-blue-tint-1-color has-text-color has-text-reg-font-size\">janv. 2026<\/p>\n<\/div>\n<\/div>\n\n\n\n<p class=\"has-text-align-center pad-r-qtr mob-pad-r-qtr pad-b-qtr mob-pad-b-qtr pad-l-qtr mob-pad-l-qtr\">En d\u00e9cembre, la Banque du Canada (BdC) a annonc\u00e9 un maintien du taux, comme la plupart s\u2019y attendaient. Les donn\u00e9es publi\u00e9es apr\u00e8s la r\u00e9union donnent \u00e0 penser que la reprise du march\u00e9 canadien de l\u2019emploi pourrait \u00eatre in\u00e9gale, m\u00eame si elles concordent avec la lente absorption des capacit\u00e9s exc\u00e9dentaires de l\u2019\u00e9conomie que la BdC et nous-m\u00eames pr\u00e9voyons. Notre sc\u00e9nario de base pr\u00e9voit qu\u2019il n\u2019y aura pas d\u2019assouplissement suppl\u00e9mentaire de la politique mon\u00e9taire ni de hausse de taux avant 2027. Il y a toutefois un risque que cette hausse survienne plus t\u00f4t.<\/p>\n<\/div><\/div>\n\n\n\n<div class=\"wp-block-rbc-rbc-tab-content\"><div role=\"tabpanel\" class=\"tab-pane\" aria-labelledby=\"section-tab-2fa9df2f\" id=\"section-content-2fa9df2f\" tabindex=\"0\">\n<figure class=\"wp-block-image size-large is-resized\"><img decoding=\"async\" src=\"https:\/\/www.rbc.com\/fr\/economique\/wp-content\/uploads\/sites\/24\/2025\/09\/bias-cover-fr-2.png?quality=80&amp;w=1024\" alt=\"\" class=\"wp-image-9604\" style=\"width:1171px;height:auto\" \/><\/figure>\n\n\n\n<div class=\"wp-block-columns is-layout-flex wp-container-core-columns-is-layout-28f84493 wp-block-columns-is-layout-flex\">\n<div class=\"wp-block-column mar-b-qtr mob-mar-b-qtr mar-t-hlf mob-mar-t-hlf is-layout-flow wp-block-column-is-layout-flow\">\n<figure class=\"wp-block-image size-full\"><img decoding=\"async\" src=\"https:\/\/www.rbc.com\/en\/wp-content\/uploads\/sites\/4\/2025\/09\/Fed.png?quality=80\" alt=\"\" class=\"wp-image-18907\" \/><\/figure>\n<\/div>\n\n\n\n<div class=\"wp-block-column is-vertically-aligned-center mar-b-qtr mob-mar-b-qtr mar-t-hlf mob-mar-t-hlf is-layout-flow wp-block-column-is-layout-flow\">\n<h4 class=\"wp-block-heading has-text-align-center has-rbc-bright-blue-tint-1-color has-text-color\" id=\"h-3-5-3-75\">3.5-3.75%<\/h4>\n\n\n\n<p class=\"has-text-align-center has-rbc-bright-blue-tint-1-color has-text-color has-text-reg-font-size\">-25 pb en d\u00e9c. 2025<\/p>\n<\/div>\n\n\n\n<div class=\"wp-block-column is-vertically-aligned-center mar-b-qtr mob-mar-b-qtr mar-t-hlf mob-mar-t-hlf is-layout-flow wp-block-column-is-layout-flow\">\n<h4 class=\"wp-block-heading has-text-align-center mar-l-qtr mob-mar-l-qtr pad-l-qtr mob-pad-l-qtr has-rbc-bright-blue-tint-1-color has-text-color\" id=\"h-0-pb-0\">0 pb<\/h4>\n\n\n\n<p class=\"has-text-align-center mar-l-qtr mob-mar-l-qtr pad-l-qtr mob-pad-l-qtr has-rbc-bright-blue-tint-1-color has-text-color has-text-reg-font-size\">janv. 2026<\/p>\n<\/div>\n<\/div>\n\n\n\n<p class=\"has-text-align-center pad-l-qtr mob-pad-l-qtr pad-r-qtr mob-pad-r-qtr pad-b-qtr mob-pad-b-qtr\">Apr\u00e8s la r\u00e9union de d\u00e9cembre, le pr\u00e9sident de la Fed, Jerome Powell, a indiqu\u00e9 que la d\u00e9cision (une r\u00e9duction de 25&nbsp;pb) avait \u00e9t\u00e9 prise avec une faible majorit\u00e9 et il a laiss\u00e9 entendre que le statu&nbsp;quo serait maintenu lors des prochaines r\u00e9unions. Le dernier rapport sur le march\u00e9 du travail publi\u00e9 apr\u00e8s la r\u00e9union a fait \u00e9tat d\u2019une am\u00e9lioration, mais nous nous attendons \u00e0 ce que les tensions persistent des deux c\u00f4t\u00e9s du mandat de la Fed, ce qui limitera sa marge de man\u0153uvre. Nous pr\u00e9voyons maintenant que la fourchette du taux des fonds f\u00e9d\u00e9raux restera de 3,5&nbsp;% \u00e0 3,75&nbsp;% cette ann\u00e9e.<\/p>\n<\/div><\/div>\n\n\n\n<div class=\"wp-block-rbc-rbc-tab-content\"><div role=\"tabpanel\" class=\"tab-pane\" aria-labelledby=\"section-tab-f1fcf787\" id=\"section-content-f1fcf787\" tabindex=\"0\">\n<figure class=\"wp-block-image size-large is-resized\"><img decoding=\"async\" src=\"https:\/\/www.rbc.com\/fr\/economique\/wp-content\/uploads\/sites\/24\/2025\/09\/bias-cover-fr-2.png?quality=80&amp;w=1024\" alt=\"\" class=\"wp-image-9604\" style=\"width:1171px;height:auto\" \/><\/figure>\n\n\n\n<div class=\"wp-block-columns are-vertically-aligned-center is-layout-flex wp-container-core-columns-is-layout-28f84493 wp-block-columns-is-layout-flex\">\n<div class=\"wp-block-column is-vertically-aligned-center mar-b-qtr mob-mar-b-qtr mar-t-hlf mob-mar-t-hlf is-layout-flow wp-block-column-is-layout-flow\">\n<figure class=\"wp-block-image size-full\"><img decoding=\"async\" src=\"https:\/\/www.rbc.com\/fr\/economique\/wp-content\/uploads\/sites\/24\/2025\/09\/BdA.png?quality=80\" alt=\"\" class=\"wp-image-9599\" \/><\/figure>\n<\/div>\n\n\n\n<div class=\"wp-block-column is-vertically-aligned-center mar-b-qtr mob-mar-b-qtr mar-t-hlf mob-mar-t-hlf is-layout-flow wp-block-column-is-layout-flow\">\n<h4 class=\"wp-block-heading has-text-align-center has-rbc-bright-blue-tint-1-color has-text-color\" id=\"h-3-75\">3.75%<\/h4>\n\n\n\n<p class=\"has-text-align-center has-rbc-bright-blue-tint-1-color has-text-color has-text-reg-font-size\">-25 pb en d\u00e9c. 2025<\/p>\n<\/div>\n\n\n\n<div class=\"wp-block-column is-vertically-aligned-center mar-b-qtr mob-mar-b-qtr mar-t-hlf mob-mar-t-hlf is-layout-flow wp-block-column-is-layout-flow\">\n<h4 class=\"wp-block-heading has-text-align-center mar-l-qtr mob-mar-l-qtr pad-l-qtr mob-pad-l-qtr has-rbc-bright-blue-tint-1-color has-text-color\" id=\"h-25-pb-0\">-25 pb<\/h4>\n\n\n\n<p class=\"has-text-align-center mar-l-qtr mob-mar-l-qtr pad-l-qtr mob-pad-l-qtr has-rbc-bright-blue-tint-1-color has-text-color has-text-reg-font-size\">f\u00e9vr. 2026<\/p>\n<\/div>\n<\/div>\n\n\n\n<p class=\"has-text-align-center pad-b-hlf mob-pad-b-hlf pad-l-qtr mob-pad-l-qtr pad-r-qtr mob-pad-r-qtr\">Le Comit\u00e9 de la politique mon\u00e9taire de la Banque d\u2019Angleterre a vot\u00e9 \u00e0 5&nbsp;voix contre 4 pour abaisser le taux directeur de 25&nbsp;pb en d\u00e9cembre, tout en maintenant ses pr\u00e9visions d\u2019assouplissement suppl\u00e9mentaire de sa politique restrictive si les donn\u00e9es le permettent, plus pr\u00e9cis\u00e9ment si l\u2019inflation continue de ralentir alors que le march\u00e9 de l\u2019emploi s\u2019essouffle. Nous maintenons nos pr\u00e9visions de deux autres baisses en f\u00e9vrier et en avril, ce qui portera le taux directeur \u00e0 un niveau final de 3,25&nbsp;%.<\/p>\n<\/div><\/div>\n\n\n\n<div class=\"wp-block-rbc-rbc-tab-content\"><div role=\"tabpanel\" class=\"tab-pane\" aria-labelledby=\"section-tab-4a5c4d64\" id=\"section-content-4a5c4d64\" tabindex=\"0\">\n<figure class=\"wp-block-image size-large is-resized\"><img decoding=\"async\" src=\"https:\/\/www.rbc.com\/fr\/economique\/wp-content\/uploads\/sites\/24\/2025\/09\/bias-cover-fr-2.png?quality=80&amp;w=1024\" alt=\"\" class=\"wp-image-9604\" style=\"width:1096px;height:auto\" \/><\/figure>\n\n\n\n<div class=\"wp-block-columns are-vertically-aligned-center is-layout-flex wp-container-core-columns-is-layout-28f84493 wp-block-columns-is-layout-flex\">\n<div class=\"wp-block-column is-vertically-aligned-center mar-b-qtr mob-mar-b-qtr mar-t-hlf mob-mar-t-hlf is-layout-flow wp-block-column-is-layout-flow\">\n<figure class=\"wp-block-image size-full\"><img decoding=\"async\" src=\"https:\/\/www.rbc.com\/fr\/economique\/wp-content\/uploads\/sites\/24\/2025\/09\/BCE.png?quality=80\" alt=\"\" class=\"wp-image-9600\" \/><\/figure>\n<\/div>\n\n\n\n<div class=\"wp-block-column is-vertically-aligned-center mar-b-qtr mob-mar-b-qtr mar-t-hlf mob-mar-t-hlf is-layout-flow wp-block-column-is-layout-flow\">\n<h4 class=\"wp-block-heading has-text-align-center has-rbc-bright-blue-tint-1-color has-text-color\" id=\"h-2-00\">2.00%<\/h4>\n\n\n\n<p class=\"has-text-align-center has-rbc-bright-blue-tint-1-color has-text-color has-text-reg-font-size\">0 pb en d\u00e9c. 2025<\/p>\n<\/div>\n\n\n\n<div class=\"wp-block-column is-vertically-aligned-center mar-b-qtr mob-mar-b-qtr mar-t-hlf mob-mar-t-hlf is-layout-flow wp-block-column-is-layout-flow\">\n<h4 class=\"wp-block-heading has-text-align-center mar-l-qtr mob-mar-l-qtr pad-l-qtr mob-pad-l-qtr has-rbc-bright-blue-tint-1-color has-text-color\" id=\"h-0-pb-0\">0 pb<\/h4>\n\n\n\n<p class=\"has-text-align-center mar-l-qtr mob-mar-l-qtr pad-l-qtr mob-pad-l-qtr has-rbc-bright-blue-tint-1-color has-text-color has-text-reg-font-size\">f\u00e9vr. 2026<\/p>\n<\/div>\n<\/div>\n\n\n\n<p class=\"has-text-align-center pad-l-qtr mob-pad-l-qtr pad-r-qtr mob-pad-r-qtr pad-b-qtr mob-pad-b-qtr\">Nous demeurons \u00e0 l\u2019aise avec notre pr\u00e9vision selon laquelle le taux des d\u00e9p\u00f4ts restera \u00e0 2&nbsp;% en&nbsp;2026. La Banque centrale europ\u00e9enne (BCE) a laiss\u00e9 les taux inchang\u00e9s en d\u00e9cembre et maintenu sa pr\u00e9vision de statu&nbsp;quo. Les pr\u00e9visions \u00e0 court terme du personnel de la BCE pour le PIB et l\u2019inflation de base ont \u00e9t\u00e9 r\u00e9vis\u00e9es \u00e0 la hausse. En ce qui concerne l\u2019inflation, les projections tenaient compte de la forte croissance des salaires, qui a stimul\u00e9 l\u2019inflation dans le secteur des services, et tablaient toujours sur un retour \u00e0 la cible de 2&nbsp;% d\u2019ici 2028.<\/p>\n<\/div><\/div>\n\n\n\n<div class=\"wp-block-rbc-rbc-tab-content\"><div role=\"tabpanel\" class=\"tab-pane\" aria-labelledby=\"section-tab-1bd3367f\" id=\"section-content-1bd3367f\" tabindex=\"0\">\n<figure class=\"wp-block-image size-large is-resized\"><img decoding=\"async\" src=\"https:\/\/www.rbc.com\/fr\/economique\/wp-content\/uploads\/sites\/24\/2025\/09\/bias-cover-fr-2.png?quality=80&amp;w=1024\" alt=\"\" class=\"wp-image-9604\" style=\"width:1171px;height:auto\" \/><\/figure>\n\n\n\n<div class=\"wp-block-columns are-vertically-aligned-center is-layout-flex wp-container-core-columns-is-layout-28f84493 wp-block-columns-is-layout-flex\">\n<div class=\"wp-block-column is-vertically-aligned-center mar-b-qtr mob-mar-b-qtr mar-t-hlf mob-mar-t-hlf is-layout-flow wp-block-column-is-layout-flow\">\n<figure class=\"wp-block-image size-full\"><img decoding=\"async\" src=\"https:\/\/www.rbc.com\/en\/wp-content\/uploads\/sites\/4\/2025\/09\/RBA.png?quality=80\" alt=\"\" class=\"wp-image-18916\" \/><\/figure>\n<\/div>\n\n\n\n<div class=\"wp-block-column is-vertically-aligned-center mar-b-qtr mob-mar-b-qtr mar-t-hlf mob-mar-t-hlf is-layout-flow wp-block-column-is-layout-flow\">\n<h4 class=\"wp-block-heading has-text-align-center has-rbc-bright-blue-tint-1-color has-text-color\" id=\"h-3-60-0\">3.60%<\/h4>\n\n\n\n<p class=\"has-text-align-center has-rbc-bright-blue-tint-1-color has-text-color has-text-reg-font-size\">0 pb en d\u00e9c. 2025<\/p>\n<\/div>\n\n\n\n<div class=\"wp-block-column is-vertically-aligned-center mar-b-qtr mob-mar-b-qtr mar-t-hlf mob-mar-t-hlf is-layout-flow wp-block-column-is-layout-flow\">\n<h4 class=\"wp-block-heading has-text-align-center has-rbc-bright-blue-tint-1-color has-text-color\" id=\"h-0-pb-1\">0 pb<\/h4>\n\n\n\n<p class=\"has-text-align-center has-rbc-bright-blue-tint-1-color has-text-color has-text-reg-font-size\">f\u00e9vr. 2026<\/p>\n<\/div>\n<\/div>\n\n\n\n<p class=\"has-text-align-center pad-b-hlf mob-pad-b-hlf pad-l-qtr mob-pad-l-qtr pad-r-qtr mob-pad-r-qtr\">La Banque de r\u00e9serve d\u2019Australie (BRA) a laiss\u00e9 le taux des liquidit\u00e9s inchang\u00e9 en d\u00e9cembre, m\u00eame si le gouverneur Bullock a indiqu\u00e9 que les surprises \u00e0 la hausse cons\u00e9cutives des donn\u00e9es avaient suscit\u00e9 des discussions sur les hausses de taux. Les donn\u00e9es publi\u00e9es depuis la r\u00e9union ont mis en \u00e9vidence un certain rel\u00e2chement de l\u2019inflation, ainsi qu\u2019une consommation des m\u00e9nages plus \u00e9lev\u00e9e que les derni\u00e8res pr\u00e9visions de la BRA au quatri\u00e8me trimestre. Nous nous attendons \u00e0 ce que la BRA garde le cap en 2026, mais les choses pourraient changer lors de la prochaine r\u00e9union qui aura lieu en f\u00e9vrier.<\/p>\n<\/div><\/div>\n<\/div><\/div><\/section>\n\n\n\n<h3 class=\"wp-block-heading is-style-heading-underline-left has-rbc-bright-blue-color has-text-color has-link-color wp-elements-53b136024a2720077c5ae7383e4c28de\" id=\"h-enjeux-sous-la-loupe-0\">Enjeux sous la loupe :<\/h3>\n\n\n\n<h4 class=\"wp-block-heading has-rbc-bright-blue-color has-text-color has-link-color wp-elements-add2c490ddcd8bf878f8c044ee4eac0d\" id=\"h-pleins-feux-sur-le-point-d-equilibre-de-l-emploi-au-canada-et-aux-etats-unis\">Pleins feux sur le point d\u2019\u00e9quilibre de l\u2019emploi au Canada et aux \u00c9tats-Unis<\/h4>\n\n\n\n<p>Le resserrement de la politique d\u2019immigration et le vieillissement de la population ont ralenti la croissance de la population active au Canada et aux \u00c9tats-Unis en 2025. Par cons\u00e9quent, le nombre d\u2019emplois qui doivent \u00eatre cr\u00e9\u00e9s chaque mois pour r\u00e9pondre \u00e0 la croissance de la population active et assurer la stabilit\u00e9 du taux de ch\u00f4mage est moins \u00e9lev\u00e9.<\/p>\n\n\n\n<p>Ce nombre correspond au \u00ab&nbsp;point d\u2019\u00e9quilibre de l\u2019emploi&nbsp;\u00bb et il diminue dans les deux \u00e9conomies. En termes simples, tous les emplois cr\u00e9\u00e9s en sus du point d\u2019\u00e9quilibre, quel qu\u2019en soit le niveau, signalent une am\u00e9lioration du march\u00e9 du travail et feraient baisser le taux de ch\u00f4mage.<\/p>\n\n\n\n<p>Il peut en r\u00e9sulter un d\u00e9calage apparent, \u00e0 savoir des pr\u00e9visions de faible croissance de l\u2019emploi sans d\u00e9t\u00e9rioration de l\u2019\u00e9conomie ni hausse du taux de ch\u00f4mage. C\u2019est tr\u00e8s diff\u00e9rent de la fa\u00e7on dont nous consid\u00e9rons habituellement les retomb\u00e9es de la croissance de l\u2019emploi sur l\u2019ensemble de l\u2019\u00e9conomie.<\/p>\n\n\n\n<h4 class=\"wp-block-heading has-rbc-bright-blue-color has-text-color has-link-color has-text-lg-font-size wp-elements-a98072f6c1cf501ffd4cdd5ad824a19c\" id=\"h-le-point-d-equilibre-de-l-emploi-est-inferieur-a-zero-pour-le-canada\">Le point d\u2019\u00e9quilibre de l\u2019emploi est inf\u00e9rieur \u00e0 z\u00e9ro pour le Canada<\/h4>\n\n\n\n<p>Au Canada, nous estimons que le point d\u2019\u00e9quilibre de l\u2019emploi s\u2019\u00e9tablira en moyenne \u00e0 -10&nbsp;000 par mois cette ann\u00e9e, contre 25&nbsp;000 en 2025; c\u2019est aussi nettement en de\u00e7\u00e0 du niveau \u00e9lev\u00e9 de 60&nbsp;000 en 2023 et 2024, une p\u00e9riode marqu\u00e9e par l\u2019expansion de l\u2019immigration et de la population.<\/p>\n\n\n\n<p>Cons\u00e9quence de ce d\u00e9clin, de modestes pertes d\u2019emplois qui susciteraient normalement des craintes de r\u00e9cession seraient plut\u00f4t tout \u00e0 fait compatibles avec une am\u00e9lioration des conditions sur le march\u00e9 du travail. Nous pr\u00e9voyons que le taux de ch\u00f4mage au Canada baissera \u00e0 6,3&nbsp;% d\u2019ici la fin de l\u2019ann\u00e9e, gr\u00e2ce \u00e0 des gains modestes, mais g\u00e9n\u00e9ralement positifs.<\/p>\n\n\n\n<p>Un redressement de la demande des m\u00e9nages, combin\u00e9 \u00e0 un ralentissement de la croissance de la population active et \u00e0 une stagnation de la productivit\u00e9, pourrait entra\u00eener une r\u00e9apparition des p\u00e9nuries de main-d\u2019\u0153uvre. Au cours de la prochaine d\u00e9cennie, la politique canadienne d\u2019immigration devra trouver le juste \u00e9quilibre entre apaiser les pr\u00e9occupations entourant une croissance d\u00e9mographique rapide et lutter contre la p\u00e9nurie de main-d\u2019\u0153uvre.<\/p>\n\n\n\n<hr class=\"wp-block-separator has-alpha-channel-opacity is-style-wide wide\" \/>\n\n\n\n<div id=\"everviz-np5wTftzU\" class=\"everviz-np5wTftzU\" data-view=\"graph\"><\/div>\n\n\n\n<hr class=\"wp-block-separator has-alpha-channel-opacity is-style-wide wide\" \/>\n\n\n\n<h4 class=\"wp-block-heading has-rbc-bright-blue-color has-text-color has-link-color has-text-lg-font-size wp-elements-1ad026080f378b935d7752a339838ee4\" id=\"h-le-point-d-equilibre-est-d-environ-40-nbsp-000-nbsp-emplois-par-mois-aux-etats-unis\">Le point d\u2019\u00e9quilibre est d\u2019environ 40&nbsp;000&nbsp;emplois par mois aux \u00c9tats-Unis<\/h4>\n\n\n\n<p>La politique d\u2019immigration stricte et le vieillissement de la population red\u00e9finissent \u00e9galement la population active aux \u00c9tats-Unis, c\u2019est pourquoi nous avons abaiss\u00e9 notre estimation du point d\u2019\u00e9quilibre de l\u2019emploi, de 100&nbsp;000 en 2024 \u00e0 40&nbsp;000 en 2025. Nous reverrons ces estimations \u00e0 la suite des r\u00e9visions des donn\u00e9es de r\u00e9f\u00e9rence du QCEW et les rajustements d\u00e9mographiques apport\u00e9s \u00e0 l\u2019enqu\u00eate aupr\u00e8s des m\u00e9nages au printemps.<\/p>\n\n\n\n<p>Globalement, et contrairement au march\u00e9 canadien du travail, qui semble avoir touch\u00e9 un creux, la faiblesse cyclique devrait se poursuivre aux \u00c9tats-Unis selon nous, le taux de ch\u00f4mage atteignant un sommet de 4,6&nbsp;%, avant de reculer graduellement plus tard cette ann\u00e9e. Cela signifie que le ralentissement de la cr\u00e9ation d\u2019emplois observ\u00e9 \u00e0 la fin de 2025 continuera \u00e0 court terme.<\/p>\n\n\n\n<p>Enfin, il est important de noter que le point d\u2019\u00e9quilibre de l\u2019emploi n\u2019est pas fixe. Il continuera de fluctuer en fonction des changements apport\u00e9s \u00e0 la politique d\u2019immigration et des tendances d\u00e9mographiques \u00e0 long terme. Pour tout savoir sur notre estimation du point d\u2019\u00e9quilibre de l\u2019emploi, cliquez <a href=\"https:\/\/www.rbc.com\/fr\/economique\/analyse-pour-le-canada\/analyse-en-vedette\/perspectives\/changement-de-cap-du-marche-de-lemploi-au-canada-rajustement-du-point-dequilibre-de-lemploi\/#%20\" target=\"_blank\" data-dig-id=\"LP-Lepointsurlespr\u00e9visionsmensuelles-3546-5d878e1c\" data-dig-category=\"LP-Lepointsurlespr\u00e9visionsmensuelles\" data-dig-action=\"link click\" data-dig-label=\"ici\" rel=\"noreferrer noopener\" class=\"rbc-link-format\">ici<\/a> pour celle concernant le Canada et <a href=\"https:\/\/www.rbc.com\/fr\/economique\/analyse-pour-les-etats-unis\/analyse-en-vedette-analyse-pour-les-etats-unis\/le-point-dequilibre-de-lemploi-diminue-aux-etats-unis\/\" target=\"_blank\" data-dig-id=\"LP-Lepointsurlespr\u00e9visionsmensuelles-3546-5d878e1c\" data-dig-category=\"LP-Lepointsurlespr\u00e9visionsmensuelles\" data-dig-action=\"link click\" data-dig-label=\"ici\" rel=\"noreferrer noopener\" class=\"rbc-link-format\">ici<\/a> pour celle concernant les \u00c9tats-Unis.<\/p>\n\n\n\n<hr class=\"wp-block-separator has-alpha-channel-opacity wide is-style-wide\" \/>\n\n\n\n<div class=\"wp-block-buttons is-content-justification-center is-layout-flex wp-container-core-buttons-is-layout-a89b3969 wp-block-buttons-is-layout-flex\"><div>\n<div class=\"wp-block-button has-custom-width wp-block-button__width-25 is-style-primary primary btn before mar-r-hlf\"><a class=\"wp-block-button__link has-text-sm-font-size has-custom-font-size wp-element-button\" href=\"https:\/\/www.rbc.com\/fr\/economique\/wp-content\/uploads\/sites\/24\/2026\/01\/FR-economy_can-Jan-2026.pdf\" target=\"_blank\" rel=\"noreferrer noopener\" data-dig-id=\"LP-Lepointsurlespr\u00e9visionsmensuelles-3546-69a37039\" data-dig-category=\"LP-Lepointsurlespr\u00e9visionsmensuelles\" data-dig-action=\"button click\" data-dig-label=\"Economic Forecast Detail: Canada\">Pr\u00e9visions<br>\u00e9conomiques :<br>Canada<\/a><\/div>\n\n\n\n<div class=\"wp-block-button has-custom-width wp-block-button__width-25 is-style-primary primary btn before mar-r-hlf\"><a class=\"wp-block-button__link has-text-sm-font-size has-custom-font-size wp-element-button\" href=\"https:\/\/www.rbc.com\/fr\/economique\/wp-content\/uploads\/sites\/24\/2026\/01\/FR-economy_us-Jan-2026.pdf\" target=\"_blank\" rel=\"noreferrer noopener\" data-dig-id=\"LP-Lepointsurlespr\u00e9visionsmensuelles-3546-69a37039\" data-dig-category=\"LP-Lepointsurlespr\u00e9visionsmensuelles\" data-dig-action=\"button click\" data-dig-label=\"Economic Forecast Detail: U.S.\">Pr\u00e9visions<br>\u00e9conomiques :<br>\u00c9.-U.<\/a><\/div>\n\n\n\n<div class=\"wp-block-button is-style-primary primary btn before\"><a class=\"wp-block-button__link has-text-sm-font-size has-text-align-center has-custom-font-size wp-element-button\" href=\"https:\/\/www.rbc.com\/fr\/economique\/wp-content\/uploads\/sites\/24\/2026\/01\/FR-2026-January-Rates.pdf.pdf\" target=\"_blank\" rel=\"noreferrer noopener\" data-dig-id=\"LP-Lepointsurlespr\u00e9visionsmensuelles-3546-69a37039\" data-dig-category=\"LP-Lepointsurlespr\u00e9visionsmensuelles\" data-dig-action=\"button click\" data-dig-label=\"Interest rates and Key FX rates\">Perspectives<br>de taux<br>d&rsquo;int\u00e9r\u00eat<\/a><\/div>\n<\/div><\/div>\n\n\n\n<hr class=\"wp-block-separator has-alpha-channel-opacity is-style-wide wide\" \/>\n\n\n\n<p class=\"has-text-align-left\"><em><em><strong>Claire Fan<\/strong>&nbsp;est \u00e9conomiste <em>principale<\/em> \u00e0 RBC. Elle se concentre sur les tendances macro\u00e9conomiques et est charg\u00e9e d\u2019\u00e9tablir des pr\u00e9visions relatives au PIB, au march\u00e9 du travail et \u00e0 l\u2019inflation pour le Canada et les \u00c9tats-Unis, en fonction des principaux indicateurs.<\/em><\/em><\/p>\n<\/div>\n<\/section>\n","protected":false},"excerpt":{"rendered":"","protected":false},"author":318,"featured_media":2235,"comment_status":"open","ping_status":"open","sticky":false,"template":"","format":"standard","meta":{"_acf_changed":false,"advgb_blocks_editor_width":"","advgb_blocks_columns_visual_guide":"","footnotes":""},"categories":[29],"tags":[],"rbc_econ_content_type":[],"class_list":["post-3546","post","type-post","status-publish","format-standard","has-post-thumbnail","hentry","category-marches-financiers"],"acf":[],"yoast_head":"<!-- This site is optimized with the Yoast SEO Premium plugin v27.2 (Yoast SEO v27.2) - https:\/\/yoast.com\/product\/yoast-seo-premium-wordpress\/ -->\n<title>Les banques centrales garderont le cap en 2026 - RBC Economique<\/title>\n<meta name=\"robots\" content=\"index, follow, max-snippet:-1, max-image-preview:large, max-video-preview:-1\" \/>\n<link rel=\"canonical\" href=\"https:\/\/www.rbc.com\/fr\/economique\/marches-financiers\/les-banques-centrales-garderont-le-cap-en-2026\/\" \/>\n<meta property=\"og:locale\" content=\"fr_FR\" \/>\n<meta property=\"og:type\" content=\"article\" \/>\n<meta property=\"og:title\" content=\"Les banques centrales garderont le cap en 2026\" \/>\n<meta property=\"og:url\" content=\"https:\/\/www.rbc.com\/fr\/economique\/marches-financiers\/les-banques-centrales-garderont-le-cap-en-2026\/\" \/>\n<meta property=\"og:site_name\" content=\"RBC Economique\" \/>\n<meta property=\"article:published_time\" content=\"2026-01-14T15:34:11+00:00\" \/>\n<meta property=\"article:modified_time\" content=\"2026-01-21T15:42:57+00:00\" \/>\n<meta property=\"og:image\" content=\"https:\/\/www.rbc.com\/fr\/economique\/wp-content\/uploads\/sites\/24\/\/2025\/10\/mfu-new-oct10-25.png?quality=80\" \/>\n\t<meta property=\"og:image:width\" content=\"3067\" \/>\n\t<meta property=\"og:image:height\" content=\"1850\" \/>\n\t<meta property=\"og:image:type\" content=\"image\/png\" \/>\n<meta name=\"author\" content=\"viktoriyapanahova\" \/>\n<meta name=\"twitter:card\" content=\"summary_large_image\" \/>\n<meta name=\"twitter:label1\" content=\"Written by\" \/>\n\t<meta name=\"twitter:data1\" content=\"viktoriyapanahova\" \/>\n\t<meta name=\"twitter:label2\" content=\"Est. reading time\" \/>\n\t<meta name=\"twitter:data2\" content=\"17 minutes\" \/>\n<script type=\"application\/ld+json\" class=\"yoast-schema-graph\">{\"@context\":\"https:\/\/schema.org\",\"@graph\":[{\"@type\":\"Article\",\"@id\":\"https:\/\/www.rbc.com\/fr\/economique\/marches-financiers\/les-banques-centrales-garderont-le-cap-en-2026\/#article\",\"isPartOf\":{\"@id\":\"https:\/\/www.rbc.com\/fr\/economique\/marches-financiers\/les-banques-centrales-garderont-le-cap-en-2026\/\"},\"author\":{\"name\":\"viktoriyapanahova\",\"@id\":\"https:\/\/www.rbc.com\/fr\/economique\/#\/schema\/person\/109dd1bd3c90e818f8159356d46905ea\"},\"headline\":\"Les banques centrales garderont le cap en 2026\",\"datePublished\":\"2026-01-14T15:34:11+00:00\",\"dateModified\":\"2026-01-21T15:42:57+00:00\",\"mainEntityOfPage\":{\"@id\":\"https:\/\/www.rbc.com\/fr\/economique\/marches-financiers\/les-banques-centrales-garderont-le-cap-en-2026\/\"},\"wordCount\":3044,\"commentCount\":0,\"image\":{\"@id\":\"https:\/\/www.rbc.com\/fr\/economique\/marches-financiers\/les-banques-centrales-garderont-le-cap-en-2026\/#primaryimage\"},\"thumbnailUrl\":\"https:\/\/www.rbc.com\/fr\/economique\/wp-content\/uploads\/sites\/24\/\/2025\/10\/mfu-new-oct10-25.png?quality=80\",\"articleSection\":[\"Le point sur les pr\u00e9visions mensuelles\"],\"inLanguage\":\"fr-FR\",\"potentialAction\":[{\"@type\":\"CommentAction\",\"name\":\"Comment\",\"target\":[\"https:\/\/www.rbc.com\/fr\/economique\/marches-financiers\/les-banques-centrales-garderont-le-cap-en-2026\/#respond\"]}]},{\"@type\":\"WebPage\",\"@id\":\"https:\/\/www.rbc.com\/fr\/economique\/marches-financiers\/les-banques-centrales-garderont-le-cap-en-2026\/\",\"url\":\"https:\/\/www.rbc.com\/fr\/economique\/marches-financiers\/les-banques-centrales-garderont-le-cap-en-2026\/\",\"name\":\"Les banques centrales garderont le cap en 2026 - RBC Economique\",\"isPartOf\":{\"@id\":\"https:\/\/www.rbc.com\/fr\/economique\/#website\"},\"primaryImageOfPage\":{\"@id\":\"https:\/\/www.rbc.com\/fr\/economique\/marches-financiers\/les-banques-centrales-garderont-le-cap-en-2026\/#primaryimage\"},\"image\":{\"@id\":\"https:\/\/www.rbc.com\/fr\/economique\/marches-financiers\/les-banques-centrales-garderont-le-cap-en-2026\/#primaryimage\"},\"thumbnailUrl\":\"https:\/\/www.rbc.com\/fr\/economique\/wp-content\/uploads\/sites\/24\/\/2025\/10\/mfu-new-oct10-25.png?quality=80\",\"datePublished\":\"2026-01-14T15:34:11+00:00\",\"dateModified\":\"2026-01-21T15:42:57+00:00\",\"author\":{\"@id\":\"https:\/\/www.rbc.com\/fr\/economique\/#\/schema\/person\/109dd1bd3c90e818f8159356d46905ea\"},\"breadcrumb\":{\"@id\":\"https:\/\/www.rbc.com\/fr\/economique\/marches-financiers\/les-banques-centrales-garderont-le-cap-en-2026\/#breadcrumb\"},\"inLanguage\":\"fr-FR\",\"potentialAction\":[{\"@type\":\"ReadAction\",\"target\":[\"https:\/\/www.rbc.com\/fr\/economique\/marches-financiers\/les-banques-centrales-garderont-le-cap-en-2026\/\"]}]},{\"@type\":\"ImageObject\",\"inLanguage\":\"fr-FR\",\"@id\":\"https:\/\/www.rbc.com\/fr\/economique\/marches-financiers\/les-banques-centrales-garderont-le-cap-en-2026\/#primaryimage\",\"url\":\"https:\/\/www.rbc.com\/fr\/economique\/wp-content\/uploads\/sites\/24\/\/2025\/10\/mfu-new-oct10-25.png?quality=80\",\"contentUrl\":\"https:\/\/www.rbc.com\/fr\/economique\/wp-content\/uploads\/sites\/24\/\/2025\/10\/mfu-new-oct10-25.png?quality=80\",\"width\":3067,\"height\":1850},{\"@type\":\"BreadcrumbList\",\"@id\":\"https:\/\/www.rbc.com\/fr\/economique\/marches-financiers\/les-banques-centrales-garderont-le-cap-en-2026\/#breadcrumb\",\"itemListElement\":[{\"@type\":\"ListItem\",\"position\":1,\"name\":\"Home\",\"item\":\"https:\/\/www.rbc.com\/fr\/economique\/\"},{\"@type\":\"ListItem\",\"position\":2,\"name\":\"Les banques centrales garderont le cap en 2026\"}]},{\"@type\":\"WebSite\",\"@id\":\"https:\/\/www.rbc.com\/fr\/economique\/#website\",\"url\":\"https:\/\/www.rbc.com\/fr\/economique\/\",\"name\":\"RBC Economique\",\"description\":\"\",\"potentialAction\":[{\"@type\":\"SearchAction\",\"target\":{\"@type\":\"EntryPoint\",\"urlTemplate\":\"https:\/\/www.rbc.com\/fr\/economique\/?s={search_term_string}\"},\"query-input\":{\"@type\":\"PropertyValueSpecification\",\"valueRequired\":true,\"valueName\":\"search_term_string\"}}],\"inLanguage\":\"fr-FR\"},{\"@type\":\"Person\",\"@id\":\"https:\/\/www.rbc.com\/fr\/economique\/#\/schema\/person\/109dd1bd3c90e818f8159356d46905ea\",\"name\":\"viktoriyapanahova\",\"image\":{\"@type\":\"ImageObject\",\"inLanguage\":\"fr-FR\",\"@id\":\"https:\/\/secure.gravatar.com\/avatar\/885bcff339d33080f070ec9cbe77fcf3007653305ae17de7827e19af43e61913?s=96&d=mm&r=g\",\"url\":\"https:\/\/secure.gravatar.com\/avatar\/885bcff339d33080f070ec9cbe77fcf3007653305ae17de7827e19af43e61913?s=96&d=mm&r=g\",\"contentUrl\":\"https:\/\/secure.gravatar.com\/avatar\/885bcff339d33080f070ec9cbe77fcf3007653305ae17de7827e19af43e61913?s=96&d=mm&r=g\",\"caption\":\"viktoriyapanahova\"},\"url\":\"https:\/\/www.rbc.com\/fr\/economique\/author\/viktoriyapanahova\/\"}]}<\/script>\n<!-- \/ Yoast SEO Premium plugin. -->","yoast_head_json":{"title":"Les banques centrales garderont le cap en 2026 - RBC Economique","robots":{"index":"index","follow":"follow","max-snippet":"max-snippet:-1","max-image-preview":"max-image-preview:large","max-video-preview":"max-video-preview:-1"},"canonical":"https:\/\/www.rbc.com\/fr\/economique\/marches-financiers\/les-banques-centrales-garderont-le-cap-en-2026\/","og_locale":"fr_FR","og_type":"article","og_title":"Les banques centrales garderont le cap en 2026","og_url":"https:\/\/www.rbc.com\/fr\/economique\/marches-financiers\/les-banques-centrales-garderont-le-cap-en-2026\/","og_site_name":"RBC Economique","article_published_time":"2026-01-14T15:34:11+00:00","article_modified_time":"2026-01-21T15:42:57+00:00","og_image":[{"width":3067,"height":1850,"url":"https:\/\/www.rbc.com\/fr\/economique\/wp-content\/uploads\/sites\/24\/\/2025\/10\/mfu-new-oct10-25.png?quality=80","type":"image\/png"}],"author":"viktoriyapanahova","twitter_card":"summary_large_image","twitter_misc":{"Written by":"viktoriyapanahova","Est. reading time":"17 minutes"},"schema":{"@context":"https:\/\/schema.org","@graph":[{"@type":"Article","@id":"https:\/\/www.rbc.com\/fr\/economique\/marches-financiers\/les-banques-centrales-garderont-le-cap-en-2026\/#article","isPartOf":{"@id":"https:\/\/www.rbc.com\/fr\/economique\/marches-financiers\/les-banques-centrales-garderont-le-cap-en-2026\/"},"author":{"name":"viktoriyapanahova","@id":"https:\/\/www.rbc.com\/fr\/economique\/#\/schema\/person\/109dd1bd3c90e818f8159356d46905ea"},"headline":"Les banques centrales garderont le cap en 2026","datePublished":"2026-01-14T15:34:11+00:00","dateModified":"2026-01-21T15:42:57+00:00","mainEntityOfPage":{"@id":"https:\/\/www.rbc.com\/fr\/economique\/marches-financiers\/les-banques-centrales-garderont-le-cap-en-2026\/"},"wordCount":3044,"commentCount":0,"image":{"@id":"https:\/\/www.rbc.com\/fr\/economique\/marches-financiers\/les-banques-centrales-garderont-le-cap-en-2026\/#primaryimage"},"thumbnailUrl":"https:\/\/www.rbc.com\/fr\/economique\/wp-content\/uploads\/sites\/24\/\/2025\/10\/mfu-new-oct10-25.png?quality=80","articleSection":["Le point sur les pr\u00e9visions mensuelles"],"inLanguage":"fr-FR","potentialAction":[{"@type":"CommentAction","name":"Comment","target":["https:\/\/www.rbc.com\/fr\/economique\/marches-financiers\/les-banques-centrales-garderont-le-cap-en-2026\/#respond"]}]},{"@type":"WebPage","@id":"https:\/\/www.rbc.com\/fr\/economique\/marches-financiers\/les-banques-centrales-garderont-le-cap-en-2026\/","url":"https:\/\/www.rbc.com\/fr\/economique\/marches-financiers\/les-banques-centrales-garderont-le-cap-en-2026\/","name":"Les banques centrales garderont le cap en 2026 - RBC Economique","isPartOf":{"@id":"https:\/\/www.rbc.com\/fr\/economique\/#website"},"primaryImageOfPage":{"@id":"https:\/\/www.rbc.com\/fr\/economique\/marches-financiers\/les-banques-centrales-garderont-le-cap-en-2026\/#primaryimage"},"image":{"@id":"https:\/\/www.rbc.com\/fr\/economique\/marches-financiers\/les-banques-centrales-garderont-le-cap-en-2026\/#primaryimage"},"thumbnailUrl":"https:\/\/www.rbc.com\/fr\/economique\/wp-content\/uploads\/sites\/24\/\/2025\/10\/mfu-new-oct10-25.png?quality=80","datePublished":"2026-01-14T15:34:11+00:00","dateModified":"2026-01-21T15:42:57+00:00","author":{"@id":"https:\/\/www.rbc.com\/fr\/economique\/#\/schema\/person\/109dd1bd3c90e818f8159356d46905ea"},"breadcrumb":{"@id":"https:\/\/www.rbc.com\/fr\/economique\/marches-financiers\/les-banques-centrales-garderont-le-cap-en-2026\/#breadcrumb"},"inLanguage":"fr-FR","potentialAction":[{"@type":"ReadAction","target":["https:\/\/www.rbc.com\/fr\/economique\/marches-financiers\/les-banques-centrales-garderont-le-cap-en-2026\/"]}]},{"@type":"ImageObject","inLanguage":"fr-FR","@id":"https:\/\/www.rbc.com\/fr\/economique\/marches-financiers\/les-banques-centrales-garderont-le-cap-en-2026\/#primaryimage","url":"https:\/\/www.rbc.com\/fr\/economique\/wp-content\/uploads\/sites\/24\/\/2025\/10\/mfu-new-oct10-25.png?quality=80","contentUrl":"https:\/\/www.rbc.com\/fr\/economique\/wp-content\/uploads\/sites\/24\/\/2025\/10\/mfu-new-oct10-25.png?quality=80","width":3067,"height":1850},{"@type":"BreadcrumbList","@id":"https:\/\/www.rbc.com\/fr\/economique\/marches-financiers\/les-banques-centrales-garderont-le-cap-en-2026\/#breadcrumb","itemListElement":[{"@type":"ListItem","position":1,"name":"Home","item":"https:\/\/www.rbc.com\/fr\/economique\/"},{"@type":"ListItem","position":2,"name":"Les banques centrales garderont le cap en 2026"}]},{"@type":"WebSite","@id":"https:\/\/www.rbc.com\/fr\/economique\/#website","url":"https:\/\/www.rbc.com\/fr\/economique\/","name":"RBC Economique","description":"","potentialAction":[{"@type":"SearchAction","target":{"@type":"EntryPoint","urlTemplate":"https:\/\/www.rbc.com\/fr\/economique\/?s={search_term_string}"},"query-input":{"@type":"PropertyValueSpecification","valueRequired":true,"valueName":"search_term_string"}}],"inLanguage":"fr-FR"},{"@type":"Person","@id":"https:\/\/www.rbc.com\/fr\/economique\/#\/schema\/person\/109dd1bd3c90e818f8159356d46905ea","name":"viktoriyapanahova","image":{"@type":"ImageObject","inLanguage":"fr-FR","@id":"https:\/\/secure.gravatar.com\/avatar\/885bcff339d33080f070ec9cbe77fcf3007653305ae17de7827e19af43e61913?s=96&d=mm&r=g","url":"https:\/\/secure.gravatar.com\/avatar\/885bcff339d33080f070ec9cbe77fcf3007653305ae17de7827e19af43e61913?s=96&d=mm&r=g","contentUrl":"https:\/\/secure.gravatar.com\/avatar\/885bcff339d33080f070ec9cbe77fcf3007653305ae17de7827e19af43e61913?s=96&d=mm&r=g","caption":"viktoriyapanahova"},"url":"https:\/\/www.rbc.com\/fr\/economique\/author\/viktoriyapanahova\/"}]}},"author_meta":{"display_name":"viktoriyapanahova","author_link":"https:\/\/www.rbc.com\/fr\/economique\/author\/viktoriyapanahova\/"},"featured_img":"https:\/\/www.rbc.com\/fr\/economique\/wp-content\/uploads\/sites\/24\/\/2025\/10\/mfu-new-oct10-25.png?quality=80&w=300","jetpack_featured_media_url":"https:\/\/www.rbc.com\/fr\/economique\/wp-content\/uploads\/sites\/24\/\/2025\/10\/mfu-new-oct10-25.png?quality=80","coauthors":[],"tax_additional":{"categories":{"linked":["<a href=\"https:\/\/www.rbc.com\/fr\/economique\/category\/marches-financiers\/\" class=\"advgb-post-tax-term\">Le point sur les pr\u00e9visions mensuelles<\/a>"],"unlinked":["<span class=\"advgb-post-tax-term\">Le point sur les pr\u00e9visions mensuelles<\/span>"]}},"comment_count":"0","relative_dates":{"created":"Publi\u00e9 3 mois il y a","modified":"Mis \u00e0 jour 3 mois il y a"},"absolute_dates":{"created":"Publi\u00e9 le 14 janvier 2026","modified":"Mise \u00e0 jour le 21 janvier 2026"},"absolute_dates_time":{"created":"Publi\u00e9 le 14 janvier 2026 3:34  ","modified":"Mise \u00e0 jour le 21 janvier 2026 3:42  "},"featured_img_caption":"","series_order":"","_links":{"self":[{"href":"https:\/\/www.rbc.com\/fr\/economique\/wp-json\/wp\/v2\/posts\/3546","targetHints":{"allow":["GET"]}}],"collection":[{"href":"https:\/\/www.rbc.com\/fr\/economique\/wp-json\/wp\/v2\/posts"}],"about":[{"href":"https:\/\/www.rbc.com\/fr\/economique\/wp-json\/wp\/v2\/types\/post"}],"author":[{"embeddable":true,"href":"https:\/\/www.rbc.com\/fr\/economique\/wp-json\/wp\/v2\/users\/318"}],"replies":[{"embeddable":true,"href":"https:\/\/www.rbc.com\/fr\/economique\/wp-json\/wp\/v2\/comments?post=3546"}],"version-history":[{"count":14,"href":"https:\/\/www.rbc.com\/fr\/economique\/wp-json\/wp\/v2\/posts\/3546\/revisions"}],"predecessor-version":[{"id":3560,"href":"https:\/\/www.rbc.com\/fr\/economique\/wp-json\/wp\/v2\/posts\/3546\/revisions\/3560"}],"wp:featuredmedia":[{"embeddable":true,"href":"https:\/\/www.rbc.com\/fr\/economique\/wp-json\/wp\/v2\/media\/2235"}],"wp:attachment":[{"href":"https:\/\/www.rbc.com\/fr\/economique\/wp-json\/wp\/v2\/media?parent=3546"}],"wp:term":[{"taxonomy":"category","embeddable":true,"href":"https:\/\/www.rbc.com\/fr\/economique\/wp-json\/wp\/v2\/categories?post=3546"},{"taxonomy":"post_tag","embeddable":true,"href":"https:\/\/www.rbc.com\/fr\/economique\/wp-json\/wp\/v2\/tags?post=3546"},{"taxonomy":"rbc_econ_content_type","embeddable":true,"href":"https:\/\/www.rbc.com\/fr\/economique\/wp-json\/wp\/v2\/rbc_econ_content_type?post=3546"}],"curies":[{"name":"wp","href":"https:\/\/api.w.org\/{rel}","templated":true}]}}