{"id":3522,"date":"2026-01-16T20:56:19","date_gmt":"2026-01-16T20:56:19","guid":{"rendered":"https:\/\/www.rbc.com\/fr\/economique\/?p=3522"},"modified":"2026-01-19T20:57:03","modified_gmt":"2026-01-19T20:57:03","slug":"la-resilience-des-consommateurs-soutenue-par-le-repli-de-lepargne","status":"publish","type":"post","link":"https:\/\/www.rbc.com\/fr\/economique\/analyse-pour-les-etats-unis\/cette-semaine-aux-etats-unis\/la-resilience-des-consommateurs-soutenue-par-le-repli-de-lepargne\/","title":{"rendered":"La r\u00e9silience des consommateurs soutenue par le repli de l\u2019\u00e9pargne"},"content":{"rendered":"\n<section class=\"wp-block-rbc-section-block  pos-rel\" style=\"border-radius:0px\">\n<div class=\"wp-block-rbc-section-inner-block  section-inner\" style=\"border-radius:0x\">\n<p>La semaine prochaine, nous continuerons de faire du rattrapage \u00e0 propos de la publication du rapport sur le revenu et les d\u00e9penses des particuliers de novembre. Heureusement, comme certaines donn\u00e9es de novembre sont d\u00e9j\u00e0 disponibles, nous ne pr\u00e9voyons aucune surprise. Selon nous, les d\u00e9flateurs des d\u00e9penses personnelles de consommation (DPC) globale et de base devraient afficher une l\u00e9g\u00e8re hausse de 0,1&nbsp;% d\u2019un mois sur l\u2019autre, conform\u00e9ment aux donn\u00e9es de l\u2019IPC de novembre. La surprise du rapport de novembre est en grande partie attribuable au ralentissement du march\u00e9 de l\u2019habitation, qui p\u00e8se davantage dans le panier de l\u2019IPC. Dans les DPC, le poids des services de soins m\u00e9dicaux est \u00e0 la hausse, et les donn\u00e9es sur l\u2019IPP de novembre montrent une l\u00e9g\u00e8re augmentation pour la plupart des services m\u00e9dicaux. Cela signifie que nous devrions voir une courbe des DPC qui refl\u00e8te l\u2019IPC et, le cas \u00e9ch\u00e9ant, nous nous attendons \u00e0 ce que le rythme sur 12 mois des DPC et des DPC de base ralentisse \u00e0 2,6&nbsp;%.<\/p>\n\n\n\n<p>Nous obtenons \u00e9galement des donn\u00e9es sur le revenu et les d\u00e9penses des particuliers pour octobre et novembre. Nous nous attendons \u00e0 ce que la forte dynamique des d\u00e9penses se poursuive, ce qui a \u00e9t\u00e9 refl\u00e9t\u00e9 dans les rapports sur les ventes au d\u00e9tail&nbsp;: le groupe t\u00e9moin (qui contribue directement aux estimations du PIB pour la consommation) a enregistr\u00e9 une forte croissance en octobre (+0,6&nbsp;% d\u2019un mois sur l\u2019autre) et en novembre (+0,4&nbsp;% d\u2019un mois sur l\u2019autre). Du c\u00f4t\u00e9 des services, la croissance a \u00e9t\u00e9 tr\u00e8s forte en 2025, car les d\u00e9penses r\u00e9elles en services se sont acc\u00e9l\u00e9r\u00e9es depuis janvier. \u00c9tant donn\u00e9 que les ventes au d\u00e9tail refl\u00e8tent principalement les d\u00e9penses en biens, la hausse surprise porte \u00e0 croire que les d\u00e9penses personnelles devraient augmenter de 0,6&nbsp;% sur un mois en novembre. Pour octobre, nous pr\u00e9voyons un l\u00e9ger ralentissement (+0,2&nbsp;% sur un mois). N\u00e9anmoins, nous pensons qu\u2019une partie de l\u2019\u00e9lan des d\u00e9penses se fait au d\u00e9triment de l\u2019\u00e9pargne, qui est pass\u00e9e de 5,1&nbsp;% en janvier \u00e0 4,0&nbsp;% en septembre. Nous soup\u00e7onnons que la baisse de l\u2019\u00e9pargne est en partie attribuable \u00e0 la rentr\u00e9e des classes et aux d\u00e9penses de la p\u00e9riode des f\u00eates, \u00e0 un moment o\u00f9 les pr\u00e9occupations \u00e0 l\u2019\u00e9gard des tarifs douaniers \u00e9taient au centre des pr\u00e9occupations, et pourrait refl\u00e9ter un \u00e9lan de la consommation. Nous surveillerons comment les consommateurs se sentiront en janvier, lorsque les perturbations saisonni\u00e8res se dissiperont. Pour l\u2019instant, les d\u00e9penses de consommation devraient maintenir une forte croissance du PIB au quatri\u00e8me trimestre.<\/p>\n\n\n\n<div id=\"everviz-L_Qdk8EGH\" class=\"everviz-L_Qdk8EGH\" data-view=\"graph\"><\/div>\n\n\n\n<hr class=\"wp-block-separator has-alpha-channel-opacity is-style-wide wide\" \/>\n\n\n\n<p><em><strong>Mike Reid<\/strong>&nbsp;est Directeur et chef de la recherche sur l\u2019\u00e9conomie aux \u00c9tats-Unis&nbsp;\u00e0 RBC.&nbsp;Il est charg\u00e9 d\u2019\u00e9tablir les perspectives \u00e9conomiques de RBC pour les \u00c9tats-Unis, de commenter les indicateurs macro\u00e9conomiques et de r\u00e9diger des analyses concernant le contexte \u00e9conomique.<\/em><\/p>\n\n\n\n<p><em><strong>Carrie Freestone<\/strong>&nbsp;est \u00e9conomiste principale aux \u00c9tats-Unis \u00e0 RBC et membre de l\u2019\u00e9quipe des Services \u00e9conomiques aux \u00c9tats-Unis \u00e0 RBC&nbsp;March\u00e9s des Capitaux. Elle est responsable de pr\u00e9voir les principaux indicateurs cl\u00e9s am\u00e9ricains, notamment le PIB, l\u2019emploi, les d\u00e9penses de consommation et l\u2019inflation aux \u00c9tats-Unis. Elle contribue \u00e9galement aux commentaires sur la conjoncture \u00e9conomique aux \u00c9tats-Unis qu\u2019elle transmet aux clients au moyen de publications, de pr\u00e9sentations et par l\u2019interm\u00e9diaire des m\u00e9dias.<\/em><\/p>\n\n\n\n<p><em><strong>Imri Haggin<\/strong>&nbsp;est \u00e9conomiste \u00e0 RBC March\u00e9s des Capitaux, o\u00f9 il se concentre sur la recherche th\u00e9matique. Ses travaux ant\u00e9rieurs portaient sur la dynamique du cr\u00e9dit \u00e0 la consommation et la mod\u00e9lisation des liquidit\u00e9s, et mettaient l\u2019accent sur l\u2019utilisation des donn\u00e9es pour comprendre les comportements.<\/em><\/p>\n\n\n\n<hr class=\"wp-block-separator has-alpha-channel-opacity is-style-wide wide\" \/>\n<\/div>\n<\/section>\n","protected":false},"excerpt":{"rendered":"","protected":false},"author":189,"featured_media":2504,"comment_status":"open","ping_status":"open","sticky":false,"template":"","format":"standard","meta":{"_acf_changed":false,"advgb_blocks_editor_width":"","advgb_blocks_columns_visual_guide":"","footnotes":""},"categories":[76],"tags":[],"rbc_econ_content_type":[],"class_list":["post-3522","post","type-post","status-publish","format-standard","has-post-thumbnail","hentry","category-cette-semaine-aux-etats-unis"],"acf":[],"yoast_head":"<!-- This site is optimized with the Yoast SEO Premium plugin v27.2 (Yoast SEO v27.2) - https:\/\/yoast.com\/product\/yoast-seo-premium-wordpress\/ -->\n<title>La r\u00e9silience des consommateurs soutenue par le repli de l\u2019\u00e9pargne - RBC Economique<\/title>\n<meta name=\"robots\" content=\"index, follow, max-snippet:-1, max-image-preview:large, max-video-preview:-1\" \/>\n<link rel=\"canonical\" href=\"https:\/\/www.rbc.com\/fr\/economique\/analyse-pour-les-etats-unis\/cette-semaine-aux-etats-unis\/la-resilience-des-consommateurs-soutenue-par-le-repli-de-lepargne\/\" \/>\n<meta property=\"og:locale\" content=\"fr_FR\" \/>\n<meta property=\"og:type\" content=\"article\" \/>\n<meta property=\"og:title\" content=\"La r\u00e9silience des consommateurs soutenue par le repli de l\u2019\u00e9pargne\" \/>\n<meta property=\"og:url\" content=\"https:\/\/www.rbc.com\/fr\/economique\/analyse-pour-les-etats-unis\/cette-semaine-aux-etats-unis\/la-resilience-des-consommateurs-soutenue-par-le-repli-de-lepargne\/\" \/>\n<meta property=\"og:site_name\" content=\"RBC Economique\" \/>\n<meta property=\"article:published_time\" content=\"2026-01-16T20:56:19+00:00\" \/>\n<meta property=\"article:modified_time\" content=\"2026-01-19T20:57:03+00:00\" \/>\n<meta property=\"og:image\" content=\"https:\/\/www.rbc.com\/fr\/economique\/wp-content\/uploads\/sites\/24\/2025\/11\/FG-WA.png?quality=80\" \/>\n\t<meta property=\"og:image:width\" content=\"3067\" \/>\n\t<meta property=\"og:image:height\" content=\"1850\" \/>\n\t<meta property=\"og:image:type\" content=\"image\/png\" \/>\n<meta name=\"author\" content=\"aidansmithedgell\" \/>\n<meta name=\"twitter:card\" content=\"summary_large_image\" \/>\n<meta name=\"twitter:label1\" content=\"Written by\" \/>\n\t<meta name=\"twitter:data1\" content=\"aidansmithedgell\" \/>\n\t<meta name=\"twitter:label2\" content=\"Est. reading time\" \/>\n\t<meta name=\"twitter:data2\" content=\"4 minutes\" \/>\n<script type=\"application\/ld+json\" class=\"yoast-schema-graph\">{\"@context\":\"https:\/\/schema.org\",\"@graph\":[{\"@type\":\"Article\",\"@id\":\"https:\/\/www.rbc.com\/fr\/economique\/analyse-pour-les-etats-unis\/cette-semaine-aux-etats-unis\/la-resilience-des-consommateurs-soutenue-par-le-repli-de-lepargne\/#article\",\"isPartOf\":{\"@id\":\"https:\/\/www.rbc.com\/fr\/economique\/analyse-pour-les-etats-unis\/cette-semaine-aux-etats-unis\/la-resilience-des-consommateurs-soutenue-par-le-repli-de-lepargne\/\"},\"author\":{\"name\":\"aidansmithedgell\",\"@id\":\"https:\/\/www.rbc.com\/fr\/economique\/#\/schema\/person\/466b148147b6e1461c12a15420fc76fd\"},\"headline\":\"La r\u00e9silience des consommateurs soutenue par le repli de l\u2019\u00e9pargne\",\"datePublished\":\"2026-01-16T20:56:19+00:00\",\"dateModified\":\"2026-01-19T20:57:03+00:00\",\"mainEntityOfPage\":{\"@id\":\"https:\/\/www.rbc.com\/fr\/economique\/analyse-pour-les-etats-unis\/cette-semaine-aux-etats-unis\/la-resilience-des-consommateurs-soutenue-par-le-repli-de-lepargne\/\"},\"wordCount\":667,\"commentCount\":0,\"image\":{\"@id\":\"https:\/\/www.rbc.com\/fr\/economique\/analyse-pour-les-etats-unis\/cette-semaine-aux-etats-unis\/la-resilience-des-consommateurs-soutenue-par-le-repli-de-lepargne\/#primaryimage\"},\"thumbnailUrl\":\"https:\/\/www.rbc.com\/fr\/economique\/wp-content\/uploads\/sites\/24\/2025\/11\/FG-WA.png?quality=80\",\"articleSection\":[\"Cette semaine aux \u00c9tats-Unis\"],\"inLanguage\":\"fr-FR\",\"potentialAction\":[{\"@type\":\"CommentAction\",\"name\":\"Comment\",\"target\":[\"https:\/\/www.rbc.com\/fr\/economique\/analyse-pour-les-etats-unis\/cette-semaine-aux-etats-unis\/la-resilience-des-consommateurs-soutenue-par-le-repli-de-lepargne\/#respond\"]}]},{\"@type\":\"WebPage\",\"@id\":\"https:\/\/www.rbc.com\/fr\/economique\/analyse-pour-les-etats-unis\/cette-semaine-aux-etats-unis\/la-resilience-des-consommateurs-soutenue-par-le-repli-de-lepargne\/\",\"url\":\"https:\/\/www.rbc.com\/fr\/economique\/analyse-pour-les-etats-unis\/cette-semaine-aux-etats-unis\/la-resilience-des-consommateurs-soutenue-par-le-repli-de-lepargne\/\",\"name\":\"La r\u00e9silience des consommateurs soutenue par le repli de l\u2019\u00e9pargne - RBC Economique\",\"isPartOf\":{\"@id\":\"https:\/\/www.rbc.com\/fr\/economique\/#website\"},\"primaryImageOfPage\":{\"@id\":\"https:\/\/www.rbc.com\/fr\/economique\/analyse-pour-les-etats-unis\/cette-semaine-aux-etats-unis\/la-resilience-des-consommateurs-soutenue-par-le-repli-de-lepargne\/#primaryimage\"},\"image\":{\"@id\":\"https:\/\/www.rbc.com\/fr\/economique\/analyse-pour-les-etats-unis\/cette-semaine-aux-etats-unis\/la-resilience-des-consommateurs-soutenue-par-le-repli-de-lepargne\/#primaryimage\"},\"thumbnailUrl\":\"https:\/\/www.rbc.com\/fr\/economique\/wp-content\/uploads\/sites\/24\/2025\/11\/FG-WA.png?quality=80\",\"datePublished\":\"2026-01-16T20:56:19+00:00\",\"dateModified\":\"2026-01-19T20:57:03+00:00\",\"author\":{\"@id\":\"https:\/\/www.rbc.com\/fr\/economique\/#\/schema\/person\/466b148147b6e1461c12a15420fc76fd\"},\"breadcrumb\":{\"@id\":\"https:\/\/www.rbc.com\/fr\/economique\/analyse-pour-les-etats-unis\/cette-semaine-aux-etats-unis\/la-resilience-des-consommateurs-soutenue-par-le-repli-de-lepargne\/#breadcrumb\"},\"inLanguage\":\"fr-FR\",\"potentialAction\":[{\"@type\":\"ReadAction\",\"target\":[\"https:\/\/www.rbc.com\/fr\/economique\/analyse-pour-les-etats-unis\/cette-semaine-aux-etats-unis\/la-resilience-des-consommateurs-soutenue-par-le-repli-de-lepargne\/\"]}]},{\"@type\":\"ImageObject\",\"inLanguage\":\"fr-FR\",\"@id\":\"https:\/\/www.rbc.com\/fr\/economique\/analyse-pour-les-etats-unis\/cette-semaine-aux-etats-unis\/la-resilience-des-consommateurs-soutenue-par-le-repli-de-lepargne\/#primaryimage\",\"url\":\"https:\/\/www.rbc.com\/fr\/economique\/wp-content\/uploads\/sites\/24\/2025\/11\/FG-WA.png?quality=80\",\"contentUrl\":\"https:\/\/www.rbc.com\/fr\/economique\/wp-content\/uploads\/sites\/24\/2025\/11\/FG-WA.png?quality=80\",\"width\":3067,\"height\":1850},{\"@type\":\"BreadcrumbList\",\"@id\":\"https:\/\/www.rbc.com\/fr\/economique\/analyse-pour-les-etats-unis\/cette-semaine-aux-etats-unis\/la-resilience-des-consommateurs-soutenue-par-le-repli-de-lepargne\/#breadcrumb\",\"itemListElement\":[{\"@type\":\"ListItem\",\"position\":1,\"name\":\"Home\",\"item\":\"https:\/\/www.rbc.com\/fr\/economique\/\"},{\"@type\":\"ListItem\",\"position\":2,\"name\":\"La r\u00e9silience des consommateurs soutenue par le repli de l\u2019\u00e9pargne\"}]},{\"@type\":\"WebSite\",\"@id\":\"https:\/\/www.rbc.com\/fr\/economique\/#website\",\"url\":\"https:\/\/www.rbc.com\/fr\/economique\/\",\"name\":\"RBC Economique\",\"description\":\"\",\"potentialAction\":[{\"@type\":\"SearchAction\",\"target\":{\"@type\":\"EntryPoint\",\"urlTemplate\":\"https:\/\/www.rbc.com\/fr\/economique\/?s={search_term_string}\"},\"query-input\":{\"@type\":\"PropertyValueSpecification\",\"valueRequired\":true,\"valueName\":\"search_term_string\"}}],\"inLanguage\":\"fr-FR\"},{\"@type\":\"Person\",\"@id\":\"https:\/\/www.rbc.com\/fr\/economique\/#\/schema\/person\/466b148147b6e1461c12a15420fc76fd\",\"name\":\"aidansmithedgell\",\"image\":{\"@type\":\"ImageObject\",\"inLanguage\":\"fr-FR\",\"@id\":\"https:\/\/secure.gravatar.com\/avatar\/e247c7ada7a3507bb5f106189e928be8cf5b67a3b04e14a610c1d079d7f57847?s=96&d=mm&r=g\",\"url\":\"https:\/\/secure.gravatar.com\/avatar\/e247c7ada7a3507bb5f106189e928be8cf5b67a3b04e14a610c1d079d7f57847?s=96&d=mm&r=g\",\"contentUrl\":\"https:\/\/secure.gravatar.com\/avatar\/e247c7ada7a3507bb5f106189e928be8cf5b67a3b04e14a610c1d079d7f57847?s=96&d=mm&r=g\",\"caption\":\"aidansmithedgell\"},\"url\":\"https:\/\/www.rbc.com\/fr\/economique\/author\/aidansmithedgell\/\"}]}<\/script>\n<!-- \/ Yoast SEO Premium plugin. -->","yoast_head_json":{"title":"La r\u00e9silience des consommateurs soutenue par le repli de l\u2019\u00e9pargne - RBC Economique","robots":{"index":"index","follow":"follow","max-snippet":"max-snippet:-1","max-image-preview":"max-image-preview:large","max-video-preview":"max-video-preview:-1"},"canonical":"https:\/\/www.rbc.com\/fr\/economique\/analyse-pour-les-etats-unis\/cette-semaine-aux-etats-unis\/la-resilience-des-consommateurs-soutenue-par-le-repli-de-lepargne\/","og_locale":"fr_FR","og_type":"article","og_title":"La r\u00e9silience des consommateurs soutenue par le repli de l\u2019\u00e9pargne","og_url":"https:\/\/www.rbc.com\/fr\/economique\/analyse-pour-les-etats-unis\/cette-semaine-aux-etats-unis\/la-resilience-des-consommateurs-soutenue-par-le-repli-de-lepargne\/","og_site_name":"RBC Economique","article_published_time":"2026-01-16T20:56:19+00:00","article_modified_time":"2026-01-19T20:57:03+00:00","og_image":[{"width":3067,"height":1850,"url":"https:\/\/www.rbc.com\/fr\/economique\/wp-content\/uploads\/sites\/24\/2025\/11\/FG-WA.png?quality=80","type":"image\/png"}],"author":"aidansmithedgell","twitter_card":"summary_large_image","twitter_misc":{"Written by":"aidansmithedgell","Est. reading time":"4 minutes"},"schema":{"@context":"https:\/\/schema.org","@graph":[{"@type":"Article","@id":"https:\/\/www.rbc.com\/fr\/economique\/analyse-pour-les-etats-unis\/cette-semaine-aux-etats-unis\/la-resilience-des-consommateurs-soutenue-par-le-repli-de-lepargne\/#article","isPartOf":{"@id":"https:\/\/www.rbc.com\/fr\/economique\/analyse-pour-les-etats-unis\/cette-semaine-aux-etats-unis\/la-resilience-des-consommateurs-soutenue-par-le-repli-de-lepargne\/"},"author":{"name":"aidansmithedgell","@id":"https:\/\/www.rbc.com\/fr\/economique\/#\/schema\/person\/466b148147b6e1461c12a15420fc76fd"},"headline":"La r\u00e9silience des consommateurs soutenue par le repli de l\u2019\u00e9pargne","datePublished":"2026-01-16T20:56:19+00:00","dateModified":"2026-01-19T20:57:03+00:00","mainEntityOfPage":{"@id":"https:\/\/www.rbc.com\/fr\/economique\/analyse-pour-les-etats-unis\/cette-semaine-aux-etats-unis\/la-resilience-des-consommateurs-soutenue-par-le-repli-de-lepargne\/"},"wordCount":667,"commentCount":0,"image":{"@id":"https:\/\/www.rbc.com\/fr\/economique\/analyse-pour-les-etats-unis\/cette-semaine-aux-etats-unis\/la-resilience-des-consommateurs-soutenue-par-le-repli-de-lepargne\/#primaryimage"},"thumbnailUrl":"https:\/\/www.rbc.com\/fr\/economique\/wp-content\/uploads\/sites\/24\/2025\/11\/FG-WA.png?quality=80","articleSection":["Cette semaine aux \u00c9tats-Unis"],"inLanguage":"fr-FR","potentialAction":[{"@type":"CommentAction","name":"Comment","target":["https:\/\/www.rbc.com\/fr\/economique\/analyse-pour-les-etats-unis\/cette-semaine-aux-etats-unis\/la-resilience-des-consommateurs-soutenue-par-le-repli-de-lepargne\/#respond"]}]},{"@type":"WebPage","@id":"https:\/\/www.rbc.com\/fr\/economique\/analyse-pour-les-etats-unis\/cette-semaine-aux-etats-unis\/la-resilience-des-consommateurs-soutenue-par-le-repli-de-lepargne\/","url":"https:\/\/www.rbc.com\/fr\/economique\/analyse-pour-les-etats-unis\/cette-semaine-aux-etats-unis\/la-resilience-des-consommateurs-soutenue-par-le-repli-de-lepargne\/","name":"La r\u00e9silience des consommateurs soutenue par le repli de l\u2019\u00e9pargne - RBC Economique","isPartOf":{"@id":"https:\/\/www.rbc.com\/fr\/economique\/#website"},"primaryImageOfPage":{"@id":"https:\/\/www.rbc.com\/fr\/economique\/analyse-pour-les-etats-unis\/cette-semaine-aux-etats-unis\/la-resilience-des-consommateurs-soutenue-par-le-repli-de-lepargne\/#primaryimage"},"image":{"@id":"https:\/\/www.rbc.com\/fr\/economique\/analyse-pour-les-etats-unis\/cette-semaine-aux-etats-unis\/la-resilience-des-consommateurs-soutenue-par-le-repli-de-lepargne\/#primaryimage"},"thumbnailUrl":"https:\/\/www.rbc.com\/fr\/economique\/wp-content\/uploads\/sites\/24\/2025\/11\/FG-WA.png?quality=80","datePublished":"2026-01-16T20:56:19+00:00","dateModified":"2026-01-19T20:57:03+00:00","author":{"@id":"https:\/\/www.rbc.com\/fr\/economique\/#\/schema\/person\/466b148147b6e1461c12a15420fc76fd"},"breadcrumb":{"@id":"https:\/\/www.rbc.com\/fr\/economique\/analyse-pour-les-etats-unis\/cette-semaine-aux-etats-unis\/la-resilience-des-consommateurs-soutenue-par-le-repli-de-lepargne\/#breadcrumb"},"inLanguage":"fr-FR","potentialAction":[{"@type":"ReadAction","target":["https:\/\/www.rbc.com\/fr\/economique\/analyse-pour-les-etats-unis\/cette-semaine-aux-etats-unis\/la-resilience-des-consommateurs-soutenue-par-le-repli-de-lepargne\/"]}]},{"@type":"ImageObject","inLanguage":"fr-FR","@id":"https:\/\/www.rbc.com\/fr\/economique\/analyse-pour-les-etats-unis\/cette-semaine-aux-etats-unis\/la-resilience-des-consommateurs-soutenue-par-le-repli-de-lepargne\/#primaryimage","url":"https:\/\/www.rbc.com\/fr\/economique\/wp-content\/uploads\/sites\/24\/2025\/11\/FG-WA.png?quality=80","contentUrl":"https:\/\/www.rbc.com\/fr\/economique\/wp-content\/uploads\/sites\/24\/2025\/11\/FG-WA.png?quality=80","width":3067,"height":1850},{"@type":"BreadcrumbList","@id":"https:\/\/www.rbc.com\/fr\/economique\/analyse-pour-les-etats-unis\/cette-semaine-aux-etats-unis\/la-resilience-des-consommateurs-soutenue-par-le-repli-de-lepargne\/#breadcrumb","itemListElement":[{"@type":"ListItem","position":1,"name":"Home","item":"https:\/\/www.rbc.com\/fr\/economique\/"},{"@type":"ListItem","position":2,"name":"La r\u00e9silience des consommateurs soutenue par le repli de l\u2019\u00e9pargne"}]},{"@type":"WebSite","@id":"https:\/\/www.rbc.com\/fr\/economique\/#website","url":"https:\/\/www.rbc.com\/fr\/economique\/","name":"RBC Economique","description":"","potentialAction":[{"@type":"SearchAction","target":{"@type":"EntryPoint","urlTemplate":"https:\/\/www.rbc.com\/fr\/economique\/?s={search_term_string}"},"query-input":{"@type":"PropertyValueSpecification","valueRequired":true,"valueName":"search_term_string"}}],"inLanguage":"fr-FR"},{"@type":"Person","@id":"https:\/\/www.rbc.com\/fr\/economique\/#\/schema\/person\/466b148147b6e1461c12a15420fc76fd","name":"aidansmithedgell","image":{"@type":"ImageObject","inLanguage":"fr-FR","@id":"https:\/\/secure.gravatar.com\/avatar\/e247c7ada7a3507bb5f106189e928be8cf5b67a3b04e14a610c1d079d7f57847?s=96&d=mm&r=g","url":"https:\/\/secure.gravatar.com\/avatar\/e247c7ada7a3507bb5f106189e928be8cf5b67a3b04e14a610c1d079d7f57847?s=96&d=mm&r=g","contentUrl":"https:\/\/secure.gravatar.com\/avatar\/e247c7ada7a3507bb5f106189e928be8cf5b67a3b04e14a610c1d079d7f57847?s=96&d=mm&r=g","caption":"aidansmithedgell"},"url":"https:\/\/www.rbc.com\/fr\/economique\/author\/aidansmithedgell\/"}]}},"author_meta":{"display_name":"aidansmithedgell","author_link":"https:\/\/www.rbc.com\/fr\/economique\/author\/aidansmithedgell\/"},"featured_img":"https:\/\/www.rbc.com\/fr\/economique\/wp-content\/uploads\/sites\/24\/2025\/11\/FG-WA.png?quality=80&w=300","jetpack_featured_media_url":"https:\/\/www.rbc.com\/fr\/economique\/wp-content\/uploads\/sites\/24\/2025\/11\/FG-WA.png?quality=80","coauthors":[],"tax_additional":{"categories":{"linked":["<a href=\"https:\/\/www.rbc.com\/fr\/economique\/category\/analyse-pour-les-etats-unis\/cette-semaine-aux-etats-unis\/\" class=\"advgb-post-tax-term\">Cette semaine aux \u00c9tats-Unis<\/a>"],"unlinked":["<span class=\"advgb-post-tax-term\">Cette semaine aux \u00c9tats-Unis<\/span>"]}},"comment_count":"0","relative_dates":{"created":"Publi\u00e9 3 mois il y a","modified":"Mis \u00e0 jour 3 mois il y a"},"absolute_dates":{"created":"Publi\u00e9 le 16 janvier 2026","modified":"Mise \u00e0 jour le 19 janvier 2026"},"absolute_dates_time":{"created":"Publi\u00e9 le 16 janvier 2026 8:56  ","modified":"Mise \u00e0 jour le 19 janvier 2026 8:57  "},"featured_img_caption":"","series_order":"","_links":{"self":[{"href":"https:\/\/www.rbc.com\/fr\/economique\/wp-json\/wp\/v2\/posts\/3522","targetHints":{"allow":["GET"]}}],"collection":[{"href":"https:\/\/www.rbc.com\/fr\/economique\/wp-json\/wp\/v2\/posts"}],"about":[{"href":"https:\/\/www.rbc.com\/fr\/economique\/wp-json\/wp\/v2\/types\/post"}],"author":[{"embeddable":true,"href":"https:\/\/www.rbc.com\/fr\/economique\/wp-json\/wp\/v2\/users\/189"}],"replies":[{"embeddable":true,"href":"https:\/\/www.rbc.com\/fr\/economique\/wp-json\/wp\/v2\/comments?post=3522"}],"version-history":[{"count":1,"href":"https:\/\/www.rbc.com\/fr\/economique\/wp-json\/wp\/v2\/posts\/3522\/revisions"}],"predecessor-version":[{"id":3524,"href":"https:\/\/www.rbc.com\/fr\/economique\/wp-json\/wp\/v2\/posts\/3522\/revisions\/3524"}],"wp:featuredmedia":[{"embeddable":true,"href":"https:\/\/www.rbc.com\/fr\/economique\/wp-json\/wp\/v2\/media\/2504"}],"wp:attachment":[{"href":"https:\/\/www.rbc.com\/fr\/economique\/wp-json\/wp\/v2\/media?parent=3522"}],"wp:term":[{"taxonomy":"category","embeddable":true,"href":"https:\/\/www.rbc.com\/fr\/economique\/wp-json\/wp\/v2\/categories?post=3522"},{"taxonomy":"post_tag","embeddable":true,"href":"https:\/\/www.rbc.com\/fr\/economique\/wp-json\/wp\/v2\/tags?post=3522"},{"taxonomy":"rbc_econ_content_type","embeddable":true,"href":"https:\/\/www.rbc.com\/fr\/economique\/wp-json\/wp\/v2\/rbc_econ_content_type?post=3522"}],"curies":[{"name":"wp","href":"https:\/\/api.w.org\/{rel}","templated":true}]}}