{"id":3143,"date":"2025-12-12T07:46:40","date_gmt":"2025-12-12T07:46:40","guid":{"rendered":"https:\/\/www.rbc.com\/fr\/economique\/?p=3143"},"modified":"2026-01-19T19:00:55","modified_gmt":"2026-01-19T19:00:55","slug":"la-bdc-reste-sur-la-touche-et-la-fed-maintient-le-statu-quo","status":"publish","type":"post","link":"https:\/\/www.rbc.com\/fr\/economique\/marches-financiers\/la-bdc-reste-sur-la-touche-et-la-fed-maintient-le-statu-quo\/","title":{"rendered":"La BdC reste sur la touche et la Fed maintient le statu quo"},"content":{"rendered":"\n<section class=\"wp-block-rbc-section-block  pos-rel\" style=\"border-radius:0px\">\n<div class=\"wp-block-rbc-section-inner-block  section-inner\" style=\"border-radius:0x\">\n<h4 class=\"wp-block-heading is-style-default default has-rbc-bright-blue-tint-1-color has-text-color has-link-color has-text-reg-font-size wp-elements-93082622cc42c8c0322ee5d4e9611b8c\" id=\"h-points-saillants\"><strong><strong><strong>Points saillants<\/strong><\/strong>:<\/strong><\/h4>\n\n\n\n<div class=\"wp-block-columns is-layout-flex wp-container-core-columns-is-layout-28f84493 wp-block-columns-is-layout-flex\">\n<div class=\"wp-block-column  mar-r-hlf is-layout-flow wp-block-column-is-layout-flow\" style=\"flex-basis:8%\">\n<figure class=\"wp-block-image aligncenter size-large is-resized  mob-mar-b-hlf\"><img decoding=\"async\" src=\"https:\/\/www.rbc.com\/en\/economics\/wp-content\/uploads\/sites\/23\/2025\/12\/Icon-MFU-dec-12-25-2.png?quality=80&amp;w=1024\" alt=\"\" class=\"wp-image-5817\" style=\"width:85px\" \/><\/figure>\n<\/div>\n\n\n\n<div class=\"wp-block-column is-layout-flow wp-block-column-is-layout-flow\" style=\"flex-basis:92%\">\n<p>La croissance du produit int\u00e9rieur brut du Canada en 2025 est sup\u00e9rieure aux attentes et le taux de ch\u00f4mage est inf\u00e9rieur \u00e0 celles-ci. Nos perspectives prudemment optimistes \u00e0 l\u2019\u00e9gard de l\u2019\u00e9conomie canadienne demeurent intactes.<\/p>\n<\/div>\n<\/div>\n\n\n\n<div class=\"wp-block-columns is-layout-flex wp-container-core-columns-is-layout-28f84493 wp-block-columns-is-layout-flex\">\n<div class=\"wp-block-column  mar-r-hlf is-layout-flow wp-block-column-is-layout-flow\" style=\"flex-basis:8%\">\n<figure class=\"wp-block-image aligncenter size-large is-resized  mob-mar-b-hlf\"><img decoding=\"async\" src=\"https:\/\/www.rbc.com\/en\/economics\/wp-content\/uploads\/sites\/23\/\/2025\/08\/gov-building-mfu-aug.png?quality=80&amp;w=1024\" alt=\"\" class=\"wp-image-3287\" style=\"width:85px\" \/><\/figure>\n<\/div>\n\n\n\n<div class=\"wp-block-column is-layout-flow wp-block-column-is-layout-flow\" style=\"flex-basis:92%\">\n<p>Nous ne nous attendons toujours pas \u00e0 ce que la Banque du Canada r\u00e9duise davantage le taux du financement \u00e0 un jour. La prochaine modification devrait \u00eatre une hausse, mais nous estimons qu\u2019elle ne devrait pas avoir lieu avant 2027.<\/p>\n<\/div>\n<\/div>\n\n\n\n<div class=\"wp-block-columns is-layout-flex wp-container-core-columns-is-layout-28f84493 wp-block-columns-is-layout-flex\">\n<div class=\"wp-block-column  mar-r-hlf is-layout-flow wp-block-column-is-layout-flow\" style=\"flex-basis:8%\">\n<figure class=\"wp-block-image aligncenter size-large is-resized  mob-mar-b-hlf\"><img loading=\"lazy\" decoding=\"async\" height=\"870\" width=\"1024\" src=\"https:\/\/www.rbc.com\/en\/economics\/wp-content\/uploads\/sites\/23\/\/2025\/09\/MFU-icon-sep-11-2.png?quality=80&amp;w=1024\" alt=\"\" class=\"wp-image-3315\" style=\"width:85px\" \/><\/figure>\n<\/div>\n\n\n\n<div class=\"wp-block-column is-layout-flow wp-block-column-is-layout-flow\" style=\"flex-basis:92%\">\n<p>Les pr\u00e9visions pour les \u00c9tats-Unis sont en pause, en attente de la publication des donn\u00e9es. Notre th\u00e8me principal demeure une stagflation l\u00e9g\u00e8re, car le taux de ch\u00f4mage et l\u2019inflation de base devraient augmenter en 2026.<\/p>\n<\/div>\n<\/div>\n\n\n\n<div class=\"wp-block-columns is-layout-flex wp-container-core-columns-is-layout-28f84493 wp-block-columns-is-layout-flex\">\n<div class=\"wp-block-column  mar-r-hlf is-layout-flow wp-block-column-is-layout-flow\" style=\"flex-basis:8%\">\n<figure class=\"wp-block-image aligncenter size-large is-resized  mob-mar-b-hlf\"><img decoding=\"async\" src=\"https:\/\/www.rbc.com\/en\/economics\/wp-content\/uploads\/sites\/23\/\/2025\/10\/sand-c-oct-10-25.png?quality=80&amp;w=1024\" alt=\"\" class=\"wp-image-4121\" style=\"width:85px\" \/><\/figure>\n<\/div>\n\n\n\n<div class=\"wp-block-column is-layout-flow wp-block-column-is-layout-flow\" style=\"flex-basis:92%\">\n<p>Compte tenu de la r\u00e9duction de d\u00e9cembre, nous nous attendons \u00e0 ce que la R\u00e9serve f\u00e9d\u00e9rale am\u00e9ricaine tente de r\u00e9duire le taux directeur une seule fois en 2026, avant de le maintenir pour le reste de l\u2019ann\u00e9e.<\/p>\n<\/div>\n<\/div>\n\n\n\n<h4 class=\"wp-block-heading is-style-default default has-rbc-bright-blue-tint-1-color has-text-color has-link-color has-text-reg-font-size wp-elements-be79f743fa86ba53f899e1a83c9cbf78\" id=\"h-enjeux-sous-la-loupe\"><strong><strong><strong>Enjeux sous la loupe<\/strong><\/strong>:<\/strong><\/h4>\n\n\n\n<div class=\"wp-block-columns is-layout-flex wp-container-core-columns-is-layout-28f84493 wp-block-columns-is-layout-flex\">\n<div class=\"wp-block-column  mar-r-hlf is-layout-flow wp-block-column-is-layout-flow\" style=\"flex-basis:8%\">\n<figure class=\"wp-block-image aligncenter size-large is-resized  mob-mar-b-hlf\"><img decoding=\"async\" src=\"https:\/\/www.rbc.com\/en\/economics\/wp-content\/uploads\/sites\/23\/2025\/12\/Icon-MFU-dec-11-25-1.png?quality=80&amp;w=1024\" alt=\"\" class=\"wp-image-5815\" style=\"width:85px\" \/><\/figure>\n<\/div>\n\n\n\n<div class=\"wp-block-column is-layout-flow wp-block-column-is-layout-flow\" style=\"flex-basis:92%\">\n<p>Compte tenu de la r\u00e9duction de d\u00e9cembre, nous nous attendons \u00e0 ce que la R\u00e9serve f\u00e9d\u00e9rale am\u00e9ricaine tente de r\u00e9duire le taux directeur une seule fois en 2026, avant de le maintenir pour le reste de l\u2019ann\u00e9e.<\/p>\n<\/div>\n<\/div>\n\n\n\n<hr class=\"wp-block-separator has-text-color has-rbc-bright-blue-tint-1-color has-alpha-channel-opacity has-rbc-bright-blue-tint-1-background-color has-background is-style-wide wide\" \/>\n\n\n\n<h3 class=\"wp-block-heading is-style-heading-underline-left has-rbc-bright-blue-color has-text-color has-link-color wp-elements-73a66b2fe0fd600413e02f21dca95d57\" id=\"h-changements-dans-les-previsions\">Changements dans les pr\u00e9visions<\/h3>\n\n\n\n<h4 class=\"wp-block-heading has-rbc-bright-blue-color has-text-color has-link-color has-text-lg-font-size wp-elements-5ed2e152eef870d9b016bbaec0904feb\" id=\"h-des-signes-encourageants-sur-le-marche-de-l-emploi-soutiennent-les-previsions-pour-le-canada\">Des signes encourageants sur le march\u00e9 de l\u2019emploi soutiennent les pr\u00e9visions pour le Canada<\/h4>\n\n\n\n<p>Aucune donn\u00e9e en particulier ne devrait changer nos perspectives pour l\u2019\u00e9conomie, y compris les donn\u00e9es mensuelles sur le march\u00e9 du travail qui sont notoirement volatiles. Toutefois, les hausses cons\u00e9cutives inattendues de l\u2019emploi au Canada, conjugu\u00e9es \u00e0 une baisse substantielle de 0,6&nbsp;point de pourcentage du taux de ch\u00f4mage entre septembre et novembre, ont renforc\u00e9 notre optimisme prudent \u00e0 l\u2019\u00e9gard de l\u2019\u00e9conomie canadienne.<\/p>\n\n\n\n<hr class=\"wp-block-separator has-alpha-channel-opacity is-style-wide wide\" \/>\n\n\n\n<div id=\"everviz-nNTHgnRaa\" class=\"everviz-nNTHgnRaa\" data-view=\"graph\"><\/div>\n\n\n\n<hr class=\"wp-block-separator has-alpha-channel-opacity is-style-wide wide\" \/>\n\n\n\n<p>La prudence est le mot d\u2019ordre. L\u2019incertitude persiste quant \u00e0 l\u2019avenir du commerce entre le Canada et les \u00c9tats-Unis, dans un contexte o\u00f9 le ralentissement marqu\u00e9 de la croissance de la population p\u00e8sera sur la production globale et o\u00f9 la faible croissance de la productivit\u00e9 reste un d\u00e9fi structurel. N\u00e9anmoins, la croissance de l\u2019\u00e9conomie a fait pencher la balance vers les sc\u00e9narios plus optimistes en avril, et les baisses du taux directeur de la BdC de 275&nbsp;points de base depuis juin&nbsp;2024 continueront de contribuer \u00e0 la reprise apr\u00e8s un creux cyclique.<\/p>\n\n\n\n<p>En l\u2019absence d\u2019un autre choc externe, nos perspectives pour le Canada demeurent plomb\u00e9es par la croissance du PIB, une baisse graduelle du taux de ch\u00f4mage et une inflation sous-jacente persistante sup\u00e9rieure \u00e0 la cible de 2&nbsp;% de la BdC pour 2026.<\/p>\n\n\n\n<h4 class=\"wp-block-heading has-rbc-bright-blue-color has-text-color has-link-color has-text-lg-font-size wp-elements-a25d56d35d3adebb09a2a264d9c1bfc8\" id=\"h-la-prochaine-decision-de-la-bdc-sera-probablement-une-hausse\">La prochaine d\u00e9cision de la BdC sera probablement une hausse<\/h4>\n\n\n\n<p>Ces perspectives, combin\u00e9es au taux du financement \u00e0 un jour qui se situe d\u00e9j\u00e0 \u00e0 la limite inf\u00e9rieure de la fourchette neutre, font qu\u2019il est difficile d\u2019anticiper d\u2019autres mesures d\u2019assouplissement de la part de la BdC. En effet, nous croyons que la prochaine d\u00e9cision de la banque centrale sera probablement une hausse, m\u00eame si le moment o\u00f9 elle proc\u00e9dera demeure incertain.<\/p>\n\n\n\n<p>Pour l\u2019instant, nous maintenons nos pr\u00e9visions selon lesquelles la BdC maintiendra le taux du financement \u00e0 un jour \u00e0 2,25&nbsp;% tout au long de 2026, avant de le relever \u00e0 nouveau pour le porter dans la fourchette neutre de 2,25&nbsp;% \u00e0 3,25&nbsp;% en 2027.<\/p>\n\n\n\n<p>Les risques de hausse dans le cadre de notre sc\u00e9nario de base (qui sont associ\u00e9s \u00e0 une&nbsp;<a href=\"https:\/\/www.rbc.com\/fr\/economique\/analyse-pour-le-canada\/analyse-en-vedette\/perspectives\/cinq-raisons-pour-lesquelles-les-depenses-de-consommation-au-canada-resteront-resilientes-et-garderont-la-bdc-de-reduire-davantage-les-taux\/\" target=\"_blank\" data-dig-id=\"LP-Lepointsurlespr\u00e9visionsmensuelles-3143-e8d34d7c\" data-dig-category=\"LP-Lepointsurlespr\u00e9visionsmensuelles\" data-dig-action=\"link click\" data-dig-label=\"hausse plus forte que pr\u00e9vu des achats des consommateurs\" rel=\"noreferrer noopener\" class=\"rbc-link-format\">hausse plus forte que pr\u00e9vu des achats des consommateurs<\/a>&nbsp;ou \u00e0 l\u2019apaisement des difficult\u00e9s commerciales suivant une \u00e9volution du contexte politique aux \u00c9tats-Unis) pourraient s\u2019ajouter \u00e0 la croissance et \u00e0 l\u2019inflation, r\u00e9duire l\u2019\u00e9cart de production plus rapidement que pr\u00e9vu et entra\u00eener des hausses de taux en 2026.<\/p>\n\n\n\n<h4 class=\"wp-block-heading has-rbc-bright-blue-color has-text-color has-link-color has-text-lg-font-size wp-elements-0c6b33941f66b2b7f82114ced5c03039\" id=\"h-previsions-macroeconomiques-americaines-en-position-attentiste\">Pr\u00e9visions macro\u00e9conomiques am\u00e9ricaines en position attentiste<\/h4>\n\n\n\n<p>Les donn\u00e9es \u00e9conomiques limit\u00e9es aux \u00c9tats-Unis, depuis notre derni\u00e8re mise \u00e0 jour des pr\u00e9visions, laissent entrevoir un ralentissement soutenu, mais progressif du march\u00e9 de l\u2019emploi. Nous nous attendons toujours \u00e0 ce que les conditions s\u2019aggravent avant qu\u2019elles ne s\u2019am\u00e9liorent, et le taux de ch\u00f4mage augmentera pour atteindre un sommet de 4,6&nbsp;% en 2026, avant de diminuer graduellement.<\/p>\n\n\n\n<p>Nos pr\u00e9visions ant\u00e9rieures anticipaient une forte hausse du ch\u00f4mage en octobre, en raison des mises \u00e0 pied des travailleurs f\u00e9d\u00e9raux pendant la fermeture du gouvernement am\u00e9ricain. Comme la publication de ces donn\u00e9es a \u00e9t\u00e9 annul\u00e9e, nous avons ramen\u00e9 notre pr\u00e9vision pour le taux de ch\u00f4mage \u00e0 4,5&nbsp;% au quatri\u00e8me trimestre, ce qui est l\u00e9g\u00e8rement sup\u00e9rieur \u00e0 la pr\u00e9vision de septembre \u00e0 4,4&nbsp;%.<\/p>\n\n\n\n<p>Au-del\u00e0 des donn\u00e9es sur le trimestre, une aggravation de la l\u00e9g\u00e8re stagflation (ralentissement de la croissance, hausse des prix) demeure l\u2019un des principaux th\u00e8mes de <a href=\"https:\/\/www.rbc.com\/fr\/economique\/analyse-pour-les-etats-unis\/analyse-en-vedette-analyse-pour-les-etats-unis\/cinq-themes-pour-leconomie-americaine-en-2026\/\" target=\"_blank\" data-dig-id=\"LP-Lepointsurlespr\u00e9visionsmensuelles-3143-e8d34d7c\" data-dig-category=\"LP-Lepointsurlespr\u00e9visionsmensuelles\" data-dig-action=\"link click\" data-dig-label=\"nos perspectives pour les \u00c9tats-Unis\" rel=\"noreferrer noopener\" class=\"rbc-link-format\">nos perspectives pour les \u00c9tats-Unis<\/a> en 2026. Nous nous attendons \u00e0 ce qu\u2019elle continue de poser des d\u00e9fis \u00e0 la Fed, qui cherche \u00e0 \u00e9quilibrer les risques li\u00e9s \u00e0 la fois \u00e0 l\u2019inflation et au volet emploi de son mandat.<\/p>\n\n\n\n<h4 class=\"wp-block-heading has-rbc-bright-blue-color has-text-color has-link-color has-text-lg-font-size wp-elements-d24c298ab6a960e5e3237fae77ae78c1\" id=\"h-il-est-toujours-attendu-que-la-fed-maintienne-le-statu-quo-pendant-la-majeure-partie-de-2026\">Il est toujours attendu que la Fed maintienne le statu quo pendant la majeure partie de 2026<\/h4>\n\n\n\n<p>Compte tenu de la troisi\u00e8me r\u00e9duction cons\u00e9cutive en d\u00e9cembre qui a ramen\u00e9 les fonds f\u00e9d\u00e9raux dans une fourchette neutre, nous estimons que les occasions pour Fed de r\u00e9duire davantage ses taux sont limit\u00e9es, d\u2019autant plus que nous nous attendons \u00e0 ce que l\u2019inflation de base augmente \u00e0 3,3&nbsp;% d\u2019ici le milieu de 2026 et que le taux de ch\u00f4mage revienne \u00e0 des niveaux historiquement bas.<\/p>\n\n\n\n<p>D\u2019ici la prochaine r\u00e9union de la Fed en janvier, le d\u00e9luge de donn\u00e9es \u00e9conomiques dont la publication avait \u00e9t\u00e9 retard\u00e9e devrait clarifier l\u2019\u00e9tat du march\u00e9 du travail aux \u00c9tats-Unis et de l\u2019inflation apr\u00e8s la paralysie du gouvernement. Elles pourraient avoir une incidence importante sur le moment et l\u2019ampleur des mesures d\u2019assouplissement futures.<\/p>\n\n\n\n<p>Pour l\u2019instant, nous ne pr\u00e9voyons qu\u2019une seule autre baisse de taux de la banque centrale am\u00e9ricaine, conform\u00e9ment \u00e0 son sommaire des projections \u00e9conomiques. Il se peut que la fen\u00eatre pour de nouvelles baisses du taux directeur se referme plus rapidement que pr\u00e9vu.<a id=\"_msocom_1\"><\/a><\/p>\n\n\n\n<div style=\"height:28px\" aria-hidden=\"true\" class=\"wp-block-spacer\"><\/div>\n\n\n\n<section class=\"wp-block-rbc-rbc-tabs-block aligncenter  section-tabs full-width tabs-scroll is-style-default\" id=\"Central-bank-bias\" aria-label=\"Section Tabs\"><div class=\"section-inner \"><ul class=\"tab-nav \" role=\"tablist\"><li role=\"presentation\"><a href=\"#section-content-16f2699a\" id=\"section-tab-16f2699a\" role=\"tab\" data-toggle=\"tab\" data-bs-toggle=\"tab\" data-bs-target=\"#section-content-16f2699a\" aria-controls=\"section-content-16f2699a\" aria-selected=\"false\" data-dig-id=\"LP-Lepointsurlespr\u00e9visionsmensuelles-3143-16f2699a\" data-dig-category=\"LP-Lepointsurlespr\u00e9visionsmensuelles\" data-dig-action=\"tab select\" data-dig-label=\"BdC\">BdC<\/a><\/li><li role=\"presentation\"><a href=\"#section-content-2fa9df2f\" id=\"section-tab-2fa9df2f\" role=\"tab\" data-toggle=\"tab\" data-bs-toggle=\"tab\" data-bs-target=\"#section-content-2fa9df2f\" aria-controls=\"section-content-2fa9df2f\" aria-selected=\"false\" data-dig-id=\"LP-Lepointsurlespr\u00e9visionsmensuelles-3143-2fa9df2f\" data-dig-category=\"LP-Lepointsurlespr\u00e9visionsmensuelles\" data-dig-action=\"tab select\" data-dig-label=\"Fed\">Fed<\/a><\/li><li role=\"presentation\"><a href=\"#section-content-f1fcf787\" id=\"section-tab-f1fcf787\" role=\"tab\" data-toggle=\"tab\" data-bs-toggle=\"tab\" data-bs-target=\"#section-content-f1fcf787\" aria-controls=\"section-content-f1fcf787\" aria-selected=\"false\" data-dig-id=\"LP-Lepointsurlespr\u00e9visionsmensuelles-3143-f1fcf787\" data-dig-category=\"LP-Lepointsurlespr\u00e9visionsmensuelles\" data-dig-action=\"tab select\" data-dig-label=\"BdA\">BdA<\/a><\/li><li role=\"presentation\"><a href=\"#section-content-4a5c4d64\" id=\"section-tab-4a5c4d64\" role=\"tab\" data-toggle=\"tab\" data-bs-toggle=\"tab\" data-bs-target=\"#section-content-4a5c4d64\" aria-controls=\"section-content-4a5c4d64\" aria-selected=\"false\" data-dig-id=\"LP-Lepointsurlespr\u00e9visionsmensuelles-3143-4a5c4d64\" data-dig-category=\"LP-Lepointsurlespr\u00e9visionsmensuelles\" data-dig-action=\"tab select\" data-dig-label=\"BCE\">BCE<\/a><\/li><li role=\"presentation\"><a href=\"#section-content-1bd3367f\" id=\"section-tab-1bd3367f\" role=\"tab\" data-toggle=\"tab\" data-bs-toggle=\"tab\" data-bs-target=\"#section-content-1bd3367f\" aria-controls=\"section-content-1bd3367f\" aria-selected=\"false\" data-dig-id=\"LP-Lepointsurlespr\u00e9visionsmensuelles-3143-1bd3367f\" data-dig-category=\"LP-Lepointsurlespr\u00e9visionsmensuelles\" data-dig-action=\"tab select\" data-dig-label=\"RBA\">RBA<\/a><\/li><\/ul><div class=\"tab-ctrl\"><button class=\"tabs-prev hidden\"><span class=\"offscreen\">Go to previous tab<\/span><\/button><button class=\"tabs-next\"><span class=\"offscreen\">Go to next tab<\/span><\/button><\/div><div class=\"tab-content\">\n<div class=\"wp-block-rbc-rbc-tab-content\"><div role=\"tabpanel\" class=\"tab-pane\" aria-labelledby=\"section-tab-16f2699a\" id=\"section-content-16f2699a\" tabindex=\"0\">\n<figure class=\"wp-block-image size-large is-resized\"><img decoding=\"async\" src=\"https:\/\/www.rbc.com\/fr\/economique\/wp-content\/uploads\/sites\/24\/2025\/09\/bias-cover-fr-2.png?quality=80&amp;w=1024\" alt=\"\" class=\"wp-image-9604\" style=\"width:1171px;height:auto\" \/><\/figure>\n\n\n\n<div class=\"wp-block-columns is-style-default default is-layout-flex wp-container-core-columns-is-layout-28f84493 wp-block-columns-is-layout-flex\">\n<div class=\"wp-block-column mar-b-qtr mob-mar-b-qtr mar-t-hlf mob-mar-t-hlf is-layout-flow wp-block-column-is-layout-flow\">\n<figure class=\"wp-block-image size-full\"><img decoding=\"async\" src=\"https:\/\/www.rbc.com\/fr\/economique\/wp-content\/uploads\/sites\/24\/2025\/09\/BdC.png?quality=80\" alt=\"\" class=\"wp-image-9598\" \/><\/figure>\n<\/div>\n\n\n\n<div class=\"wp-block-column is-vertically-aligned-center mar-b-qtr mob-mar-b-qtr mar-t-hlf mob-mar-t-hlf is-layout-flow wp-block-column-is-layout-flow\">\n<h4 class=\"wp-block-heading has-text-align-center has-rbc-bright-blue-tint-1-color has-text-color\" id=\"h-2-25\">2.25%<\/h4>\n\n\n\n<p class=\"has-text-align-center has-rbc-bright-blue-tint-1-color has-text-color has-text-reg-font-size\">0 pb en d\u00e9c. 2025<\/p>\n<\/div>\n\n\n\n<div class=\"wp-block-column is-vertically-aligned-center mar-t-hlf mob-mar-t-hlf is-layout-flow wp-block-column-is-layout-flow\">\n<h4 class=\"wp-block-heading has-text-align-center mar-l-qtr mob-mar-l-qtr pad-l-qtr mob-pad-l-qtr has-rbc-bright-blue-tint-1-color has-text-color\" id=\"h-0-pb\">0 pb<\/h4>\n\n\n\n<p class=\"has-text-align-center mar-l-qtr mob-mar-l-qtr pad-l-qtr mob-pad-l-qtr has-rbc-bright-blue-tint-1-color has-text-color has-text-reg-font-size\">janv. 2026<\/p>\n<\/div>\n<\/div>\n\n\n\n<p class=\"has-text-align-center pad-r-qtr mob-pad-r-qtr pad-b-qtr mob-pad-b-qtr pad-l-qtr mob-pad-l-qtr\">En d\u00e9cembre, la BdC a annonc\u00e9 un maintien du taux qui \u00e9tait tr\u00e8s attendu, tout en minimisant l\u2019am\u00e9lioration r\u00e9cente des donn\u00e9es \u00e9conomiques. Le gouverneur Macklem a r\u00e9it\u00e9r\u00e9 ses perspectives de croissance modeste et d\u2019une lente absorption des capacit\u00e9s exc\u00e9dentaires de l\u2019\u00e9conomie, ce qui correspond \u00e0 nos propres pr\u00e9visions. Notre sc\u00e9nario de base suppose qu\u2019il n\u2019y aura pas d\u2019assouplissement suppl\u00e9mentaire de la politique mon\u00e9taire ni aucune hausse de taux avant 2027. Il y a toutefois un risque que cette hausse survienne plus t\u00f4t.<\/p>\n<\/div><\/div>\n\n\n\n<div class=\"wp-block-rbc-rbc-tab-content\"><div role=\"tabpanel\" class=\"tab-pane\" aria-labelledby=\"section-tab-2fa9df2f\" id=\"section-content-2fa9df2f\" tabindex=\"0\">\n<figure class=\"wp-block-image size-large is-resized\"><img decoding=\"async\" src=\"https:\/\/www.rbc.com\/fr\/economique\/wp-content\/uploads\/sites\/24\/2025\/09\/bias-cover-fr-2.png?quality=80&amp;w=1024\" alt=\"\" class=\"wp-image-9604\" style=\"width:1171px;height:auto\" \/><\/figure>\n\n\n\n<div class=\"wp-block-columns is-layout-flex wp-container-core-columns-is-layout-28f84493 wp-block-columns-is-layout-flex\">\n<div class=\"wp-block-column mar-b-qtr mob-mar-b-qtr mar-t-hlf mob-mar-t-hlf is-layout-flow wp-block-column-is-layout-flow\">\n<figure class=\"wp-block-image size-full\"><img decoding=\"async\" src=\"https:\/\/www.rbc.com\/en\/wp-content\/uploads\/sites\/4\/2025\/09\/Fed.png?quality=80\" alt=\"\" class=\"wp-image-18907\" \/><\/figure>\n<\/div>\n\n\n\n<div class=\"wp-block-column is-vertically-aligned-center mar-b-qtr mob-mar-b-qtr mar-t-hlf mob-mar-t-hlf is-layout-flow wp-block-column-is-layout-flow\">\n<h4 class=\"wp-block-heading has-text-align-center has-rbc-bright-blue-tint-1-color has-text-color\" id=\"h-3-5-3-75\">3.5-3.75%<\/h4>\n\n\n\n<p class=\"has-text-align-center has-rbc-bright-blue-tint-1-color has-text-color has-text-reg-font-size\">-25 pb en d\u00e9c. 2025<\/p>\n<\/div>\n\n\n\n<div class=\"wp-block-column is-vertically-aligned-center mar-b-qtr mob-mar-b-qtr mar-t-hlf mob-mar-t-hlf is-layout-flow wp-block-column-is-layout-flow\">\n<h4 class=\"wp-block-heading has-text-align-center mar-l-qtr mob-mar-l-qtr pad-l-qtr mob-pad-l-qtr has-rbc-bright-blue-tint-1-color has-text-color\" id=\"h-25-pb\">-25 pb<\/h4>\n\n\n\n<p class=\"has-text-align-center mar-l-qtr mob-mar-l-qtr pad-l-qtr mob-pad-l-qtr has-rbc-bright-blue-tint-1-color has-text-color has-text-reg-font-size\">janv. 2026<\/p>\n<\/div>\n<\/div>\n\n\n\n<p class=\"has-text-align-center pad-l-qtr mob-pad-l-qtr pad-r-qtr mob-pad-r-qtr pad-b-qtr mob-pad-b-qtr\">\u00c0 la suite de la r\u00e9duction du taux directeur en d\u00e9cembre, le pr\u00e9sident de la Fed, Jerome Powell, a pr\u00e9cis\u00e9 que la d\u00e9cision a \u00e9t\u00e9 prise de justesse, \u00e0 la suite de d\u00e9lib\u00e9rations difficiles sur les deux aspects du mandat de l\u2019institution. Le graphique \u00e0 points qui l\u2019accompagnait pr\u00e9sentait des donn\u00e9es dispers\u00e9es, et la m\u00e9diane laissait entrevoir une seule r\u00e9duction en 2026, conform\u00e9ment \u00e0 notre pr\u00e9vision de base. Le pr\u00e9sident Powell a formul\u00e9 des pr\u00e9visions pour les r\u00e9unions \u00e0 venir, m\u00eame si la publication de nouvelles donn\u00e9es pourrait changer la donne.<\/p>\n<\/div><\/div>\n\n\n\n<div class=\"wp-block-rbc-rbc-tab-content\"><div role=\"tabpanel\" class=\"tab-pane\" aria-labelledby=\"section-tab-f1fcf787\" id=\"section-content-f1fcf787\" tabindex=\"0\">\n<figure class=\"wp-block-image size-large is-resized\"><img decoding=\"async\" src=\"https:\/\/www.rbc.com\/fr\/economique\/wp-content\/uploads\/sites\/24\/2025\/09\/bias-cover-fr-2.png?quality=80&amp;w=1024\" alt=\"\" class=\"wp-image-9604\" style=\"width:1171px;height:auto\" \/><\/figure>\n\n\n\n<div class=\"wp-block-columns are-vertically-aligned-center is-layout-flex wp-container-core-columns-is-layout-28f84493 wp-block-columns-is-layout-flex\">\n<div class=\"wp-block-column is-vertically-aligned-center mar-b-qtr mob-mar-b-qtr mar-t-hlf mob-mar-t-hlf is-layout-flow wp-block-column-is-layout-flow\">\n<figure class=\"wp-block-image size-full\"><img decoding=\"async\" src=\"https:\/\/www.rbc.com\/fr\/economique\/wp-content\/uploads\/sites\/24\/2025\/09\/BdA.png?quality=80\" alt=\"\" class=\"wp-image-9599\" \/><\/figure>\n<\/div>\n\n\n\n<div class=\"wp-block-column is-vertically-aligned-center mar-b-qtr mob-mar-b-qtr mar-t-hlf mob-mar-t-hlf is-layout-flow wp-block-column-is-layout-flow\">\n<h4 class=\"wp-block-heading has-text-align-center has-rbc-bright-blue-tint-1-color has-text-color\" id=\"h-4-00\">4.00%<\/h4>\n\n\n\n<p class=\"has-text-align-center has-rbc-bright-blue-tint-1-color has-text-color has-text-reg-font-size\">0 pb en nov. 2025<\/p>\n<\/div>\n\n\n\n<div class=\"wp-block-column is-vertically-aligned-center mar-b-qtr mob-mar-b-qtr mar-t-hlf mob-mar-t-hlf is-layout-flow wp-block-column-is-layout-flow\">\n<h4 class=\"wp-block-heading has-text-align-center mar-l-qtr mob-mar-l-qtr pad-l-qtr mob-pad-l-qtr has-rbc-bright-blue-tint-1-color has-text-color\" id=\"h-25-pb-0\">-25 pb<\/h4>\n\n\n\n<p class=\"has-text-align-center mar-l-qtr mob-mar-l-qtr pad-l-qtr mob-pad-l-qtr has-rbc-bright-blue-tint-1-color has-text-color has-text-reg-font-size\">d\u00e9c. 2025<\/p>\n<\/div>\n<\/div>\n\n\n\n<p class=\"has-text-align-center pad-b-hlf mob-pad-b-hlf pad-l-qtr mob-pad-l-qtr pad-r-qtr mob-pad-r-qtr\">Le march\u00e9 de l\u2019emploi au Royaume-Uni s\u2019est d\u00e9tendu en 2025 en raison de la hausse du taux de ch\u00f4mage. Au-del\u00e0 de la r\u00e9duction de 25&nbsp;pb pr\u00e9vue en d\u00e9cembre, nous pensons qu\u2019un changement dans l\u2019\u00e9valuation des risques li\u00e9s \u00e0 l\u2019inflation (maintenant plus \u00e9quilibr\u00e9e) par la Banque d\u2019Angleterre, combin\u00e9 \u00e0 l\u2019augmentation des capacit\u00e9s exc\u00e9dentaires de main-d\u2019\u0153uvre, ouvre la voie \u00e0 deux autres r\u00e9ductions en f\u00e9vrier et en avril&nbsp;2026. Nous modifions nos pr\u00e9visions \u00e0 l\u2019\u00e9gard du taux directeur final pour les porter \u00e0 3,25&nbsp;%.<\/p>\n<\/div><\/div>\n\n\n\n<div class=\"wp-block-rbc-rbc-tab-content\"><div role=\"tabpanel\" class=\"tab-pane\" aria-labelledby=\"section-tab-4a5c4d64\" id=\"section-content-4a5c4d64\" tabindex=\"0\">\n<figure class=\"wp-block-image size-large is-resized\"><img decoding=\"async\" src=\"https:\/\/www.rbc.com\/fr\/economique\/wp-content\/uploads\/sites\/24\/2025\/09\/bias-cover-fr-2.png?quality=80&amp;w=1024\" alt=\"\" class=\"wp-image-9604\" style=\"width:1096px;height:auto\" \/><\/figure>\n\n\n\n<div class=\"wp-block-columns are-vertically-aligned-center is-layout-flex wp-container-core-columns-is-layout-28f84493 wp-block-columns-is-layout-flex\">\n<div class=\"wp-block-column is-vertically-aligned-center mar-b-qtr mob-mar-b-qtr mar-t-hlf mob-mar-t-hlf is-layout-flow wp-block-column-is-layout-flow\">\n<figure class=\"wp-block-image size-full\"><img decoding=\"async\" src=\"https:\/\/www.rbc.com\/fr\/economique\/wp-content\/uploads\/sites\/24\/2025\/09\/BCE.png?quality=80\" alt=\"\" class=\"wp-image-9600\" \/><\/figure>\n<\/div>\n\n\n\n<div class=\"wp-block-column is-vertically-aligned-center mar-b-qtr mob-mar-b-qtr mar-t-hlf mob-mar-t-hlf is-layout-flow wp-block-column-is-layout-flow\">\n<h4 class=\"wp-block-heading has-text-align-center has-rbc-bright-blue-tint-1-color has-text-color\" id=\"h-3-60\">3.60%<\/h4>\n\n\n\n<p class=\"has-text-align-center has-rbc-bright-blue-tint-1-color has-text-color has-text-reg-font-size\">0 pb en oct. 2025<\/p>\n<\/div>\n\n\n\n<div class=\"wp-block-column is-vertically-aligned-center mar-b-qtr mob-mar-b-qtr mar-t-hlf mob-mar-t-hlf is-layout-flow wp-block-column-is-layout-flow\">\n<h4 class=\"wp-block-heading has-text-align-center mar-l-qtr mob-mar-l-qtr pad-l-qtr mob-pad-l-qtr has-rbc-bright-blue-tint-1-color has-text-color\" id=\"h-0-pb-0\">0 pb<\/h4>\n\n\n\n<p class=\"has-text-align-center mar-l-qtr mob-mar-l-qtr pad-l-qtr mob-pad-l-qtr has-rbc-bright-blue-tint-1-color has-text-color has-text-reg-font-size\">d\u00e9c. 2025<\/p>\n<\/div>\n<\/div>\n\n\n\n<p class=\"has-text-align-center pad-l-qtr mob-pad-l-qtr pad-r-qtr mob-pad-r-qtr pad-b-qtr mob-pad-b-qtr\">\u00c9tant donn\u00e9 que la Banque centrale europ\u00e9enne privil\u00e9gie le statu quo, nous sommes \u00e0 l\u2019aise avec nos pr\u00e9visions selon lesquelles le taux des d\u00e9p\u00f4ts restera \u00e0 2&nbsp;% en 2026. Malgr\u00e9 la faible croissance de la productivit\u00e9, nous croyons que la zone euro pourrait conna\u00eetre une forte remont\u00e9e cyclique en 2026, aliment\u00e9e par la normalisation de l\u2019\u00e9pargne, les mesures de relance budg\u00e9taire (un certain risque de hausse d\u00e9coulant d\u2019un d\u00e9ploiement plus rapide des d\u00e9penses en Allemagne) et l\u2019assouplissement des conditions de cr\u00e9dit.<\/p>\n<\/div><\/div>\n\n\n\n<div class=\"wp-block-rbc-rbc-tab-content\"><div role=\"tabpanel\" class=\"tab-pane\" aria-labelledby=\"section-tab-1bd3367f\" id=\"section-content-1bd3367f\" tabindex=\"0\">\n<figure class=\"wp-block-image size-large is-resized\"><img decoding=\"async\" src=\"https:\/\/www.rbc.com\/fr\/economique\/wp-content\/uploads\/sites\/24\/2025\/09\/bias-cover-fr-2.png?quality=80&amp;w=1024\" alt=\"\" class=\"wp-image-9604\" style=\"width:1171px;height:auto\" \/><\/figure>\n\n\n\n<div class=\"wp-block-columns are-vertically-aligned-center is-layout-flex wp-container-core-columns-is-layout-28f84493 wp-block-columns-is-layout-flex\">\n<div class=\"wp-block-column is-vertically-aligned-center mar-b-qtr mob-mar-b-qtr mar-t-hlf mob-mar-t-hlf is-layout-flow wp-block-column-is-layout-flow\">\n<figure class=\"wp-block-image size-full\"><img decoding=\"async\" src=\"https:\/\/www.rbc.com\/en\/wp-content\/uploads\/sites\/4\/2025\/09\/RBA.png?quality=80\" alt=\"\" class=\"wp-image-18916\" \/><\/figure>\n<\/div>\n\n\n\n<div class=\"wp-block-column is-vertically-aligned-center mar-b-qtr mob-mar-b-qtr mar-t-hlf mob-mar-t-hlf is-layout-flow wp-block-column-is-layout-flow\">\n<h4 class=\"wp-block-heading has-text-align-center has-rbc-bright-blue-tint-1-color has-text-color\" id=\"h-3-60-0\">3.60%<\/h4>\n\n\n\n<p class=\"has-text-align-center has-rbc-bright-blue-tint-1-color has-text-color has-text-reg-font-size\">0 pb en d\u00e9c. 2025<\/p>\n<\/div>\n\n\n\n<div class=\"wp-block-column is-vertically-aligned-center mar-b-qtr mob-mar-b-qtr mar-t-hlf mob-mar-t-hlf is-layout-flow wp-block-column-is-layout-flow\">\n<h4 class=\"wp-block-heading has-text-align-center has-rbc-bright-blue-tint-1-color has-text-color\" id=\"h-0-pb-1\">0 pb<\/h4>\n\n\n\n<p class=\"has-text-align-center has-rbc-bright-blue-tint-1-color has-text-color has-text-reg-font-size\">f\u00e9vr. 2026<\/p>\n<\/div>\n<\/div>\n\n\n\n<p class=\"has-text-align-center pad-b-hlf mob-pad-b-hlf pad-l-qtr mob-pad-l-qtr pad-r-qtr mob-pad-r-qtr\">La Banque de r\u00e9serve d\u2019Australie a laiss\u00e9 le taux des liquidit\u00e9s inchang\u00e9 en d\u00e9cembre, \u00e0 la suite de hausses cons\u00e9cutives inattendues des donn\u00e9es \u00e9conomiques. Le gouverneur Bullock a confirm\u00e9 la tenue de d\u00e9lib\u00e9rations sur les conditions exigeant des hausses de taux, hausses qui pourraient ne pas avoir lieu en cas de signes indiquant une stabilisation future des donn\u00e9es sur le march\u00e9 du travail et sur l\u2019inflation. Pour l\u2019instant, nous nous attendons \u00e0 ce que le taux des liquidit\u00e9s demeure \u00e0 3,6 %, mais nous le conna\u00eetrons \u00e0 la prochaine r\u00e9union de f\u00e9vrier en direct.<\/p>\n<\/div><\/div>\n<\/div><\/div><\/section>\n\n\n\n<h3 class=\"wp-block-heading is-style-heading-underline-left has-rbc-bright-blue-color has-text-color has-link-color wp-elements-b0ec0298cc7212ccb798e6a9b23492dc\" id=\"h-enjeux-sous-la-loupe-0\">Enjeux sous la loupe:<\/h3>\n\n\n\n<h4 class=\"wp-block-heading has-rbc-bright-blue-color has-text-color has-link-color wp-elements-fa718220e86a8f0e6679319fa51fe7d9\" id=\"h-suivi-de-l-incidence-des-tarifs-douaniers-americains-sur-cinq-secteurs-canadiens-cibles\"><strong><strong>Suivi de l\u2019incidence des tarifs douaniers am\u00e9ricains sur cinq secteurs canadiens cibl\u00e9s<\/strong><\/strong><\/h4>\n\n\n\n<p>La plupart des revenus am\u00e9ricains tir\u00e9s des tarifs douaniers sur les importations en provenance du Canada cette ann\u00e9e proviennent de tarifs douaniers impos\u00e9s aux automobiles, aux m\u00e9taux et au bois d\u2019\u0153uvre r\u00e9sineux, produits \u00e9num\u00e9r\u00e9s \u00e0 l\u2019article&nbsp;232, soit des produits qui ne sont pas exempt\u00e9s en vertu de l\u2019ACEUM.<\/p>\n\n\n\n<p>Cela a cr\u00e9\u00e9 une \u00e9conomie canadienne fragment\u00e9e o\u00f9 un sous-ensemble de secteurs fait face \u00e0 un choc commercial important, tandis que la plupart des autres biens demeurent en franchise de droits. M\u00eame dans ces secteurs, l\u2019incidence a \u00e9t\u00e9 in\u00e9gale.<\/p>\n\n\n\n<hr class=\"wp-block-separator has-alpha-channel-opacity is-style-wide wide\" \/>\n\n\n\n<div id=\"everviz-jDF1T8a3q\" class=\"everviz-jDF1T8a3q\" data-view=\"graph\"><\/div>\n\n\n\n<hr class=\"wp-block-separator has-alpha-channel-opacity is-style-wide wide\" \/>\n\n\n\n<p>Il est encore t\u00f4t, mais nous disposons maintenant de suffisamment de donn\u00e9es pour commencer \u00e0 \u00e9valuer les r\u00e9sultats des principales industries canadiennes \u00e0 l\u2019origine des produits (regroup\u00e9es au moyen d\u2019un syst\u00e8me harmonis\u00e9 de codes \u00e0 deux chiffres) vis\u00e9s par plus de 80&nbsp;% des tarifs am\u00e9ricains per\u00e7us \u00e0 l\u2019\u00e9gard des importations en provenance du Canada cette ann\u00e9e.<\/p>\n\n\n\n<p>Dans l\u2019ensemble, nous observons une l\u00e9g\u00e8re baisse de la production manufacturi\u00e8re et de l\u2019emploi apr\u00e8s l\u2019imposition des tarifs. Les prix de vente des fabricants canadiens ont g\u00e9n\u00e9ralement tenu le coup, les acheteurs am\u00e9ricains \u00e9tant ceux qui paient la majeure partie des co\u00fbts initiaux li\u00e9s aux tarifs. Par cons\u00e9quent, les b\u00e9n\u00e9fices des soci\u00e9t\u00e9s am\u00e9ricaines ont globalement diminu\u00e9 cette ann\u00e9e.<\/p>\n\n\n\n<p><a href=\"https:\/\/www.rbc.com\/fr\/economique\/analyse-pour-le-canada\/analyse-en-vedette\/perspectives\/suivi-de-lincidence-des-tarifs-douaniers-americains-sur-cinq-secteurs-canadiens-cibles\/\" target=\"_blank\" rel=\"noreferrer noopener\">Voici un portrait d\u00e9taill\u00e9<\/a>&nbsp;de la fa\u00e7on dont cinq industries canadiennes cl\u00e9s se sont comport\u00e9es sur le plan de la production, de l\u2019emploi et des prix de vente, dans un contexte de hausse des tarifs douaniers am\u00e9ricains.<\/p>\n\n\n\n<hr class=\"wp-block-separator has-alpha-channel-opacity wide is-style-wide\" \/>\n\n\n\n<div class=\"wp-block-buttons is-content-justification-center is-layout-flex wp-container-core-buttons-is-layout-a89b3969 wp-block-buttons-is-layout-flex\"><div>\n<div class=\"wp-block-button has-custom-width wp-block-button__width-25 is-style-primary primary btn before mar-r-hlf\"><a class=\"wp-block-button__link has-text-sm-font-size has-custom-font-size wp-element-button\" href=\"https:\/\/www.rbc.com\/fr\/economique\/wp-content\/uploads\/sites\/24\/2025\/12\/Dec-2025-Economy_Can_Fr.pdf\" target=\"_blank\" rel=\"noreferrer noopener\" data-dig-id=\"LP-Lepointsurlespr\u00e9visionsmensuelles-3143-69a37039\" data-dig-category=\"LP-Lepointsurlespr\u00e9visionsmensuelles\" data-dig-action=\"button click\" data-dig-label=\"Economic Forecast Detail: Canada\">Pr\u00e9visions<br>\u00e9conomiques :<br>Canada<\/a><\/div>\n\n\n\n<div class=\"wp-block-button has-custom-width wp-block-button__width-25 is-style-primary primary btn before mar-r-hlf\"><a class=\"wp-block-button__link has-text-sm-font-size has-custom-font-size wp-element-button\" href=\"https:\/\/www.rbc.com\/fr\/economique\/wp-content\/uploads\/sites\/24\/2025\/12\/Dec-2025-Economy_US_Fr.pdf\" target=\"_blank\" rel=\"noreferrer noopener\" data-dig-id=\"LP-Lepointsurlespr\u00e9visionsmensuelles-3143-69a37039\" data-dig-category=\"LP-Lepointsurlespr\u00e9visionsmensuelles\" data-dig-action=\"button click\" data-dig-label=\"Economic Forecast Detail: U.S.\">Pr\u00e9visions<br>\u00e9conomiques :<br>\u00c9.-U.<\/a><\/div>\n\n\n\n<div class=\"wp-block-button is-style-primary primary btn before\"><a class=\"wp-block-button__link has-text-sm-font-size has-text-align-center has-custom-font-size wp-element-button\" href=\"https:\/\/www.rbc.com\/fr\/economique\/wp-content\/uploads\/sites\/24\/2025\/12\/Dec-2025-Rates_Fr.pdf\" target=\"_blank\" rel=\"noreferrer noopener\" data-dig-id=\"LP-Lepointsurlespr\u00e9visionsmensuelles-3143-69a37039\" data-dig-category=\"LP-Lepointsurlespr\u00e9visionsmensuelles\" data-dig-action=\"button click\" data-dig-label=\"Interest rates and Key FX rates\">Perspectives<br>de taux<br>d&rsquo;int\u00e9r\u00eat<\/a><\/div>\n<\/div><\/div>\n\n\n\n<hr class=\"wp-block-separator has-alpha-channel-opacity is-style-wide wide\" \/>\n\n\n\n<p class=\"has-text-align-left\"><em><em><strong>Claire Fan<\/strong>&nbsp;est \u00e9conomiste <em>principale<\/em> \u00e0 RBC. Elle se concentre sur les tendances macro\u00e9conomiques et est charg\u00e9e d\u2019\u00e9tablir des pr\u00e9visions relatives au PIB, au march\u00e9 du travail et \u00e0 l\u2019inflation pour le Canada et les \u00c9tats-Unis, en fonction des principaux indicateurs.<\/em><\/em><\/p>\n<\/div>\n<\/section>\n","protected":false},"excerpt":{"rendered":"","protected":false},"author":318,"featured_media":2613,"comment_status":"open","ping_status":"open","sticky":false,"template":"","format":"standard","meta":{"_acf_changed":false,"advgb_blocks_editor_width":"","advgb_blocks_columns_visual_guide":"","footnotes":""},"categories":[29],"tags":[],"rbc_econ_content_type":[],"class_list":["post-3143","post","type-post","status-publish","format-standard","has-post-thumbnail","hentry","category-marches-financiers"],"acf":[],"yoast_head":"<!-- This site is optimized with the Yoast SEO Premium plugin v27.2 (Yoast SEO v27.2) - https:\/\/yoast.com\/product\/yoast-seo-premium-wordpress\/ -->\n<title>La BdC reste sur la touche et la Fed maintient le statu quo - RBC Economique<\/title>\n<meta name=\"robots\" content=\"index, follow, max-snippet:-1, max-image-preview:large, max-video-preview:-1\" \/>\n<link rel=\"canonical\" href=\"https:\/\/www.rbc.com\/fr\/economique\/marches-financiers\/la-bdc-reste-sur-la-touche-et-la-fed-maintient-le-statu-quo\/\" \/>\n<meta property=\"og:locale\" content=\"fr_FR\" \/>\n<meta property=\"og:type\" content=\"article\" \/>\n<meta property=\"og:title\" content=\"La BdC reste sur la touche et la Fed maintient le statu quo\" \/>\n<meta property=\"og:url\" content=\"https:\/\/www.rbc.com\/fr\/economique\/marches-financiers\/la-bdc-reste-sur-la-touche-et-la-fed-maintient-le-statu-quo\/\" \/>\n<meta property=\"og:site_name\" content=\"RBC Economique\" \/>\n<meta property=\"article:published_time\" content=\"2025-12-12T07:46:40+00:00\" \/>\n<meta property=\"article:modified_time\" content=\"2026-01-19T19:00:55+00:00\" \/>\n<meta property=\"og:image\" content=\"https:\/\/www.rbc.com\/fr\/economique\/wp-content\/uploads\/sites\/24\/2025\/09\/MFU-new-3.2.png?quality=80\" \/>\n\t<meta property=\"og:image:width\" content=\"3067\" \/>\n\t<meta property=\"og:image:height\" content=\"1850\" \/>\n\t<meta property=\"og:image:type\" content=\"image\/png\" \/>\n<meta name=\"author\" content=\"viktoriyapanahova\" \/>\n<meta name=\"twitter:card\" content=\"summary_large_image\" \/>\n<meta name=\"twitter:label1\" content=\"Written by\" \/>\n\t<meta name=\"twitter:data1\" content=\"viktoriyapanahova\" \/>\n\t<meta name=\"twitter:label2\" content=\"Est. reading time\" \/>\n\t<meta name=\"twitter:data2\" content=\"13 minutes\" \/>\n<script type=\"application\/ld+json\" class=\"yoast-schema-graph\">{\"@context\":\"https:\/\/schema.org\",\"@graph\":[{\"@type\":\"Article\",\"@id\":\"https:\/\/www.rbc.com\/fr\/economique\/marches-financiers\/la-bdc-reste-sur-la-touche-et-la-fed-maintient-le-statu-quo\/#article\",\"isPartOf\":{\"@id\":\"https:\/\/www.rbc.com\/fr\/economique\/marches-financiers\/la-bdc-reste-sur-la-touche-et-la-fed-maintient-le-statu-quo\/\"},\"author\":{\"name\":\"viktoriyapanahova\",\"@id\":\"https:\/\/www.rbc.com\/fr\/economique\/#\/schema\/person\/109dd1bd3c90e818f8159356d46905ea\"},\"headline\":\"La BdC reste sur la touche et la Fed maintient le statu quo\",\"datePublished\":\"2025-12-12T07:46:40+00:00\",\"dateModified\":\"2026-01-19T19:00:55+00:00\",\"mainEntityOfPage\":{\"@id\":\"https:\/\/www.rbc.com\/fr\/economique\/marches-financiers\/la-bdc-reste-sur-la-touche-et-la-fed-maintient-le-statu-quo\/\"},\"wordCount\":1976,\"commentCount\":0,\"image\":{\"@id\":\"https:\/\/www.rbc.com\/fr\/economique\/marches-financiers\/la-bdc-reste-sur-la-touche-et-la-fed-maintient-le-statu-quo\/#primaryimage\"},\"thumbnailUrl\":\"https:\/\/www.rbc.com\/fr\/economique\/wp-content\/uploads\/sites\/24\/2025\/09\/MFU-new-3.2.png?quality=80\",\"articleSection\":[\"Le point sur les pr\u00e9visions mensuelles\"],\"inLanguage\":\"fr-FR\",\"potentialAction\":[{\"@type\":\"CommentAction\",\"name\":\"Comment\",\"target\":[\"https:\/\/www.rbc.com\/fr\/economique\/marches-financiers\/la-bdc-reste-sur-la-touche-et-la-fed-maintient-le-statu-quo\/#respond\"]}]},{\"@type\":\"WebPage\",\"@id\":\"https:\/\/www.rbc.com\/fr\/economique\/marches-financiers\/la-bdc-reste-sur-la-touche-et-la-fed-maintient-le-statu-quo\/\",\"url\":\"https:\/\/www.rbc.com\/fr\/economique\/marches-financiers\/la-bdc-reste-sur-la-touche-et-la-fed-maintient-le-statu-quo\/\",\"name\":\"La BdC reste sur la touche et la Fed maintient le statu quo - RBC Economique\",\"isPartOf\":{\"@id\":\"https:\/\/www.rbc.com\/fr\/economique\/#website\"},\"primaryImageOfPage\":{\"@id\":\"https:\/\/www.rbc.com\/fr\/economique\/marches-financiers\/la-bdc-reste-sur-la-touche-et-la-fed-maintient-le-statu-quo\/#primaryimage\"},\"image\":{\"@id\":\"https:\/\/www.rbc.com\/fr\/economique\/marches-financiers\/la-bdc-reste-sur-la-touche-et-la-fed-maintient-le-statu-quo\/#primaryimage\"},\"thumbnailUrl\":\"https:\/\/www.rbc.com\/fr\/economique\/wp-content\/uploads\/sites\/24\/2025\/09\/MFU-new-3.2.png?quality=80\",\"datePublished\":\"2025-12-12T07:46:40+00:00\",\"dateModified\":\"2026-01-19T19:00:55+00:00\",\"author\":{\"@id\":\"https:\/\/www.rbc.com\/fr\/economique\/#\/schema\/person\/109dd1bd3c90e818f8159356d46905ea\"},\"breadcrumb\":{\"@id\":\"https:\/\/www.rbc.com\/fr\/economique\/marches-financiers\/la-bdc-reste-sur-la-touche-et-la-fed-maintient-le-statu-quo\/#breadcrumb\"},\"inLanguage\":\"fr-FR\",\"potentialAction\":[{\"@type\":\"ReadAction\",\"target\":[\"https:\/\/www.rbc.com\/fr\/economique\/marches-financiers\/la-bdc-reste-sur-la-touche-et-la-fed-maintient-le-statu-quo\/\"]}]},{\"@type\":\"ImageObject\",\"inLanguage\":\"fr-FR\",\"@id\":\"https:\/\/www.rbc.com\/fr\/economique\/marches-financiers\/la-bdc-reste-sur-la-touche-et-la-fed-maintient-le-statu-quo\/#primaryimage\",\"url\":\"https:\/\/www.rbc.com\/fr\/economique\/wp-content\/uploads\/sites\/24\/2025\/09\/MFU-new-3.2.png?quality=80\",\"contentUrl\":\"https:\/\/www.rbc.com\/fr\/economique\/wp-content\/uploads\/sites\/24\/2025\/09\/MFU-new-3.2.png?quality=80\",\"width\":3067,\"height\":1850},{\"@type\":\"BreadcrumbList\",\"@id\":\"https:\/\/www.rbc.com\/fr\/economique\/marches-financiers\/la-bdc-reste-sur-la-touche-et-la-fed-maintient-le-statu-quo\/#breadcrumb\",\"itemListElement\":[{\"@type\":\"ListItem\",\"position\":1,\"name\":\"Home\",\"item\":\"https:\/\/www.rbc.com\/fr\/economique\/\"},{\"@type\":\"ListItem\",\"position\":2,\"name\":\"La BdC reste sur la touche et la Fed maintient le statu quo\"}]},{\"@type\":\"WebSite\",\"@id\":\"https:\/\/www.rbc.com\/fr\/economique\/#website\",\"url\":\"https:\/\/www.rbc.com\/fr\/economique\/\",\"name\":\"RBC Economique\",\"description\":\"\",\"potentialAction\":[{\"@type\":\"SearchAction\",\"target\":{\"@type\":\"EntryPoint\",\"urlTemplate\":\"https:\/\/www.rbc.com\/fr\/economique\/?s={search_term_string}\"},\"query-input\":{\"@type\":\"PropertyValueSpecification\",\"valueRequired\":true,\"valueName\":\"search_term_string\"}}],\"inLanguage\":\"fr-FR\"},{\"@type\":\"Person\",\"@id\":\"https:\/\/www.rbc.com\/fr\/economique\/#\/schema\/person\/109dd1bd3c90e818f8159356d46905ea\",\"name\":\"viktoriyapanahova\",\"image\":{\"@type\":\"ImageObject\",\"inLanguage\":\"fr-FR\",\"@id\":\"https:\/\/secure.gravatar.com\/avatar\/885bcff339d33080f070ec9cbe77fcf3007653305ae17de7827e19af43e61913?s=96&d=mm&r=g\",\"url\":\"https:\/\/secure.gravatar.com\/avatar\/885bcff339d33080f070ec9cbe77fcf3007653305ae17de7827e19af43e61913?s=96&d=mm&r=g\",\"contentUrl\":\"https:\/\/secure.gravatar.com\/avatar\/885bcff339d33080f070ec9cbe77fcf3007653305ae17de7827e19af43e61913?s=96&d=mm&r=g\",\"caption\":\"viktoriyapanahova\"},\"url\":\"https:\/\/www.rbc.com\/fr\/economique\/author\/viktoriyapanahova\/\"}]}<\/script>\n<!-- \/ Yoast SEO Premium plugin. -->","yoast_head_json":{"title":"La BdC reste sur la touche et la Fed maintient le statu quo - RBC Economique","robots":{"index":"index","follow":"follow","max-snippet":"max-snippet:-1","max-image-preview":"max-image-preview:large","max-video-preview":"max-video-preview:-1"},"canonical":"https:\/\/www.rbc.com\/fr\/economique\/marches-financiers\/la-bdc-reste-sur-la-touche-et-la-fed-maintient-le-statu-quo\/","og_locale":"fr_FR","og_type":"article","og_title":"La BdC reste sur la touche et la Fed maintient le statu quo","og_url":"https:\/\/www.rbc.com\/fr\/economique\/marches-financiers\/la-bdc-reste-sur-la-touche-et-la-fed-maintient-le-statu-quo\/","og_site_name":"RBC Economique","article_published_time":"2025-12-12T07:46:40+00:00","article_modified_time":"2026-01-19T19:00:55+00:00","og_image":[{"width":3067,"height":1850,"url":"https:\/\/www.rbc.com\/fr\/economique\/wp-content\/uploads\/sites\/24\/2025\/09\/MFU-new-3.2.png?quality=80","type":"image\/png"}],"author":"viktoriyapanahova","twitter_card":"summary_large_image","twitter_misc":{"Written by":"viktoriyapanahova","Est. reading time":"13 minutes"},"schema":{"@context":"https:\/\/schema.org","@graph":[{"@type":"Article","@id":"https:\/\/www.rbc.com\/fr\/economique\/marches-financiers\/la-bdc-reste-sur-la-touche-et-la-fed-maintient-le-statu-quo\/#article","isPartOf":{"@id":"https:\/\/www.rbc.com\/fr\/economique\/marches-financiers\/la-bdc-reste-sur-la-touche-et-la-fed-maintient-le-statu-quo\/"},"author":{"name":"viktoriyapanahova","@id":"https:\/\/www.rbc.com\/fr\/economique\/#\/schema\/person\/109dd1bd3c90e818f8159356d46905ea"},"headline":"La BdC reste sur la touche et la Fed maintient le statu quo","datePublished":"2025-12-12T07:46:40+00:00","dateModified":"2026-01-19T19:00:55+00:00","mainEntityOfPage":{"@id":"https:\/\/www.rbc.com\/fr\/economique\/marches-financiers\/la-bdc-reste-sur-la-touche-et-la-fed-maintient-le-statu-quo\/"},"wordCount":1976,"commentCount":0,"image":{"@id":"https:\/\/www.rbc.com\/fr\/economique\/marches-financiers\/la-bdc-reste-sur-la-touche-et-la-fed-maintient-le-statu-quo\/#primaryimage"},"thumbnailUrl":"https:\/\/www.rbc.com\/fr\/economique\/wp-content\/uploads\/sites\/24\/2025\/09\/MFU-new-3.2.png?quality=80","articleSection":["Le point sur les pr\u00e9visions mensuelles"],"inLanguage":"fr-FR","potentialAction":[{"@type":"CommentAction","name":"Comment","target":["https:\/\/www.rbc.com\/fr\/economique\/marches-financiers\/la-bdc-reste-sur-la-touche-et-la-fed-maintient-le-statu-quo\/#respond"]}]},{"@type":"WebPage","@id":"https:\/\/www.rbc.com\/fr\/economique\/marches-financiers\/la-bdc-reste-sur-la-touche-et-la-fed-maintient-le-statu-quo\/","url":"https:\/\/www.rbc.com\/fr\/economique\/marches-financiers\/la-bdc-reste-sur-la-touche-et-la-fed-maintient-le-statu-quo\/","name":"La BdC reste sur la touche et la Fed maintient le statu quo - RBC Economique","isPartOf":{"@id":"https:\/\/www.rbc.com\/fr\/economique\/#website"},"primaryImageOfPage":{"@id":"https:\/\/www.rbc.com\/fr\/economique\/marches-financiers\/la-bdc-reste-sur-la-touche-et-la-fed-maintient-le-statu-quo\/#primaryimage"},"image":{"@id":"https:\/\/www.rbc.com\/fr\/economique\/marches-financiers\/la-bdc-reste-sur-la-touche-et-la-fed-maintient-le-statu-quo\/#primaryimage"},"thumbnailUrl":"https:\/\/www.rbc.com\/fr\/economique\/wp-content\/uploads\/sites\/24\/2025\/09\/MFU-new-3.2.png?quality=80","datePublished":"2025-12-12T07:46:40+00:00","dateModified":"2026-01-19T19:00:55+00:00","author":{"@id":"https:\/\/www.rbc.com\/fr\/economique\/#\/schema\/person\/109dd1bd3c90e818f8159356d46905ea"},"breadcrumb":{"@id":"https:\/\/www.rbc.com\/fr\/economique\/marches-financiers\/la-bdc-reste-sur-la-touche-et-la-fed-maintient-le-statu-quo\/#breadcrumb"},"inLanguage":"fr-FR","potentialAction":[{"@type":"ReadAction","target":["https:\/\/www.rbc.com\/fr\/economique\/marches-financiers\/la-bdc-reste-sur-la-touche-et-la-fed-maintient-le-statu-quo\/"]}]},{"@type":"ImageObject","inLanguage":"fr-FR","@id":"https:\/\/www.rbc.com\/fr\/economique\/marches-financiers\/la-bdc-reste-sur-la-touche-et-la-fed-maintient-le-statu-quo\/#primaryimage","url":"https:\/\/www.rbc.com\/fr\/economique\/wp-content\/uploads\/sites\/24\/2025\/09\/MFU-new-3.2.png?quality=80","contentUrl":"https:\/\/www.rbc.com\/fr\/economique\/wp-content\/uploads\/sites\/24\/2025\/09\/MFU-new-3.2.png?quality=80","width":3067,"height":1850},{"@type":"BreadcrumbList","@id":"https:\/\/www.rbc.com\/fr\/economique\/marches-financiers\/la-bdc-reste-sur-la-touche-et-la-fed-maintient-le-statu-quo\/#breadcrumb","itemListElement":[{"@type":"ListItem","position":1,"name":"Home","item":"https:\/\/www.rbc.com\/fr\/economique\/"},{"@type":"ListItem","position":2,"name":"La BdC reste sur la touche et la Fed maintient le statu quo"}]},{"@type":"WebSite","@id":"https:\/\/www.rbc.com\/fr\/economique\/#website","url":"https:\/\/www.rbc.com\/fr\/economique\/","name":"RBC Economique","description":"","potentialAction":[{"@type":"SearchAction","target":{"@type":"EntryPoint","urlTemplate":"https:\/\/www.rbc.com\/fr\/economique\/?s={search_term_string}"},"query-input":{"@type":"PropertyValueSpecification","valueRequired":true,"valueName":"search_term_string"}}],"inLanguage":"fr-FR"},{"@type":"Person","@id":"https:\/\/www.rbc.com\/fr\/economique\/#\/schema\/person\/109dd1bd3c90e818f8159356d46905ea","name":"viktoriyapanahova","image":{"@type":"ImageObject","inLanguage":"fr-FR","@id":"https:\/\/secure.gravatar.com\/avatar\/885bcff339d33080f070ec9cbe77fcf3007653305ae17de7827e19af43e61913?s=96&d=mm&r=g","url":"https:\/\/secure.gravatar.com\/avatar\/885bcff339d33080f070ec9cbe77fcf3007653305ae17de7827e19af43e61913?s=96&d=mm&r=g","contentUrl":"https:\/\/secure.gravatar.com\/avatar\/885bcff339d33080f070ec9cbe77fcf3007653305ae17de7827e19af43e61913?s=96&d=mm&r=g","caption":"viktoriyapanahova"},"url":"https:\/\/www.rbc.com\/fr\/economique\/author\/viktoriyapanahova\/"}]}},"author_meta":{"display_name":"viktoriyapanahova","author_link":"https:\/\/www.rbc.com\/fr\/economique\/author\/viktoriyapanahova\/"},"featured_img":"https:\/\/www.rbc.com\/fr\/economique\/wp-content\/uploads\/sites\/24\/2025\/09\/MFU-new-3.2.png?quality=80&w=300","jetpack_featured_media_url":"https:\/\/www.rbc.com\/fr\/economique\/wp-content\/uploads\/sites\/24\/2025\/09\/MFU-new-3.2.png?quality=80","coauthors":[],"tax_additional":{"categories":{"linked":["<a href=\"https:\/\/www.rbc.com\/fr\/economique\/category\/marches-financiers\/\" class=\"advgb-post-tax-term\">Le point sur les pr\u00e9visions mensuelles<\/a>"],"unlinked":["<span class=\"advgb-post-tax-term\">Le point sur les pr\u00e9visions mensuelles<\/span>"]}},"comment_count":"0","relative_dates":{"created":"Publi\u00e9 5 mois il y a","modified":"Mis \u00e0 jour 3 mois il y a"},"absolute_dates":{"created":"Publi\u00e9 le 12 d\u00e9cembre 2025","modified":"Mise \u00e0 jour le 19 janvier 2026"},"absolute_dates_time":{"created":"Publi\u00e9 le 12 d\u00e9cembre 2025 7:46  ","modified":"Mise \u00e0 jour le 19 janvier 2026 7:00  "},"featured_img_caption":"","series_order":"","_links":{"self":[{"href":"https:\/\/www.rbc.com\/fr\/economique\/wp-json\/wp\/v2\/posts\/3143","targetHints":{"allow":["GET"]}}],"collection":[{"href":"https:\/\/www.rbc.com\/fr\/economique\/wp-json\/wp\/v2\/posts"}],"about":[{"href":"https:\/\/www.rbc.com\/fr\/economique\/wp-json\/wp\/v2\/types\/post"}],"author":[{"embeddable":true,"href":"https:\/\/www.rbc.com\/fr\/economique\/wp-json\/wp\/v2\/users\/318"}],"replies":[{"embeddable":true,"href":"https:\/\/www.rbc.com\/fr\/economique\/wp-json\/wp\/v2\/comments?post=3143"}],"version-history":[{"count":23,"href":"https:\/\/www.rbc.com\/fr\/economique\/wp-json\/wp\/v2\/posts\/3143\/revisions"}],"predecessor-version":[{"id":3517,"href":"https:\/\/www.rbc.com\/fr\/economique\/wp-json\/wp\/v2\/posts\/3143\/revisions\/3517"}],"wp:featuredmedia":[{"embeddable":true,"href":"https:\/\/www.rbc.com\/fr\/economique\/wp-json\/wp\/v2\/media\/2613"}],"wp:attachment":[{"href":"https:\/\/www.rbc.com\/fr\/economique\/wp-json\/wp\/v2\/media?parent=3143"}],"wp:term":[{"taxonomy":"category","embeddable":true,"href":"https:\/\/www.rbc.com\/fr\/economique\/wp-json\/wp\/v2\/categories?post=3143"},{"taxonomy":"post_tag","embeddable":true,"href":"https:\/\/www.rbc.com\/fr\/economique\/wp-json\/wp\/v2\/tags?post=3143"},{"taxonomy":"rbc_econ_content_type","embeddable":true,"href":"https:\/\/www.rbc.com\/fr\/economique\/wp-json\/wp\/v2\/rbc_econ_content_type?post=3143"}],"curies":[{"name":"wp","href":"https:\/\/api.w.org\/{rel}","templated":true}]}}