{"id":2683,"date":"2025-11-13T21:56:15","date_gmt":"2025-11-13T21:56:15","guid":{"rendered":"https:\/\/www.rbc.com\/fr\/economique\/?p=2683"},"modified":"2025-11-19T21:56:47","modified_gmt":"2025-11-19T21:56:47","slug":"la-paralysie-du-gouvernement-americain-prend-fin-mais-nous-avons-encore-besoin-de-donnees","status":"publish","type":"post","link":"https:\/\/www.rbc.com\/fr\/economique\/analyse-pour-les-etats-unis\/analyse-en-vedette-analyse-pour-les-etats-unis\/la-paralysie-du-gouvernement-americain-prend-fin-mais-nous-avons-encore-besoin-de-donnees\/","title":{"rendered":"La paralysie du gouvernement am\u00e9ricain prend fin, mais nous avons encore besoin de donn\u00e9es"},"content":{"rendered":"\n<section class=\"wp-block-rbc-section-block  pos-rel\" style=\"border-radius:0px\">\n<div class=\"wp-block-rbc-section-inner-block  section-inner\" style=\"border-radius:0x\">\n<p>Le 12&nbsp;novembre&nbsp;2025, le pr\u00e9sident am\u00e9ricain Trump a sign\u00e9 un projet de loi mettant fin \u00e0 la plus longue paralysie de gouvernement de l\u2019histoire des \u00c9tats-Unis. Au fur et \u00e0 mesure que le gouvernement reprendra ses services, il pourrait y avoir des espoirs de clart\u00e9 et de visibilit\u00e9 des donn\u00e9es dans l\u2019\u00e9conomie am\u00e9ricaine qui nous ont \u00e9chapp\u00e9 au cours du dernier mois. Malheureusement, nous pr\u00e9voyons qu\u2019il sera toujours difficile d\u2019obtenir de la visibilit\u00e9&nbsp;\u2013 nous pensons que les donn\u00e9es du quatri\u00e8me trimestre ajouteront probablement plus de confusion que de clart\u00e9. Pour cette raison, notre strat\u00e9gie consiste \u00e0 nous concentrer sur les grandes tendances en jeu, notamment la persistance de l\u2019inflation et le ralentissement de la croissance en 2026.<\/p>\n\n\n\n<p>De plus, les diffusions de donn\u00e9es pour le reste de 2025 ne suivront pas le calendrier publi\u00e9 actuel. Nous publierons un calendrier mis \u00e0 jour lorsqu\u2019il sera officiellement rendu public par les organismes statistiques. De plus, nous retarderons la diffusion de notre analyse \u00ab&nbsp;Cette semaine aux \u00c9tats-Unis&nbsp;\u00bb jusqu\u2019\u00e0 ce que les changements apport\u00e9s au calendrier de diffusion des donn\u00e9es soient plus clairs.<\/p>\n\n\n\n<p>Entre-temps, voici nos principaux indicateurs&nbsp;:<\/p>\n\n\n\n<h2 class=\"wp-block-heading has-rbc-dark-blue-color has-text-color has-link-color has-text-major-reg-font-size wp-elements-8912b3c9828155263aa61e10c2fb8618\" id=\"h-donnees-sur-le-marche-du-travail-nbsp-stabilisation-du-secteur-prive-eclipsee-par-les-fluctuations-liees-a-la-paralysie\"><strong><strong>Donn\u00e9es sur le march\u00e9 du travail&nbsp;\u2013 stabilisation du secteur priv\u00e9 \u00e9clips\u00e9e par les fluctuations li\u00e9es \u00e0 la paralysie<\/strong><\/strong><\/h2>\n\n\n\n<h3 class=\"wp-block-heading has-text-major-xs-font-size\" id=\"h-voici-ce-que-nous-savons\"><em><em>Voici ce que nous savons.<\/em><\/em><\/h3>\n\n\n\n<ul class=\"wp-block-rbc-list is-style-black-disc\">\n<li class=\"wp-block-rbc-list-item\">\n<p>Nous pr\u00e9voyons que le rapport sur l\u2019emploi de septembre sera publi\u00e9 sous peu. \u00c0 l\u2019origine, il devait \u00eatre diffus\u00e9 le 3&nbsp;octobre (deux jours apr\u00e8s le d\u00e9but de la paralysie), et les donn\u00e9es \u00e9taient d\u00e9j\u00e0 recueillies et trait\u00e9es. Les donn\u00e9es de septembre seront p\u00e9rim\u00e9es, mais elles constitueront un point de d\u00e9part fiable \u00e0 partir duquel nous \u00e9valuerons la trajectoire du march\u00e9 du travail au quatri\u00e8me trimestre.<\/p>\n<\/li>\n\n\n\n<li class=\"wp-block-rbc-list-item\">\n<p>Nous ne savons pas si les donn\u00e9es d\u2019octobre sur les emplois non agricoles seront diffus\u00e9es, mais si elles le sont, nous savons qu\u2019elles ne correspondront pas aux donn\u00e9es de l\u2019enqu\u00eate aupr\u00e8s des m\u00e9nages. Le BLS a confirm\u00e9 que les employ\u00e9s mis \u00e0 pied provisoirement qui seront pay\u00e9s (par paye r\u00e9troactive) pour octobre seront compt\u00e9s sur les listes de paye aux c\u00f4t\u00e9s des employ\u00e9s essentiels qui ont travaill\u00e9 pendant le mois. \u00c0 l\u2019inverse, les fonctionnaires f\u00e9d\u00e9raux mis \u00e0 pied provisoirement qui n\u2019ont pas travaill\u00e9 pendant le mois d\u2019octobre seront compt\u00e9s comme ch\u00f4meurs (mis \u00e0 pied temporairement) dans l\u2019enqu\u00eate aupr\u00e8s des m\u00e9nages, ce qui contribuera \u00e0 une hausse du taux de ch\u00f4mage. La r\u00e9alit\u00e9, c\u2019est que ces incoh\u00e9rences vont amplifier les turbulences auquel nous sommes confront\u00e9es dans la foul\u00e9e de la paralysie.<\/p>\n<\/li>\n\n\n\n<li class=\"wp-block-rbc-list-item\">\n<p>Bien que nous n\u2019ayons pas re\u00e7u de donn\u00e9es sur les demandes hebdomadaires d\u2019assurance-ch\u00f4mage du d\u00e9partement du Travail, les donn\u00e9es \u00e0 l\u2019\u00e9chelle des \u00c9tats indiquent une stabilisation des demandes initiales d\u2019assurance-ch\u00f4mage au cours des cinq derni\u00e8res semaines. Cela correspond \u00e9galement \u00e0 ce que nous avons vu dans les rapports hebdomadaires et mensuels d\u2019ADP.<\/p>\n<\/li>\n<\/ul>\n\n\n\n<h3 class=\"wp-block-heading has-text-major-xs-font-size\" id=\"h-voici-ce-qui-nous-inquiete-nbsp\"><em><em><em><em>Voici ce qui nous inqui\u00e8te&nbsp;:<\/em><\/em><\/em><\/em><\/h3>\n\n\n\n<ul class=\"wp-block-rbc-list is-style-black-disc\">\n<li class=\"wp-block-rbc-list-item\">\n<p>Nous ne savons pas si le rapport sur l\u2019emploi d\u2019octobre sera publi\u00e9, et si c\u2019est le cas, la r\u00e9alit\u00e9, c\u2019est qu\u2019<a href=\"https:\/\/www.rbc.com\/fr\/economique\/analyse-pour-les-etats-unis\/cette-semaine-aux-etats-unis\/cette-semaine-aux-etats-unis-ne-vous-attardez-pas-a-lanomalie-dans-le-rapport-sur-lemploi-du-mois-doctobre\/\" target=\"_blank\" data-dig-id=\"LP-Analysepourles\u00c9tats-Unis-Analyseenvedette-\u00c9-U-2683-baffe352\" data-dig-category=\"LP-Analysepourles\u00c9tats-Unis-Analyseenvedette-\u00c9-U\" data-dig-action=\"link click\" data-dig-label=\"il sera d\u00e9form\u00e9 \" rel=\"noreferrer noopener\" class=\"rbc-link-format\">il sera d\u00e9form\u00e9 <\/a>par la paralysie du gouvernement. Si les donn\u00e9es sur les emplois non agricoles sont publi\u00e9es, les travailleurs f\u00e9d\u00e9raux seront compt\u00e9s sur les listes de paye. Mais dans l\u2019enqu\u00eate aupr\u00e8s des m\u00e9nages, ils seront compt\u00e9s comme ch\u00f4meurs, ce qui r\u00e9duira notre capacit\u00e9 d\u2019\u00e9valuer le point d\u2019\u00e9quilibre des listes de paye par rapport au taux de ch\u00f4mage.<\/p>\n<\/li>\n\n\n\n<li class=\"wp-block-rbc-list-item\">\n<p>Le taux de ch\u00f4mage est ce qui compte le plus pour la R\u00e9serve f\u00e9d\u00e9rale am\u00e9ricaine (Fed)&nbsp;\u2013 et ce point de donn\u00e9es pourrait ne pas \u00eatre diffus\u00e9 en octobre. Si l\u2019enqu\u00eate aupr\u00e8s des m\u00e9nages est publi\u00e9e&nbsp;\u2013 ce qui est ambigu puisque les donn\u00e9es n\u2019ont pas \u00e9t\u00e9 recueillies&nbsp;\u2013 nous estimons que le taux de ch\u00f4mage atteindrait 4,8&nbsp;% en octobre, puisque les employ\u00e9s mis \u00e0 pied provisoirement seraient compt\u00e9s comme ch\u00f4meurs (mise \u00e0 pied temporaire).<\/p>\n<\/li>\n<\/ul>\n\n\n\n<h3 class=\"wp-block-heading has-text-major-xs-font-size\" id=\"h-voici-ce-qui-selon-nous-sera-le-plus-important-nbsp\"><em><em><em><em><em><em>Voici ce qui, selon nous, sera le plus important&nbsp;:<\/em><\/em><\/em><\/em><\/em><\/em><\/h3>\n\n\n\n<ul class=\"wp-block-rbc-list is-style-black-disc\">\n<li class=\"wp-block-rbc-list-item\">\n<p>Nous pensons que le taux de ch\u00f4mage est l\u2019indicateur concernant le march\u00e9 du travail le plus utile, car le d\u00e9bat sur le point d\u2019\u00e9quilibre de la croissance de l\u2019emploi se poursuit. Nous pr\u00e9voyons que l\u2019\u00e9conomie am\u00e9ricaine aura ajout\u00e9 environ 30&nbsp;000&nbsp;emplois en octobre, ce qui correspond \u00e0 <a href=\"https:\/\/www.rbc.com\/fr\/economique\/analyse-pour-les-etats-unis\/analyse-en-vedette-analyse-pour-les-etats-unis\/le-point-dequilibre-de-lemploi-diminue-aux-etats-unis\/\" target=\"_blank\" data-dig-id=\"LP-Analysepourles\u00c9tats-Unis-Analyseenvedette-\u00c9-U-2683-baffe352\" data-dig-category=\"LP-Analysepourles\u00c9tats-Unis-Analyseenvedette-\u00c9-U\" data-dig-action=\"link click\" data-dig-label=\"notre estimation du point d\u2019\u00e9quilibre\" rel=\"noreferrer noopener\" class=\"rbc-link-format\">notre estimation du point d\u2019\u00e9quilibre<\/a> de la croissance de l\u2019emploi.<\/p>\n<\/li>\n\n\n\n<li class=\"wp-block-rbc-list-item\">\n<p>Exclusion faite de l\u2019emploi f\u00e9d\u00e9ral, nous nous attendons \u00e0 ce que le march\u00e9 du travail se stabilise dans un contexte mod\u00e9r\u00e9 d\u2019embauche et de licenciement. Nous esp\u00e9rons que le gros de la cr\u00e9ation d\u2019emplois se poursuivra dans le secteur des soins de sant\u00e9. Nous surveillons \u00e9galement l\u2019embauche dans les secteurs des loisirs et de l\u2019h\u00f4tellerie comme \u00e9chantillon des d\u00e9penses discr\u00e9tionnaires des m\u00e9nages \u00e0 revenu \u00e9lev\u00e9.<\/p>\n<\/li>\n\n\n\n<li class=\"wp-block-rbc-list-item\">\n<p>Nous surveillerons \u00e9galement le nombre de travailleurs \u00e0 la retraite qui ont demand\u00e9 des prestations de s\u00e9curit\u00e9 sociale&nbsp;\u2013 cette cohorte sera soustraite des listes de paye, mais n\u2019augmentera pas le taux de ch\u00f4mage.<\/p>\n<\/li>\n<\/ul>\n\n\n\n<h2 class=\"wp-block-heading has-rbc-dark-blue-color has-text-color has-link-color has-text-major-reg-font-size wp-elements-2148c722ed5db4d0b49974745789e7ef\" id=\"h-la-visibilite-sur-l-inflation-est-particulierement-mauvaise\"><strong><strong><strong>La visibilit\u00e9 sur l\u2019inflation est particuli\u00e8rement mauvaise<\/strong><\/strong><\/strong><\/h2>\n\n\n\n<h3 class=\"wp-block-heading has-text-major-xs-font-size\" id=\"h-la-visibilite-sur-l-inflation-est-particulierement-mauvaise-0\"><strong><strong><strong>La visibilit\u00e9 sur l\u2019inflation est particuli\u00e8rement mauvaise<\/strong><\/strong><\/strong><\/h3>\n\n\n\n<ul class=\"wp-block-rbc-list is-style-black-disc\">\n<li class=\"wp-block-rbc-list-item\">\n<p>Nous savons que les donn\u00e9es sur l\u2019IPC n\u2019ont pas \u00e9t\u00e9 recueillies au mois d\u2019octobre. Environ <a href=\"https:\/\/www.rbc.com\/fr\/economique\/analyse-pour-les-etats-unis\/cette-semaine-aux-etats-unis\/le-brouillard-sepaissit-sur-la-fed-en-labsence-de-donnees-sur-linflation-pour-le-mois-doctobre\/\" target=\"_blank\" data-dig-id=\"LP-Analysepourles\u00c9tats-Unis-Analyseenvedette-\u00c9-U-2683-baffe352\" data-dig-category=\"LP-Analysepourles\u00c9tats-Unis-Analyseenvedette-\u00c9-U\" data-dig-action=\"link click\" data-dig-label=\"les deux tiers des donn\u00e9es sur les prix comprises dans la mesure de l\u2019IPC sont recueillies par des visites en personne dans des \" rel=\"noreferrer noopener\" class=\"rbc-link-format\">les deux tiers des donn\u00e9es sur les prix comprises dans la mesure de l\u2019IPC sont recueillies par des visites en personne dans des <\/a>magasins physiques. En novembre, le processus de collecte a \u00e9t\u00e9 au point mort pendant pr\u00e8s de deux semaines, et il y a des risques d\u2019enjeux li\u00e9s \u00e0 la collecte \u00e0 l\u2019approche d\u2019une p\u00e9riode des F\u00eates occup\u00e9e.<\/p>\n<\/li>\n\n\n\n<li class=\"wp-block-rbc-list-item\">\n<p>Les donn\u00e9es sur l\u2019IPP n\u2019ont pas non plus \u00e9t\u00e9 recueillies en octobre. L\u2019absence de donn\u00e9es sur l\u2019IPC et l\u2019IPP signifiera que les donn\u00e9es sur les DPC ne seront pas disponibles pour le mois d\u2019octobre, puisque la majeure partie du panier (environ 90&nbsp;% net) est constitu\u00e9e d\u2019intrants de l\u2019IPC et de l\u2019IPP.<\/p>\n<\/li>\n<\/ul>\n\n\n\n<h3 class=\"wp-block-heading has-text-major-xs-font-size\" id=\"h-voici-ce-qui-nous-inquiete-nbsp-0\"><em><em><em><em>Voici ce qui nous inqui\u00e8te&nbsp;:<\/em><\/em><\/em><\/em><\/h3>\n\n\n\n<ul class=\"wp-block-rbc-list is-style-black-disc\">\n<li class=\"wp-block-rbc-list-item\">\n<p>Contrairement au march\u00e9 du travail, il existe peu (voire aucune) de solutions de rechange fiables au rapport sur l\u2019IPC. Nous nous fions aux donn\u00e9es sur les prix du BLS pour avoir une id\u00e9e des pressions inflationnistes, et en l\u2019absence des rapports sur l\u2019IPC et l\u2019IPP, il est difficile d\u2019\u00e9valuer la trajectoire de l\u2019inflation.&nbsp;<\/p>\n<\/li>\n\n\n\n<li class=\"wp-block-rbc-list-item\">\n<p>Le rapport sur l\u2019IPC d\u2019octobre (s\u2019il est publi\u00e9) posera un grave enjeu de qualit\u00e9 des donn\u00e9es. En r\u00e9alit\u00e9, nous obtiendrons un rapport d\u2019octobre avec des donn\u00e9es estim\u00e9es OU le rapport pourrait \u00eatre tout simplement annul\u00e9. Cela cr\u00e9era des effets d\u2019entra\u00eenement pour les donn\u00e9es en novembre.<\/p>\n<\/li>\n\n\n\n<li class=\"wp-block-rbc-list-item\">\n<p>Le rapport sur l\u2019IPC d\u2019octobre (s\u2019il est publi\u00e9) posera un grave enjeu de qualit\u00e9 des donn\u00e9es. En r\u00e9alit\u00e9, nous obtiendrons un rapport d\u2019octobre avec des donn\u00e9es estim\u00e9es OU le rapport pourrait \u00eatre tout simplement annul\u00e9. Cela cr\u00e9era des effets d\u2019entra\u00eenement pour les donn\u00e9es en novembre.<\/p>\n<\/li>\n<\/ul>\n\n\n\n<h3 class=\"wp-block-heading has-text-major-xs-font-size\" id=\"h-voici-ce-qui-selon-nous-sera-le-plus-important-nbsp-0\"><em><em><em><em><em><em>Voici ce qui, selon nous, sera le plus important&nbsp;:<\/em><\/em><\/em><\/em><\/em><\/em><\/h3>\n\n\n\n<ul class=\"wp-block-rbc-list is-style-black-disc\">\n<li class=\"wp-block-rbc-list-item\">\n<p>Les donn\u00e9es sur l\u2019IPC de septembre ont \u00e9t\u00e9 inf\u00e9rieures aux attentes, mais ce r\u00e9sultat peut en grande partie \u00eatre attribu\u00e9 \u00e0 de mauvaises donn\u00e9es sur les loyers \u00e9quivalents propri\u00e9taires, <a href=\"https:\/\/www.rbc.com\/fr\/economique\/analyse-pour-les-etats-unis\/rapports-de-donnees-provisoires-eu\/rbc-etats-unis-surveillance-de-linflation\/\" data-dig-id=\"LP-Analysepourles\u00c9tats-Unis-Analyseenvedette-\u00c9-U-2683-baffe352\" data-dig-category=\"LP-Analysepourles\u00c9tats-Unis-Analyseenvedette-\u00c9-U\" data-dig-action=\"link click\" data-dig-label=\"qui \u00e9taient probablement ponctuelles\" class=\"rbc-link-format\">qui \u00e9taient probablement ponctuelles<\/a>.<\/p>\n<\/li>\n\n\n\n<li class=\"wp-block-rbc-list-item\">\n<p>\u00c0 ce jour, nous avons commenc\u00e9 \u00e0 voir des signes avant-coureurs de pressions tarifaires s\u2019accentuer dans certains secteurs expos\u00e9s aux \u00e9changes commerciaux (par exemple, dans les v\u00eatements, les articles d\u2019ameublement et les pi\u00e8ces et \u00e9quipements des v\u00e9hicules automobiles).<\/p>\n<\/li>\n\n\n\n<li class=\"wp-block-rbc-list-item\">\n<p>Toutefois, d\u2019autres secteurs expos\u00e9s aux \u00e9changes commerciaux (en particulier les v\u00e9hicules automobiles neufs) n\u2019ont pas encore vu de pressions \u00e9merger. Nous nous attendons \u00e0 ce que l\u2019accumulation des stocks, combin\u00e9e aux entreprises qui visent \u00e0 maintenir leur part de march\u00e9 pendant la p\u00e9riode des F\u00eates, signifie que nous ne verrons pas de r\u00e9percussion importante sur les prix \u00e0 la consommation avant 2026.<\/p>\n<\/li>\n<\/ul>\n\n\n\n<h2 class=\"wp-block-heading has-rbc-dark-blue-color has-text-color has-link-color has-text-major-reg-font-size wp-elements-2c2b0c1488fe4cc8978d6a0a4102ff1c\" id=\"h-ne-pretez-pas-attention-aux-distorsions-du-pib-au-quatrieme-trimestre-nbsp-ciblez-2026-pour-une-idee-plus-claire-de-la-croissance\"><strong><strong><strong><strong>Ne pr\u00eatez pas attention aux distorsions du PIB au quatri\u00e8me trimestre&nbsp;\u2013 ciblez 2026 pour une id\u00e9e plus claire de la croissance<\/strong><\/strong><\/strong><\/strong><\/h2>\n\n\n\n<h3 class=\"wp-block-heading has-text-major-xs-font-size\" id=\"h-voici-ce-que-nous-savons-0\"><em><em>Voici ce que nous savons.<\/em><\/em><\/h3>\n\n\n\n<ul class=\"wp-block-rbc-list is-style-black-disc\">\n<li class=\"wp-block-rbc-list-item\">\n<p>La publication du rapport sur le PIB du quatri\u00e8me trimestre n\u2019est pas pr\u00e9vue avant le 30&nbsp;janvier&nbsp;2026. Cependant, les estimations du PIB n\u00e9cessitent une quantit\u00e9 importante d\u2019intrants provenant d\u2019autres sources de donn\u00e9es, y compris les ventes au d\u00e9tail, les biens durables et les rapports sur l\u2019inflation. La diffusion pourrait \u00eatre retard\u00e9e en raison de retards ailleurs dans le processus de production des donn\u00e9es.<\/p>\n<\/li>\n\n\n\n<li class=\"wp-block-rbc-list-item\">\n<p>La vigueur relative de la croissance du PIB en 2025 n\u2019a pas \u00e9t\u00e9 coh\u00e9rente avec d\u2019autres indicateurs \u00e9conomiques, notamment la croissance de l\u2019emploi, la confiance des consommateurs et les fluctuations des \u00e9changes commerciaux et des stocks. S\u2019il manque des donn\u00e9es mensuelles (c.\u2011\u00e0\u2011d. celles d\u2019octobre), cela s\u2019ajoutera aux distorsions qui se sont produites plus t\u00f4t dans l\u2019ann\u00e9e en raison du devancement des achats en pr\u00e9vision des tarifs douaniers.<\/p>\n<\/li>\n<\/ul>\n\n\n\n<h3 class=\"wp-block-heading has-text-major-xs-font-size\" id=\"h-voici-ce-qui-nous-inquiete-nbsp-1\"><em><em><em><em>Voici ce qui nous inqui\u00e8te&nbsp;:<\/em><\/em><\/em><\/em><\/h3>\n\n\n\n<ul class=\"wp-block-rbc-list is-style-black-disc\">\n<li class=\"wp-block-rbc-list-item\">\n<p>Nous nous attendons \u00e0 ce que la paralysie du gouvernement p\u00e8se sur la croissance du PIB au quatri\u00e8me trimestre. Cela sera pris en compte dans les d\u00e9penses du gouvernement et de consommation. Les contrats du gouvernement n\u2019ont pas \u00e9t\u00e9 pay\u00e9s au cours du mois d\u2019octobre, et les fonctionnaires f\u00e9d\u00e9raux mis \u00e0 pied provisoirement qui n\u2019ont pas de ch\u00e8que de paye sont susceptibles de r\u00e9duire leur consommation.<\/p>\n<\/li>\n\n\n\n<li class=\"wp-block-rbc-list-item\">\n<p>Ensemble, nous nous attendons \u00e0 ce que les deux facteurs r\u00e9duisent de quelques dixi\u00e8mes de point de pourcentage le PIB du quatri\u00e8me trimestre. N\u00e9anmoins, une partie de la baisse sera renvers\u00e9e au premier trimestre de 2026, ce qui ajoutera plus de turbulence \u00e0 l\u2019\u00e9quation.<\/p>\n<\/li>\n<\/ul>\n\n\n\n<h3 class=\"wp-block-heading has-text-major-xs-font-size\" id=\"h-voici-ce-qui-selon-nous-sera-le-plus-important-nbsp-1\"><em><em><em><em><em><em>Voici ce qui, selon nous, sera le plus important&nbsp;:<\/em><\/em><\/em><\/em><\/em><\/em><\/h3>\n\n\n\n<ul class=\"wp-block-rbc-list is-style-black-disc\">\n<li class=\"wp-block-rbc-list-item\">\n<p>Une fois que nous aurons surmont\u00e9 les effets d\u2019entra\u00eenement de la paralysie, nous nous attendons \u00e0 avoir plus de clart\u00e9 des deux volets du mandat de la Fed au d\u00e9but du premier trimestre. Mais la croissance du PIB ne sera pas opportune&nbsp;\u2013 nous n\u2019aurons probablement pas de donn\u00e9es claires avant la publication des donn\u00e9es du deuxi\u00e8me trimestre de 2026 en juillet.<\/p>\n<\/li>\n<\/ul>\n\n\n\n<hr class=\"wp-block-separator has-alpha-channel-opacity is-style-wide wide\" \/>\n\n\n\n<p class=\"has-text-align-center\"><strong>\u00c0 propos des auteurs<\/strong><\/p>\n\n\n\n<p><em><strong>Mike Reid<\/strong>&nbsp;est \u00e9conomiste&nbsp;principal, \u00c9tats-Unis, \u00e0 RBC. Il est charg\u00e9 d\u2019\u00e9tablir les perspectives \u00e9conomiques de RBC pour les \u00c9tats-Unis, de commenter les indicateurs macro\u00e9conomiques et de r\u00e9diger des analyses concernant le contexte \u00e9conomique.<\/em><\/p>\n\n\n\n<p><em><strong>Carrie Freestone<\/strong>&nbsp;fait partie du groupe d\u2019analyse macro\u00e9conomique et est responsable d\u2019examiner les principales tendances \u00e9conomiques, notamment les d\u00e9penses de consommation, les march\u00e9s du travail, le PIB et l\u2019inflation.<\/em><\/p>\n\n\n\n<p><strong>Imri Haggin<\/strong><em>&nbsp;est \u00e9conomiste \u00e0 RBC March\u00e9s des Capitaux, o\u00f9 il se concentre sur la recherche th\u00e9matique. Ses travaux ant\u00e9rieurs portaient sur la dynamique du cr\u00e9dit \u00e0 la consommation et la mod\u00e9lisation des liquidit\u00e9s, et mettaient l\u2019accent sur l\u2019utilisation des donn\u00e9es pour comprendre les comportements.<\/em><\/p>\n\n\n\n<hr class=\"wp-block-separator has-alpha-channel-opacity is-style-wide wide\" \/>\n<\/div>\n<\/section>\n","protected":false},"excerpt":{"rendered":"","protected":false},"author":189,"featured_media":1001,"comment_status":"open","ping_status":"open","sticky":false,"template":"","format":"standard","meta":{"_acf_changed":false,"advgb_blocks_editor_width":"","advgb_blocks_columns_visual_guide":"","footnotes":""},"categories":[82,72],"tags":[],"rbc_econ_content_type":[],"class_list":["post-2683","post","type-post","status-publish","format-standard","has-post-thumbnail","hentry","category-analyse-en-vedette-analyse-pour-les-etats-unis","category-analyse-pour-les-etats-unis"],"acf":[],"yoast_head":"<!-- This site is optimized with the Yoast SEO Premium plugin v27.2 (Yoast SEO v27.2) - https:\/\/yoast.com\/product\/yoast-seo-premium-wordpress\/ -->\n<title>La paralysie du gouvernement am\u00e9ricain prend fin, mais nous avons encore besoin de donn\u00e9es - RBC Economique<\/title>\n<meta name=\"robots\" content=\"index, follow, max-snippet:-1, max-image-preview:large, max-video-preview:-1\" \/>\n<link rel=\"canonical\" href=\"https:\/\/www.rbc.com\/fr\/economique\/analyse-pour-les-etats-unis\/analyse-en-vedette-analyse-pour-les-etats-unis\/la-paralysie-du-gouvernement-americain-prend-fin-mais-nous-avons-encore-besoin-de-donnees\/\" \/>\n<meta property=\"og:locale\" content=\"fr_FR\" \/>\n<meta property=\"og:type\" content=\"article\" \/>\n<meta property=\"og:title\" content=\"La paralysie du gouvernement am\u00e9ricain prend fin, mais nous avons encore besoin de donn\u00e9es\" \/>\n<meta property=\"og:url\" content=\"https:\/\/www.rbc.com\/fr\/economique\/analyse-pour-les-etats-unis\/analyse-en-vedette-analyse-pour-les-etats-unis\/la-paralysie-du-gouvernement-americain-prend-fin-mais-nous-avons-encore-besoin-de-donnees\/\" \/>\n<meta property=\"og:site_name\" content=\"RBC Economique\" \/>\n<meta property=\"article:published_time\" content=\"2025-11-13T21:56:15+00:00\" \/>\n<meta property=\"article:modified_time\" content=\"2025-11-19T21:56:47+00:00\" \/>\n<meta property=\"og:image\" content=\"https:\/\/www.rbc.com\/fr\/economique\/wp-content\/uploads\/sites\/24\/\/2025\/07\/US-compressed.png?quality=80\" \/>\n\t<meta property=\"og:image:width\" content=\"6134\" \/>\n\t<meta property=\"og:image:height\" content=\"3700\" \/>\n\t<meta property=\"og:image:type\" content=\"image\/png\" \/>\n<meta name=\"author\" content=\"aidansmithedgell\" \/>\n<meta name=\"twitter:card\" content=\"summary_large_image\" \/>\n<meta name=\"twitter:label1\" content=\"Written by\" \/>\n\t<meta name=\"twitter:data1\" content=\"aidansmithedgell\" \/>\n\t<meta name=\"twitter:label2\" content=\"Est. reading time\" \/>\n\t<meta name=\"twitter:data2\" content=\"9 minutes\" \/>\n<script type=\"application\/ld+json\" class=\"yoast-schema-graph\">{\"@context\":\"https:\/\/schema.org\",\"@graph\":[{\"@type\":\"Article\",\"@id\":\"https:\/\/www.rbc.com\/fr\/economique\/analyse-pour-les-etats-unis\/analyse-en-vedette-analyse-pour-les-etats-unis\/la-paralysie-du-gouvernement-americain-prend-fin-mais-nous-avons-encore-besoin-de-donnees\/#article\",\"isPartOf\":{\"@id\":\"https:\/\/www.rbc.com\/fr\/economique\/analyse-pour-les-etats-unis\/analyse-en-vedette-analyse-pour-les-etats-unis\/la-paralysie-du-gouvernement-americain-prend-fin-mais-nous-avons-encore-besoin-de-donnees\/\"},\"author\":{\"name\":\"aidansmithedgell\",\"@id\":\"https:\/\/www.rbc.com\/fr\/economique\/#\/schema\/person\/466b148147b6e1461c12a15420fc76fd\"},\"headline\":\"La paralysie du gouvernement am\u00e9ricain prend fin, mais nous avons encore besoin de donn\u00e9es\",\"datePublished\":\"2025-11-13T21:56:15+00:00\",\"dateModified\":\"2025-11-19T21:56:47+00:00\",\"mainEntityOfPage\":{\"@id\":\"https:\/\/www.rbc.com\/fr\/economique\/analyse-pour-les-etats-unis\/analyse-en-vedette-analyse-pour-les-etats-unis\/la-paralysie-du-gouvernement-americain-prend-fin-mais-nous-avons-encore-besoin-de-donnees\/\"},\"wordCount\":1953,\"commentCount\":0,\"image\":{\"@id\":\"https:\/\/www.rbc.com\/fr\/economique\/analyse-pour-les-etats-unis\/analyse-en-vedette-analyse-pour-les-etats-unis\/la-paralysie-du-gouvernement-americain-prend-fin-mais-nous-avons-encore-besoin-de-donnees\/#primaryimage\"},\"thumbnailUrl\":\"https:\/\/www.rbc.com\/fr\/economique\/wp-content\/uploads\/sites\/24\/\/2025\/07\/US-compressed.png?quality=80\",\"articleSection\":[\"Analyse en vedette - \u00c9-U\",\"Analyse pour les \u00c9tats-Unis\"],\"inLanguage\":\"fr-FR\",\"potentialAction\":[{\"@type\":\"CommentAction\",\"name\":\"Comment\",\"target\":[\"https:\/\/www.rbc.com\/fr\/economique\/analyse-pour-les-etats-unis\/analyse-en-vedette-analyse-pour-les-etats-unis\/la-paralysie-du-gouvernement-americain-prend-fin-mais-nous-avons-encore-besoin-de-donnees\/#respond\"]}]},{\"@type\":\"WebPage\",\"@id\":\"https:\/\/www.rbc.com\/fr\/economique\/analyse-pour-les-etats-unis\/analyse-en-vedette-analyse-pour-les-etats-unis\/la-paralysie-du-gouvernement-americain-prend-fin-mais-nous-avons-encore-besoin-de-donnees\/\",\"url\":\"https:\/\/www.rbc.com\/fr\/economique\/analyse-pour-les-etats-unis\/analyse-en-vedette-analyse-pour-les-etats-unis\/la-paralysie-du-gouvernement-americain-prend-fin-mais-nous-avons-encore-besoin-de-donnees\/\",\"name\":\"La paralysie du gouvernement am\u00e9ricain prend fin, mais nous avons encore besoin de donn\u00e9es - RBC Economique\",\"isPartOf\":{\"@id\":\"https:\/\/www.rbc.com\/fr\/economique\/#website\"},\"primaryImageOfPage\":{\"@id\":\"https:\/\/www.rbc.com\/fr\/economique\/analyse-pour-les-etats-unis\/analyse-en-vedette-analyse-pour-les-etats-unis\/la-paralysie-du-gouvernement-americain-prend-fin-mais-nous-avons-encore-besoin-de-donnees\/#primaryimage\"},\"image\":{\"@id\":\"https:\/\/www.rbc.com\/fr\/economique\/analyse-pour-les-etats-unis\/analyse-en-vedette-analyse-pour-les-etats-unis\/la-paralysie-du-gouvernement-americain-prend-fin-mais-nous-avons-encore-besoin-de-donnees\/#primaryimage\"},\"thumbnailUrl\":\"https:\/\/www.rbc.com\/fr\/economique\/wp-content\/uploads\/sites\/24\/\/2025\/07\/US-compressed.png?quality=80\",\"datePublished\":\"2025-11-13T21:56:15+00:00\",\"dateModified\":\"2025-11-19T21:56:47+00:00\",\"author\":{\"@id\":\"https:\/\/www.rbc.com\/fr\/economique\/#\/schema\/person\/466b148147b6e1461c12a15420fc76fd\"},\"breadcrumb\":{\"@id\":\"https:\/\/www.rbc.com\/fr\/economique\/analyse-pour-les-etats-unis\/analyse-en-vedette-analyse-pour-les-etats-unis\/la-paralysie-du-gouvernement-americain-prend-fin-mais-nous-avons-encore-besoin-de-donnees\/#breadcrumb\"},\"inLanguage\":\"fr-FR\",\"potentialAction\":[{\"@type\":\"ReadAction\",\"target\":[\"https:\/\/www.rbc.com\/fr\/economique\/analyse-pour-les-etats-unis\/analyse-en-vedette-analyse-pour-les-etats-unis\/la-paralysie-du-gouvernement-americain-prend-fin-mais-nous-avons-encore-besoin-de-donnees\/\"]}]},{\"@type\":\"ImageObject\",\"inLanguage\":\"fr-FR\",\"@id\":\"https:\/\/www.rbc.com\/fr\/economique\/analyse-pour-les-etats-unis\/analyse-en-vedette-analyse-pour-les-etats-unis\/la-paralysie-du-gouvernement-americain-prend-fin-mais-nous-avons-encore-besoin-de-donnees\/#primaryimage\",\"url\":\"https:\/\/www.rbc.com\/fr\/economique\/wp-content\/uploads\/sites\/24\/\/2025\/07\/US-compressed.png?quality=80\",\"contentUrl\":\"https:\/\/www.rbc.com\/fr\/economique\/wp-content\/uploads\/sites\/24\/\/2025\/07\/US-compressed.png?quality=80\",\"width\":6134,\"height\":3700},{\"@type\":\"BreadcrumbList\",\"@id\":\"https:\/\/www.rbc.com\/fr\/economique\/analyse-pour-les-etats-unis\/analyse-en-vedette-analyse-pour-les-etats-unis\/la-paralysie-du-gouvernement-americain-prend-fin-mais-nous-avons-encore-besoin-de-donnees\/#breadcrumb\",\"itemListElement\":[{\"@type\":\"ListItem\",\"position\":1,\"name\":\"Home\",\"item\":\"https:\/\/www.rbc.com\/fr\/economique\/\"},{\"@type\":\"ListItem\",\"position\":2,\"name\":\"La paralysie du gouvernement am\u00e9ricain prend fin, mais nous avons encore besoin de donn\u00e9es\"}]},{\"@type\":\"WebSite\",\"@id\":\"https:\/\/www.rbc.com\/fr\/economique\/#website\",\"url\":\"https:\/\/www.rbc.com\/fr\/economique\/\",\"name\":\"RBC Economique\",\"description\":\"\",\"potentialAction\":[{\"@type\":\"SearchAction\",\"target\":{\"@type\":\"EntryPoint\",\"urlTemplate\":\"https:\/\/www.rbc.com\/fr\/economique\/?s={search_term_string}\"},\"query-input\":{\"@type\":\"PropertyValueSpecification\",\"valueRequired\":true,\"valueName\":\"search_term_string\"}}],\"inLanguage\":\"fr-FR\"},{\"@type\":\"Person\",\"@id\":\"https:\/\/www.rbc.com\/fr\/economique\/#\/schema\/person\/466b148147b6e1461c12a15420fc76fd\",\"name\":\"aidansmithedgell\",\"image\":{\"@type\":\"ImageObject\",\"inLanguage\":\"fr-FR\",\"@id\":\"https:\/\/secure.gravatar.com\/avatar\/e247c7ada7a3507bb5f106189e928be8cf5b67a3b04e14a610c1d079d7f57847?s=96&d=mm&r=g\",\"url\":\"https:\/\/secure.gravatar.com\/avatar\/e247c7ada7a3507bb5f106189e928be8cf5b67a3b04e14a610c1d079d7f57847?s=96&d=mm&r=g\",\"contentUrl\":\"https:\/\/secure.gravatar.com\/avatar\/e247c7ada7a3507bb5f106189e928be8cf5b67a3b04e14a610c1d079d7f57847?s=96&d=mm&r=g\",\"caption\":\"aidansmithedgell\"},\"url\":\"https:\/\/www.rbc.com\/fr\/economique\/author\/aidansmithedgell\/\"}]}<\/script>\n<!-- \/ Yoast SEO Premium plugin. -->","yoast_head_json":{"title":"La paralysie du gouvernement am\u00e9ricain prend fin, mais nous avons encore besoin de donn\u00e9es - RBC Economique","robots":{"index":"index","follow":"follow","max-snippet":"max-snippet:-1","max-image-preview":"max-image-preview:large","max-video-preview":"max-video-preview:-1"},"canonical":"https:\/\/www.rbc.com\/fr\/economique\/analyse-pour-les-etats-unis\/analyse-en-vedette-analyse-pour-les-etats-unis\/la-paralysie-du-gouvernement-americain-prend-fin-mais-nous-avons-encore-besoin-de-donnees\/","og_locale":"fr_FR","og_type":"article","og_title":"La paralysie du gouvernement am\u00e9ricain prend fin, mais nous avons encore besoin de donn\u00e9es","og_url":"https:\/\/www.rbc.com\/fr\/economique\/analyse-pour-les-etats-unis\/analyse-en-vedette-analyse-pour-les-etats-unis\/la-paralysie-du-gouvernement-americain-prend-fin-mais-nous-avons-encore-besoin-de-donnees\/","og_site_name":"RBC Economique","article_published_time":"2025-11-13T21:56:15+00:00","article_modified_time":"2025-11-19T21:56:47+00:00","og_image":[{"width":6134,"height":3700,"url":"https:\/\/www.rbc.com\/fr\/economique\/wp-content\/uploads\/sites\/24\/\/2025\/07\/US-compressed.png?quality=80","type":"image\/png"}],"author":"aidansmithedgell","twitter_card":"summary_large_image","twitter_misc":{"Written by":"aidansmithedgell","Est. reading time":"9 minutes"},"schema":{"@context":"https:\/\/schema.org","@graph":[{"@type":"Article","@id":"https:\/\/www.rbc.com\/fr\/economique\/analyse-pour-les-etats-unis\/analyse-en-vedette-analyse-pour-les-etats-unis\/la-paralysie-du-gouvernement-americain-prend-fin-mais-nous-avons-encore-besoin-de-donnees\/#article","isPartOf":{"@id":"https:\/\/www.rbc.com\/fr\/economique\/analyse-pour-les-etats-unis\/analyse-en-vedette-analyse-pour-les-etats-unis\/la-paralysie-du-gouvernement-americain-prend-fin-mais-nous-avons-encore-besoin-de-donnees\/"},"author":{"name":"aidansmithedgell","@id":"https:\/\/www.rbc.com\/fr\/economique\/#\/schema\/person\/466b148147b6e1461c12a15420fc76fd"},"headline":"La paralysie du gouvernement am\u00e9ricain prend fin, mais nous avons encore besoin de donn\u00e9es","datePublished":"2025-11-13T21:56:15+00:00","dateModified":"2025-11-19T21:56:47+00:00","mainEntityOfPage":{"@id":"https:\/\/www.rbc.com\/fr\/economique\/analyse-pour-les-etats-unis\/analyse-en-vedette-analyse-pour-les-etats-unis\/la-paralysie-du-gouvernement-americain-prend-fin-mais-nous-avons-encore-besoin-de-donnees\/"},"wordCount":1953,"commentCount":0,"image":{"@id":"https:\/\/www.rbc.com\/fr\/economique\/analyse-pour-les-etats-unis\/analyse-en-vedette-analyse-pour-les-etats-unis\/la-paralysie-du-gouvernement-americain-prend-fin-mais-nous-avons-encore-besoin-de-donnees\/#primaryimage"},"thumbnailUrl":"https:\/\/www.rbc.com\/fr\/economique\/wp-content\/uploads\/sites\/24\/\/2025\/07\/US-compressed.png?quality=80","articleSection":["Analyse en vedette - \u00c9-U","Analyse pour les \u00c9tats-Unis"],"inLanguage":"fr-FR","potentialAction":[{"@type":"CommentAction","name":"Comment","target":["https:\/\/www.rbc.com\/fr\/economique\/analyse-pour-les-etats-unis\/analyse-en-vedette-analyse-pour-les-etats-unis\/la-paralysie-du-gouvernement-americain-prend-fin-mais-nous-avons-encore-besoin-de-donnees\/#respond"]}]},{"@type":"WebPage","@id":"https:\/\/www.rbc.com\/fr\/economique\/analyse-pour-les-etats-unis\/analyse-en-vedette-analyse-pour-les-etats-unis\/la-paralysie-du-gouvernement-americain-prend-fin-mais-nous-avons-encore-besoin-de-donnees\/","url":"https:\/\/www.rbc.com\/fr\/economique\/analyse-pour-les-etats-unis\/analyse-en-vedette-analyse-pour-les-etats-unis\/la-paralysie-du-gouvernement-americain-prend-fin-mais-nous-avons-encore-besoin-de-donnees\/","name":"La paralysie du gouvernement am\u00e9ricain prend fin, mais nous avons encore besoin de donn\u00e9es - RBC Economique","isPartOf":{"@id":"https:\/\/www.rbc.com\/fr\/economique\/#website"},"primaryImageOfPage":{"@id":"https:\/\/www.rbc.com\/fr\/economique\/analyse-pour-les-etats-unis\/analyse-en-vedette-analyse-pour-les-etats-unis\/la-paralysie-du-gouvernement-americain-prend-fin-mais-nous-avons-encore-besoin-de-donnees\/#primaryimage"},"image":{"@id":"https:\/\/www.rbc.com\/fr\/economique\/analyse-pour-les-etats-unis\/analyse-en-vedette-analyse-pour-les-etats-unis\/la-paralysie-du-gouvernement-americain-prend-fin-mais-nous-avons-encore-besoin-de-donnees\/#primaryimage"},"thumbnailUrl":"https:\/\/www.rbc.com\/fr\/economique\/wp-content\/uploads\/sites\/24\/\/2025\/07\/US-compressed.png?quality=80","datePublished":"2025-11-13T21:56:15+00:00","dateModified":"2025-11-19T21:56:47+00:00","author":{"@id":"https:\/\/www.rbc.com\/fr\/economique\/#\/schema\/person\/466b148147b6e1461c12a15420fc76fd"},"breadcrumb":{"@id":"https:\/\/www.rbc.com\/fr\/economique\/analyse-pour-les-etats-unis\/analyse-en-vedette-analyse-pour-les-etats-unis\/la-paralysie-du-gouvernement-americain-prend-fin-mais-nous-avons-encore-besoin-de-donnees\/#breadcrumb"},"inLanguage":"fr-FR","potentialAction":[{"@type":"ReadAction","target":["https:\/\/www.rbc.com\/fr\/economique\/analyse-pour-les-etats-unis\/analyse-en-vedette-analyse-pour-les-etats-unis\/la-paralysie-du-gouvernement-americain-prend-fin-mais-nous-avons-encore-besoin-de-donnees\/"]}]},{"@type":"ImageObject","inLanguage":"fr-FR","@id":"https:\/\/www.rbc.com\/fr\/economique\/analyse-pour-les-etats-unis\/analyse-en-vedette-analyse-pour-les-etats-unis\/la-paralysie-du-gouvernement-americain-prend-fin-mais-nous-avons-encore-besoin-de-donnees\/#primaryimage","url":"https:\/\/www.rbc.com\/fr\/economique\/wp-content\/uploads\/sites\/24\/\/2025\/07\/US-compressed.png?quality=80","contentUrl":"https:\/\/www.rbc.com\/fr\/economique\/wp-content\/uploads\/sites\/24\/\/2025\/07\/US-compressed.png?quality=80","width":6134,"height":3700},{"@type":"BreadcrumbList","@id":"https:\/\/www.rbc.com\/fr\/economique\/analyse-pour-les-etats-unis\/analyse-en-vedette-analyse-pour-les-etats-unis\/la-paralysie-du-gouvernement-americain-prend-fin-mais-nous-avons-encore-besoin-de-donnees\/#breadcrumb","itemListElement":[{"@type":"ListItem","position":1,"name":"Home","item":"https:\/\/www.rbc.com\/fr\/economique\/"},{"@type":"ListItem","position":2,"name":"La paralysie du gouvernement am\u00e9ricain prend fin, mais nous avons encore besoin de donn\u00e9es"}]},{"@type":"WebSite","@id":"https:\/\/www.rbc.com\/fr\/economique\/#website","url":"https:\/\/www.rbc.com\/fr\/economique\/","name":"RBC Economique","description":"","potentialAction":[{"@type":"SearchAction","target":{"@type":"EntryPoint","urlTemplate":"https:\/\/www.rbc.com\/fr\/economique\/?s={search_term_string}"},"query-input":{"@type":"PropertyValueSpecification","valueRequired":true,"valueName":"search_term_string"}}],"inLanguage":"fr-FR"},{"@type":"Person","@id":"https:\/\/www.rbc.com\/fr\/economique\/#\/schema\/person\/466b148147b6e1461c12a15420fc76fd","name":"aidansmithedgell","image":{"@type":"ImageObject","inLanguage":"fr-FR","@id":"https:\/\/secure.gravatar.com\/avatar\/e247c7ada7a3507bb5f106189e928be8cf5b67a3b04e14a610c1d079d7f57847?s=96&d=mm&r=g","url":"https:\/\/secure.gravatar.com\/avatar\/e247c7ada7a3507bb5f106189e928be8cf5b67a3b04e14a610c1d079d7f57847?s=96&d=mm&r=g","contentUrl":"https:\/\/secure.gravatar.com\/avatar\/e247c7ada7a3507bb5f106189e928be8cf5b67a3b04e14a610c1d079d7f57847?s=96&d=mm&r=g","caption":"aidansmithedgell"},"url":"https:\/\/www.rbc.com\/fr\/economique\/author\/aidansmithedgell\/"}]}},"author_meta":{"display_name":"aidansmithedgell","author_link":"https:\/\/www.rbc.com\/fr\/economique\/author\/aidansmithedgell\/"},"featured_img":"https:\/\/www.rbc.com\/fr\/economique\/wp-content\/uploads\/sites\/24\/\/2025\/07\/US-compressed.png?quality=80&w=300","jetpack_featured_media_url":"https:\/\/www.rbc.com\/fr\/economique\/wp-content\/uploads\/sites\/24\/\/2025\/07\/US-compressed.png?quality=80","coauthors":[],"tax_additional":{"categories":{"linked":["<a href=\"https:\/\/www.rbc.com\/fr\/economique\/category\/analyse-pour-les-etats-unis\/analyse-en-vedette-analyse-pour-les-etats-unis\/\" class=\"advgb-post-tax-term\">Analyse en vedette - \u00c9-U<\/a>","<a href=\"https:\/\/www.rbc.com\/fr\/economique\/category\/analyse-pour-les-etats-unis\/\" class=\"advgb-post-tax-term\">Analyse pour les \u00c9tats-Unis<\/a>"],"unlinked":["<span class=\"advgb-post-tax-term\">Analyse en vedette - \u00c9-U<\/span>","<span class=\"advgb-post-tax-term\">Analyse pour les \u00c9tats-Unis<\/span>"]}},"comment_count":"0","relative_dates":{"created":"Publi\u00e9 5 mois il y a","modified":"Mis \u00e0 jour 5 mois il y a"},"absolute_dates":{"created":"Publi\u00e9 le 13 novembre 2025","modified":"Mise \u00e0 jour le 19 novembre 2025"},"absolute_dates_time":{"created":"Publi\u00e9 le 13 novembre 2025 9:56  ","modified":"Mise \u00e0 jour le 19 novembre 2025 9:56  "},"featured_img_caption":"","series_order":"","_links":{"self":[{"href":"https:\/\/www.rbc.com\/fr\/economique\/wp-json\/wp\/v2\/posts\/2683","targetHints":{"allow":["GET"]}}],"collection":[{"href":"https:\/\/www.rbc.com\/fr\/economique\/wp-json\/wp\/v2\/posts"}],"about":[{"href":"https:\/\/www.rbc.com\/fr\/economique\/wp-json\/wp\/v2\/types\/post"}],"author":[{"embeddable":true,"href":"https:\/\/www.rbc.com\/fr\/economique\/wp-json\/wp\/v2\/users\/189"}],"replies":[{"embeddable":true,"href":"https:\/\/www.rbc.com\/fr\/economique\/wp-json\/wp\/v2\/comments?post=2683"}],"version-history":[{"count":13,"href":"https:\/\/www.rbc.com\/fr\/economique\/wp-json\/wp\/v2\/posts\/2683\/revisions"}],"predecessor-version":[{"id":2698,"href":"https:\/\/www.rbc.com\/fr\/economique\/wp-json\/wp\/v2\/posts\/2683\/revisions\/2698"}],"wp:featuredmedia":[{"embeddable":true,"href":"https:\/\/www.rbc.com\/fr\/economique\/wp-json\/wp\/v2\/media\/1001"}],"wp:attachment":[{"href":"https:\/\/www.rbc.com\/fr\/economique\/wp-json\/wp\/v2\/media?parent=2683"}],"wp:term":[{"taxonomy":"category","embeddable":true,"href":"https:\/\/www.rbc.com\/fr\/economique\/wp-json\/wp\/v2\/categories?post=2683"},{"taxonomy":"post_tag","embeddable":true,"href":"https:\/\/www.rbc.com\/fr\/economique\/wp-json\/wp\/v2\/tags?post=2683"},{"taxonomy":"rbc_econ_content_type","embeddable":true,"href":"https:\/\/www.rbc.com\/fr\/economique\/wp-json\/wp\/v2\/rbc_econ_content_type?post=2683"}],"curies":[{"name":"wp","href":"https:\/\/api.w.org\/{rel}","templated":true}]}}