{"id":248,"date":"2022-01-31T05:00:00","date_gmt":"2022-01-31T05:00:00","guid":{"rendered":"https:\/\/www.rbc.com\/fr\/economique\/2022\/01\/31\/la-fievre-tombe-le-marche-canadien-du-logement-ralentira-mais-restera-dynamique-en-2022\/"},"modified":"2022-01-31T05:00:00","modified_gmt":"2022-01-31T05:00:00","slug":"la-fievre-tombe-le-marche-canadien-du-logement-ralentira-mais-restera-dynamique-en-2022","status":"publish","type":"post","link":"https:\/\/www.rbc.com\/fr\/economique\/analyse-pour-le-canada\/logement-au-canada\/rapports-speciaux-sur-le-logement\/la-fievre-tombe-le-marche-canadien-du-logement-ralentira-mais-restera-dynamique-en-2022\/","title":{"rendered":"La fi\u00e8vre tombe : le march\u00e9 canadien du logement ralentira, mais restera dynamique en 2022"},"content":{"rendered":"<p>M\u00eame apr\u00e8s avoir fracass\u00e9 toutes sortes de records en 2021 \u2013 en mati\u00e8re de ventes et de prix \u00e9lev\u00e9s ainsi que de bas niveau des stocks \u2013, le march\u00e9 canadien du logement n\u2019est pas pr\u00e8s de d\u00e9faillir. La demande reste forte et continuera \u00e0 alimenter une activit\u00e9 soutenue partout au pays. N\u00e9anmoins, nous croyons que la hausse des taux de la Banque du Canada mod\u00e9rera l\u2019ardeur du march\u00e9 en 2022, car la d\u00e9t\u00e9rioration de l\u2019accessibilit\u00e9 dissuadera certains acheteurs. La hausse des taux d\u2019int\u00e9r\u00eat et les nouvelles mesures de lutte contre la sp\u00e9culation qui sont envisag\u00e9es temp\u00e9reront \u00e9galement l\u2019enthousiasme des investisseurs. Globalement, nous pr\u00e9voyons que 579 600 unit\u00e9s existantes seront vendues au Canada cette ann\u00e9e. C\u2019est 13,1 % de moins qu\u2019en 2021, o\u00f9 on a recens\u00e9 pas moins de 667 000 op\u00e9rations, mais le total de cette ann\u00e9e serait n\u00e9anmoins le deuxi\u00e8me plus \u00e9lev\u00e9 de l\u2019histoire. Le boom de la construction se poursuit ; il contribuera \u00e0 att\u00e9nuer d\u2019importantes p\u00e9nuries en apportant au march\u00e9 l\u2019offre dont il a tant besoin.  <\/p>\n<h4>Les prix continueront de monter, mais plus lentement<\/h4>\n<p>L\u2019augmentation de l\u2019offre et le ralentissement du march\u00e9 se mat\u00e9rialiseront surtout au second semestre. Nous nous attendons \u00e0 ce que les conditions de l\u2019offre et de la demande deviennent beaucoup moins favorables aux vendeurs, tout en restant g\u00e9n\u00e9ralement positives. Les pressions haussi\u00e8res sur les prix devraient donc s\u2019att\u00e9nuer. \u00c0 notre avis, cela jugulera la hausse des prix sans pour autant infl\u00e9chir leur trajectoire (\u00e0 quelques possibles exceptions pr\u00e8s au niveau local). Nous pr\u00e9voyons que le prix de r\u00e9f\u00e9rence au Canada grimpera de 6,2 % en 2022, soit \u00e0 peu pr\u00e8s le tiers de la hausse record de 17,8 % observ\u00e9e l\u2019an dernier. L\u2019\u00e9lan s\u2019essoufflera encore en 2023 et la plupart des march\u00e9s retrouveront un meilleur \u00e9quilibre.  <\/p>\n<div id=\"everviz-TDS0I73mI\" class=\"everviz-TDS0I73mI\"><script src=\"https:\/\/app.everviz.com\/inject\/TDS0I73mI\/\" defer=\"defer\"><\/script><\/div>\n<h4>Les vendeurs resteront en position de force, en raison des stocks exceptionnellement bas<\/h4>\n<p>\u00c0 court terme, cependant, les prix devraient rester \u00e9lev\u00e9s. Fin 2021, pratiquement tous les march\u00e9s locaux \u00e9taient favorables aux vendeurs. Par cons\u00e9quent, la valeur des propri\u00e9t\u00e9s devrait poursuivre son ascension fulgurante au cours des premiers mois de 2022. Les conditions de l\u2019offre et de la demande \u00e9taient si tendues dans certaines r\u00e9gions de la Colombie-Britannique, de l\u2019Ontario, du Qu\u00e9bec et des provinces de l\u2019Atlantique \u00e0 la fin de 2021 que nous ne serions pas surpris de voir la hausse des prix s\u2019acc\u00e9l\u00e9rer dans un premier temps. La progression ralentira quand les tensions extr\u00eames commenceront \u00e0 se r\u00e9sorber vers le milieu de l\u2019ann\u00e9e. <\/p>\n<div id=\"everviz-PMAEVfazg\" class=\"everviz-PMAEVfazg\"><script src=\"https:\/\/app.everviz.com\/inject\/PMAEVfazg\/\" defer=\"defer\"><\/script><\/div>\n<p>L\u2019offre dictera l\u2019\u00e9volution du march\u00e9 canadien du logement. Depuis le d\u00e9but de la pand\u00e9mie, l\u2019offre est loin de satisfaire la demande galopante. Par cons\u00e9quent, les stocks de propri\u00e9t\u00e9s \u00e0 vendre ont atteint des creux historiques, laissant peu de choix aux acheteurs. Selon nos estimations, \u00e0 la fin de 2021, il aurait fallu entre 180 000 et 250 000 inscriptions de plus pour combler la demande. Au vu de la demande exceptionnellement forte, le nombre d\u2019inscriptions courantes devrait au moins tripler pour r\u00e9tablir l\u2019\u00e9quilibre. <\/p>\n<div id=\"everviz-hbyVxLWsz\" class=\"everviz-hbyVxLWsz\"><script src=\"https:\/\/app.everviz.com\/inject\/hbyVxLWsz\/\" defer=\"defer\"><\/script><\/div>\n<h4>Pr\u00e9parez-vous \u00e0 de nouvelles surench\u00e8res en 2022  <\/h4>\n<p>La concurrence entre les acheteurs restera f\u00e9roce m\u00eame en dehors des march\u00e9s effervescents de Toronto et de Vancouver. \u00c0 la fin de l\u2019ann\u00e9e derni\u00e8re, les stocks n\u2019avaient jamais \u00e9t\u00e9 aussi bas dans les march\u00e9s provinciaux qui repr\u00e9sentent 80 % de l\u2019activit\u00e9 au Canada. Seules les Prairies et Terre-Neuve-et-Labrador ont connu une p\u00e9nurie moins prononc\u00e9e. De nombreux petits march\u00e9s ont connu des surench\u00e8res pour la premi\u00e8re fois. Cette tendance devrait se poursuivre \u00e0 court terme.<\/p>\n<div id=\"everviz-GJloYM33p\" class=\"everviz-GJloYM33p\"><script src=\"https:\/\/app.everviz.com\/inject\/GJloYM33p\/\" defer=\"defer\"><\/script><\/div>\n<\/p>\n<h4>Les facteurs d\u00e9mographiques alimenteront l\u2019activit\u00e9<\/h4>\n<p>L\u2019\u00e9volution des besoins en logement de la g\u00e9n\u00e9ration Y engendrera une activit\u00e9 importante sur le march\u00e9, surtout dans le segment des habitations familiales. Ces derni\u00e8res ann\u00e9es, les personnes de la g\u00e9n\u00e9ration Y (aujourd\u2019hui \u00e2g\u00e9es de 20 \u00e0 40 ans) sont venues grossir les rangs des Canadiens en \u00e2ge d\u2019acc\u00e9der \u00e0 la propri\u00e9t\u00e9. En 2021, le Canada comptait 10,5 millions de personnes \u00e2g\u00e9es de 25 \u00e0 44 ans. Cela repr\u00e9sente une augmentation de plus de 800 000 (ou 8,3 %) au cours des cinq derni\u00e8res ann\u00e9es. Si les tendances historiques en mati\u00e8re de propri\u00e9t\u00e9 se maintiennent, la g\u00e9n\u00e9ration Y exercera une forte influence sur le march\u00e9 du logement en 2022 et au-del\u00e0. Les taux de propri\u00e9t\u00e9 augmentent g\u00e9n\u00e9ralement de mani\u00e8re consid\u00e9rable entre les \u00e2ges de 25-29 ans (40 %) et de 40-44 ans (63 %). Les acheteurs de la g\u00e9n\u00e9ration Y resteront les plus repr\u00e9sent\u00e9s dans l\u2019accession \u00e0 la propri\u00e9t\u00e9 et constitueront une part croissante des achats de logements plus chers. <\/p>\n<div id=\"everviz-tujrM9cxv\" class=\"everviz-tujrM9cxv\"><script src=\"https:\/\/app.everviz.com\/inject\/tujrM9cxv\/\" defer=\"defer\"><\/script><\/div>\n<\/p>\n<h4>Le facteur immigration<\/h4>\n<p>Contre toute attente, le gouvernement canadien a atteint son ambitieux objectif d\u2019accueillir 401 000 nouveaux r\u00e9sidents permanents en 2021. Cependant, une bonne part d\u2019entre eux se trouvaient d\u00e9j\u00e0 au pays \u00e0 titre temporaire. Nous nous attendons \u00e0 ce que le gouvernement attire davantage d\u2019immigrants pour atteindre l\u2019objectif fix\u00e9 \u00e0 411 000 pour cette ann\u00e9e. Par cons\u00e9quent, le nombre de nouveaux arrivants qui s\u2019installent au Canada et cherchent un logement est appel\u00e9 \u00e0 grimper en fl\u00e8che. Selon nous, cette vague d\u2019immigrants profitera d\u2019abord au march\u00e9 locatif, car les nouveaux arrivants sont le plus souvent locataires pendant leurs premi\u00e8res ann\u00e9es au pays. Cependant, nous entrevoyons \u00e9galement un effet positif sur le march\u00e9 de la propri\u00e9t\u00e9, certains immigrants de la cat\u00e9gorie \u00e9conomique (principalement des travailleurs qualifi\u00e9s, des entrepreneurs et d\u2019autres personnes venant pallier les p\u00e9nuries de main-d\u2019\u0153uvre) \u00e9tant pr\u00eats \u00e0 int\u00e9grer le march\u00e9 d\u00e8s le premier jour. Nous pr\u00e9voyons que la vaste majorit\u00e9 des nouveaux arrivants s\u2019installeront dans les grands centres urbains du Canada \u2013 Toronto, Vancouver et Montr\u00e9al \u2013, ce qui intensifiera la pression sur les stocks.<\/p>\n<div id=\"everviz-6--pSy0zt\" class=\"everviz-6--pSy0zt\"><script src=\"https:\/\/app.everviz.com\/inject\/6--pSy0zt\/\" defer=\"defer\"><\/script><\/div>\n<\/p>\n<h4>L\u2019\u00e9pargne colossale revenant progressivement \u00e0 la normale, il y a moins d\u2019argent pour le logement<\/h4>\n<p>Dans l\u2019ensemble, la situation financi\u00e8re des Canadiens est excellente, compte tenu de la gravit\u00e9 des dommages \u00e9conomiques caus\u00e9s par la pand\u00e9mie. Alors que l\u2019endettement hypoth\u00e9caire augmente rapidement (de plus de 10 % sur douze derniers mois selon le dernier relev\u00e9), les taux de d\u00e9faillance hypoth\u00e9caire demeurent historiquement bas. Les m\u00e9nages ont accumul\u00e9 une \u00e9pargne colossale au cours des deux derni\u00e8res ann\u00e9es, gr\u00e2ce aux mesures gouvernementales de soutien et au fait qu\u2019il y avait moins d\u2019occasions de d\u00e9penser, et leur valeur nette a atteint un niveau record. Une partie de cette \u00e9pargne a \u00e9t\u00e9 inject\u00e9e dans le march\u00e9 immobilier. Toutefois, nous pensons que cette abondance de liquidit\u00e9s diminuera cette ann\u00e9e, \u00e0 mesure que des restrictions sont assouplies et que les gens reprennent leurs habitudes de consommation. Nombre de Canadiens souhaiteront consacrer leur coussin financier \u00e0 des activit\u00e9s comme les voyages et les sorties au restaurant, au d\u00e9triment de l\u2019investissement immobilier. <\/p>\n<div id=\"everviz-KOM2ChJz-\" class=\"everviz-KOM2ChJz-\"><script src=\"https:\/\/app.everviz.com\/inject\/KOM2ChJz-\/\" defer=\"defer\"><\/script><\/div>\n<h4>Les hausses de taux de la Banque du Canada marqueront un tournant<\/h4>\n<p>L\u2019\u00e9v\u00e9nement principal de cette ann\u00e9e en ce qui concerne le march\u00e9 sera le rel\u00e8vement des taux d\u2019int\u00e9r\u00eat de la Banque du Canada. Nous pensons que la banque centrale lancera ce printemps une s\u00e9rie de six hausses de taux qui totaliseront 150 points de base en un peu plus de 18 mois. \u00c0 elle seule, cette augmentation freinera consid\u00e9rablement la demande. Les taux d\u2019int\u00e9r\u00eat exceptionnellement bas ont nourri l\u2019app\u00e9tit des acheteurs depuis le d\u00e9but de la pand\u00e9mie. \u00c0 notre avis, l\u2019effet des hausses devrait s\u2019estomper une fois que les taux seront assez \u00e9lev\u00e9s pour que les acheteurs en ressentent le contrecoup sur les paiements d\u2019int\u00e9r\u00eats. En raison de la flamb\u00e9e des prix et de la faiblesse des taux hypoth\u00e9caires, les versements hypoth\u00e9caires sont deux fois plus sensibles aux variations de taux d\u2019int\u00e9r\u00eat qu\u2019il y a 15 ans. <\/p>\n<div id=\"everviz-pU8vfKilE\" class=\"everviz-pU8vfKilE\"><script src=\"https:\/\/app.everviz.com\/inject\/pU8vfKilE\/\" defer=\"defer\"><\/script><\/div>\n<p>La hausse g\u00e9n\u00e9ralis\u00e9e des taux (nous nous attendons \u00e0 ce que les taux variables et fixes augmentent sensiblement) aura sans doute pour cons\u00e9quence une hausse du taux admissible sur pr\u00eat hypoth\u00e9caire au cours du second semestre, voire avant. D\u2019apr\u00e8s nous, cela mettrait certains acheteurs sur la touche, du moins temporairement. <\/p>\n<div id=\"everviz-S5J8VLGEK\" class=\"everviz-S5J8VLGEK\"><script src=\"https:\/\/app.everviz.com\/inject\/S5J8VLGEK\/\" defer=\"defer\"><\/script><\/div>\n<h4>Les hausses de taux se feront sentir le plus dans les march\u00e9s les plus chers  <\/h4>\n<p>Les acheteurs ressentiront plus intens\u00e9ment la hausse des taux \u00e0 Toronto, Vancouver et Victoria que dans des march\u00e9s moins chers. En effet, dans les villes o\u00f9 les prix sont plus \u00e9lev\u00e9s, les pr\u00eats hypoth\u00e9caires, et les versements hypoth\u00e9caires, sont plus importants et donc nettement plus sensibles \u00e0 un rel\u00e8vement des taux. Selon nous, une p\u00e9riode de hausse de taux maintiendrait l\u2019attrait des march\u00e9s plus petits et plus abordables, voire l\u2019augmenterait l\u00e9g\u00e8rement.  <\/p>\n<h4>De nouvelles mesures politiques pourraient changer la donne pour les investisseurs<\/h4>\n<p>La hausse des taux de la Banque du Canada changera aussi la donne pour les investisseurs. Ces derniers ont jou\u00e9 un r\u00f4le important sur le march\u00e9 l\u2019an dernier, effectuant un peu plus d\u2019un achat sur cinq. La r\u00e9glementation entourant les personnes consid\u00e9r\u00e9es comme des \u00ab sp\u00e9culateurs \u00bb sera bient\u00f4t durcie. Le gouvernement f\u00e9d\u00e9ral travaille \u00e0 l\u2019\u00e9laboration de mesures qui interdiraient aux acheteurs \u00e9trangers d\u2019acqu\u00e9rir des propri\u00e9t\u00e9s non r\u00e9cr\u00e9atives pendant deux ans, qui renforceraient les exigences relatives aux mises de fonds pour l\u2019achat d\u2019une propri\u00e9t\u00e9 de placement, qui imposeraient les gains r\u00e9alis\u00e9s sur les op\u00e9rations de vente-achat et qui r\u00e9duiraient les profits excessifs r\u00e9alis\u00e9s sur les propri\u00e9t\u00e9s de placement. Les d\u00e9tails sur la plupart de ces initiatives n\u2019ont pas encore \u00e9t\u00e9 annonc\u00e9s, mais nous nous attendons \u00e0 ce que le budget f\u00e9d\u00e9ral qui sera d\u00e9pos\u00e9 au printemps fournisse quelques pr\u00e9cisions. Les mesures f\u00e9d\u00e9rales s\u2019ajouteraient aux plans mis en \u0153uvre par les municipalit\u00e9s ou les provinces \u2013 notamment \u00e0 Vancouver et \u00e0 Toronto \u2013 pour freiner l\u2019activit\u00e9 sp\u00e9culative. Nous sommes d\u2019avis que la hausse des taux d\u2019int\u00e9r\u00eat et les nouvelles mesures freineront quelque peu les activit\u00e9s d\u2019investissement.  <\/p>\n<h4>L\u2019apaisement sera bienvenu sur les march\u00e9s en surchauffe<\/h4>\n<p>Le resserrement de la politique mon\u00e9taire portera sans aucun doute un coup dur aux acheteurs potentiels dont le budget est tr\u00e8s serr\u00e9, en particulier les acheteurs d\u2019une premi\u00e8re propri\u00e9t\u00e9. En revanche, elle apaisera les march\u00e9s, ce qui sera bienvenu. \u00c0 notre avis, c\u2019est essentiel pour r\u00e9\u00e9quilibrer le march\u00e9 et ma\u00eetriser la flamb\u00e9e des prix. En ce qui concerne les risques li\u00e9s au march\u00e9, les hausses de taux que nous pr\u00e9voyons ne devraient pas faire d\u00e9railler l\u2019activit\u00e9 ni provoquer un effondrement des prix. Les facteurs d\u00e9mographiques positifs att\u00e9nueront sans doute largement ces risques. Au final, le march\u00e9 pourrait op\u00e9rer un atterrissage en douceur sur une p\u00e9riode de deux \u00e0 trois ans. <\/p>\n<h4>Une nouvelle offre se profile d\u00e9j\u00e0 \u00e0 l\u2019horizon<\/h4>\n<p>Tout porte \u00e0 croire que l\u2019offre augmentera enfin en 2022. Les mises en chantier ont explos\u00e9 l\u2019an dernier, atteignant des niveaux jamais vus depuis le milieu des ann\u00e9es 1970. La construction d\u2019une partie de ces unit\u00e9s a r\u00e9cemment \u00e9t\u00e9 achev\u00e9e et, \u00e0 moins de retards prolong\u00e9s (les goulots d\u2019\u00e9tranglement de la cha\u00eene logistique et les p\u00e9nuries de main-d\u2019\u0153uvre posent d\u2019importants probl\u00e8mes), nous pensons que le nombre d\u2019unit\u00e9s achev\u00e9es augmentera sensiblement en 2022, \u00e0 pr\u00e8s de 250 000. Ce serait nettement plus que la moyenne annuelle de 190 000 unit\u00e9s des cinq derni\u00e8res ann\u00e9es. Cette progression ne suffira probablement pas pour rem\u00e9dier enti\u00e8rement \u00e0 l\u2019insuffisance de l\u2019offre. Cependant, si la demande se calme, nous pensons qu\u2019elle r\u00e9duira sensiblement le d\u00e9s\u00e9quilibre. <\/p>\n<div id=\"everviz-K0g_VkN5N\" class=\"everviz-K0g_VkN5N\"><script src=\"https:\/\/app.everviz.com\/inject\/K0g_VkN5N\/\" defer=\"defer\"><\/script><\/div>\n<h4>Et les constructeurs canadiens n\u2019ont pas dit leur dernier mot<\/h4>\n<p>Il est possible que le nombre d\u2019unit\u00e9s achev\u00e9es augmente encore plus en 2023 et peut-\u00eatre m\u00eame au-del\u00e0. Les municipalit\u00e9s ont substantiellement accru le nombre de permis de construire d\u00e9livr\u00e9s l\u2019an dernier, ce qui permettra \u00e0 la construction r\u00e9sidentielle de poursuivre sur sa lanc\u00e9e. Nous sommes heureux de constater que tous les paliers de gouvernement reconnaissent la n\u00e9cessit\u00e9 de construire davantage de logements pour lutter contre la crise de l\u2019accessibilit\u00e9. Nombreux sont ceux (incluant le gouvernement f\u00e9d\u00e9ral) qui ont promis davantage de ressources ou d\u2019incitatifs aux municipalit\u00e9s pour acc\u00e9l\u00e9rer les processus d\u2019approbation de projets et repenser les r\u00e8glements de zonage. Cela permettrait des am\u00e9nagements de moyenne densit\u00e9 (ledit \u00ab milieu manquant \u00bb) dans des zones exclusivement \u00e0 faible densit\u00e9. <\/p>\n<div id=\"everviz-ZHaZOycX2\" class=\"everviz-ZHaZOycX2\"><script src=\"https:\/\/app.everviz.com\/inject\/ZHaZOycX2\/\" defer=\"defer\"><\/script><\/div>\n<h4>Une ann\u00e9e de transition plut\u00f4t que de transformation<\/h4>\n<p>La situation globale du logement commencera \u00e0 changer en 2022, mais probablement pas de fa\u00e7on brutale. On assistera plut\u00f4t aux premi\u00e8res \u00e9tapes d\u2019un retour \u00e0 la normale qui s\u2019annonce long. \u00c0 notre avis, l\u2019ann\u00e9e 2022 sera remarquable \u00e0 presque tous les \u00e9gards, \u00e0 moins de la comparer \u00e0 2021.<\/p>\n<div id=\"everviz-sc2f97KZs\" class=\"everviz-sc2f97KZs\"><script src=\"https:\/\/app.everviz.com\/inject\/sc2f97KZs\/\" defer=\"defer\"><\/script><\/div>\n<hr>\n<p>\u00a0<br \/>\n<em><br \/>\nRobert Hogue fait partie du groupe d\u2019Analyse macro\u00e9conomique et r\u00e9gionale au sein des Services \u00e9conomiques RBC. Il est responsable de la production d\u2019analyses et de pr\u00e9visions sur le march\u00e9 canadien du logement et l\u2019\u00e9conomie des provinces. Parmi ses publications, on trouve des titres tels que Perspectives provinciales et Tendances immobili\u00e8res et accessibilit\u00e9 \u00e0 la propri\u00e9t\u00e9, ainsi que des commentaires sur les budgets provinciaux. M. Hogue est appel\u00e9 fr\u00e9quemment \u00e0 commenter l\u2019\u00e9conomie, que ce soit au sein de RBC ou aupr\u00e8s de clients et des m\u00e9dias.<\/p>\n<p>M. Hogue est entr\u00e9 au service de RBC en mai 2008, apr\u00e8s avoir travaill\u00e9 pendant 15 ans au sein d\u2019une autre institution financi\u00e8re canadienne \u00e0 titre de premier \u00e9conomiste sp\u00e9cialis\u00e9 en analyse industrielle. Au d\u00e9but de sa carri\u00e8re, il a \u00e9t\u00e9 \u00e9conomiste pendant quatre ans \u00e0 Ontario Hydro, o\u00f9 il s\u2019est sp\u00e9cialis\u00e9 en analyse industrielle et macro\u00e9conomique. M. Hogue est titulaire d\u2019une ma\u00eetrise en \u00e9conomie de l\u2019Universit\u00e9 Queen\u2019s et d\u2019un baccalaur\u00e9at de l\u2019Universit\u00e9 de Montr\u00e9al.<\/em><strong><\/p>\n","protected":false},"excerpt":{"rendered":"<p>Contre toute attente, le gouvernement canadien a atteint son ambitieux objectif d\u2019accueillir 401 000 nouveaux r\u00e9sidents permanents en 2021.<\/p>\n","protected":false},"author":181,"featured_media":246,"comment_status":"open","ping_status":"open","sticky":false,"template":"","format":"standard","meta":{"_acf_changed":false,"advgb_blocks_editor_width":"","advgb_blocks_columns_visual_guide":"","footnotes":""},"categories":[71,23,24],"tags":[14],"rbc_econ_content_type":[],"class_list":["post-248","post","type-post","status-publish","format-standard","has-post-thumbnail","hentry","category-analyse-pour-le-canada","category-logement-au-canada","category-rapports-speciaux-sur-le-logement","tag-economie"],"acf":[],"yoast_head":"<!-- This site is optimized with the Yoast SEO Premium plugin v27.2 (Yoast SEO v27.2) - https:\/\/yoast.com\/product\/yoast-seo-premium-wordpress\/ -->\n<title>La fi\u00e8vre tombe : le march\u00e9 canadien du logement ralentira, mais restera dynamique en 2022 - RBC Economique<\/title>\n<meta name=\"description\" content=\"Contre toute attente, le gouvernement canadien a atteint son ambitieux objectif d\u2019accueillir 401 000 nouveaux r\u00e9sidents permanents en 2021.\" \/>\n<meta name=\"robots\" content=\"index, follow, max-snippet:-1, max-image-preview:large, max-video-preview:-1\" \/>\n<link rel=\"canonical\" href=\"https:\/\/www.rbc.com\/fr\/economique\/analyse-pour-le-canada\/logement-au-canada\/rapports-speciaux-sur-le-logement\/la-fievre-tombe-le-marche-canadien-du-logement-ralentira-mais-restera-dynamique-en-2022\/\" \/>\n<meta property=\"og:locale\" content=\"fr_FR\" \/>\n<meta property=\"og:type\" content=\"article\" \/>\n<meta property=\"og:title\" content=\"La fi\u00e8vre tombe : le march\u00e9 canadien du logement ralentira, mais restera dynamique en 2022\" \/>\n<meta property=\"og:description\" content=\"Contre toute attente, le gouvernement canadien a atteint son ambitieux objectif d\u2019accueillir 401 000 nouveaux r\u00e9sidents permanents en 2021.\" \/>\n<meta property=\"og:url\" content=\"https:\/\/www.rbc.com\/fr\/economique\/analyse-pour-le-canada\/logement-au-canada\/rapports-speciaux-sur-le-logement\/la-fievre-tombe-le-marche-canadien-du-logement-ralentira-mais-restera-dynamique-en-2022\/\" \/>\n<meta property=\"og:site_name\" content=\"RBC Economique\" \/>\n<meta property=\"article:published_time\" content=\"2022-01-31T05:00:00+00:00\" \/>\n<meta property=\"og:image\" content=\"https:\/\/www.rbc.com\/fr\/economique\/wp-content\/uploads\/sites\/24\/\/2025\/03\/Banner-wide-112-scaled-1.jpg?quality=80\" \/>\n\t<meta property=\"og:image:width\" content=\"2560\" \/>\n\t<meta property=\"og:image:height\" content=\"1236\" \/>\n\t<meta property=\"og:image:type\" content=\"image\/jpeg\" \/>\n<meta name=\"author\" content=\"bsubedi\" \/>\n<meta name=\"twitter:card\" content=\"summary_large_image\" \/>\n<meta name=\"twitter:label1\" content=\"Written by\" \/>\n\t<meta name=\"twitter:data1\" content=\"bsubedi\" \/>\n\t<meta name=\"twitter:label2\" content=\"Est. reading time\" \/>\n\t<meta name=\"twitter:data2\" content=\"12 minutes\" \/>\n<script type=\"application\/ld+json\" class=\"yoast-schema-graph\">{\"@context\":\"https:\/\/schema.org\",\"@graph\":[{\"@type\":\"Article\",\"@id\":\"https:\/\/www.rbc.com\/fr\/economique\/analyse-pour-le-canada\/logement-au-canada\/rapports-speciaux-sur-le-logement\/la-fievre-tombe-le-marche-canadien-du-logement-ralentira-mais-restera-dynamique-en-2022\/#article\",\"isPartOf\":{\"@id\":\"https:\/\/www.rbc.com\/fr\/economique\/analyse-pour-le-canada\/logement-au-canada\/rapports-speciaux-sur-le-logement\/la-fievre-tombe-le-marche-canadien-du-logement-ralentira-mais-restera-dynamique-en-2022\/\"},\"author\":{\"name\":\"bsubedi\",\"@id\":\"https:\/\/www.rbc.com\/fr\/economique\/#\/schema\/person\/11c8c7bce438e8c92194368b3f74a149\"},\"headline\":\"La fi\u00e8vre tombe : le march\u00e9 canadien du logement ralentira, mais restera dynamique en 2022\",\"datePublished\":\"2022-01-31T05:00:00+00:00\",\"mainEntityOfPage\":{\"@id\":\"https:\/\/www.rbc.com\/fr\/economique\/analyse-pour-le-canada\/logement-au-canada\/rapports-speciaux-sur-le-logement\/la-fievre-tombe-le-marche-canadien-du-logement-ralentira-mais-restera-dynamique-en-2022\/\"},\"wordCount\":2425,\"commentCount\":0,\"image\":{\"@id\":\"https:\/\/www.rbc.com\/fr\/economique\/analyse-pour-le-canada\/logement-au-canada\/rapports-speciaux-sur-le-logement\/la-fievre-tombe-le-marche-canadien-du-logement-ralentira-mais-restera-dynamique-en-2022\/#primaryimage\"},\"thumbnailUrl\":\"https:\/\/www.rbc.com\/fr\/economique\/wp-content\/uploads\/sites\/24\/\/2025\/03\/Banner-wide-112-scaled-1.jpg?quality=80\",\"keywords\":[\"\u00c9conomie\"],\"articleSection\":[\"Analyse pour le Canada\",\"Logement au Canada\",\"Rapports sp\u00e9ciaux sur le logement\"],\"inLanguage\":\"fr-FR\",\"potentialAction\":[{\"@type\":\"CommentAction\",\"name\":\"Comment\",\"target\":[\"https:\/\/www.rbc.com\/fr\/economique\/analyse-pour-le-canada\/logement-au-canada\/rapports-speciaux-sur-le-logement\/la-fievre-tombe-le-marche-canadien-du-logement-ralentira-mais-restera-dynamique-en-2022\/#respond\"]}]},{\"@type\":\"WebPage\",\"@id\":\"https:\/\/www.rbc.com\/fr\/economique\/analyse-pour-le-canada\/logement-au-canada\/rapports-speciaux-sur-le-logement\/la-fievre-tombe-le-marche-canadien-du-logement-ralentira-mais-restera-dynamique-en-2022\/\",\"url\":\"https:\/\/www.rbc.com\/fr\/economique\/analyse-pour-le-canada\/logement-au-canada\/rapports-speciaux-sur-le-logement\/la-fievre-tombe-le-marche-canadien-du-logement-ralentira-mais-restera-dynamique-en-2022\/\",\"name\":\"La fi\u00e8vre tombe : le march\u00e9 canadien du logement ralentira, mais restera dynamique en 2022 - RBC Economique\",\"isPartOf\":{\"@id\":\"https:\/\/www.rbc.com\/fr\/economique\/#website\"},\"primaryImageOfPage\":{\"@id\":\"https:\/\/www.rbc.com\/fr\/economique\/analyse-pour-le-canada\/logement-au-canada\/rapports-speciaux-sur-le-logement\/la-fievre-tombe-le-marche-canadien-du-logement-ralentira-mais-restera-dynamique-en-2022\/#primaryimage\"},\"image\":{\"@id\":\"https:\/\/www.rbc.com\/fr\/economique\/analyse-pour-le-canada\/logement-au-canada\/rapports-speciaux-sur-le-logement\/la-fievre-tombe-le-marche-canadien-du-logement-ralentira-mais-restera-dynamique-en-2022\/#primaryimage\"},\"thumbnailUrl\":\"https:\/\/www.rbc.com\/fr\/economique\/wp-content\/uploads\/sites\/24\/\/2025\/03\/Banner-wide-112-scaled-1.jpg?quality=80\",\"datePublished\":\"2022-01-31T05:00:00+00:00\",\"author\":{\"@id\":\"https:\/\/www.rbc.com\/fr\/economique\/#\/schema\/person\/11c8c7bce438e8c92194368b3f74a149\"},\"description\":\"Contre toute attente, le gouvernement canadien a atteint son ambitieux objectif d\u2019accueillir 401 000 nouveaux r\u00e9sidents permanents en 2021.\",\"breadcrumb\":{\"@id\":\"https:\/\/www.rbc.com\/fr\/economique\/analyse-pour-le-canada\/logement-au-canada\/rapports-speciaux-sur-le-logement\/la-fievre-tombe-le-marche-canadien-du-logement-ralentira-mais-restera-dynamique-en-2022\/#breadcrumb\"},\"inLanguage\":\"fr-FR\",\"potentialAction\":[{\"@type\":\"ReadAction\",\"target\":[\"https:\/\/www.rbc.com\/fr\/economique\/analyse-pour-le-canada\/logement-au-canada\/rapports-speciaux-sur-le-logement\/la-fievre-tombe-le-marche-canadien-du-logement-ralentira-mais-restera-dynamique-en-2022\/\"]}]},{\"@type\":\"ImageObject\",\"inLanguage\":\"fr-FR\",\"@id\":\"https:\/\/www.rbc.com\/fr\/economique\/analyse-pour-le-canada\/logement-au-canada\/rapports-speciaux-sur-le-logement\/la-fievre-tombe-le-marche-canadien-du-logement-ralentira-mais-restera-dynamique-en-2022\/#primaryimage\",\"url\":\"https:\/\/www.rbc.com\/fr\/economique\/wp-content\/uploads\/sites\/24\/\/2025\/03\/Banner-wide-112-scaled-1.jpg?quality=80\",\"contentUrl\":\"https:\/\/www.rbc.com\/fr\/economique\/wp-content\/uploads\/sites\/24\/\/2025\/03\/Banner-wide-112-scaled-1.jpg?quality=80\",\"width\":2560,\"height\":1236},{\"@type\":\"BreadcrumbList\",\"@id\":\"https:\/\/www.rbc.com\/fr\/economique\/analyse-pour-le-canada\/logement-au-canada\/rapports-speciaux-sur-le-logement\/la-fievre-tombe-le-marche-canadien-du-logement-ralentira-mais-restera-dynamique-en-2022\/#breadcrumb\",\"itemListElement\":[{\"@type\":\"ListItem\",\"position\":1,\"name\":\"Home\",\"item\":\"https:\/\/www.rbc.com\/fr\/economique\/\"},{\"@type\":\"ListItem\",\"position\":2,\"name\":\"La fi\u00e8vre tombe : le march\u00e9 canadien du logement ralentira, mais restera dynamique en 2022\"}]},{\"@type\":\"WebSite\",\"@id\":\"https:\/\/www.rbc.com\/fr\/economique\/#website\",\"url\":\"https:\/\/www.rbc.com\/fr\/economique\/\",\"name\":\"RBC Economique\",\"description\":\"\",\"potentialAction\":[{\"@type\":\"SearchAction\",\"target\":{\"@type\":\"EntryPoint\",\"urlTemplate\":\"https:\/\/www.rbc.com\/fr\/economique\/?s={search_term_string}\"},\"query-input\":{\"@type\":\"PropertyValueSpecification\",\"valueRequired\":true,\"valueName\":\"search_term_string\"}}],\"inLanguage\":\"fr-FR\"},{\"@type\":\"Person\",\"@id\":\"https:\/\/www.rbc.com\/fr\/economique\/#\/schema\/person\/11c8c7bce438e8c92194368b3f74a149\",\"name\":\"bsubedi\",\"image\":{\"@type\":\"ImageObject\",\"inLanguage\":\"fr-FR\",\"@id\":\"https:\/\/secure.gravatar.com\/avatar\/e7e3f3cbf1ad081f9e06b9f47a180c6829457e85cb38d55ea4afd9f3172b4b7b?s=96&d=mm&r=g\",\"url\":\"https:\/\/secure.gravatar.com\/avatar\/e7e3f3cbf1ad081f9e06b9f47a180c6829457e85cb38d55ea4afd9f3172b4b7b?s=96&d=mm&r=g\",\"contentUrl\":\"https:\/\/secure.gravatar.com\/avatar\/e7e3f3cbf1ad081f9e06b9f47a180c6829457e85cb38d55ea4afd9f3172b4b7b?s=96&d=mm&r=g\",\"caption\":\"bsubedi\"},\"url\":\"https:\/\/www.rbc.com\/fr\/economique\/author\/bsubedi\/\"}]}<\/script>\n<!-- \/ Yoast SEO Premium plugin. -->","yoast_head_json":{"title":"La fi\u00e8vre tombe : le march\u00e9 canadien du logement ralentira, mais restera dynamique en 2022 - RBC Economique","description":"Contre toute attente, le gouvernement canadien a atteint son ambitieux objectif d\u2019accueillir 401 000 nouveaux r\u00e9sidents permanents en 2021.","robots":{"index":"index","follow":"follow","max-snippet":"max-snippet:-1","max-image-preview":"max-image-preview:large","max-video-preview":"max-video-preview:-1"},"canonical":"https:\/\/www.rbc.com\/fr\/economique\/analyse-pour-le-canada\/logement-au-canada\/rapports-speciaux-sur-le-logement\/la-fievre-tombe-le-marche-canadien-du-logement-ralentira-mais-restera-dynamique-en-2022\/","og_locale":"fr_FR","og_type":"article","og_title":"La fi\u00e8vre tombe : le march\u00e9 canadien du logement ralentira, mais restera dynamique en 2022","og_description":"Contre toute attente, le gouvernement canadien a atteint son ambitieux objectif d\u2019accueillir 401 000 nouveaux r\u00e9sidents permanents en 2021.","og_url":"https:\/\/www.rbc.com\/fr\/economique\/analyse-pour-le-canada\/logement-au-canada\/rapports-speciaux-sur-le-logement\/la-fievre-tombe-le-marche-canadien-du-logement-ralentira-mais-restera-dynamique-en-2022\/","og_site_name":"RBC Economique","article_published_time":"2022-01-31T05:00:00+00:00","og_image":[{"width":2560,"height":1236,"url":"https:\/\/www.rbc.com\/fr\/economique\/wp-content\/uploads\/sites\/24\/\/2025\/03\/Banner-wide-112-scaled-1.jpg?quality=80","type":"image\/jpeg"}],"author":"bsubedi","twitter_card":"summary_large_image","twitter_misc":{"Written by":"bsubedi","Est. reading time":"12 minutes"},"schema":{"@context":"https:\/\/schema.org","@graph":[{"@type":"Article","@id":"https:\/\/www.rbc.com\/fr\/economique\/analyse-pour-le-canada\/logement-au-canada\/rapports-speciaux-sur-le-logement\/la-fievre-tombe-le-marche-canadien-du-logement-ralentira-mais-restera-dynamique-en-2022\/#article","isPartOf":{"@id":"https:\/\/www.rbc.com\/fr\/economique\/analyse-pour-le-canada\/logement-au-canada\/rapports-speciaux-sur-le-logement\/la-fievre-tombe-le-marche-canadien-du-logement-ralentira-mais-restera-dynamique-en-2022\/"},"author":{"name":"bsubedi","@id":"https:\/\/www.rbc.com\/fr\/economique\/#\/schema\/person\/11c8c7bce438e8c92194368b3f74a149"},"headline":"La fi\u00e8vre tombe : le march\u00e9 canadien du logement ralentira, mais restera dynamique en 2022","datePublished":"2022-01-31T05:00:00+00:00","mainEntityOfPage":{"@id":"https:\/\/www.rbc.com\/fr\/economique\/analyse-pour-le-canada\/logement-au-canada\/rapports-speciaux-sur-le-logement\/la-fievre-tombe-le-marche-canadien-du-logement-ralentira-mais-restera-dynamique-en-2022\/"},"wordCount":2425,"commentCount":0,"image":{"@id":"https:\/\/www.rbc.com\/fr\/economique\/analyse-pour-le-canada\/logement-au-canada\/rapports-speciaux-sur-le-logement\/la-fievre-tombe-le-marche-canadien-du-logement-ralentira-mais-restera-dynamique-en-2022\/#primaryimage"},"thumbnailUrl":"https:\/\/www.rbc.com\/fr\/economique\/wp-content\/uploads\/sites\/24\/\/2025\/03\/Banner-wide-112-scaled-1.jpg?quality=80","keywords":["\u00c9conomie"],"articleSection":["Analyse pour le Canada","Logement au Canada","Rapports sp\u00e9ciaux sur le logement"],"inLanguage":"fr-FR","potentialAction":[{"@type":"CommentAction","name":"Comment","target":["https:\/\/www.rbc.com\/fr\/economique\/analyse-pour-le-canada\/logement-au-canada\/rapports-speciaux-sur-le-logement\/la-fievre-tombe-le-marche-canadien-du-logement-ralentira-mais-restera-dynamique-en-2022\/#respond"]}]},{"@type":"WebPage","@id":"https:\/\/www.rbc.com\/fr\/economique\/analyse-pour-le-canada\/logement-au-canada\/rapports-speciaux-sur-le-logement\/la-fievre-tombe-le-marche-canadien-du-logement-ralentira-mais-restera-dynamique-en-2022\/","url":"https:\/\/www.rbc.com\/fr\/economique\/analyse-pour-le-canada\/logement-au-canada\/rapports-speciaux-sur-le-logement\/la-fievre-tombe-le-marche-canadien-du-logement-ralentira-mais-restera-dynamique-en-2022\/","name":"La fi\u00e8vre tombe : le march\u00e9 canadien du logement ralentira, mais restera dynamique en 2022 - RBC Economique","isPartOf":{"@id":"https:\/\/www.rbc.com\/fr\/economique\/#website"},"primaryImageOfPage":{"@id":"https:\/\/www.rbc.com\/fr\/economique\/analyse-pour-le-canada\/logement-au-canada\/rapports-speciaux-sur-le-logement\/la-fievre-tombe-le-marche-canadien-du-logement-ralentira-mais-restera-dynamique-en-2022\/#primaryimage"},"image":{"@id":"https:\/\/www.rbc.com\/fr\/economique\/analyse-pour-le-canada\/logement-au-canada\/rapports-speciaux-sur-le-logement\/la-fievre-tombe-le-marche-canadien-du-logement-ralentira-mais-restera-dynamique-en-2022\/#primaryimage"},"thumbnailUrl":"https:\/\/www.rbc.com\/fr\/economique\/wp-content\/uploads\/sites\/24\/\/2025\/03\/Banner-wide-112-scaled-1.jpg?quality=80","datePublished":"2022-01-31T05:00:00+00:00","author":{"@id":"https:\/\/www.rbc.com\/fr\/economique\/#\/schema\/person\/11c8c7bce438e8c92194368b3f74a149"},"description":"Contre toute attente, le gouvernement canadien a atteint son ambitieux objectif d\u2019accueillir 401 000 nouveaux r\u00e9sidents permanents en 2021.","breadcrumb":{"@id":"https:\/\/www.rbc.com\/fr\/economique\/analyse-pour-le-canada\/logement-au-canada\/rapports-speciaux-sur-le-logement\/la-fievre-tombe-le-marche-canadien-du-logement-ralentira-mais-restera-dynamique-en-2022\/#breadcrumb"},"inLanguage":"fr-FR","potentialAction":[{"@type":"ReadAction","target":["https:\/\/www.rbc.com\/fr\/economique\/analyse-pour-le-canada\/logement-au-canada\/rapports-speciaux-sur-le-logement\/la-fievre-tombe-le-marche-canadien-du-logement-ralentira-mais-restera-dynamique-en-2022\/"]}]},{"@type":"ImageObject","inLanguage":"fr-FR","@id":"https:\/\/www.rbc.com\/fr\/economique\/analyse-pour-le-canada\/logement-au-canada\/rapports-speciaux-sur-le-logement\/la-fievre-tombe-le-marche-canadien-du-logement-ralentira-mais-restera-dynamique-en-2022\/#primaryimage","url":"https:\/\/www.rbc.com\/fr\/economique\/wp-content\/uploads\/sites\/24\/\/2025\/03\/Banner-wide-112-scaled-1.jpg?quality=80","contentUrl":"https:\/\/www.rbc.com\/fr\/economique\/wp-content\/uploads\/sites\/24\/\/2025\/03\/Banner-wide-112-scaled-1.jpg?quality=80","width":2560,"height":1236},{"@type":"BreadcrumbList","@id":"https:\/\/www.rbc.com\/fr\/economique\/analyse-pour-le-canada\/logement-au-canada\/rapports-speciaux-sur-le-logement\/la-fievre-tombe-le-marche-canadien-du-logement-ralentira-mais-restera-dynamique-en-2022\/#breadcrumb","itemListElement":[{"@type":"ListItem","position":1,"name":"Home","item":"https:\/\/www.rbc.com\/fr\/economique\/"},{"@type":"ListItem","position":2,"name":"La fi\u00e8vre tombe : le march\u00e9 canadien du logement ralentira, mais restera dynamique en 2022"}]},{"@type":"WebSite","@id":"https:\/\/www.rbc.com\/fr\/economique\/#website","url":"https:\/\/www.rbc.com\/fr\/economique\/","name":"RBC Economique","description":"","potentialAction":[{"@type":"SearchAction","target":{"@type":"EntryPoint","urlTemplate":"https:\/\/www.rbc.com\/fr\/economique\/?s={search_term_string}"},"query-input":{"@type":"PropertyValueSpecification","valueRequired":true,"valueName":"search_term_string"}}],"inLanguage":"fr-FR"},{"@type":"Person","@id":"https:\/\/www.rbc.com\/fr\/economique\/#\/schema\/person\/11c8c7bce438e8c92194368b3f74a149","name":"bsubedi","image":{"@type":"ImageObject","inLanguage":"fr-FR","@id":"https:\/\/secure.gravatar.com\/avatar\/e7e3f3cbf1ad081f9e06b9f47a180c6829457e85cb38d55ea4afd9f3172b4b7b?s=96&d=mm&r=g","url":"https:\/\/secure.gravatar.com\/avatar\/e7e3f3cbf1ad081f9e06b9f47a180c6829457e85cb38d55ea4afd9f3172b4b7b?s=96&d=mm&r=g","contentUrl":"https:\/\/secure.gravatar.com\/avatar\/e7e3f3cbf1ad081f9e06b9f47a180c6829457e85cb38d55ea4afd9f3172b4b7b?s=96&d=mm&r=g","caption":"bsubedi"},"url":"https:\/\/www.rbc.com\/fr\/economique\/author\/bsubedi\/"}]}},"author_meta":{"display_name":"bsubedi","author_link":"https:\/\/www.rbc.com\/fr\/economique\/author\/bsubedi\/"},"featured_img":"https:\/\/www.rbc.com\/fr\/economique\/wp-content\/uploads\/sites\/24\/\/2025\/03\/Banner-wide-112-scaled-1.jpg?quality=80&w=300","jetpack_featured_media_url":"https:\/\/www.rbc.com\/fr\/economique\/wp-content\/uploads\/sites\/24\/\/2025\/03\/Banner-wide-112-scaled-1.jpg?quality=80","coauthors":[],"tax_additional":{"categories":{"linked":["<a href=\"https:\/\/www.rbc.com\/fr\/economique\/category\/analyse-pour-le-canada\/\" class=\"advgb-post-tax-term\">Analyse pour le Canada<\/a>","<a href=\"https:\/\/www.rbc.com\/fr\/economique\/category\/analyse-pour-le-canada\/logement-au-canada\/\" class=\"advgb-post-tax-term\">Logement au Canada<\/a>","<a href=\"https:\/\/www.rbc.com\/fr\/economique\/category\/analyse-pour-le-canada\/logement-au-canada\/rapports-speciaux-sur-le-logement\/\" class=\"advgb-post-tax-term\">Rapports sp\u00e9ciaux sur le logement<\/a>"],"unlinked":["<span class=\"advgb-post-tax-term\">Analyse pour le Canada<\/span>","<span class=\"advgb-post-tax-term\">Logement au Canada<\/span>","<span class=\"advgb-post-tax-term\">Rapports sp\u00e9ciaux sur le logement<\/span>"]},"tags":{"linked":["<a href=\"https:\/\/www.rbc.com\/fr\/economique\/category\/analyse-pour-le-canada\/logement-au-canada\/rapports-speciaux-sur-le-logement\/\" class=\"advgb-post-tax-term\">\u00c9conomie<\/a>"],"unlinked":["<span class=\"advgb-post-tax-term\">\u00c9conomie<\/span>"]}},"comment_count":"0","relative_dates":{"created":"Publi\u00e9 4 ans il y a","modified":"Mis \u00e0 jour 4 ans il y a"},"absolute_dates":{"created":"Publi\u00e9 le 31 janvier 2022","modified":"Mise \u00e0 jour le 31 janvier 2022"},"absolute_dates_time":{"created":"Publi\u00e9 le 31 janvier 2022 5:00  ","modified":"Mise \u00e0 jour le 31 janvier 2022 5:00  "},"featured_img_caption":"","series_order":"","_links":{"self":[{"href":"https:\/\/www.rbc.com\/fr\/economique\/wp-json\/wp\/v2\/posts\/248","targetHints":{"allow":["GET"]}}],"collection":[{"href":"https:\/\/www.rbc.com\/fr\/economique\/wp-json\/wp\/v2\/posts"}],"about":[{"href":"https:\/\/www.rbc.com\/fr\/economique\/wp-json\/wp\/v2\/types\/post"}],"author":[{"embeddable":true,"href":"https:\/\/www.rbc.com\/fr\/economique\/wp-json\/wp\/v2\/users\/181"}],"replies":[{"embeddable":true,"href":"https:\/\/www.rbc.com\/fr\/economique\/wp-json\/wp\/v2\/comments?post=248"}],"version-history":[{"count":1,"href":"https:\/\/www.rbc.com\/fr\/economique\/wp-json\/wp\/v2\/posts\/248\/revisions"}],"predecessor-version":[{"id":1646,"href":"https:\/\/www.rbc.com\/fr\/economique\/wp-json\/wp\/v2\/posts\/248\/revisions\/1646"}],"wp:featuredmedia":[{"embeddable":true,"href":"https:\/\/www.rbc.com\/fr\/economique\/wp-json\/wp\/v2\/media\/246"}],"wp:attachment":[{"href":"https:\/\/www.rbc.com\/fr\/economique\/wp-json\/wp\/v2\/media?parent=248"}],"wp:term":[{"taxonomy":"category","embeddable":true,"href":"https:\/\/www.rbc.com\/fr\/economique\/wp-json\/wp\/v2\/categories?post=248"},{"taxonomy":"post_tag","embeddable":true,"href":"https:\/\/www.rbc.com\/fr\/economique\/wp-json\/wp\/v2\/tags?post=248"},{"taxonomy":"rbc_econ_content_type","embeddable":true,"href":"https:\/\/www.rbc.com\/fr\/economique\/wp-json\/wp\/v2\/rbc_econ_content_type?post=248"}],"curies":[{"name":"wp","href":"https:\/\/api.w.org\/{rel}","templated":true}]}}