{"id":2227,"date":"2025-10-08T17:10:15","date_gmt":"2025-10-08T17:10:15","guid":{"rendered":"https:\/\/www.rbc.com\/fr\/economique\/uncategorized\/debut-dautomne-en-sourdine\/"},"modified":"2025-10-29T15:53:31","modified_gmt":"2025-10-29T15:53:31","slug":"debut-dautomne-en-sourdine","status":"publish","type":"post","link":"https:\/\/www.rbc.com\/fr\/economique\/analyse-pour-le-canada\/logement-au-canada\/rapports-speciaux-sur-le-logement\/debut-dautomne-en-sourdine\/","title":{"rendered":"D\u00e9but d&rsquo;automne en sourdine"},"content":{"rendered":"\n<section class=\"wp-block-rbc-section-block  pos-rel\" style=\"border-radius:0px\">\n<div class=\"wp-block-rbc-section-inner-block  section-inner\" style=\"border-radius:0x\">\n<p>Le d\u00e9but de la saison automnale pour le march\u00e9 immobilier canadien a \u00e9t\u00e9 particuli\u00e8rement discret, refl\u00e9tant un sentiment de prudence qui continue de caract\u00e9riser le comportement des acheteurs \u00e0 travers le pays.<\/p>\n\n\n\n<p>Les donn\u00e9es de septembre des conseils immobiliers locaux r\u00e9v\u00e8lent un portrait mitig\u00e9 qui souligne les dynamiques r\u00e9gionales divergentes fa\u00e7onnant le paysage national.<\/p>\n\n\n\n<p>Des am\u00e9liorations modestes des reventes r\u00e9sidentielles en septembre ont \u00e9t\u00e9 observ\u00e9es dans certains march\u00e9s, Winnipeg, Regina et Toronto affichant des gains d\u00e9saisonnalis\u00e9s. Cependant, la plupart des grands centres\u2014incluant Vancouver, Calgary, Edmonton, Saskatoon, Hamilton, Ottawa, Montr\u00e9al et Halifax\u2014ont connu de l\u00e9gers d\u00e9clins, sugg\u00e9rant que la reprise demeure in\u00e9gale et fragile.<\/p>\n\n\n\n<p>L&rsquo;urgence d&rsquo;achat reste largement absente malgr\u00e9 une confiance croissante chez les acheteurs, les pires sc\u00e9narios \u00e9conomiques paraissant moins probables.<\/p>\n\n\n\n<p>En Ontario, en Colombie-Britannique et dans certaines parties de l&rsquo;Alberta, des niveaux d&rsquo;inventaire accrus offrent aux acheteurs une s\u00e9lection plus large et des positions de n\u00e9gociation renforc\u00e9es. La perspective de nouvelles baisses de prix encourage \u00e9galement une approche d&rsquo;attentisme.<\/p>\n\n\n\n<p>Parall\u00e8lement, la retenue des acheteurs est renforc\u00e9e par des d\u00e9fis d&rsquo;abordabilit\u00e9 persistants et des conditions du march\u00e9 du travail qui se d\u00e9t\u00e9riorent, continuant de contraindre le pouvoir d&rsquo;achat des m\u00e9nages.<\/p>\n\n\n\n<p>Dans d&rsquo;autres r\u00e9gions o\u00f9 les contraintes d&rsquo;approvisionnement persistent et o\u00f9 les valeurs immobili\u00e8res s&rsquo;appr\u00e9cient, l&rsquo;activit\u00e9 demeure faible pour des raisons diff\u00e9rentes, notamment des options limit\u00e9es et une am\u00e9lioration plus lente de l&rsquo;abordabilit\u00e9.<\/p>\n\n\n\n<p>Nous pr\u00e9voyons que ces tendances r\u00e9gionales divergentes persisteront jusqu&rsquo;\u00e0 la fin de l&rsquo;automne et potentiellement au d\u00e9but de 2026. Toutefois, nous anticipons qu&rsquo;une reprise plus robuste \u00e9mergera graduellement \u00e0 mesure que l&rsquo;\u00e9lan \u00e9conomique se construit et que les conditions d&#8217;emploi se stabilisent.<\/p>\n\n\n\n<hr class=\"wp-block-separator has-alpha-channel-opacity is-style-wide wide\" \/>\n\n\n\n<div id=\"everviz-DZc3Rjly8\" class=\"everviz-DZc3Rjly8\" data-view=\"graph\"><\/div>\n\n\n\n<hr class=\"wp-block-separator has-alpha-channel-opacity is-style-wide wide\" \/>\n\n\n\n<h2 class=\"wp-block-heading\" id=\"h-region-de-toronto-soulagement-de-l-abordabilite\"><strong>R\u00e9gion de Toronto : Soulagement de l&rsquo;abordabilit\u00e9<\/strong><\/h2>\n\n\n\n<p>Les acheteurs ont l&rsquo;avantage dans la r\u00e9gion de Toronto lors des n\u00e9gociations de prix.<\/p>\n\n\n\n<p>Un inventaire au plus haut depuis des d\u00e9cennies maintient une forte concurrence entre vendeurs et d\u00e9prime les valeurs immobili\u00e8res. L&rsquo;indice agr\u00e9g\u00e9 MLS des prix r\u00e9sidentiels de Toronto a chut\u00e9 pour la 10e fois en 11 mois \u00e0 971 500 $ en septembre, en baisse de 0,5 % par rapport \u00e0 ao\u00fbt.<\/p>\n\n\n\n<p>Il a maintenant chut\u00e9 de 5,5 % (plus de 55 000 $) au cours de la derni\u00e8re ann\u00e9e, et de 25 % (plus de 320 000 $) depuis le pic du march\u00e9 au d\u00e9but de 2022\u2014apportant un certain soulagement en mati\u00e8re d&rsquo;abordabilit\u00e9.<\/p>\n\n\n\n<p>La baisse des prix soutient une reprise apr\u00e8s des transactions exceptionnellement faibles cet hiver et ce printemps. Les reventes ont grimp\u00e9 de 22 % au cours des quatre derniers mois, incluant une progression de 2 % en septembre par rapport \u00e0 ao\u00fbt.<\/p>\n\n\n\n<p>N\u00e9anmoins, il reste un long chemin \u00e0 parcourir avant que l&rsquo;activit\u00e9 retrouve un \u00e9tat plus vigoureux. De nombreux acheteurs potentiels continuent de faire face \u00e0 des d\u00e9fis majeurs pour s&rsquo;offrir une maison, et la correction des prix \u00e0 ce jour n&rsquo;a que partiellement invers\u00e9 la hausse de 63 % pendant la pand\u00e9mie. La route \u00e0 venir sera probablement cahoteuse.<\/p>\n\n\n\n<hr class=\"wp-block-separator has-alpha-channel-opacity is-style-wide wide\" \/>\n\n\n\n<div id=\"everviz-ToTvlMHbj\" class=\"everviz-ToTvlMHbj\" data-view=\"graph\"><\/div>\n\n\n\n<hr class=\"wp-block-separator has-alpha-channel-opacity is-style-wide wide\" \/>\n\n\n\n<h2 class=\"wp-block-heading\" id=\"h-region-de-montreal-lentement-mais-surement\"><strong>R\u00e9gion de Montr\u00e9al : Lentement mais s\u00fbrement<\/strong><\/h2>\n\n\n\n<p>Les circonstances de la r\u00e9gion de Montr\u00e9al ont peu chang\u00e9 durant l&rsquo;\u00e9t\u00e9. Une offre g\u00e9n\u00e9ralement serr\u00e9e a continu\u00e9 de restreindre la reprise des transactions de revente, et les prix des maisons sont demeur\u00e9s sur une trajectoire ascendante mod\u00e9r\u00e9e.<\/p>\n\n\n\n<p>Une l\u00e9g\u00e8re baisse des ventes en septembre\u2014nous estimons que les transactions ont chut\u00e9 de moins de 2 % par rapport \u00e0 ao\u00fbt en donn\u00e9es d\u00e9saisonnalis\u00e9es\u2014sugg\u00e8re que les tendances lentes se maintiendront \u00e0 court terme.<\/p>\n\n\n\n<p>Pourtant, il y a une port\u00e9e limit\u00e9e pour un assouplissement mat\u00e9riel de l&rsquo;offre et de la demande. Un inventaire historiquement bas maintient une forte concurrence entre acheteurs\u2014surtout alors que la confiance qui se reconstruit en am\u00e8ne davantage sur le march\u00e9.<\/p>\n\n\n\n<p>Nous pr\u00e9voyons que cela poussera les prix \u00e0 la hausse dans les mois \u00e0 venir, les maisons unifamiliales \u00e9tant susceptibles d&rsquo;afficher le plus de vigueur. Le prix m\u00e9dian dans cette cat\u00e9gorie a augment\u00e9 de 7,2 % au cours des 12 mois se terminant en septembre. C&rsquo;est le double du gain de 3,6 % pour les appartements en copropri\u00e9t\u00e9.<\/p>\n\n\n\n<hr class=\"wp-block-separator has-alpha-channel-opacity is-style-wide wide\" \/>\n\n\n\n<div id=\"everviz-8hh63sKaI\" class=\"everviz-8hh63sKaI\" data-view=\"graph\"><\/div>\n\n\n\n<hr class=\"wp-block-separator has-alpha-channel-opacity is-style-wide wide\" \/>\n\n\n\n<h2 class=\"wp-block-heading\" id=\"h-region-de-vancouver-pas-encore-sortie-d-affaire\"><strong><strong>R\u00e9gion de Vancouver : Pas encore sortie d&rsquo;affaire<\/strong><\/strong><\/h2>\n\n\n\n<p>Vancouver est en mode de reprise, mais lutte encore avec une activit\u00e9 molle, un inventaire \u00e9lev\u00e9 et des valeurs immobili\u00e8res en d\u00e9clin.<\/p>\n\n\n\n<p>Les acheteurs ont pris une pause en septembre apr\u00e8s avoir conclu 18 % plus de transactions au cours des trois mois pr\u00e9c\u00e9dents. Nous estimons que les reventes ont chut\u00e9 de plus de 6 % par rapport \u00e0 ao\u00fbt, mais se situaient 1,2 % au-dessus d&rsquo;il y a un an.<\/p>\n\n\n\n<p>Parall\u00e8lement, plus de propri\u00e9t\u00e9s ont \u00e9t\u00e9 mises en vente, ce qui a encore ajout\u00e9 \u00e0 un inventaire au plus haut depuis une d\u00e9cennie et a pench\u00e9 l&rsquo;\u00e9quilibre offre-demande en faveur des acheteurs.<\/p>\n\n\n\n<p>De telles conditions ont prolong\u00e9 une tendance baissi\u00e8re des prix de longue dur\u00e9e. L&rsquo;indice de r\u00e9f\u00e9rence agr\u00e9g\u00e9 MLS HPI de Vancouver a chut\u00e9 \u00e0 1,14 million $ en septembre, en baisse de 3,2 % (38 000 $) par rapport \u00e0 il y a un an et de plus de 9 % (118 000 $) depuis le pic atteint au printemps 2022.<\/p>\n\n\n\n<p>Mais Vancouver demeure de loin le march\u00e9 le moins abordable au Canada malgr\u00e9 la chute des valeurs immobili\u00e8res. Nous pr\u00e9voyons que les d\u00e9fis d&rsquo;abordabilit\u00e9 s\u00e9v\u00e8res contraindront significativement la capacit\u00e9 des acheteurs \u00e0 ench\u00e9rir plus haut pendant encore longtemps.<\/p>\n\n\n\n<hr class=\"wp-block-separator has-alpha-channel-opacity is-style-wide wide\" \/>\n\n\n\n<div id=\"everviz-ydV0x_fCo\" class=\"everviz-ydV0x_fCo\" data-view=\"graph\"><\/div>\n\n\n\n<hr class=\"wp-block-separator has-alpha-channel-opacity is-style-wide wide\" \/>\n\n\n\n<h2 class=\"wp-block-heading\" id=\"h-calgary-moins-d-urgence-avec-plus-d-offre\"><strong><strong>Calgary : Moins d&rsquo;urgence avec plus d&rsquo;offre<\/strong><\/strong><\/h2>\n\n\n\n<p>Une l\u00e9g\u00e8re baisse mensuelle des transactions en septembre rappelle que la route \u00e0 venir \u00e0 Calgary sera probablement in\u00e9gale. Une glissade de deux ans s&rsquo;est termin\u00e9e cet \u00e9t\u00e9, mais il y a eu peu de relance soutenue depuis.<\/p>\n\n\n\n<p>C&rsquo;est en partie parce que les reventes demeurent vigoureuses\u2014environ 35 % au-dessus des niveaux pr\u00e9pand\u00e9miques\u2014avec une incertitude \u00e9conomique persistante limitant le potentiel de hausse.<\/p>\n\n\n\n<p>Une construction r\u00e9sidentielle forte a stimul\u00e9 l&rsquo;offre, qui semble maintenant plus \u00e9quilibr\u00e9e vis-\u00e0-vis la demande. Les acheteurs ressentent moins d&rsquo;urgence \u00e0 prendre des d\u00e9cisions d&rsquo;achat quand ils ont plus d&rsquo;options. L&rsquo;inventaire de maisons \u00e0 vendre est actuellement \u00e0 son plus haut niveau en sept ans.<\/p>\n\n\n\n<p>Le temps joue en faveur des acheteurs alors que les prix continuent de d\u00e9river vers le bas. L&rsquo;indice MLS HPI de Calgary a chut\u00e9 de 4 % au cours de la derni\u00e8re ann\u00e9e et semble destin\u00e9 \u00e0 s&rsquo;assouplir davantage. Un nombre record de maisons en construction continuera probablement de stimuler l&rsquo;offre et de maintenir une concurrence f\u00e9roce entre vendeurs.<\/p>\n\n\n\n<hr class=\"wp-block-separator has-alpha-channel-opacity is-style-wide wide\" \/>\n\n\n\n<div id=\"everviz-6Rbk4gZFS\" class=\"everviz-6Rbk4gZFS\" data-view=\"graph\"><\/div>\n\n\n\n<hr class=\"wp-block-separator has-alpha-channel-opacity is-style-wide wide\" \/>\n\n\n\n<div class=\"wp-block-columns has-border-color is-layout-flex wp-container-core-columns-is-layout-28f84493 wp-block-columns-is-layout-flex\" style=\"border-color:#0b0b0b;border-width:1px\">\n<div class=\"wp-block-column is-layout-flow wp-block-column-is-layout-flow\" style=\"flex-basis:33.33%\">\n<figure class=\"wp-block-image size-full is-resized\"><img decoding=\"async\" src=\"https:\/\/www.rbc.com\/en\/wp-content\/uploads\/sites\/4\/2025\/05\/pdf-button-housing-m.png?quality=80\" alt=\"\" class=\"wp-image-14712\" style=\"aspect-ratio:1.4745762711864407;width:335px;height:auto\" \/><\/figure>\n<\/div>\n\n\n\n<div class=\"wp-block-column is-layout-flow wp-block-column-is-layout-flow\" style=\"flex-basis:66.66%\">\n<div class=\"wp-block-buttons mar-l is-content-justification-center is-layout-flex wp-container-core-buttons-is-layout-a89b3969 wp-block-buttons-is-layout-flex\"><div>\n<div class=\"wp-block-button btn before is-style-tag tag mar-t-dbl\"><a class=\"wp-block-button__link wp-element-button\" href=\"https:\/\/www.rbc.com\/fr\/economique\/wp-content\/uploads\/sites\/5\/2025\/03\/Debut-dautomne-en-sourdine-Oct-2025.pdf\" target=\"_blank\" rel=\"noreferrer noopener\" data-dig-id=\"LP-Rapportssp\u00e9ciauxsurlelogement-AnalysepourleCanada-2227-131ae1b6\" data-dig-category=\"LP-Rapportssp\u00e9ciauxsurlelogement-AnalysepourleCanada\" data-dig-action=\"button click\" data-dig-label=\"T\u00e9l\u00e9chargez le rapport-https:\/\/www.rbc.com\/fr\/economique\/wp-content\/uploads\/sites\/5\/2025\/03\/Debut-dautomne-en-sourdine-Oct-2025.pdf \">T\u00e9l\u00e9chargez le rapport<\/a><\/div>\n<\/div><\/div>\n<\/div>\n<\/div>\n\n\n\n<hr class=\"wp-block-separator has-text-color has-light-grey-color has-alpha-channel-opacity has-light-grey-background-color has-background is-style-wide wide\" \/>\n\n\n\n<p><em><strong>Robert Hogue<\/strong><em>&nbsp;est membre du l\u2019\u00e9quipe \u00c9conomique et leadership avis\u00e9 RBC, se sp\u00e9cialisant dans l\u2019analyse et les pr\u00e9visions pour le march\u00e9 de l\u2019habitation canadien et les \u00e9conomies provinciales. Il compte parmi ses publications Tendances immobili\u00e8res et accessibilit\u00e9 \u00e0 la propri\u00e9t\u00e9, Perspectives provinciales et l\u2019analyse des budgets provinciaux. Dans ses fonctions, il est fr\u00e9quemment appel\u00e9 \u00e0 commenter l\u2019\u00e9volution de la conjoncture \u00e9conomique aupr\u00e8s de la direction de RBC, de ses clients et des m\u00e9dias.<\/em><\/em><\/p>\n<\/div>\n<\/section>\n","protected":false},"excerpt":{"rendered":"","protected":false},"author":189,"featured_media":1380,"comment_status":"closed","ping_status":"closed","sticky":false,"template":"","format":"standard","meta":{"_acf_changed":false,"advgb_blocks_editor_width":"","advgb_blocks_columns_visual_guide":"","footnotes":""},"categories":[71,23,24],"tags":[],"rbc_econ_content_type":[],"class_list":["post-2227","post","type-post","status-publish","format-standard","has-post-thumbnail","hentry","category-analyse-pour-le-canada","category-logement-au-canada","category-rapports-speciaux-sur-le-logement"],"acf":[],"yoast_head":"<!-- This site is optimized with the Yoast SEO Premium plugin v27.2 (Yoast SEO v27.2) - https:\/\/yoast.com\/product\/yoast-seo-premium-wordpress\/ -->\n<title>D\u00e9but d&#039;automne en sourdine - RBC Economique<\/title>\n<meta name=\"robots\" content=\"index, follow, max-snippet:-1, max-image-preview:large, max-video-preview:-1\" \/>\n<link rel=\"canonical\" href=\"https:\/\/www.rbc.com\/fr\/economique\/analyse-pour-le-canada\/logement-au-canada\/rapports-speciaux-sur-le-logement\/debut-dautomne-en-sourdine\/\" \/>\n<meta property=\"og:locale\" content=\"fr_FR\" \/>\n<meta property=\"og:type\" content=\"article\" \/>\n<meta property=\"og:title\" content=\"D\u00e9but d&#039;automne en sourdine\" \/>\n<meta property=\"og:url\" content=\"https:\/\/www.rbc.com\/fr\/economique\/analyse-pour-le-canada\/logement-au-canada\/rapports-speciaux-sur-le-logement\/debut-dautomne-en-sourdine\/\" \/>\n<meta property=\"og:site_name\" content=\"RBC Economique\" \/>\n<meta property=\"article:published_time\" content=\"2025-10-08T17:10:15+00:00\" \/>\n<meta property=\"article:modified_time\" content=\"2025-10-29T15:53:31+00:00\" \/>\n<meta name=\"author\" content=\"aidansmithedgell\" \/>\n<meta name=\"twitter:card\" content=\"summary_large_image\" \/>\n<meta name=\"twitter:image\" content=\"https:\/\/www.rbc.com\/fr\/economique\/wp-content\/uploads\/sites\/24\/\/2025\/07\/compressed-housing-S-1.png?quality=80\" \/>\n<meta name=\"twitter:label1\" content=\"Written by\" \/>\n\t<meta name=\"twitter:data1\" content=\"aidansmithedgell\" \/>\n\t<meta name=\"twitter:label2\" content=\"Est. reading time\" \/>\n\t<meta name=\"twitter:data2\" content=\"6 minutes\" \/>\n<script type=\"application\/ld+json\" class=\"yoast-schema-graph\">{\"@context\":\"https:\/\/schema.org\",\"@graph\":[{\"@type\":\"Article\",\"@id\":\"https:\/\/www.rbc.com\/fr\/economique\/analyse-pour-le-canada\/logement-au-canada\/rapports-speciaux-sur-le-logement\/debut-dautomne-en-sourdine\/#article\",\"isPartOf\":{\"@id\":\"https:\/\/www.rbc.com\/fr\/economique\/analyse-pour-le-canada\/logement-au-canada\/rapports-speciaux-sur-le-logement\/debut-dautomne-en-sourdine\/\"},\"author\":{\"name\":\"aidansmithedgell\",\"@id\":\"https:\/\/www.rbc.com\/fr\/economique\/#\/schema\/person\/466b148147b6e1461c12a15420fc76fd\"},\"headline\":\"D\u00e9but d&rsquo;automne en sourdine\",\"datePublished\":\"2025-10-08T17:10:15+00:00\",\"dateModified\":\"2025-10-29T15:53:31+00:00\",\"mainEntityOfPage\":{\"@id\":\"https:\/\/www.rbc.com\/fr\/economique\/analyse-pour-le-canada\/logement-au-canada\/rapports-speciaux-sur-le-logement\/debut-dautomne-en-sourdine\/\"},\"wordCount\":1224,\"image\":{\"@id\":\"https:\/\/www.rbc.com\/fr\/economique\/analyse-pour-le-canada\/logement-au-canada\/rapports-speciaux-sur-le-logement\/debut-dautomne-en-sourdine\/#primaryimage\"},\"thumbnailUrl\":\"https:\/\/www.rbc.com\/fr\/economique\/wp-content\/uploads\/sites\/24\/\/2025\/07\/compressed-housing-S-1.png?quality=80\",\"articleSection\":[\"Analyse pour le Canada\",\"Logement au Canada\",\"Rapports sp\u00e9ciaux sur le logement\"],\"inLanguage\":\"fr-FR\"},{\"@type\":\"WebPage\",\"@id\":\"https:\/\/www.rbc.com\/fr\/economique\/analyse-pour-le-canada\/logement-au-canada\/rapports-speciaux-sur-le-logement\/debut-dautomne-en-sourdine\/\",\"url\":\"https:\/\/www.rbc.com\/fr\/economique\/analyse-pour-le-canada\/logement-au-canada\/rapports-speciaux-sur-le-logement\/debut-dautomne-en-sourdine\/\",\"name\":\"D\u00e9but d'automne en sourdine - RBC Economique\",\"isPartOf\":{\"@id\":\"https:\/\/www.rbc.com\/fr\/economique\/#website\"},\"primaryImageOfPage\":{\"@id\":\"https:\/\/www.rbc.com\/fr\/economique\/analyse-pour-le-canada\/logement-au-canada\/rapports-speciaux-sur-le-logement\/debut-dautomne-en-sourdine\/#primaryimage\"},\"image\":{\"@id\":\"https:\/\/www.rbc.com\/fr\/economique\/analyse-pour-le-canada\/logement-au-canada\/rapports-speciaux-sur-le-logement\/debut-dautomne-en-sourdine\/#primaryimage\"},\"thumbnailUrl\":\"https:\/\/www.rbc.com\/fr\/economique\/wp-content\/uploads\/sites\/24\/\/2025\/07\/compressed-housing-S-1.png?quality=80\",\"datePublished\":\"2025-10-08T17:10:15+00:00\",\"dateModified\":\"2025-10-29T15:53:31+00:00\",\"author\":{\"@id\":\"https:\/\/www.rbc.com\/fr\/economique\/#\/schema\/person\/466b148147b6e1461c12a15420fc76fd\"},\"breadcrumb\":{\"@id\":\"https:\/\/www.rbc.com\/fr\/economique\/analyse-pour-le-canada\/logement-au-canada\/rapports-speciaux-sur-le-logement\/debut-dautomne-en-sourdine\/#breadcrumb\"},\"inLanguage\":\"fr-FR\",\"potentialAction\":[{\"@type\":\"ReadAction\",\"target\":[\"https:\/\/www.rbc.com\/fr\/economique\/analyse-pour-le-canada\/logement-au-canada\/rapports-speciaux-sur-le-logement\/debut-dautomne-en-sourdine\/\"]}]},{\"@type\":\"ImageObject\",\"inLanguage\":\"fr-FR\",\"@id\":\"https:\/\/www.rbc.com\/fr\/economique\/analyse-pour-le-canada\/logement-au-canada\/rapports-speciaux-sur-le-logement\/debut-dautomne-en-sourdine\/#primaryimage\",\"url\":\"https:\/\/www.rbc.com\/fr\/economique\/wp-content\/uploads\/sites\/24\/\/2025\/07\/compressed-housing-S-1.png?quality=80\",\"contentUrl\":\"https:\/\/www.rbc.com\/fr\/economique\/wp-content\/uploads\/sites\/24\/\/2025\/07\/compressed-housing-S-1.png?quality=80\",\"width\":6134,\"height\":3700},{\"@type\":\"BreadcrumbList\",\"@id\":\"https:\/\/www.rbc.com\/fr\/economique\/analyse-pour-le-canada\/logement-au-canada\/rapports-speciaux-sur-le-logement\/debut-dautomne-en-sourdine\/#breadcrumb\",\"itemListElement\":[{\"@type\":\"ListItem\",\"position\":1,\"name\":\"Home\",\"item\":\"https:\/\/www.rbc.com\/fr\/economique\/\"},{\"@type\":\"ListItem\",\"position\":2,\"name\":\"D\u00e9but d&#8217;automne en sourdine\"}]},{\"@type\":\"WebSite\",\"@id\":\"https:\/\/www.rbc.com\/fr\/economique\/#website\",\"url\":\"https:\/\/www.rbc.com\/fr\/economique\/\",\"name\":\"RBC Economique\",\"description\":\"\",\"potentialAction\":[{\"@type\":\"SearchAction\",\"target\":{\"@type\":\"EntryPoint\",\"urlTemplate\":\"https:\/\/www.rbc.com\/fr\/economique\/?s={search_term_string}\"},\"query-input\":{\"@type\":\"PropertyValueSpecification\",\"valueRequired\":true,\"valueName\":\"search_term_string\"}}],\"inLanguage\":\"fr-FR\"},{\"@type\":\"Person\",\"@id\":\"https:\/\/www.rbc.com\/fr\/economique\/#\/schema\/person\/466b148147b6e1461c12a15420fc76fd\",\"name\":\"aidansmithedgell\",\"image\":{\"@type\":\"ImageObject\",\"inLanguage\":\"fr-FR\",\"@id\":\"https:\/\/secure.gravatar.com\/avatar\/e247c7ada7a3507bb5f106189e928be8cf5b67a3b04e14a610c1d079d7f57847?s=96&d=mm&r=g\",\"url\":\"https:\/\/secure.gravatar.com\/avatar\/e247c7ada7a3507bb5f106189e928be8cf5b67a3b04e14a610c1d079d7f57847?s=96&d=mm&r=g\",\"contentUrl\":\"https:\/\/secure.gravatar.com\/avatar\/e247c7ada7a3507bb5f106189e928be8cf5b67a3b04e14a610c1d079d7f57847?s=96&d=mm&r=g\",\"caption\":\"aidansmithedgell\"},\"url\":\"https:\/\/www.rbc.com\/fr\/economique\/author\/aidansmithedgell\/\"}]}<\/script>\n<!-- \/ Yoast SEO Premium plugin. -->","yoast_head_json":{"title":"D\u00e9but d'automne en sourdine - RBC Economique","robots":{"index":"index","follow":"follow","max-snippet":"max-snippet:-1","max-image-preview":"max-image-preview:large","max-video-preview":"max-video-preview:-1"},"canonical":"https:\/\/www.rbc.com\/fr\/economique\/analyse-pour-le-canada\/logement-au-canada\/rapports-speciaux-sur-le-logement\/debut-dautomne-en-sourdine\/","og_locale":"fr_FR","og_type":"article","og_title":"D\u00e9but d'automne en sourdine","og_url":"https:\/\/www.rbc.com\/fr\/economique\/analyse-pour-le-canada\/logement-au-canada\/rapports-speciaux-sur-le-logement\/debut-dautomne-en-sourdine\/","og_site_name":"RBC Economique","article_published_time":"2025-10-08T17:10:15+00:00","article_modified_time":"2025-10-29T15:53:31+00:00","author":"aidansmithedgell","twitter_card":"summary_large_image","twitter_image":"https:\/\/www.rbc.com\/fr\/economique\/wp-content\/uploads\/sites\/24\/\/2025\/07\/compressed-housing-S-1.png?quality=80","twitter_misc":{"Written by":"aidansmithedgell","Est. reading time":"6 minutes"},"schema":{"@context":"https:\/\/schema.org","@graph":[{"@type":"Article","@id":"https:\/\/www.rbc.com\/fr\/economique\/analyse-pour-le-canada\/logement-au-canada\/rapports-speciaux-sur-le-logement\/debut-dautomne-en-sourdine\/#article","isPartOf":{"@id":"https:\/\/www.rbc.com\/fr\/economique\/analyse-pour-le-canada\/logement-au-canada\/rapports-speciaux-sur-le-logement\/debut-dautomne-en-sourdine\/"},"author":{"name":"aidansmithedgell","@id":"https:\/\/www.rbc.com\/fr\/economique\/#\/schema\/person\/466b148147b6e1461c12a15420fc76fd"},"headline":"D\u00e9but d&rsquo;automne en sourdine","datePublished":"2025-10-08T17:10:15+00:00","dateModified":"2025-10-29T15:53:31+00:00","mainEntityOfPage":{"@id":"https:\/\/www.rbc.com\/fr\/economique\/analyse-pour-le-canada\/logement-au-canada\/rapports-speciaux-sur-le-logement\/debut-dautomne-en-sourdine\/"},"wordCount":1224,"image":{"@id":"https:\/\/www.rbc.com\/fr\/economique\/analyse-pour-le-canada\/logement-au-canada\/rapports-speciaux-sur-le-logement\/debut-dautomne-en-sourdine\/#primaryimage"},"thumbnailUrl":"https:\/\/www.rbc.com\/fr\/economique\/wp-content\/uploads\/sites\/24\/\/2025\/07\/compressed-housing-S-1.png?quality=80","articleSection":["Analyse pour le Canada","Logement au Canada","Rapports sp\u00e9ciaux sur le logement"],"inLanguage":"fr-FR"},{"@type":"WebPage","@id":"https:\/\/www.rbc.com\/fr\/economique\/analyse-pour-le-canada\/logement-au-canada\/rapports-speciaux-sur-le-logement\/debut-dautomne-en-sourdine\/","url":"https:\/\/www.rbc.com\/fr\/economique\/analyse-pour-le-canada\/logement-au-canada\/rapports-speciaux-sur-le-logement\/debut-dautomne-en-sourdine\/","name":"D\u00e9but d'automne en sourdine - RBC Economique","isPartOf":{"@id":"https:\/\/www.rbc.com\/fr\/economique\/#website"},"primaryImageOfPage":{"@id":"https:\/\/www.rbc.com\/fr\/economique\/analyse-pour-le-canada\/logement-au-canada\/rapports-speciaux-sur-le-logement\/debut-dautomne-en-sourdine\/#primaryimage"},"image":{"@id":"https:\/\/www.rbc.com\/fr\/economique\/analyse-pour-le-canada\/logement-au-canada\/rapports-speciaux-sur-le-logement\/debut-dautomne-en-sourdine\/#primaryimage"},"thumbnailUrl":"https:\/\/www.rbc.com\/fr\/economique\/wp-content\/uploads\/sites\/24\/\/2025\/07\/compressed-housing-S-1.png?quality=80","datePublished":"2025-10-08T17:10:15+00:00","dateModified":"2025-10-29T15:53:31+00:00","author":{"@id":"https:\/\/www.rbc.com\/fr\/economique\/#\/schema\/person\/466b148147b6e1461c12a15420fc76fd"},"breadcrumb":{"@id":"https:\/\/www.rbc.com\/fr\/economique\/analyse-pour-le-canada\/logement-au-canada\/rapports-speciaux-sur-le-logement\/debut-dautomne-en-sourdine\/#breadcrumb"},"inLanguage":"fr-FR","potentialAction":[{"@type":"ReadAction","target":["https:\/\/www.rbc.com\/fr\/economique\/analyse-pour-le-canada\/logement-au-canada\/rapports-speciaux-sur-le-logement\/debut-dautomne-en-sourdine\/"]}]},{"@type":"ImageObject","inLanguage":"fr-FR","@id":"https:\/\/www.rbc.com\/fr\/economique\/analyse-pour-le-canada\/logement-au-canada\/rapports-speciaux-sur-le-logement\/debut-dautomne-en-sourdine\/#primaryimage","url":"https:\/\/www.rbc.com\/fr\/economique\/wp-content\/uploads\/sites\/24\/\/2025\/07\/compressed-housing-S-1.png?quality=80","contentUrl":"https:\/\/www.rbc.com\/fr\/economique\/wp-content\/uploads\/sites\/24\/\/2025\/07\/compressed-housing-S-1.png?quality=80","width":6134,"height":3700},{"@type":"BreadcrumbList","@id":"https:\/\/www.rbc.com\/fr\/economique\/analyse-pour-le-canada\/logement-au-canada\/rapports-speciaux-sur-le-logement\/debut-dautomne-en-sourdine\/#breadcrumb","itemListElement":[{"@type":"ListItem","position":1,"name":"Home","item":"https:\/\/www.rbc.com\/fr\/economique\/"},{"@type":"ListItem","position":2,"name":"D\u00e9but d&#8217;automne en sourdine"}]},{"@type":"WebSite","@id":"https:\/\/www.rbc.com\/fr\/economique\/#website","url":"https:\/\/www.rbc.com\/fr\/economique\/","name":"RBC Economique","description":"","potentialAction":[{"@type":"SearchAction","target":{"@type":"EntryPoint","urlTemplate":"https:\/\/www.rbc.com\/fr\/economique\/?s={search_term_string}"},"query-input":{"@type":"PropertyValueSpecification","valueRequired":true,"valueName":"search_term_string"}}],"inLanguage":"fr-FR"},{"@type":"Person","@id":"https:\/\/www.rbc.com\/fr\/economique\/#\/schema\/person\/466b148147b6e1461c12a15420fc76fd","name":"aidansmithedgell","image":{"@type":"ImageObject","inLanguage":"fr-FR","@id":"https:\/\/secure.gravatar.com\/avatar\/e247c7ada7a3507bb5f106189e928be8cf5b67a3b04e14a610c1d079d7f57847?s=96&d=mm&r=g","url":"https:\/\/secure.gravatar.com\/avatar\/e247c7ada7a3507bb5f106189e928be8cf5b67a3b04e14a610c1d079d7f57847?s=96&d=mm&r=g","contentUrl":"https:\/\/secure.gravatar.com\/avatar\/e247c7ada7a3507bb5f106189e928be8cf5b67a3b04e14a610c1d079d7f57847?s=96&d=mm&r=g","caption":"aidansmithedgell"},"url":"https:\/\/www.rbc.com\/fr\/economique\/author\/aidansmithedgell\/"}]}},"author_meta":{"display_name":"aidansmithedgell","author_link":"https:\/\/www.rbc.com\/fr\/economique\/author\/aidansmithedgell\/"},"featured_img":"https:\/\/www.rbc.com\/fr\/economique\/wp-content\/uploads\/sites\/24\/\/2025\/07\/compressed-housing-S-1.png?quality=80&w=300","jetpack_featured_media_url":"https:\/\/www.rbc.com\/fr\/economique\/wp-content\/uploads\/sites\/24\/\/2025\/07\/compressed-housing-S-1.png?quality=80","coauthors":[],"tax_additional":{"categories":{"linked":["<a href=\"https:\/\/www.rbc.com\/fr\/economique\/category\/analyse-pour-le-canada\/\" class=\"advgb-post-tax-term\">Analyse pour le Canada<\/a>","<a href=\"https:\/\/www.rbc.com\/fr\/economique\/category\/analyse-pour-le-canada\/logement-au-canada\/\" class=\"advgb-post-tax-term\">Logement au Canada<\/a>","<a href=\"https:\/\/www.rbc.com\/fr\/economique\/category\/analyse-pour-le-canada\/logement-au-canada\/rapports-speciaux-sur-le-logement\/\" class=\"advgb-post-tax-term\">Rapports sp\u00e9ciaux sur le logement<\/a>"],"unlinked":["<span class=\"advgb-post-tax-term\">Analyse pour le Canada<\/span>","<span class=\"advgb-post-tax-term\">Logement au Canada<\/span>","<span class=\"advgb-post-tax-term\">Rapports sp\u00e9ciaux sur le logement<\/span>"]}},"comment_count":"0","relative_dates":{"created":"Publi\u00e9 7 mois il y a","modified":"Mis \u00e0 jour 6 mois il y a"},"absolute_dates":{"created":"Publi\u00e9 le 8 octobre 2025","modified":"Mise \u00e0 jour le 29 octobre 2025"},"absolute_dates_time":{"created":"Publi\u00e9 le 8 octobre 2025 5:10  ","modified":"Mise \u00e0 jour le 29 octobre 2025 3:53  "},"featured_img_caption":"","series_order":"","_links":{"self":[{"href":"https:\/\/www.rbc.com\/fr\/economique\/wp-json\/wp\/v2\/posts\/2227","targetHints":{"allow":["GET"]}}],"collection":[{"href":"https:\/\/www.rbc.com\/fr\/economique\/wp-json\/wp\/v2\/posts"}],"about":[{"href":"https:\/\/www.rbc.com\/fr\/economique\/wp-json\/wp\/v2\/types\/post"}],"author":[{"embeddable":true,"href":"https:\/\/www.rbc.com\/fr\/economique\/wp-json\/wp\/v2\/users\/189"}],"replies":[{"embeddable":true,"href":"https:\/\/www.rbc.com\/fr\/economique\/wp-json\/wp\/v2\/comments?post=2227"}],"version-history":[{"count":5,"href":"https:\/\/www.rbc.com\/fr\/economique\/wp-json\/wp\/v2\/posts\/2227\/revisions"}],"predecessor-version":[{"id":3661,"href":"https:\/\/www.rbc.com\/fr\/economique\/wp-json\/wp\/v2\/posts\/2227\/revisions\/3661"}],"wp:featuredmedia":[{"embeddable":true,"href":"https:\/\/www.rbc.com\/fr\/economique\/wp-json\/wp\/v2\/media\/1380"}],"wp:attachment":[{"href":"https:\/\/www.rbc.com\/fr\/economique\/wp-json\/wp\/v2\/media?parent=2227"}],"wp:term":[{"taxonomy":"category","embeddable":true,"href":"https:\/\/www.rbc.com\/fr\/economique\/wp-json\/wp\/v2\/categories?post=2227"},{"taxonomy":"post_tag","embeddable":true,"href":"https:\/\/www.rbc.com\/fr\/economique\/wp-json\/wp\/v2\/tags?post=2227"},{"taxonomy":"rbc_econ_content_type","embeddable":true,"href":"https:\/\/www.rbc.com\/fr\/economique\/wp-json\/wp\/v2\/rbc_econ_content_type?post=2227"}],"curies":[{"name":"wp","href":"https:\/\/api.w.org\/{rel}","templated":true}]}}