{"id":1410,"date":"2025-07-30T16:47:38","date_gmt":"2025-07-30T16:47:38","guid":{"rendered":"https:\/\/www.rbc.com\/fr\/economique\/2025\/07\/30\/recapitulatif-de-la-reunion-du-fomc-jerome-powell-opte-pour-lattente\/"},"modified":"2025-08-06T16:50:17","modified_gmt":"2025-08-06T16:50:17","slug":"recapitulatif-de-la-reunion-du-fomc-jerome-powell-opte-pour-lattente","status":"publish","type":"post","link":"https:\/\/www.rbc.com\/fr\/economique\/analyse-pour-les-etats-unis\/rapports-de-donnees-provisoires-eu\/recapitulatif-de-la-reunion-du-fomc-jerome-powell-opte-pour-lattente\/","title":{"rendered":"R\u00e9capitulatif de la r\u00e9union du FOMC : Jerome Powell opte pour l\u2019attente"},"content":{"rendered":"\n<section class=\"wp-block-rbc-section-block  pos-rel\" style=\"border-radius:0px\">\n<div class=\"wp-block-rbc-section-inner-block  section-inner\" style=\"border-radius:0x\">\n<p>La r\u00e9union du Comit\u00e9 f\u00e9d\u00e9ral de l\u2019open market (FOMC) du 30\u00a0juillet a sans doute \u00e9t\u00e9 la plus int\u00e9ressante de 2025 jusqu\u2019\u00e0 maintenant, et ce, malgr\u00e9 l\u2019annonce du maintien de la politique mon\u00e9taire actuelle de la R\u00e9serve f\u00e9d\u00e9rale am\u00e9ricaine (Fed). Le pr\u00e9sident de la Fed, Jerome\u00a0Powell, a donn\u00e9 son point de vue concernant l\u2019inflation. Par ailleurs, le foss\u00e9 se creuse entre les membres du FOMC. Pour la premi\u00e8re fois depuis 1993, lors du vote, il y a eu deux\u00a0voix dissidentes. Cependant, le taux des fonds f\u00e9d\u00e9raux a \u00e9t\u00e9 maintenu dans une fourchette de 4,25\u00a0% \u00e0 4,50\u00a0% et le message sous-jacent de la Fed est demeur\u00e9 essentiellement le m\u00eame. Elle constate que le march\u00e9 du travail est solide et que l\u2019inflation est \u00e9lev\u00e9e. Dans le cadre de son double mandat, l\u2019objectif d\u2019une inflation de 2\u00a0% reste hors d\u2019atteinte. Pour l\u2019instant, la Fed reste sur la touche et continue d\u2019\u00e9valuer les risques croissants li\u00e9s au march\u00e9 du travail et \u00e0 l\u2019inflation dans un contexte de perspectives \u00e9conomiques incertaines.<\/p>\n\n\n\n<p><strong>Incertitude persistante et avenir incertain<\/strong><\/p>\n\n\n\n<p>De l\u2019aveu de la Fed, l\u2019incertitude demeure \u00e9lev\u00e9e. Nous avons constat\u00e9 un changement important dans les commentaires du FOMC, qui a cess\u00e9 d\u2019employer le mot \u00ab\u00a0diminished\u00a0\u00bb (moindre) pour d\u00e9crire l\u2019incertitude entourant les perspectives \u00e9conomiques. Cela s\u2019explique en partie par le fait que les r\u00e9unions de juin et de juillet ont couvert uniquement un cycle de donn\u00e9es sur le march\u00e9 du travail et l\u2019inflation. Heureusement, la r\u00e9union de septembre interviendra apr\u00e8s la publication de deux\u00a0rapports sur le march\u00e9 du travail et de deux\u00a0rapports sur l\u2019inflation, ce qui devrait permettre de faire la lumi\u00e8re sur le processus d\u00e9cisionnel de la Fed. Lorsqu\u2019on lui a demand\u00e9 ce qu\u2019il faudrait pour que la banque centrale r\u00e9duise ses taux, Jerome\u00a0Powell a r\u00e9pondu ce qui suit (traduction libre)\u00a0: \u00ab\u00a0<em>Lorsqu\u2019il y aura un meilleur \u00e9quilibre entre les deux cibles, il sera possible d\u2019adopter une position plus proche de la neutralit\u00e9, et les prochaines \u00e9tapes iront probablement dans ce sens. Que faudra-t-il faire\u00a0? Cela d\u00e9pendra de l\u2019ensemble des donn\u00e9es. Car comme je l\u2019ai mentionn\u00e9, nous allons recevoir beaucoup de donn\u00e9es d\u2019ici la prochaine r\u00e9union. Nous verrons alors.<\/em>\u00bb<\/p>\n\n\n\n<p><strong>Pourquoi la Fed continue-t-elle d\u2019attendre\u00a0?<\/strong><\/p>\n\n\n\n<p>M.\u00a0Powell a d\u00e9cid\u00e9 de garder les taux inchang\u00e9s pour deux raisons. Tout d\u2019abord, il a parl\u00e9 des \u00e9l\u00e9ments qui sont observables \u00e0 l\u2019heure actuelle. De mani\u00e8re g\u00e9n\u00e9rale, l\u2019\u00e9conomie est encore saine (selon les donn\u00e9es sur le march\u00e9 du travail) et l\u2019inflation demeure tenace. Selon lui, la politique de la Fed doit \u00eatre restrictive puisque l\u2019inflation est sup\u00e9rieure \u00e0 la cible.Il a pr\u00e9cis\u00e9 qu\u2019il y a des risques li\u00e9s aux deux objectifs de la banque centrale, mais que comme l\u2019inflation est plus loin de la cible, l\u2019adoption d\u2019une politique restrictive, qui a pour effet de r\u00e9duire l\u2019inflation, est de mise.Toutefois, ce qui ressort le plus de son allocution, c\u2019est que selon son \u00e9valuation, m\u00eame sans l\u2019effet des droits de douane, l\u2019inflation est l\u00e9g\u00e8rement sup\u00e9rieure \u00e0 2\u00a0%. Fait int\u00e9ressant, M.\u00a0Powell a \u00e9galement d\u00e9crit une partie du ph\u00e9nom\u00e8ne d\u2019inflation de rattrapage toujours observable dans la foul\u00e9e des perturbations des cha\u00eenes d\u2019approvisionnement caus\u00e9es par la COVID-19, qui se r\u00e9percute notamment sur les co\u00fbts de l\u2019assurance automobile. Nous nous demandons donc si la Fed s\u2019attend \u00e0 voir des pressions inflationnistes similaires dans le secteur de l\u2019assurance et des services en g\u00e9n\u00e9ral \u00e0 la suite des chocs tarifaires. Enfin, il a mentionn\u00e9 le risque de pressions inflationnistes suppl\u00e9mentaires li\u00e9es aux droits de douane, citant l\u2019exemple de la hausse des prix des s\u00e8che-linge, malgr\u00e9 le fait que seules les machines \u00e0 laver font l\u2019objet de droits de douane.<\/p>\n\n\n\n<p><strong>Ce que nous pensons que la Fed fera<\/strong><\/p>\n\n\n\n<p>\u00c0 la suite de la publication r\u00e9cente de donn\u00e9es positives sur le march\u00e9 du travail, nous avons report\u00e9 notre pr\u00e9vision d\u2019une premi\u00e8re baisse de taux de 25\u00a0points de base par la Fed \u00e0 la r\u00e9union de d\u00e9cembre. Toutefois, comme nous\u00a0le<a href=\"https:\/\/www.rbc.com\/fr\/leadership-avise\/recherche-economique\/perspectives-vedettes\/inflation-aux-etats-unis-perspectives-de-hausse-au-second-semestre-de-2025\/\" target=\"_blank\" data-dig-id=\"LP-8702-64833e6f\" data-dig-category=\"LP\" data-dig-action=\"link click\" data-dig-label=\" mentionnons ici\" rel=\"noreferrer noopener\" class=\"rbc-link-format\"> mentionnons ici<\/a>, l\u2019inflation pourrait augmenter. Si c\u2019est le cas, la Fed pourrait \u00eatre contrainte de maintenir ses taux inchang\u00e9s jusqu\u2019\u00e0 ce que les r\u00e9percussions des droits de douane se dissipent, ce qui ne devrait pas survenir avant 2026. De plus, le maintien des droits de douane au titre de l\u2019article\u00a0232 en sus des droits de douane propres \u00e0 chaque pays constitue un risque notable et pourrait cr\u00e9er un environnement inflationniste plus persistant. Enfin, m\u00eame si nous croyons qu\u2019il y a un risque de contraction du march\u00e9 du travail si les marges des entreprises baissent, le ralentissement simultan\u00e9 de l\u2019offre et de la demande de main-d\u2019\u0153uvre devrait continuer \u00e0 limiter le taux de ch\u00f4mage, ce qui signifie qu\u2019il sera plus difficile pour la Fed de r\u00e9duire ses taux en se fondant uniquement sur ce volet de son mandat.<\/p>\n\n\n\n<hr class=\"wp-block-separator has-alpha-channel-opacity is-style-wide wide\" \/>\n\n\n\n<p><em><em><strong>Mike Reid<\/strong>\u00a0est premier \u00e9conomiste, \u00c9tats-Unis, \u00e0 RBC. Il est charg\u00e9 d\u2019\u00e9tablir les perspectives \u00e9conomiques de RBC pour les \u00c9tats-Unis, de commenter les indicateurs macro\u00e9conomiques et de r\u00e9diger des analyses concernant le contexte \u00e9conomique.<\/em><\/em><\/p>\n\n\n\n<hr class=\"wp-block-separator has-alpha-channel-opacity is-style-wide wide\" \/>\n<\/div>\n<\/section>\n","protected":false},"excerpt":{"rendered":"","protected":false},"author":318,"featured_media":1001,"comment_status":"closed","ping_status":"closed","sticky":false,"template":"","format":"standard","meta":{"_acf_changed":false,"advgb_blocks_editor_width":"","advgb_blocks_columns_visual_guide":"","footnotes":""},"categories":[72,73],"tags":[],"rbc_econ_content_type":[],"class_list":["post-1410","post","type-post","status-publish","format-standard","has-post-thumbnail","hentry","category-analyse-pour-les-etats-unis","category-rapports-de-donnees-provisoires-eu"],"acf":[],"yoast_head":"<!-- This site is optimized with the Yoast SEO Premium plugin v27.2 (Yoast SEO v27.2) - https:\/\/yoast.com\/product\/yoast-seo-premium-wordpress\/ -->\n<title>R\u00e9capitulatif de la r\u00e9union du FOMC : Jerome Powell opte pour l\u2019attente - RBC Economique<\/title>\n<meta name=\"robots\" content=\"index, follow, max-snippet:-1, max-image-preview:large, max-video-preview:-1\" \/>\n<link rel=\"canonical\" href=\"https:\/\/www.rbc.com\/fr\/economique\/analyse-pour-les-etats-unis\/rapports-de-donnees-provisoires-eu\/recapitulatif-de-la-reunion-du-fomc-jerome-powell-opte-pour-lattente\/\" \/>\n<meta property=\"og:locale\" content=\"fr_FR\" \/>\n<meta property=\"og:type\" content=\"article\" \/>\n<meta property=\"og:title\" content=\"R\u00e9capitulatif de la r\u00e9union du FOMC : Jerome Powell opte pour l\u2019attente\" \/>\n<meta property=\"og:url\" content=\"https:\/\/www.rbc.com\/fr\/economique\/analyse-pour-les-etats-unis\/rapports-de-donnees-provisoires-eu\/recapitulatif-de-la-reunion-du-fomc-jerome-powell-opte-pour-lattente\/\" \/>\n<meta property=\"og:site_name\" content=\"RBC Economique\" \/>\n<meta property=\"article:published_time\" content=\"2025-07-30T16:47:38+00:00\" \/>\n<meta property=\"article:modified_time\" content=\"2025-08-06T16:50:17+00:00\" \/>\n<meta property=\"og:image\" content=\"https:\/\/www.rbc.com\/fr\/economique\/wp-content\/uploads\/sites\/24\/\/2025\/07\/US-compressed.png?quality=80\" \/>\n\t<meta property=\"og:image:width\" content=\"6134\" \/>\n\t<meta property=\"og:image:height\" content=\"3700\" \/>\n\t<meta property=\"og:image:type\" content=\"image\/png\" \/>\n<meta name=\"author\" content=\"viktoriyapanahova\" \/>\n<meta name=\"twitter:card\" content=\"summary_large_image\" \/>\n<meta name=\"twitter:label1\" content=\"Written by\" \/>\n\t<meta name=\"twitter:data1\" content=\"viktoriyapanahova\" \/>\n\t<meta name=\"twitter:label2\" content=\"Est. reading time\" \/>\n\t<meta name=\"twitter:data2\" content=\"5 minutes\" \/>\n<script type=\"application\/ld+json\" class=\"yoast-schema-graph\">{\"@context\":\"https:\/\/schema.org\",\"@graph\":[{\"@type\":\"Article\",\"@id\":\"https:\/\/www.rbc.com\/fr\/economique\/analyse-pour-les-etats-unis\/rapports-de-donnees-provisoires-eu\/recapitulatif-de-la-reunion-du-fomc-jerome-powell-opte-pour-lattente\/#article\",\"isPartOf\":{\"@id\":\"https:\/\/www.rbc.com\/fr\/economique\/analyse-pour-les-etats-unis\/rapports-de-donnees-provisoires-eu\/recapitulatif-de-la-reunion-du-fomc-jerome-powell-opte-pour-lattente\/\"},\"author\":{\"name\":\"viktoriyapanahova\",\"@id\":\"https:\/\/www.rbc.com\/fr\/economique\/#\/schema\/person\/109dd1bd3c90e818f8159356d46905ea\"},\"headline\":\"R\u00e9capitulatif de la r\u00e9union du FOMC : Jerome Powell opte pour l\u2019attente\",\"datePublished\":\"2025-07-30T16:47:38+00:00\",\"dateModified\":\"2025-08-06T16:50:17+00:00\",\"mainEntityOfPage\":{\"@id\":\"https:\/\/www.rbc.com\/fr\/economique\/analyse-pour-les-etats-unis\/rapports-de-donnees-provisoires-eu\/recapitulatif-de-la-reunion-du-fomc-jerome-powell-opte-pour-lattente\/\"},\"wordCount\":935,\"image\":{\"@id\":\"https:\/\/www.rbc.com\/fr\/economique\/analyse-pour-les-etats-unis\/rapports-de-donnees-provisoires-eu\/recapitulatif-de-la-reunion-du-fomc-jerome-powell-opte-pour-lattente\/#primaryimage\"},\"thumbnailUrl\":\"https:\/\/www.rbc.com\/fr\/economique\/wp-content\/uploads\/sites\/24\/\/2025\/07\/US-compressed.png?quality=80\",\"articleSection\":[\"Analyse pour les \u00c9tats-Unis\",\"Rapports de donn\u00e9es provisoires - \u00c9-U\"],\"inLanguage\":\"fr-FR\"},{\"@type\":\"WebPage\",\"@id\":\"https:\/\/www.rbc.com\/fr\/economique\/analyse-pour-les-etats-unis\/rapports-de-donnees-provisoires-eu\/recapitulatif-de-la-reunion-du-fomc-jerome-powell-opte-pour-lattente\/\",\"url\":\"https:\/\/www.rbc.com\/fr\/economique\/analyse-pour-les-etats-unis\/rapports-de-donnees-provisoires-eu\/recapitulatif-de-la-reunion-du-fomc-jerome-powell-opte-pour-lattente\/\",\"name\":\"R\u00e9capitulatif de la r\u00e9union du FOMC : Jerome Powell opte pour l\u2019attente - RBC Economique\",\"isPartOf\":{\"@id\":\"https:\/\/www.rbc.com\/fr\/economique\/#website\"},\"primaryImageOfPage\":{\"@id\":\"https:\/\/www.rbc.com\/fr\/economique\/analyse-pour-les-etats-unis\/rapports-de-donnees-provisoires-eu\/recapitulatif-de-la-reunion-du-fomc-jerome-powell-opte-pour-lattente\/#primaryimage\"},\"image\":{\"@id\":\"https:\/\/www.rbc.com\/fr\/economique\/analyse-pour-les-etats-unis\/rapports-de-donnees-provisoires-eu\/recapitulatif-de-la-reunion-du-fomc-jerome-powell-opte-pour-lattente\/#primaryimage\"},\"thumbnailUrl\":\"https:\/\/www.rbc.com\/fr\/economique\/wp-content\/uploads\/sites\/24\/\/2025\/07\/US-compressed.png?quality=80\",\"datePublished\":\"2025-07-30T16:47:38+00:00\",\"dateModified\":\"2025-08-06T16:50:17+00:00\",\"author\":{\"@id\":\"https:\/\/www.rbc.com\/fr\/economique\/#\/schema\/person\/109dd1bd3c90e818f8159356d46905ea\"},\"breadcrumb\":{\"@id\":\"https:\/\/www.rbc.com\/fr\/economique\/analyse-pour-les-etats-unis\/rapports-de-donnees-provisoires-eu\/recapitulatif-de-la-reunion-du-fomc-jerome-powell-opte-pour-lattente\/#breadcrumb\"},\"inLanguage\":\"fr-FR\",\"potentialAction\":[{\"@type\":\"ReadAction\",\"target\":[\"https:\/\/www.rbc.com\/fr\/economique\/analyse-pour-les-etats-unis\/rapports-de-donnees-provisoires-eu\/recapitulatif-de-la-reunion-du-fomc-jerome-powell-opte-pour-lattente\/\"]}]},{\"@type\":\"ImageObject\",\"inLanguage\":\"fr-FR\",\"@id\":\"https:\/\/www.rbc.com\/fr\/economique\/analyse-pour-les-etats-unis\/rapports-de-donnees-provisoires-eu\/recapitulatif-de-la-reunion-du-fomc-jerome-powell-opte-pour-lattente\/#primaryimage\",\"url\":\"https:\/\/www.rbc.com\/fr\/economique\/wp-content\/uploads\/sites\/24\/\/2025\/07\/US-compressed.png?quality=80\",\"contentUrl\":\"https:\/\/www.rbc.com\/fr\/economique\/wp-content\/uploads\/sites\/24\/\/2025\/07\/US-compressed.png?quality=80\",\"width\":6134,\"height\":3700},{\"@type\":\"BreadcrumbList\",\"@id\":\"https:\/\/www.rbc.com\/fr\/economique\/analyse-pour-les-etats-unis\/rapports-de-donnees-provisoires-eu\/recapitulatif-de-la-reunion-du-fomc-jerome-powell-opte-pour-lattente\/#breadcrumb\",\"itemListElement\":[{\"@type\":\"ListItem\",\"position\":1,\"name\":\"Home\",\"item\":\"https:\/\/www.rbc.com\/fr\/economique\/\"},{\"@type\":\"ListItem\",\"position\":2,\"name\":\"R\u00e9capitulatif de la r\u00e9union du FOMC : Jerome Powell opte pour l\u2019attente\"}]},{\"@type\":\"WebSite\",\"@id\":\"https:\/\/www.rbc.com\/fr\/economique\/#website\",\"url\":\"https:\/\/www.rbc.com\/fr\/economique\/\",\"name\":\"RBC Economique\",\"description\":\"\",\"potentialAction\":[{\"@type\":\"SearchAction\",\"target\":{\"@type\":\"EntryPoint\",\"urlTemplate\":\"https:\/\/www.rbc.com\/fr\/economique\/?s={search_term_string}\"},\"query-input\":{\"@type\":\"PropertyValueSpecification\",\"valueRequired\":true,\"valueName\":\"search_term_string\"}}],\"inLanguage\":\"fr-FR\"},{\"@type\":\"Person\",\"@id\":\"https:\/\/www.rbc.com\/fr\/economique\/#\/schema\/person\/109dd1bd3c90e818f8159356d46905ea\",\"name\":\"viktoriyapanahova\",\"image\":{\"@type\":\"ImageObject\",\"inLanguage\":\"fr-FR\",\"@id\":\"https:\/\/secure.gravatar.com\/avatar\/885bcff339d33080f070ec9cbe77fcf3007653305ae17de7827e19af43e61913?s=96&d=mm&r=g\",\"url\":\"https:\/\/secure.gravatar.com\/avatar\/885bcff339d33080f070ec9cbe77fcf3007653305ae17de7827e19af43e61913?s=96&d=mm&r=g\",\"contentUrl\":\"https:\/\/secure.gravatar.com\/avatar\/885bcff339d33080f070ec9cbe77fcf3007653305ae17de7827e19af43e61913?s=96&d=mm&r=g\",\"caption\":\"viktoriyapanahova\"},\"url\":\"https:\/\/www.rbc.com\/fr\/economique\/author\/viktoriyapanahova\/\"}]}<\/script>\n<!-- \/ Yoast SEO Premium plugin. -->","yoast_head_json":{"title":"R\u00e9capitulatif de la r\u00e9union du FOMC : Jerome Powell opte pour l\u2019attente - RBC Economique","robots":{"index":"index","follow":"follow","max-snippet":"max-snippet:-1","max-image-preview":"max-image-preview:large","max-video-preview":"max-video-preview:-1"},"canonical":"https:\/\/www.rbc.com\/fr\/economique\/analyse-pour-les-etats-unis\/rapports-de-donnees-provisoires-eu\/recapitulatif-de-la-reunion-du-fomc-jerome-powell-opte-pour-lattente\/","og_locale":"fr_FR","og_type":"article","og_title":"R\u00e9capitulatif de la r\u00e9union du FOMC : Jerome Powell opte pour l\u2019attente","og_url":"https:\/\/www.rbc.com\/fr\/economique\/analyse-pour-les-etats-unis\/rapports-de-donnees-provisoires-eu\/recapitulatif-de-la-reunion-du-fomc-jerome-powell-opte-pour-lattente\/","og_site_name":"RBC Economique","article_published_time":"2025-07-30T16:47:38+00:00","article_modified_time":"2025-08-06T16:50:17+00:00","og_image":[{"width":6134,"height":3700,"url":"https:\/\/www.rbc.com\/fr\/economique\/wp-content\/uploads\/sites\/24\/\/2025\/07\/US-compressed.png?quality=80","type":"image\/png"}],"author":"viktoriyapanahova","twitter_card":"summary_large_image","twitter_misc":{"Written by":"viktoriyapanahova","Est. reading time":"5 minutes"},"schema":{"@context":"https:\/\/schema.org","@graph":[{"@type":"Article","@id":"https:\/\/www.rbc.com\/fr\/economique\/analyse-pour-les-etats-unis\/rapports-de-donnees-provisoires-eu\/recapitulatif-de-la-reunion-du-fomc-jerome-powell-opte-pour-lattente\/#article","isPartOf":{"@id":"https:\/\/www.rbc.com\/fr\/economique\/analyse-pour-les-etats-unis\/rapports-de-donnees-provisoires-eu\/recapitulatif-de-la-reunion-du-fomc-jerome-powell-opte-pour-lattente\/"},"author":{"name":"viktoriyapanahova","@id":"https:\/\/www.rbc.com\/fr\/economique\/#\/schema\/person\/109dd1bd3c90e818f8159356d46905ea"},"headline":"R\u00e9capitulatif de la r\u00e9union du FOMC : Jerome Powell opte pour l\u2019attente","datePublished":"2025-07-30T16:47:38+00:00","dateModified":"2025-08-06T16:50:17+00:00","mainEntityOfPage":{"@id":"https:\/\/www.rbc.com\/fr\/economique\/analyse-pour-les-etats-unis\/rapports-de-donnees-provisoires-eu\/recapitulatif-de-la-reunion-du-fomc-jerome-powell-opte-pour-lattente\/"},"wordCount":935,"image":{"@id":"https:\/\/www.rbc.com\/fr\/economique\/analyse-pour-les-etats-unis\/rapports-de-donnees-provisoires-eu\/recapitulatif-de-la-reunion-du-fomc-jerome-powell-opte-pour-lattente\/#primaryimage"},"thumbnailUrl":"https:\/\/www.rbc.com\/fr\/economique\/wp-content\/uploads\/sites\/24\/\/2025\/07\/US-compressed.png?quality=80","articleSection":["Analyse pour les \u00c9tats-Unis","Rapports de donn\u00e9es provisoires - \u00c9-U"],"inLanguage":"fr-FR"},{"@type":"WebPage","@id":"https:\/\/www.rbc.com\/fr\/economique\/analyse-pour-les-etats-unis\/rapports-de-donnees-provisoires-eu\/recapitulatif-de-la-reunion-du-fomc-jerome-powell-opte-pour-lattente\/","url":"https:\/\/www.rbc.com\/fr\/economique\/analyse-pour-les-etats-unis\/rapports-de-donnees-provisoires-eu\/recapitulatif-de-la-reunion-du-fomc-jerome-powell-opte-pour-lattente\/","name":"R\u00e9capitulatif de la r\u00e9union du FOMC : Jerome Powell opte pour l\u2019attente - RBC Economique","isPartOf":{"@id":"https:\/\/www.rbc.com\/fr\/economique\/#website"},"primaryImageOfPage":{"@id":"https:\/\/www.rbc.com\/fr\/economique\/analyse-pour-les-etats-unis\/rapports-de-donnees-provisoires-eu\/recapitulatif-de-la-reunion-du-fomc-jerome-powell-opte-pour-lattente\/#primaryimage"},"image":{"@id":"https:\/\/www.rbc.com\/fr\/economique\/analyse-pour-les-etats-unis\/rapports-de-donnees-provisoires-eu\/recapitulatif-de-la-reunion-du-fomc-jerome-powell-opte-pour-lattente\/#primaryimage"},"thumbnailUrl":"https:\/\/www.rbc.com\/fr\/economique\/wp-content\/uploads\/sites\/24\/\/2025\/07\/US-compressed.png?quality=80","datePublished":"2025-07-30T16:47:38+00:00","dateModified":"2025-08-06T16:50:17+00:00","author":{"@id":"https:\/\/www.rbc.com\/fr\/economique\/#\/schema\/person\/109dd1bd3c90e818f8159356d46905ea"},"breadcrumb":{"@id":"https:\/\/www.rbc.com\/fr\/economique\/analyse-pour-les-etats-unis\/rapports-de-donnees-provisoires-eu\/recapitulatif-de-la-reunion-du-fomc-jerome-powell-opte-pour-lattente\/#breadcrumb"},"inLanguage":"fr-FR","potentialAction":[{"@type":"ReadAction","target":["https:\/\/www.rbc.com\/fr\/economique\/analyse-pour-les-etats-unis\/rapports-de-donnees-provisoires-eu\/recapitulatif-de-la-reunion-du-fomc-jerome-powell-opte-pour-lattente\/"]}]},{"@type":"ImageObject","inLanguage":"fr-FR","@id":"https:\/\/www.rbc.com\/fr\/economique\/analyse-pour-les-etats-unis\/rapports-de-donnees-provisoires-eu\/recapitulatif-de-la-reunion-du-fomc-jerome-powell-opte-pour-lattente\/#primaryimage","url":"https:\/\/www.rbc.com\/fr\/economique\/wp-content\/uploads\/sites\/24\/\/2025\/07\/US-compressed.png?quality=80","contentUrl":"https:\/\/www.rbc.com\/fr\/economique\/wp-content\/uploads\/sites\/24\/\/2025\/07\/US-compressed.png?quality=80","width":6134,"height":3700},{"@type":"BreadcrumbList","@id":"https:\/\/www.rbc.com\/fr\/economique\/analyse-pour-les-etats-unis\/rapports-de-donnees-provisoires-eu\/recapitulatif-de-la-reunion-du-fomc-jerome-powell-opte-pour-lattente\/#breadcrumb","itemListElement":[{"@type":"ListItem","position":1,"name":"Home","item":"https:\/\/www.rbc.com\/fr\/economique\/"},{"@type":"ListItem","position":2,"name":"R\u00e9capitulatif de la r\u00e9union du FOMC : Jerome Powell opte pour l\u2019attente"}]},{"@type":"WebSite","@id":"https:\/\/www.rbc.com\/fr\/economique\/#website","url":"https:\/\/www.rbc.com\/fr\/economique\/","name":"RBC Economique","description":"","potentialAction":[{"@type":"SearchAction","target":{"@type":"EntryPoint","urlTemplate":"https:\/\/www.rbc.com\/fr\/economique\/?s={search_term_string}"},"query-input":{"@type":"PropertyValueSpecification","valueRequired":true,"valueName":"search_term_string"}}],"inLanguage":"fr-FR"},{"@type":"Person","@id":"https:\/\/www.rbc.com\/fr\/economique\/#\/schema\/person\/109dd1bd3c90e818f8159356d46905ea","name":"viktoriyapanahova","image":{"@type":"ImageObject","inLanguage":"fr-FR","@id":"https:\/\/secure.gravatar.com\/avatar\/885bcff339d33080f070ec9cbe77fcf3007653305ae17de7827e19af43e61913?s=96&d=mm&r=g","url":"https:\/\/secure.gravatar.com\/avatar\/885bcff339d33080f070ec9cbe77fcf3007653305ae17de7827e19af43e61913?s=96&d=mm&r=g","contentUrl":"https:\/\/secure.gravatar.com\/avatar\/885bcff339d33080f070ec9cbe77fcf3007653305ae17de7827e19af43e61913?s=96&d=mm&r=g","caption":"viktoriyapanahova"},"url":"https:\/\/www.rbc.com\/fr\/economique\/author\/viktoriyapanahova\/"}]}},"author_meta":{"display_name":"viktoriyapanahova","author_link":"https:\/\/www.rbc.com\/fr\/economique\/author\/viktoriyapanahova\/"},"featured_img":"https:\/\/www.rbc.com\/fr\/economique\/wp-content\/uploads\/sites\/24\/\/2025\/07\/US-compressed.png?quality=80&w=300","jetpack_featured_media_url":"https:\/\/www.rbc.com\/fr\/economique\/wp-content\/uploads\/sites\/24\/\/2025\/07\/US-compressed.png?quality=80","coauthors":[],"tax_additional":{"categories":{"linked":["<a href=\"https:\/\/www.rbc.com\/fr\/economique\/category\/analyse-pour-les-etats-unis\/\" class=\"advgb-post-tax-term\">Analyse pour les \u00c9tats-Unis<\/a>","<a href=\"https:\/\/www.rbc.com\/fr\/economique\/category\/analyse-pour-les-etats-unis\/rapports-de-donnees-provisoires-eu\/\" class=\"advgb-post-tax-term\">Rapports de donn\u00e9es provisoires - \u00c9-U<\/a>"],"unlinked":["<span class=\"advgb-post-tax-term\">Analyse pour les \u00c9tats-Unis<\/span>","<span class=\"advgb-post-tax-term\">Rapports de donn\u00e9es provisoires - \u00c9-U<\/span>"]}},"comment_count":"0","relative_dates":{"created":"Publi\u00e9 9 mois il y a","modified":"Mis \u00e0 jour 9 mois il y a"},"absolute_dates":{"created":"Publi\u00e9 le 30 juillet 2025","modified":"Mise \u00e0 jour le 6 ao\u00fbt 2025"},"absolute_dates_time":{"created":"Publi\u00e9 le 30 juillet 2025 4:47  ","modified":"Mise \u00e0 jour le 6 ao\u00fbt 2025 4:50  "},"featured_img_caption":"","series_order":"","_links":{"self":[{"href":"https:\/\/www.rbc.com\/fr\/economique\/wp-json\/wp\/v2\/posts\/1410","targetHints":{"allow":["GET"]}}],"collection":[{"href":"https:\/\/www.rbc.com\/fr\/economique\/wp-json\/wp\/v2\/posts"}],"about":[{"href":"https:\/\/www.rbc.com\/fr\/economique\/wp-json\/wp\/v2\/types\/post"}],"author":[{"embeddable":true,"href":"https:\/\/www.rbc.com\/fr\/economique\/wp-json\/wp\/v2\/users\/318"}],"replies":[{"embeddable":true,"href":"https:\/\/www.rbc.com\/fr\/economique\/wp-json\/wp\/v2\/comments?post=1410"}],"version-history":[{"count":1,"href":"https:\/\/www.rbc.com\/fr\/economique\/wp-json\/wp\/v2\/posts\/1410\/revisions"}],"predecessor-version":[{"id":1725,"href":"https:\/\/www.rbc.com\/fr\/economique\/wp-json\/wp\/v2\/posts\/1410\/revisions\/1725"}],"wp:featuredmedia":[{"embeddable":true,"href":"https:\/\/www.rbc.com\/fr\/economique\/wp-json\/wp\/v2\/media\/1001"}],"wp:attachment":[{"href":"https:\/\/www.rbc.com\/fr\/economique\/wp-json\/wp\/v2\/media?parent=1410"}],"wp:term":[{"taxonomy":"category","embeddable":true,"href":"https:\/\/www.rbc.com\/fr\/economique\/wp-json\/wp\/v2\/categories?post=1410"},{"taxonomy":"post_tag","embeddable":true,"href":"https:\/\/www.rbc.com\/fr\/economique\/wp-json\/wp\/v2\/tags?post=1410"},{"taxonomy":"rbc_econ_content_type","embeddable":true,"href":"https:\/\/www.rbc.com\/fr\/economique\/wp-json\/wp\/v2\/rbc_econ_content_type?post=1410"}],"curies":[{"name":"wp","href":"https:\/\/api.w.org\/{rel}","templated":true}]}}