{"id":1383,"date":"2025-07-15T20:44:19","date_gmt":"2025-07-15T20:44:19","guid":{"rendered":"https:\/\/www.rbc.com\/fr\/economique\/2025\/07\/15\/la-baisse-des-prix-et-le-regain-de-confiance-protegent-la-reprise-du-marche-residentiel-canadien-en-juin\/"},"modified":"2026-04-06T21:38:07","modified_gmt":"2026-04-06T21:38:07","slug":"la-baisse-des-prix-et-le-regain-de-confiance-protegent-la-reprise-du-marche-residentiel-canadien-en-juin","status":"publish","type":"post","link":"https:\/\/www.rbc.com\/fr\/economique\/analyse-pour-le-canada\/logement-au-canada\/rapport-mensuel-sur-le-marche-du-logement\/la-baisse-des-prix-et-le-regain-de-confiance-protegent-la-reprise-du-marche-residentiel-canadien-en-juin\/","title":{"rendered":"La baisse des prix et le regain de confiance prot\u00e8gent la reprise du march\u00e9 r\u00e9sidentiel canadien en juin"},"content":{"rendered":"\n<section class=\"wp-block-rbc-section-block  pos-rel\" style=\"border-radius:0px\">\n<div class=\"wp-block-rbc-section-inner-block  section-inner\" style=\"border-radius:0x\">\n<p>Le march\u00e9 du logement canadien a montr\u00e9 d\u2019autres signes de reprise en juin, les reventes de logements ayant augment\u00e9 pour un troisi\u00e8me mois d\u2019affil\u00e9e, un mois sur l\u2019autre. Les prix sont toutefois rest\u00e9s bas dans l\u2019ensemble, les diminutions \u00e0 l\u2019\u00e9chelle nationale \u00e9tant principalement attribuables au fl\u00e9chissement enregistr\u00e9 en Ontario et en Colombie-Britannique.<\/p>\n\n\n\n<p>Les \u00e9carts de rendement entre les march\u00e9s r\u00e9gionaux ont davantage retenu l\u2019attention&nbsp;; certains march\u00e9s des Prairies, du Qu\u00e9bec et des provinces de l\u2019Atlantique doivent composer avec des conditions de l\u2019offre et de la demande tendues, tandis que d\u2019autres march\u00e9s de l\u2019Ontario et de la Colombie-Britannique sont confront\u00e9s \u00e0 des stocks \u00e9lev\u00e9s, \u00e0 d\u2019importants probl\u00e8mes d\u2019accessibilit\u00e9 et \u00e0 une d\u00e9t\u00e9rioration des perspectives d\u2019emploi.<\/p>\n\n\n\n<div id=\"everviz-WbITqFhVx\" class=\"everviz-WbITqFhVx\" data-view=\"graph\"><\/div>\n\n\n\n<hr class=\"wp-block-separator has-text-color has-light-grey-color has-alpha-channel-opacity has-light-grey-background-color has-background is-style-wide wide\" \/>\n\n\n\n<h2 class=\"wp-block-heading\" id=\"h-les-reventes-de-logements-se-redressent-dans-l-ensemble-mais-les-prix-continuent-de-baisser\">Les reventes de logements se redressent dans l\u2019ensemble, mais les prix continuent de baisser<\/h2>\n\n\n\n<p>\u00c0 l\u2019\u00e9chelle nationale, les reventes de logements ont progress\u00e9 de 2,8&nbsp;% en juin par rapport \u00e0 mai, et de 3,5&nbsp;% sur 12&nbsp;mois.<\/p>\n\n\n\n<p>Cette reprise a en partie compens\u00e9 la chute de l\u2019activit\u00e9 du d\u00e9but de l\u2019ann\u00e9e, lorsque la guerre commerciale a port\u00e9 un coup dur \u00e0 la confiance. Parmi les principaux march\u00e9s, ceux de Toronto (+8,1&nbsp;% par rapport \u00e0 mai), de Vancouver (+2,8&nbsp;%), d\u2019Edmonton (+3&nbsp;%) et de Montr\u00e9al (+1,8&nbsp;%) ont progress\u00e9.<\/p>\n\n\n\n<p>Toutefois, la reprise n\u2019a pas encore frein\u00e9 le d\u00e9clin des prix des logements dans l\u2019ensemble du pays.<\/p>\n\n\n\n<p>L\u2019indice composite national des prix des propri\u00e9t\u00e9s MLS a c\u00e9d\u00e9 0,2&nbsp;% en juin par rapport \u00e0 mai, ce qui repr\u00e9sente sa septi\u00e8me&nbsp;baisse cons\u00e9cutive. C\u2019est une excellente nouvelle sur le plan de l\u2019<a href=\"https:\/\/www.rbc.com\/fr\/leadership-avise\/recherche-economique\/logement-au-canada\/accessibilite-a-la-propriete\/les-frais-de-possession-dun-logement-au-canada-nont-jamais-ete-aussi-bas-en-trois-ans\/\" target=\"_blank\" data-dig-id=\"LP-Rapportmensuelsurlemarch\u00e9dulogement-AnalysepourleCanada-1383-77cacf3e\" data-dig-category=\"LP-Rapportmensuelsurlemarch\u00e9dulogement-AnalysepourleCanada\" data-dig-action=\"link click\" data-dig-label=\"accessibilit\u00e9\" rel=\"noreferrer noopener\" class=\"rbc-link-format\">accessibilit\u00e9<\/a> pour les acheteurs potentiels, qui ont vu les co\u00fbts de propri\u00e9t\u00e9 grimper en fl\u00e8che pendant la pand\u00e9mie.<\/p>\n\n\n\n<div id=\"everviz-MFe36NeV0\" class=\"everviz-MFe36NeV0\" data-view=\"graph\"><\/div>\n\n\n\n<hr class=\"wp-block-separator has-text-color has-light-grey-color has-alpha-channel-opacity has-light-grey-background-color has-background is-style-wide wide\" \/>\n\n\n\n<h2 class=\"wp-block-heading\" id=\"h-tendances-regionales-divergentes\">Tendances r\u00e9gionales divergentes<\/h2>\n\n\n\n<p>La baisse des prix a \u00e9t\u00e9 principalement concentr\u00e9e dans le sud de l\u2019Ontario et en Colombie-Britannique, o\u00f9 les vendeurs se livrent une concurrence f\u00e9roce face \u00e0 un nombre historiquement \u00e9lev\u00e9 de logements \u00e0 vendre, tandis que les acheteurs font face \u00e0 des conditions d\u2019accessibilit\u00e9 tendues.<\/p>\n\n\n\n<p>L\u2019indice des prix des propri\u00e9t\u00e9s MLS a encore recul\u00e9 de mai \u00e0 juin \u00e0 Toronto (-0,9&nbsp;%), \u00e0 Guelph (-2,5&nbsp;%), \u00e0 Niagara (-1,5&nbsp;%), \u00e0 London (-1,2&nbsp;%), \u00e0 Windsor (-0,8&nbsp;%), \u00e0 Cambridge (-0,4&nbsp;%), dans la vall\u00e9e du Fraser (-1&nbsp;%) et \u00e0 Vancouver (-0,1&nbsp;%). Ces march\u00e9s ont subi l\u2019un des plus importants reculs au cours de la derni\u00e8re ann\u00e9e, car les conditions de l\u2019offre et de la demande penchent nettement en faveur des acheteurs.<\/p>\n\n\n\n<div id=\"everviz-ej9lmGAYV\" class=\"everviz-ej9lmGAYV\" data-view=\"graph\"><\/div>\n\n\n\n<p>La valeur des propri\u00e9t\u00e9s est plus r\u00e9siliente dans les Prairies, au Qu\u00e9bec et dans les provinces de l\u2019Atlantique. L\u2019indice des prix des propri\u00e9t\u00e9s MLS affiche toujours une tendance haussi\u00e8re \u00e0 Regina (7,9&nbsp;% sur 12&nbsp;mois), \u00e0 Saskatoon (7,3&nbsp;%), \u00e0 Winnipeg (7,5&nbsp;%), \u00e0 Montr\u00e9al (7,3&nbsp;%), \u00e0 Qu\u00e9bec (16,4&nbsp;%), \u00e0 Fredericton (11,3&nbsp;%), \u00e0 Saint John (12,9&nbsp;%), \u00e0 Halifax (4&nbsp;%) et \u00e0 St.&nbsp;John\u2019s (12,3&nbsp;%). La plupart de ces march\u00e9s ont \u00e9galement inscrit des gains mensuels en juin.<\/p>\n\n\n\n<p>Le contexte est en train de se r\u00e9\u00e9quilibrer \u00e0 Calgary et \u00e0 Edmonton. Les achats de logements se sont stabilis\u00e9s cette ann\u00e9e, mais demeurent solides, et les prix baissent dans un contexte d\u2019accroissement de l\u2019offre.<\/p>\n\n\n\n<figure class=\"wp-block-image size-full is-resized\"><img decoding=\"async\" src=\"https:\/\/www.rbc.com\/fr\/economique\/wp-content\/uploads\/sites\/24\/2025\/07\/MHU-June-Table-FR.png\" alt=\"\" class=\"wp-image-8342\" style=\"width:1170px;height:auto\" \/><\/figure>\n\n\n\n<hr class=\"wp-block-separator has-text-color has-light-grey-color has-alpha-channel-opacity has-light-grey-background-color has-background is-style-wide wide\" \/>\n\n\n\n<h2 class=\"wp-block-heading\" id=\"h-perspectives-nuancees-pour-le-canada\">Perspectives nuanc\u00e9es pour le Canada<\/h2>\n\n\n\n<p>Nous nous attendons \u00e0 ce que les reventes poursuivent leur reprise graduelle sur le march\u00e9 canadien du logement, car l\u2019effet du regain de confiance et des baisses de taux d\u2019int\u00e9r\u00eat continue de se faire sentir. Cela dit, nous entrevoyons peu de facteurs susceptibles de modifier les tendances divergentes des prix \u00e0 court terme.<\/p>\n\n\n\n<p>Les stocks \u00e9lev\u00e9s, les probl\u00e8mes d\u2019accessibilit\u00e9 et la faiblesse des march\u00e9s de l\u2019emploi devraient continuer de peser sur le prix des logements en Ontario et en Colombie-Britannique.<\/p>\n\n\n\n<p>Cependant, le maintien des conditions tendues de l\u2019offre et de la demande devrait faire augmenter les prix dans les Prairies, au Qu\u00e9bec et dans les provinces de l\u2019Atlantique, quoiqu\u2019\u00e0 un rythme moins soutenu dans certaines r\u00e9gions.<\/p>\n\n\n\n<hr class=\"wp-block-separator has-text-color has-light-grey-color has-alpha-channel-opacity has-light-grey-background-color has-background is-style-wide wide\" \/>\n\n\n\n<p><em><em><strong>Robert Hogue<\/strong>&nbsp;est membre du l\u2019\u00e9quipe \u00c9conomique et leadership avis\u00e9 RBC, se sp\u00e9cialisant dans l\u2019analyse et les pr\u00e9visions pour le march\u00e9 de l\u2019habitation canadien et les \u00e9conomies provinciales. Il compte parmi ses publications Tendances immobili\u00e8res et accessibilit\u00e9 \u00e0 la propri\u00e9t\u00e9, Perspectives provinciales et l\u2019analyse des budgets provinciaux. Dans ses fonctions, il est fr\u00e9quemment appel\u00e9 \u00e0 commenter l\u2019\u00e9volution de la conjoncture \u00e9conomique aupr\u00e8s de la direction de RBC, de ses clients et des m\u00e9dias.<\/em><\/em><\/p>\n\n\n\n<hr class=\"wp-block-separator has-text-color has-light-grey-color has-alpha-channel-opacity has-light-grey-background-color has-background is-style-wide wide\" \/>\n<\/div>\n<\/section>\n","protected":false},"excerpt":{"rendered":"","protected":false},"author":318,"featured_media":1381,"comment_status":"closed","ping_status":"closed","sticky":false,"template":"","format":"standard","meta":{"_acf_changed":false,"advgb_blocks_editor_width":"","advgb_blocks_columns_visual_guide":"","footnotes":""},"categories":[71,23,26],"tags":[88,32],"rbc_econ_content_type":[],"class_list":["post-1383","post","type-post","status-publish","format-standard","has-post-thumbnail","hentry","category-analyse-pour-le-canada","category-logement-au-canada","category-rapport-mensuel-sur-le-marche-du-logement","tag-canada","tag-logement"],"acf":[],"yoast_head":"<!-- This site is optimized with the Yoast SEO Premium plugin v27.4 (Yoast SEO v27.4) - https:\/\/yoast.com\/product\/yoast-seo-premium-wordpress\/ -->\n<title>La baisse des prix et le regain de confiance prot\u00e8gent la reprise du march\u00e9 r\u00e9sidentiel canadien en juin - RBC Economique<\/title>\n<meta name=\"robots\" content=\"index, follow, max-snippet:-1, max-image-preview:large, max-video-preview:-1\" \/>\n<link rel=\"canonical\" href=\"https:\/\/www.rbc.com\/fr\/economique\/analyse-pour-le-canada\/logement-au-canada\/rapport-mensuel-sur-le-marche-du-logement\/la-baisse-des-prix-et-le-regain-de-confiance-protegent-la-reprise-du-marche-residentiel-canadien-en-juin\/\" \/>\n<meta property=\"og:locale\" content=\"fr_FR\" \/>\n<meta property=\"og:type\" content=\"article\" \/>\n<meta property=\"og:title\" content=\"La baisse des prix et le regain de confiance prot\u00e8gent la reprise du march\u00e9 r\u00e9sidentiel canadien en juin\" \/>\n<meta property=\"og:url\" content=\"https:\/\/www.rbc.com\/fr\/economique\/analyse-pour-le-canada\/logement-au-canada\/rapport-mensuel-sur-le-marche-du-logement\/la-baisse-des-prix-et-le-regain-de-confiance-protegent-la-reprise-du-marche-residentiel-canadien-en-juin\/\" \/>\n<meta property=\"og:site_name\" content=\"RBC Economique\" \/>\n<meta property=\"article:published_time\" content=\"2025-07-15T20:44:19+00:00\" \/>\n<meta property=\"article:modified_time\" content=\"2026-04-06T21:38:07+00:00\" \/>\n<meta property=\"og:image\" content=\"https:\/\/www.rbc.com\/fr\/economique\/wp-content\/uploads\/sites\/24\/\/2025\/07\/Housing.png?quality=80\" \/>\n\t<meta property=\"og:image:width\" content=\"3067\" \/>\n\t<meta property=\"og:image:height\" content=\"1850\" \/>\n\t<meta property=\"og:image:type\" content=\"image\/png\" \/>\n<meta name=\"author\" content=\"viktoriyapanahova\" \/>\n<meta name=\"twitter:card\" content=\"summary_large_image\" \/>\n<meta name=\"twitter:label1\" content=\"Written by\" \/>\n\t<meta name=\"twitter:data1\" content=\"viktoriyapanahova\" \/>\n\t<meta name=\"twitter:label2\" content=\"Est. reading time\" \/>\n\t<meta name=\"twitter:data2\" content=\"5 minutes\" \/>\n<script type=\"application\/ld+json\" class=\"yoast-schema-graph\">{\"@context\":\"https:\\\/\\\/schema.org\",\"@graph\":[{\"@type\":\"Article\",\"@id\":\"https:\\\/\\\/www.rbc.com\\\/fr\\\/economique\\\/analyse-pour-le-canada\\\/logement-au-canada\\\/rapport-mensuel-sur-le-marche-du-logement\\\/la-baisse-des-prix-et-le-regain-de-confiance-protegent-la-reprise-du-marche-residentiel-canadien-en-juin\\\/#article\",\"isPartOf\":{\"@id\":\"https:\\\/\\\/www.rbc.com\\\/fr\\\/economique\\\/analyse-pour-le-canada\\\/logement-au-canada\\\/rapport-mensuel-sur-le-marche-du-logement\\\/la-baisse-des-prix-et-le-regain-de-confiance-protegent-la-reprise-du-marche-residentiel-canadien-en-juin\\\/\"},\"author\":{\"name\":\"viktoriyapanahova\",\"@id\":\"https:\\\/\\\/www.rbc.com\\\/fr\\\/economique\\\/#\\\/schema\\\/person\\\/109dd1bd3c90e818f8159356d46905ea\"},\"headline\":\"La baisse des prix et le regain de confiance prot\u00e8gent la reprise du march\u00e9 r\u00e9sidentiel canadien en juin\",\"datePublished\":\"2025-07-15T20:44:19+00:00\",\"dateModified\":\"2026-04-06T21:38:07+00:00\",\"mainEntityOfPage\":{\"@id\":\"https:\\\/\\\/www.rbc.com\\\/fr\\\/economique\\\/analyse-pour-le-canada\\\/logement-au-canada\\\/rapport-mensuel-sur-le-marche-du-logement\\\/la-baisse-des-prix-et-le-regain-de-confiance-protegent-la-reprise-du-marche-residentiel-canadien-en-juin\\\/\"},\"wordCount\":797,\"image\":{\"@id\":\"https:\\\/\\\/www.rbc.com\\\/fr\\\/economique\\\/analyse-pour-le-canada\\\/logement-au-canada\\\/rapport-mensuel-sur-le-marche-du-logement\\\/la-baisse-des-prix-et-le-regain-de-confiance-protegent-la-reprise-du-marche-residentiel-canadien-en-juin\\\/#primaryimage\"},\"thumbnailUrl\":\"https:\\\/\\\/www.rbc.com\\\/fr\\\/economique\\\/wp-content\\\/uploads\\\/sites\\\/24\\\/\\\/2025\\\/07\\\/Housing.png?quality=80\",\"keywords\":[\"Canada\",\"Logement\"],\"articleSection\":[\"Analyse pour le Canada\",\"Logement au Canada\",\"Rapport mensuel sur le march\u00e9 du logement\"],\"inLanguage\":\"fr-FR\"},{\"@type\":\"WebPage\",\"@id\":\"https:\\\/\\\/www.rbc.com\\\/fr\\\/economique\\\/analyse-pour-le-canada\\\/logement-au-canada\\\/rapport-mensuel-sur-le-marche-du-logement\\\/la-baisse-des-prix-et-le-regain-de-confiance-protegent-la-reprise-du-marche-residentiel-canadien-en-juin\\\/\",\"url\":\"https:\\\/\\\/www.rbc.com\\\/fr\\\/economique\\\/analyse-pour-le-canada\\\/logement-au-canada\\\/rapport-mensuel-sur-le-marche-du-logement\\\/la-baisse-des-prix-et-le-regain-de-confiance-protegent-la-reprise-du-marche-residentiel-canadien-en-juin\\\/\",\"name\":\"La baisse des prix et le regain de confiance prot\u00e8gent la reprise du march\u00e9 r\u00e9sidentiel canadien en juin - RBC Economique\",\"isPartOf\":{\"@id\":\"https:\\\/\\\/www.rbc.com\\\/fr\\\/economique\\\/#website\"},\"primaryImageOfPage\":{\"@id\":\"https:\\\/\\\/www.rbc.com\\\/fr\\\/economique\\\/analyse-pour-le-canada\\\/logement-au-canada\\\/rapport-mensuel-sur-le-marche-du-logement\\\/la-baisse-des-prix-et-le-regain-de-confiance-protegent-la-reprise-du-marche-residentiel-canadien-en-juin\\\/#primaryimage\"},\"image\":{\"@id\":\"https:\\\/\\\/www.rbc.com\\\/fr\\\/economique\\\/analyse-pour-le-canada\\\/logement-au-canada\\\/rapport-mensuel-sur-le-marche-du-logement\\\/la-baisse-des-prix-et-le-regain-de-confiance-protegent-la-reprise-du-marche-residentiel-canadien-en-juin\\\/#primaryimage\"},\"thumbnailUrl\":\"https:\\\/\\\/www.rbc.com\\\/fr\\\/economique\\\/wp-content\\\/uploads\\\/sites\\\/24\\\/\\\/2025\\\/07\\\/Housing.png?quality=80\",\"datePublished\":\"2025-07-15T20:44:19+00:00\",\"dateModified\":\"2026-04-06T21:38:07+00:00\",\"author\":{\"@id\":\"https:\\\/\\\/www.rbc.com\\\/fr\\\/economique\\\/#\\\/schema\\\/person\\\/109dd1bd3c90e818f8159356d46905ea\"},\"breadcrumb\":{\"@id\":\"https:\\\/\\\/www.rbc.com\\\/fr\\\/economique\\\/analyse-pour-le-canada\\\/logement-au-canada\\\/rapport-mensuel-sur-le-marche-du-logement\\\/la-baisse-des-prix-et-le-regain-de-confiance-protegent-la-reprise-du-marche-residentiel-canadien-en-juin\\\/#breadcrumb\"},\"inLanguage\":\"fr-FR\",\"potentialAction\":[{\"@type\":\"ReadAction\",\"target\":[\"https:\\\/\\\/www.rbc.com\\\/fr\\\/economique\\\/analyse-pour-le-canada\\\/logement-au-canada\\\/rapport-mensuel-sur-le-marche-du-logement\\\/la-baisse-des-prix-et-le-regain-de-confiance-protegent-la-reprise-du-marche-residentiel-canadien-en-juin\\\/\"]}]},{\"@type\":\"ImageObject\",\"inLanguage\":\"fr-FR\",\"@id\":\"https:\\\/\\\/www.rbc.com\\\/fr\\\/economique\\\/analyse-pour-le-canada\\\/logement-au-canada\\\/rapport-mensuel-sur-le-marche-du-logement\\\/la-baisse-des-prix-et-le-regain-de-confiance-protegent-la-reprise-du-marche-residentiel-canadien-en-juin\\\/#primaryimage\",\"url\":\"https:\\\/\\\/www.rbc.com\\\/fr\\\/economique\\\/wp-content\\\/uploads\\\/sites\\\/24\\\/\\\/2025\\\/07\\\/Housing.png?quality=80\",\"contentUrl\":\"https:\\\/\\\/www.rbc.com\\\/fr\\\/economique\\\/wp-content\\\/uploads\\\/sites\\\/24\\\/\\\/2025\\\/07\\\/Housing.png?quality=80\",\"width\":3067,\"height\":1850},{\"@type\":\"BreadcrumbList\",\"@id\":\"https:\\\/\\\/www.rbc.com\\\/fr\\\/economique\\\/analyse-pour-le-canada\\\/logement-au-canada\\\/rapport-mensuel-sur-le-marche-du-logement\\\/la-baisse-des-prix-et-le-regain-de-confiance-protegent-la-reprise-du-marche-residentiel-canadien-en-juin\\\/#breadcrumb\",\"itemListElement\":[{\"@type\":\"ListItem\",\"position\":1,\"name\":\"Home\",\"item\":\"https:\\\/\\\/www.rbc.com\\\/fr\\\/economique\\\/\"},{\"@type\":\"ListItem\",\"position\":2,\"name\":\"La baisse des prix et le regain de confiance prot\u00e8gent la reprise du march\u00e9 r\u00e9sidentiel canadien en juin\"}]},{\"@type\":\"WebSite\",\"@id\":\"https:\\\/\\\/www.rbc.com\\\/fr\\\/economique\\\/#website\",\"url\":\"https:\\\/\\\/www.rbc.com\\\/fr\\\/economique\\\/\",\"name\":\"RBC Economique\",\"description\":\"\",\"potentialAction\":[{\"@type\":\"SearchAction\",\"target\":{\"@type\":\"EntryPoint\",\"urlTemplate\":\"https:\\\/\\\/www.rbc.com\\\/fr\\\/economique\\\/?s={search_term_string}\"},\"query-input\":{\"@type\":\"PropertyValueSpecification\",\"valueRequired\":true,\"valueName\":\"search_term_string\"}}],\"inLanguage\":\"fr-FR\"},{\"@type\":\"Person\",\"@id\":\"https:\\\/\\\/www.rbc.com\\\/fr\\\/economique\\\/#\\\/schema\\\/person\\\/109dd1bd3c90e818f8159356d46905ea\",\"name\":\"viktoriyapanahova\",\"image\":{\"@type\":\"ImageObject\",\"inLanguage\":\"fr-FR\",\"@id\":\"https:\\\/\\\/secure.gravatar.com\\\/avatar\\\/885bcff339d33080f070ec9cbe77fcf3007653305ae17de7827e19af43e61913?s=96&d=mm&r=g\",\"url\":\"https:\\\/\\\/secure.gravatar.com\\\/avatar\\\/885bcff339d33080f070ec9cbe77fcf3007653305ae17de7827e19af43e61913?s=96&d=mm&r=g\",\"contentUrl\":\"https:\\\/\\\/secure.gravatar.com\\\/avatar\\\/885bcff339d33080f070ec9cbe77fcf3007653305ae17de7827e19af43e61913?s=96&d=mm&r=g\",\"caption\":\"viktoriyapanahova\"},\"url\":\"https:\\\/\\\/www.rbc.com\\\/fr\\\/economique\\\/author\\\/viktoriyapanahova\\\/\"}]}<\/script>\n<!-- \/ Yoast SEO Premium plugin. -->","yoast_head_json":{"title":"La baisse des prix et le regain de confiance prot\u00e8gent la reprise du march\u00e9 r\u00e9sidentiel canadien en juin - RBC Economique","robots":{"index":"index","follow":"follow","max-snippet":"max-snippet:-1","max-image-preview":"max-image-preview:large","max-video-preview":"max-video-preview:-1"},"canonical":"https:\/\/www.rbc.com\/fr\/economique\/analyse-pour-le-canada\/logement-au-canada\/rapport-mensuel-sur-le-marche-du-logement\/la-baisse-des-prix-et-le-regain-de-confiance-protegent-la-reprise-du-marche-residentiel-canadien-en-juin\/","og_locale":"fr_FR","og_type":"article","og_title":"La baisse des prix et le regain de confiance prot\u00e8gent la reprise du march\u00e9 r\u00e9sidentiel canadien en juin","og_url":"https:\/\/www.rbc.com\/fr\/economique\/analyse-pour-le-canada\/logement-au-canada\/rapport-mensuel-sur-le-marche-du-logement\/la-baisse-des-prix-et-le-regain-de-confiance-protegent-la-reprise-du-marche-residentiel-canadien-en-juin\/","og_site_name":"RBC Economique","article_published_time":"2025-07-15T20:44:19+00:00","article_modified_time":"2026-04-06T21:38:07+00:00","og_image":[{"width":3067,"height":1850,"url":"https:\/\/www.rbc.com\/fr\/economique\/wp-content\/uploads\/sites\/24\/\/2025\/07\/Housing.png?quality=80","type":"image\/png"}],"author":"viktoriyapanahova","twitter_card":"summary_large_image","twitter_misc":{"Written by":"viktoriyapanahova","Est. reading time":"5 minutes"},"schema":{"@context":"https:\/\/schema.org","@graph":[{"@type":"Article","@id":"https:\/\/www.rbc.com\/fr\/economique\/analyse-pour-le-canada\/logement-au-canada\/rapport-mensuel-sur-le-marche-du-logement\/la-baisse-des-prix-et-le-regain-de-confiance-protegent-la-reprise-du-marche-residentiel-canadien-en-juin\/#article","isPartOf":{"@id":"https:\/\/www.rbc.com\/fr\/economique\/analyse-pour-le-canada\/logement-au-canada\/rapport-mensuel-sur-le-marche-du-logement\/la-baisse-des-prix-et-le-regain-de-confiance-protegent-la-reprise-du-marche-residentiel-canadien-en-juin\/"},"author":{"name":"viktoriyapanahova","@id":"https:\/\/www.rbc.com\/fr\/economique\/#\/schema\/person\/109dd1bd3c90e818f8159356d46905ea"},"headline":"La baisse des prix et le regain de confiance prot\u00e8gent la reprise du march\u00e9 r\u00e9sidentiel canadien en juin","datePublished":"2025-07-15T20:44:19+00:00","dateModified":"2026-04-06T21:38:07+00:00","mainEntityOfPage":{"@id":"https:\/\/www.rbc.com\/fr\/economique\/analyse-pour-le-canada\/logement-au-canada\/rapport-mensuel-sur-le-marche-du-logement\/la-baisse-des-prix-et-le-regain-de-confiance-protegent-la-reprise-du-marche-residentiel-canadien-en-juin\/"},"wordCount":797,"image":{"@id":"https:\/\/www.rbc.com\/fr\/economique\/analyse-pour-le-canada\/logement-au-canada\/rapport-mensuel-sur-le-marche-du-logement\/la-baisse-des-prix-et-le-regain-de-confiance-protegent-la-reprise-du-marche-residentiel-canadien-en-juin\/#primaryimage"},"thumbnailUrl":"https:\/\/www.rbc.com\/fr\/economique\/wp-content\/uploads\/sites\/24\/\/2025\/07\/Housing.png?quality=80","keywords":["Canada","Logement"],"articleSection":["Analyse pour le Canada","Logement au Canada","Rapport mensuel sur le march\u00e9 du logement"],"inLanguage":"fr-FR"},{"@type":"WebPage","@id":"https:\/\/www.rbc.com\/fr\/economique\/analyse-pour-le-canada\/logement-au-canada\/rapport-mensuel-sur-le-marche-du-logement\/la-baisse-des-prix-et-le-regain-de-confiance-protegent-la-reprise-du-marche-residentiel-canadien-en-juin\/","url":"https:\/\/www.rbc.com\/fr\/economique\/analyse-pour-le-canada\/logement-au-canada\/rapport-mensuel-sur-le-marche-du-logement\/la-baisse-des-prix-et-le-regain-de-confiance-protegent-la-reprise-du-marche-residentiel-canadien-en-juin\/","name":"La baisse des prix et le regain de confiance prot\u00e8gent la reprise du march\u00e9 r\u00e9sidentiel canadien en juin - RBC Economique","isPartOf":{"@id":"https:\/\/www.rbc.com\/fr\/economique\/#website"},"primaryImageOfPage":{"@id":"https:\/\/www.rbc.com\/fr\/economique\/analyse-pour-le-canada\/logement-au-canada\/rapport-mensuel-sur-le-marche-du-logement\/la-baisse-des-prix-et-le-regain-de-confiance-protegent-la-reprise-du-marche-residentiel-canadien-en-juin\/#primaryimage"},"image":{"@id":"https:\/\/www.rbc.com\/fr\/economique\/analyse-pour-le-canada\/logement-au-canada\/rapport-mensuel-sur-le-marche-du-logement\/la-baisse-des-prix-et-le-regain-de-confiance-protegent-la-reprise-du-marche-residentiel-canadien-en-juin\/#primaryimage"},"thumbnailUrl":"https:\/\/www.rbc.com\/fr\/economique\/wp-content\/uploads\/sites\/24\/\/2025\/07\/Housing.png?quality=80","datePublished":"2025-07-15T20:44:19+00:00","dateModified":"2026-04-06T21:38:07+00:00","author":{"@id":"https:\/\/www.rbc.com\/fr\/economique\/#\/schema\/person\/109dd1bd3c90e818f8159356d46905ea"},"breadcrumb":{"@id":"https:\/\/www.rbc.com\/fr\/economique\/analyse-pour-le-canada\/logement-au-canada\/rapport-mensuel-sur-le-marche-du-logement\/la-baisse-des-prix-et-le-regain-de-confiance-protegent-la-reprise-du-marche-residentiel-canadien-en-juin\/#breadcrumb"},"inLanguage":"fr-FR","potentialAction":[{"@type":"ReadAction","target":["https:\/\/www.rbc.com\/fr\/economique\/analyse-pour-le-canada\/logement-au-canada\/rapport-mensuel-sur-le-marche-du-logement\/la-baisse-des-prix-et-le-regain-de-confiance-protegent-la-reprise-du-marche-residentiel-canadien-en-juin\/"]}]},{"@type":"ImageObject","inLanguage":"fr-FR","@id":"https:\/\/www.rbc.com\/fr\/economique\/analyse-pour-le-canada\/logement-au-canada\/rapport-mensuel-sur-le-marche-du-logement\/la-baisse-des-prix-et-le-regain-de-confiance-protegent-la-reprise-du-marche-residentiel-canadien-en-juin\/#primaryimage","url":"https:\/\/www.rbc.com\/fr\/economique\/wp-content\/uploads\/sites\/24\/\/2025\/07\/Housing.png?quality=80","contentUrl":"https:\/\/www.rbc.com\/fr\/economique\/wp-content\/uploads\/sites\/24\/\/2025\/07\/Housing.png?quality=80","width":3067,"height":1850},{"@type":"BreadcrumbList","@id":"https:\/\/www.rbc.com\/fr\/economique\/analyse-pour-le-canada\/logement-au-canada\/rapport-mensuel-sur-le-marche-du-logement\/la-baisse-des-prix-et-le-regain-de-confiance-protegent-la-reprise-du-marche-residentiel-canadien-en-juin\/#breadcrumb","itemListElement":[{"@type":"ListItem","position":1,"name":"Home","item":"https:\/\/www.rbc.com\/fr\/economique\/"},{"@type":"ListItem","position":2,"name":"La baisse des prix et le regain de confiance prot\u00e8gent la reprise du march\u00e9 r\u00e9sidentiel canadien en juin"}]},{"@type":"WebSite","@id":"https:\/\/www.rbc.com\/fr\/economique\/#website","url":"https:\/\/www.rbc.com\/fr\/economique\/","name":"RBC Economique","description":"","potentialAction":[{"@type":"SearchAction","target":{"@type":"EntryPoint","urlTemplate":"https:\/\/www.rbc.com\/fr\/economique\/?s={search_term_string}"},"query-input":{"@type":"PropertyValueSpecification","valueRequired":true,"valueName":"search_term_string"}}],"inLanguage":"fr-FR"},{"@type":"Person","@id":"https:\/\/www.rbc.com\/fr\/economique\/#\/schema\/person\/109dd1bd3c90e818f8159356d46905ea","name":"viktoriyapanahova","image":{"@type":"ImageObject","inLanguage":"fr-FR","@id":"https:\/\/secure.gravatar.com\/avatar\/885bcff339d33080f070ec9cbe77fcf3007653305ae17de7827e19af43e61913?s=96&d=mm&r=g","url":"https:\/\/secure.gravatar.com\/avatar\/885bcff339d33080f070ec9cbe77fcf3007653305ae17de7827e19af43e61913?s=96&d=mm&r=g","contentUrl":"https:\/\/secure.gravatar.com\/avatar\/885bcff339d33080f070ec9cbe77fcf3007653305ae17de7827e19af43e61913?s=96&d=mm&r=g","caption":"viktoriyapanahova"},"url":"https:\/\/www.rbc.com\/fr\/economique\/author\/viktoriyapanahova\/"}]}},"author_meta":{"display_name":"viktoriyapanahova","author_link":"https:\/\/www.rbc.com\/fr\/economique\/author\/viktoriyapanahova\/"},"featured_img":"https:\/\/www.rbc.com\/fr\/economique\/wp-content\/uploads\/sites\/24\/\/2025\/07\/Housing.png?quality=80&w=300","jetpack_featured_media_url":"https:\/\/www.rbc.com\/fr\/economique\/wp-content\/uploads\/sites\/24\/\/2025\/07\/Housing.png?quality=80","coauthors":[],"tax_additional":{"categories":{"linked":["<a href=\"https:\/\/www.rbc.com\/fr\/economique\/category\/analyse-pour-le-canada\/\" class=\"advgb-post-tax-term\">Analyse pour le Canada<\/a>","<a href=\"https:\/\/www.rbc.com\/fr\/economique\/category\/analyse-pour-le-canada\/logement-au-canada\/\" class=\"advgb-post-tax-term\">Logement au Canada<\/a>","<a href=\"https:\/\/www.rbc.com\/fr\/economique\/category\/analyse-pour-le-canada\/logement-au-canada\/rapport-mensuel-sur-le-marche-du-logement\/\" class=\"advgb-post-tax-term\">Rapport mensuel sur le march\u00e9 du logement<\/a>"],"unlinked":["<span class=\"advgb-post-tax-term\">Analyse pour le Canada<\/span>","<span class=\"advgb-post-tax-term\">Logement au Canada<\/span>","<span class=\"advgb-post-tax-term\">Rapport mensuel sur le march\u00e9 du logement<\/span>"]},"tags":{"linked":["<a href=\"https:\/\/www.rbc.com\/fr\/economique\/category\/analyse-pour-le-canada\/logement-au-canada\/rapport-mensuel-sur-le-marche-du-logement\/\" class=\"advgb-post-tax-term\">Canada<\/a>","<a href=\"https:\/\/www.rbc.com\/fr\/economique\/category\/analyse-pour-le-canada\/logement-au-canada\/rapport-mensuel-sur-le-marche-du-logement\/\" class=\"advgb-post-tax-term\">Logement<\/a>"],"unlinked":["<span class=\"advgb-post-tax-term\">Canada<\/span>","<span class=\"advgb-post-tax-term\">Logement<\/span>"]}},"comment_count":"0","relative_dates":{"created":"Publi\u00e9 10 mois il y a","modified":"Mis \u00e0 jour 3 semaines il y a"},"absolute_dates":{"created":"Publi\u00e9 le 15 juillet 2025","modified":"Mise \u00e0 jour le 6 avril 2026"},"absolute_dates_time":{"created":"Publi\u00e9 le 15 juillet 2025 8:44  ","modified":"Mise \u00e0 jour le 6 avril 2026 9:38  "},"featured_img_caption":"","series_order":"","_links":{"self":[{"href":"https:\/\/www.rbc.com\/fr\/economique\/wp-json\/wp\/v2\/posts\/1383","targetHints":{"allow":["GET"]}}],"collection":[{"href":"https:\/\/www.rbc.com\/fr\/economique\/wp-json\/wp\/v2\/posts"}],"about":[{"href":"https:\/\/www.rbc.com\/fr\/economique\/wp-json\/wp\/v2\/types\/post"}],"author":[{"embeddable":true,"href":"https:\/\/www.rbc.com\/fr\/economique\/wp-json\/wp\/v2\/users\/318"}],"replies":[{"embeddable":true,"href":"https:\/\/www.rbc.com\/fr\/economique\/wp-json\/wp\/v2\/comments?post=1383"}],"version-history":[{"count":2,"href":"https:\/\/www.rbc.com\/fr\/economique\/wp-json\/wp\/v2\/posts\/1383\/revisions"}],"predecessor-version":[{"id":4467,"href":"https:\/\/www.rbc.com\/fr\/economique\/wp-json\/wp\/v2\/posts\/1383\/revisions\/4467"}],"wp:featuredmedia":[{"embeddable":true,"href":"https:\/\/www.rbc.com\/fr\/economique\/wp-json\/wp\/v2\/media\/1381"}],"wp:attachment":[{"href":"https:\/\/www.rbc.com\/fr\/economique\/wp-json\/wp\/v2\/media?parent=1383"}],"wp:term":[{"taxonomy":"category","embeddable":true,"href":"https:\/\/www.rbc.com\/fr\/economique\/wp-json\/wp\/v2\/categories?post=1383"},{"taxonomy":"post_tag","embeddable":true,"href":"https:\/\/www.rbc.com\/fr\/economique\/wp-json\/wp\/v2\/tags?post=1383"},{"taxonomy":"rbc_econ_content_type","embeddable":true,"href":"https:\/\/www.rbc.com\/fr\/economique\/wp-json\/wp\/v2\/rbc_econ_content_type?post=1383"}],"curies":[{"name":"wp","href":"https:\/\/api.w.org\/{rel}","templated":true}]}}