{"id":1309,"date":"2024-09-06T12:42:40","date_gmt":"2024-09-06T12:42:40","guid":{"rendered":"https:\/\/www.rbc.com\/fr\/economique\/2024\/09\/06\/les-baisses-de-taux-nont-pas-encore-reussi-a-relancer-les-marches-du-logement-du-canada\/"},"modified":"2025-05-27T12:43:30","modified_gmt":"2025-05-27T12:43:30","slug":"les-baisses-de-taux-nont-pas-encore-reussi-a-relancer-les-marches-du-logement-du-canada","status":"publish","type":"post","link":"https:\/\/www.rbc.com\/fr\/economique\/analyse-pour-le-canada\/logement-au-canada\/etat-des-marches-immobiliers-locaux\/les-baisses-de-taux-nont-pas-encore-reussi-a-relancer-les-marches-du-logement-du-canada\/","title":{"rendered":"Les baisses de taux n\u2019ont pas encore r\u00e9ussi \u00e0 relancer les march\u00e9s du logement du Canada"},"content":{"rendered":"\n<p>Les baisses de taux op\u00e9r\u00e9es par la Banque du Canada n\u2019ont pas encore permis aux march\u00e9s du logement du Canada de se relever. Jusqu\u2019\u00e0 pr\u00e9sent, les march\u00e9s n\u2019ont pas vraiment r\u00e9agi \u00e0 ces baisses. Les premi\u00e8res donn\u00e9es sur les ventes de logements en ao\u00fbt n\u2019indiquent que de faibles augmentations par rapport \u00e0 juillet dans la plupart des march\u00e9s, y compris Vancouver, Calgary, Edmonton, Toronto et Montr\u00e9al. Ces donn\u00e9es font suite \u00e0 des r\u00e9sultats mitig\u00e9s en juin et en juillet. De toute \u00e9vidence, les baisses de taux devront \u00eatre plus importantes pour stimuler la demande de fa\u00e7on significative, car les co\u00fbts d\u2019acc\u00e8s \u00e0 la propri\u00e9t\u00e9 restent \u00e9lev\u00e9s pour les acheteurs et l\u2019accessibilit\u00e9 financi\u00e8re est faible.<\/p>\n\n\n\n<p>La tendance la plus marqu\u00e9e cette ann\u00e9e a \u00e9t\u00e9 l\u2019augmentation du nombre de logements mis en vente. Dans certains cas, comme \u00e0 Toronto, cette hausse s\u2019explique par l\u2019ach\u00e8vement de la construction de nombreux logements&nbsp;(principalement des immeubles en copropri\u00e9t\u00e9) dont les propri\u00e9taires&nbsp;(principalement des investisseurs) cherchent \u00e0 se d\u00e9barrasser. Dans d\u2019autres cas, il se peut que les vendeurs tablent sur des prix plus bas dans l\u2019espoir de susciter l\u2019int\u00e9r\u00eat des acheteurs et de conclure des ventes. Cette augmentation peut aussi d\u00e9noter une situation o\u00f9 les propri\u00e9taires sont en difficult\u00e9 en raison des taux \u00e9lev\u00e9s.<\/p>\n\n\n\n<p>De mani\u00e8re g\u00e9n\u00e9rale, les conditions de l\u2019offre et de la demande s\u2019assouplissent et basculent maintenant en faveur des acheteurs \u00e0 Toronto&nbsp;(surtout dans le segment des immeubles en copropri\u00e9t\u00e9). La plupart des autres march\u00e9s sont encore \u00e0 l\u2019\u00e9quilibre ou l\u00e9g\u00e8rement tendus, ce qui soutient fortement les prix.<\/p>\n\n\n\n<p>Cependant, \u00e0 ce stade, ce soutien maintient la valeur des biens. L\u2019indice MLS des prix des propri\u00e9t\u00e9s dans la plupart des march\u00e9s est demeur\u00e9 essentiellement stable depuis le printemps, avec tr\u00e8s peu de changement en ao\u00fbt. Nous sommes d\u2019avis que cette tendance va se maintenir jusqu\u2019\u00e0 ce que des baisses de taux plus marqu\u00e9es stimulent davantage la demande.<\/p>\n\n\n\n<div id=\"everviz-KPIOd1cjL\" class=\"everviz-KPIOd1cjL\" data-view=\"graph\"><\/div>\n\n\n\n<h3 class=\"wp-block-heading\" id=\"h-region-de-toronto-le-marche-est-stable\">R\u00e9gion de Toronto&nbsp;: le march\u00e9 est stable<\/h3>\n\n\n\n<p>Les acheteurs potentiels restent prudents, et attendent toujours de meilleurs prix ou de meilleurs taux d\u2019int\u00e9r\u00eat&nbsp;(ou les deux). La forte hausse des mises en vente cette ann\u00e9e a certes permis de pallier les graves p\u00e9nuries de logements, mais n\u2019a pour l\u2019instant pas r\u00e9ussi \u00e0 d\u00e9bloquer le march\u00e9. Les reventes de logements ont \u00e0 peine progress\u00e9 entre juillet et ao\u00fbt, enregistrant une hausse de seulement&nbsp;0,6&nbsp;% sur une base d\u00e9saisonnalis\u00e9e, restant ainsi 32&nbsp;% en de\u00e7\u00e0 des niveaux d\u2019avant la pand\u00e9mie. De plus, les prix des logements sont demeur\u00e9s inchang\u00e9s entre les deux mois, se maintenant \u00e0 un montant consid\u00e9rable de 1,09&nbsp;million de dollars selon l\u2019indice de r\u00e9f\u00e9rence MLS des prix des propri\u00e9t\u00e9s. Ces prix restent tr\u00e8s \u00e9lev\u00e9s et l\u2019accessibilit\u00e9 financi\u00e8re demeure la principale difficult\u00e9 que rencontrent les acheteurs. M\u00eame les cat\u00e9gories de logements relativement moins ch\u00e8res comme les appartements en copropri\u00e9t\u00e9&nbsp;(dont le prix moyen avoisine les 668&nbsp;000&nbsp;$ dans la r\u00e9gion) sont inaccessibles pour beaucoup. Le march\u00e9 se trouve donc dans une impasse. Les vendeurs restent fermes sur leurs prix et les acheteurs ne sont pas press\u00e9s de faire une offre de prix&nbsp;(ou ne peuvent pas le faire). Cependant, les vendeurs pourraient devenir plus enclins \u00e0 faire des concessions, car l\u2019\u00e9quilibre entre l\u2019offre et la demande favorise maintenant fortement les acheteurs, surtout dans le segment des appartements en copropri\u00e9t\u00e9. L\u2019ach\u00e8vement, cette ann\u00e9e, d\u2019un certain nombre de nouveaux appartements en copropri\u00e9t\u00e9 et la hausse concomitante du nombre d\u2019appartements disponibles pourraient faire baisser quelque peu les prix \u00e0 court terme. Nous nous attendons \u00e0 ce que les ventes s\u2019acc\u00e9l\u00e8rent progressivement au cours de la p\u00e9riode \u00e0 venir, \u00e0 mesure que les taux d\u2019int\u00e9r\u00eat continuent de baisser.<\/p>\n\n\n\n<div id=\"everviz-WyhLgRJN2\" class=\"everviz-WyhLgRJN2\" data-view=\"graph\"><\/div>\n\n\n\n<h3 class=\"wp-block-heading\" id=\"h-region-de-montreal-le-chemin-a-parcourir-est-encore-long-mais-la-reprise-progresse\">R\u00e9gion de Montr\u00e9al&nbsp;: le chemin \u00e0 parcourir est encore long, mais la reprise progresse<\/h3>\n\n\n\n<p>Le march\u00e9 a poursuivi sa lente reprise en ao\u00fbt. Nous estimons que les reventes de logements ont progress\u00e9 de plus de&nbsp;2&nbsp;% par rapport \u00e0 juillet, et la valeur des propri\u00e9t\u00e9s demeure en hausse. Le mois dernier, le prix m\u00e9dian des maisons individuelles \u00e9tait en hausse de&nbsp;5,2&nbsp;% par rapport \u00e0 l\u2019ann\u00e9e derni\u00e8re et celui des appartements en copropri\u00e9t\u00e9 en hausse de&nbsp;3,6&nbsp;%, ces deux \u00e9volutions repr\u00e9sentant une l\u00e9g\u00e8re baisse par rapport \u00e0 juillet. Le chemin de cette reprise reste toutefois encore tr\u00e8s long. Le nombre d\u2019op\u00e9rations en ao\u00fbt \u00e9tait encore inf\u00e9rieur de&nbsp;15&nbsp;% au volume enregistr\u00e9 juste avant la pand\u00e9mie. Nous nous attendons \u00e0 ce que les r\u00e9centes tendances \u00e0 la hausse se maintiennent \u00e0 court terme, \u00e0 mesure que la Banque du Canada continue d\u2019abaisser les taux et tant que l\u2019\u00e9quilibre&nbsp;(quoique l\u00e9g\u00e8rement tendu) des conditions de l\u2019offre et de la demande est pr\u00e9serv\u00e9. Le nombre de logements disponibles augmente progressivement dans toute la r\u00e9gion, mais demeure historiquement faible, ce qui laisse entrevoir une nouvelle appr\u00e9ciation&nbsp;(mod\u00e9r\u00e9e) des prix au cours des prochains mois.<\/p>\n\n\n\n<div id=\"everviz-T_dTX8H21\" class=\"everviz-T_dTX8H21\" data-view=\"graph\"><\/div>\n\n\n\n<h3 class=\"wp-block-heading\" id=\"h-region-de-vancouver-coincee-au-ralenti\">R\u00e9gion de Vancouver&nbsp;: coinc\u00e9e au ralenti<\/h3>\n\n\n\n<p>L\u2019activit\u00e9 n\u2019a pas encore repris de fa\u00e7on marqu\u00e9e depuis le creux cyclique. Nous estimons que les reventes de logements ont fl\u00e9chi de&nbsp;4&nbsp;% entre juillet et ao\u00fbt&nbsp;(donn\u00e9es d\u00e9saisonnalis\u00e9es), ce qui prolonge la succession de fluctuations mensuelles \u00e0 la hausse et \u00e0 la baisse de cette ann\u00e9e qui ont ralenti le rythme de la reprise. Cependant, les logements disponibles et les vendeurs sont maintenant plus nombreux sur le march\u00e9. Cette situation laisse le temps aux acheteurs de prendre des d\u00e9cisions et fait pencher le pouvoir de fixation des prix en leur faveur. Jusqu\u2019\u00e0 maintenant, cela a permis de stabiliser les prix. L\u2019indice de r\u00e9f\u00e9rence composite MLS des prix des propri\u00e9t\u00e9s de la r\u00e9gion&nbsp;(1,20&nbsp;million de dollars en ao\u00fbt) n\u2019a pas beaucoup chang\u00e9 au cours des huit premiers mois de cette ann\u00e9e. Il est maintenant l\u00e9g\u00e8rement en baisse, de 0,9&nbsp;%, par rapport \u00e0 l\u2019ann\u00e9e derni\u00e8re. En fait, nous entrevoyons une pression \u00e0 la baisse qui pourrait s\u2019accentuer au cours de la p\u00e9riode \u00e0 venir. L\u2019accessibilit\u00e9 financi\u00e8re demeure l\u2019une des pires jamais vues au Canada, et il ne fait aucun doute que les acheteurs voudront profiter de leur avantage strat\u00e9gique dans les n\u00e9gociations. Une baisse importante des taux finira par att\u00e9nuer les tensions, mais il faudra probablement attendre plusieurs mois pour le voir.<\/p>\n\n\n\n<div id=\"everviz-DLfsBTxTj\" class=\"everviz-DLfsBTxTj\" data-view=\"graph\"><\/div>\n\n\n\n<h3 class=\"wp-block-heading\" id=\"h-calgary-l-augmentation-du-nombre-de-vendeurs-permet-de-reequilibrer-un-marche-tres-tendu\">Calgary&nbsp;: l\u2019augmentation du nombre de vendeurs permet de r\u00e9\u00e9quilibrer un march\u00e9 tr\u00e8s tendu<\/h3>\n\n\n\n<p>En ao\u00fbt, les nouvelles mises en vente ont fortement augment\u00e9&nbsp;(+13&nbsp;% sur 12&nbsp;mois). Cette hausse est conforme aux tendances observ\u00e9es dans les autres march\u00e9s cette ann\u00e9e, car les vendeurs sont sortis de l\u2019ombre; bon nombre d\u2019entre eux s\u2019\u00e9taient en effet retir\u00e9s du march\u00e9 lorsque la Banque du Canada augmentait \u00e9nergiquement les taux d\u2019int\u00e9r\u00eat. Si elle se maintient, cette augmentation du nombre de nouvelles mises en vente contribuera \u00e0 r\u00e9\u00e9quilibrer le march\u00e9, qui est extr\u00eamement tendu depuis quelque temps. Cela att\u00e9nuerait la pression intense \u00e0 la hausse qui a entra\u00een\u00e9 une augmentation consid\u00e9rable des prix au cours des quatre derni\u00e8res ann\u00e9es&nbsp;(avec seulement un bref r\u00e9pit au deuxi\u00e8me semestre de&nbsp;2022). Une l\u00e9g\u00e8re baisse des prix est d\u2019ailleurs d\u00e9j\u00e0 perceptible. Le taux annuel d\u2019augmentation de l\u2019indice compos\u00e9&nbsp;MLS des prix des propri\u00e9t\u00e9s est en baisse depuis mars et a atteint&nbsp;6,3&nbsp;% en&nbsp;ao\u00fbt. Nous pensons que ce ralentissement pourrait s\u2019accentuer \u00e0 mesure que le march\u00e9 se r\u00e9\u00e9quilibrera, mais le faible nombre de logements disponibles est susceptible de maintenir l\u2019augmentation \u00e0 un bon niveau. L\u2019activit\u00e9 de revente demeure relativement stable depuis le printemps. Nous estimons qu\u2019elle a augment\u00e9 de&nbsp;1,5&nbsp;% entre juillet et ao\u00fbt&nbsp;(taux d\u00e9saisonnalis\u00e9). Calgary est l\u2019un des rares march\u00e9s du Canada o\u00f9 le volume de reventes est largement sup\u00e9rieur aux niveaux d\u2019avant la pand\u00e9mie. Nous nous attendons \u00e0 ce que cette activit\u00e9 historiquement forte se maintienne face \u00e0 l\u2019explosion de la demande de logements, aliment\u00e9e par une tr\u00e8s forte croissance d\u00e9mographique.<\/p>\n\n\n\n<div id=\"everviz-Wg6aOyzR0\" class=\"everviz-Wg6aOyzR0\" data-view=\"graph\"><\/div>\n\n\n\n<div class=\"wp-block-group mar-b mob-mar-b has-border-color is-nowrap is-layout-flex wp-container-core-group-is-layout-6c531013 wp-block-group-is-layout-flex\" style=\"border-color:#c4c8cc;border-width:1px\">\n<figure class=\"wp-block-image size-full is-resized mar-r mob-mar-r\"><img decoding=\"async\" src=\"https:\/\/www.rbc.com\/fr\/economique\/wp-content\/uploads\/sites\/24\/2025\/04\/Download-PDF-button-02-2c.webp\" alt=\"\" class=\"wp-image-6396\" style=\"aspect-ratio:1.580110497237569;width:366px;height:auto\" \/><\/figure>\n\n\n\n<div class=\"wp-block-group is-vertical is-layout-flex wp-container-core-group-is-layout-fe9cc265 wp-block-group-is-layout-flex\">\n<h4 class=\"wp-block-heading mar-b-hlf mob-mar-b-hlf\" id=\"h-voir-le-fichier-pdf-avec-les-graphiques-complets\">Voir le fichier PDF avec les graphiques complets<\/h4>\n\n\n\n<div class=\"wp-block-buttons is-layout-flex wp-block-buttons-is-layout-flex\"><div>\n<div class=\"wp-block-button btn before is-style-tertiary tertiary\"><a class=\"wp-block-button__link wp-element-button\" href=\"https:\/\/www.rbc.com\/fr\/economique\/wp-content\/uploads\/sites\/5\/2025\/03\/housing_report_sep6.pdf\" data-dig-id=\"LP-6394-0bc85564\" data-dig-category=\"LP\" data-dig-action=\"button click\" data-dig-label=\"T\u00e9l\u00e9charger-https:\/\/www.rbc.com\/fr\/economique\/wp-content\/uploads\/sites\/5\/2025\/03\/housing_report_sep6.pdf \">T\u00e9l\u00e9charger<\/a><\/div>\n<\/div><\/div>\n<\/div>\n<\/div>\n\n\n\n<hr class=\"wp-block-separator has-alpha-channel-opacity\" \/>\n","protected":false},"excerpt":{"rendered":"<p>Les baisses de taux op\u00e9r\u00e9es par la Banque du Canada n\u2019ont pas encore permis aux march\u00e9s du logement du Canada de se relever. Jusqu\u2019\u00e0 pr\u00e9sent, les march\u00e9s n\u2019ont pas vraiment r\u00e9agi \u00e0 ces baisses. Les premi\u00e8res donn\u00e9es sur les ventes de logements en ao\u00fbt n\u2019indiquent que de faibles augmentations par rapport \u00e0 juillet dans la [&hellip;]<\/p>\n","protected":false},"author":135,"featured_media":1307,"comment_status":"closed","ping_status":"closed","sticky":false,"template":"","format":"standard","meta":{"_acf_changed":false,"advgb_blocks_editor_width":"","advgb_blocks_columns_visual_guide":"","footnotes":""},"categories":[71,75,23],"tags":[14,32],"rbc_econ_content_type":[],"class_list":["post-1309","post","type-post","status-publish","format-standard","has-post-thumbnail","hentry","category-analyse-pour-le-canada","category-etat-des-marches-immobiliers-locaux","category-logement-au-canada","tag-economie","tag-logement"],"acf":[],"yoast_head":"<!-- This site is optimized with the Yoast SEO Premium plugin v27.2 (Yoast SEO v27.2) - https:\/\/yoast.com\/product\/yoast-seo-premium-wordpress\/ -->\n<title>Les baisses de taux n\u2019ont pas encore r\u00e9ussi \u00e0 relancer les march\u00e9s du logement du Canada - RBC Economique<\/title>\n<meta name=\"robots\" content=\"index, follow, max-snippet:-1, max-image-preview:large, max-video-preview:-1\" \/>\n<link rel=\"canonical\" href=\"https:\/\/www.rbc.com\/fr\/economique\/analyse-pour-le-canada\/logement-au-canada\/etat-des-marches-immobiliers-locaux\/les-baisses-de-taux-nont-pas-encore-reussi-a-relancer-les-marches-du-logement-du-canada\/\" \/>\n<meta property=\"og:locale\" content=\"fr_FR\" \/>\n<meta property=\"og:type\" content=\"article\" \/>\n<meta property=\"og:title\" content=\"Les baisses de taux n\u2019ont pas encore r\u00e9ussi \u00e0 relancer les march\u00e9s du logement du Canada\" \/>\n<meta property=\"og:description\" content=\"Les baisses de taux op\u00e9r\u00e9es par la Banque du Canada n\u2019ont pas encore permis aux march\u00e9s du logement du Canada de se relever. Jusqu\u2019\u00e0 pr\u00e9sent, les march\u00e9s n\u2019ont pas vraiment r\u00e9agi \u00e0 ces baisses. Les premi\u00e8res donn\u00e9es sur les ventes de logements en ao\u00fbt n\u2019indiquent que de faibles augmentations par rapport \u00e0 juillet dans la [&hellip;]\" \/>\n<meta property=\"og:url\" content=\"https:\/\/www.rbc.com\/fr\/economique\/analyse-pour-le-canada\/logement-au-canada\/etat-des-marches-immobiliers-locaux\/les-baisses-de-taux-nont-pas-encore-reussi-a-relancer-les-marches-du-logement-du-canada\/\" \/>\n<meta property=\"og:site_name\" content=\"RBC Economique\" \/>\n<meta property=\"article:published_time\" content=\"2024-09-06T12:42:40+00:00\" \/>\n<meta property=\"article:modified_time\" content=\"2025-05-27T12:43:30+00:00\" \/>\n<meta property=\"og:image\" content=\"https:\/\/www.rbc.com\/fr\/economique\/wp-content\/uploads\/sites\/24\/\/2025\/04\/Housing-blog-image-June-7_Banner-wide-scaled-1-1.webp?quality=80\" \/>\n\t<meta property=\"og:image:width\" content=\"2048\" \/>\n\t<meta property=\"og:image:height\" content=\"988\" \/>\n\t<meta property=\"og:image:type\" content=\"image\/webp\" \/>\n<meta name=\"author\" content=\"aborges\" \/>\n<meta name=\"twitter:card\" content=\"summary_large_image\" \/>\n<meta name=\"twitter:label1\" content=\"Written by\" \/>\n\t<meta name=\"twitter:data1\" content=\"aborges\" \/>\n\t<meta name=\"twitter:label2\" content=\"Est. reading time\" \/>\n\t<meta name=\"twitter:data2\" content=\"7 minutes\" \/>\n<script type=\"application\/ld+json\" class=\"yoast-schema-graph\">{\"@context\":\"https:\/\/schema.org\",\"@graph\":[{\"@type\":\"Article\",\"@id\":\"https:\/\/www.rbc.com\/fr\/economique\/analyse-pour-le-canada\/logement-au-canada\/etat-des-marches-immobiliers-locaux\/les-baisses-de-taux-nont-pas-encore-reussi-a-relancer-les-marches-du-logement-du-canada\/#article\",\"isPartOf\":{\"@id\":\"https:\/\/www.rbc.com\/fr\/economique\/analyse-pour-le-canada\/logement-au-canada\/etat-des-marches-immobiliers-locaux\/les-baisses-de-taux-nont-pas-encore-reussi-a-relancer-les-marches-du-logement-du-canada\/\"},\"author\":{\"name\":\"aborges\",\"@id\":\"https:\/\/www.rbc.com\/fr\/economique\/#\/schema\/person\/28886a806671993f43e2bff8e24d07a5\"},\"headline\":\"Les baisses de taux n\u2019ont pas encore r\u00e9ussi \u00e0 relancer les march\u00e9s du logement du Canada\",\"datePublished\":\"2024-09-06T12:42:40+00:00\",\"dateModified\":\"2025-05-27T12:43:30+00:00\",\"mainEntityOfPage\":{\"@id\":\"https:\/\/www.rbc.com\/fr\/economique\/analyse-pour-le-canada\/logement-au-canada\/etat-des-marches-immobiliers-locaux\/les-baisses-de-taux-nont-pas-encore-reussi-a-relancer-les-marches-du-logement-du-canada\/\"},\"wordCount\":1503,\"image\":{\"@id\":\"https:\/\/www.rbc.com\/fr\/economique\/analyse-pour-le-canada\/logement-au-canada\/etat-des-marches-immobiliers-locaux\/les-baisses-de-taux-nont-pas-encore-reussi-a-relancer-les-marches-du-logement-du-canada\/#primaryimage\"},\"thumbnailUrl\":\"https:\/\/www.rbc.com\/fr\/economique\/wp-content\/uploads\/sites\/24\/\/2025\/04\/Housing-blog-image-June-7_Banner-wide-scaled-1-1.webp?quality=80\",\"keywords\":[\"\u00c9conomie\",\"Logement\"],\"articleSection\":[\"Analyse pour le Canada\",\"\u00c9tat des march\u00e9s immobiliers locaux\",\"Logement au Canada\"],\"inLanguage\":\"fr-FR\"},{\"@type\":\"WebPage\",\"@id\":\"https:\/\/www.rbc.com\/fr\/economique\/analyse-pour-le-canada\/logement-au-canada\/etat-des-marches-immobiliers-locaux\/les-baisses-de-taux-nont-pas-encore-reussi-a-relancer-les-marches-du-logement-du-canada\/\",\"url\":\"https:\/\/www.rbc.com\/fr\/economique\/analyse-pour-le-canada\/logement-au-canada\/etat-des-marches-immobiliers-locaux\/les-baisses-de-taux-nont-pas-encore-reussi-a-relancer-les-marches-du-logement-du-canada\/\",\"name\":\"Les baisses de taux n\u2019ont pas encore r\u00e9ussi \u00e0 relancer les march\u00e9s du logement du Canada - RBC Economique\",\"isPartOf\":{\"@id\":\"https:\/\/www.rbc.com\/fr\/economique\/#website\"},\"primaryImageOfPage\":{\"@id\":\"https:\/\/www.rbc.com\/fr\/economique\/analyse-pour-le-canada\/logement-au-canada\/etat-des-marches-immobiliers-locaux\/les-baisses-de-taux-nont-pas-encore-reussi-a-relancer-les-marches-du-logement-du-canada\/#primaryimage\"},\"image\":{\"@id\":\"https:\/\/www.rbc.com\/fr\/economique\/analyse-pour-le-canada\/logement-au-canada\/etat-des-marches-immobiliers-locaux\/les-baisses-de-taux-nont-pas-encore-reussi-a-relancer-les-marches-du-logement-du-canada\/#primaryimage\"},\"thumbnailUrl\":\"https:\/\/www.rbc.com\/fr\/economique\/wp-content\/uploads\/sites\/24\/\/2025\/04\/Housing-blog-image-June-7_Banner-wide-scaled-1-1.webp?quality=80\",\"datePublished\":\"2024-09-06T12:42:40+00:00\",\"dateModified\":\"2025-05-27T12:43:30+00:00\",\"author\":{\"@id\":\"https:\/\/www.rbc.com\/fr\/economique\/#\/schema\/person\/28886a806671993f43e2bff8e24d07a5\"},\"breadcrumb\":{\"@id\":\"https:\/\/www.rbc.com\/fr\/economique\/analyse-pour-le-canada\/logement-au-canada\/etat-des-marches-immobiliers-locaux\/les-baisses-de-taux-nont-pas-encore-reussi-a-relancer-les-marches-du-logement-du-canada\/#breadcrumb\"},\"inLanguage\":\"fr-FR\",\"potentialAction\":[{\"@type\":\"ReadAction\",\"target\":[\"https:\/\/www.rbc.com\/fr\/economique\/analyse-pour-le-canada\/logement-au-canada\/etat-des-marches-immobiliers-locaux\/les-baisses-de-taux-nont-pas-encore-reussi-a-relancer-les-marches-du-logement-du-canada\/\"]}]},{\"@type\":\"ImageObject\",\"inLanguage\":\"fr-FR\",\"@id\":\"https:\/\/www.rbc.com\/fr\/economique\/analyse-pour-le-canada\/logement-au-canada\/etat-des-marches-immobiliers-locaux\/les-baisses-de-taux-nont-pas-encore-reussi-a-relancer-les-marches-du-logement-du-canada\/#primaryimage\",\"url\":\"https:\/\/www.rbc.com\/fr\/economique\/wp-content\/uploads\/sites\/24\/\/2025\/04\/Housing-blog-image-June-7_Banner-wide-scaled-1-1.webp?quality=80\",\"contentUrl\":\"https:\/\/www.rbc.com\/fr\/economique\/wp-content\/uploads\/sites\/24\/\/2025\/04\/Housing-blog-image-June-7_Banner-wide-scaled-1-1.webp?quality=80\",\"width\":2048,\"height\":988},{\"@type\":\"BreadcrumbList\",\"@id\":\"https:\/\/www.rbc.com\/fr\/economique\/analyse-pour-le-canada\/logement-au-canada\/etat-des-marches-immobiliers-locaux\/les-baisses-de-taux-nont-pas-encore-reussi-a-relancer-les-marches-du-logement-du-canada\/#breadcrumb\",\"itemListElement\":[{\"@type\":\"ListItem\",\"position\":1,\"name\":\"Home\",\"item\":\"https:\/\/www.rbc.com\/fr\/economique\/\"},{\"@type\":\"ListItem\",\"position\":2,\"name\":\"Les baisses de taux n\u2019ont pas encore r\u00e9ussi \u00e0 relancer les march\u00e9s du logement du Canada\"}]},{\"@type\":\"WebSite\",\"@id\":\"https:\/\/www.rbc.com\/fr\/economique\/#website\",\"url\":\"https:\/\/www.rbc.com\/fr\/economique\/\",\"name\":\"RBC Economique\",\"description\":\"\",\"potentialAction\":[{\"@type\":\"SearchAction\",\"target\":{\"@type\":\"EntryPoint\",\"urlTemplate\":\"https:\/\/www.rbc.com\/fr\/economique\/?s={search_term_string}\"},\"query-input\":{\"@type\":\"PropertyValueSpecification\",\"valueRequired\":true,\"valueName\":\"search_term_string\"}}],\"inLanguage\":\"fr-FR\"},{\"@type\":\"Person\",\"@id\":\"https:\/\/www.rbc.com\/fr\/economique\/#\/schema\/person\/28886a806671993f43e2bff8e24d07a5\",\"name\":\"aborges\",\"image\":{\"@type\":\"ImageObject\",\"inLanguage\":\"fr-FR\",\"@id\":\"https:\/\/secure.gravatar.com\/avatar\/9d25ae56a5fe286ea166399d25f675f05ba6a656fce0488b811ec6c5b18ede3a?s=96&d=mm&r=g\",\"url\":\"https:\/\/secure.gravatar.com\/avatar\/9d25ae56a5fe286ea166399d25f675f05ba6a656fce0488b811ec6c5b18ede3a?s=96&d=mm&r=g\",\"contentUrl\":\"https:\/\/secure.gravatar.com\/avatar\/9d25ae56a5fe286ea166399d25f675f05ba6a656fce0488b811ec6c5b18ede3a?s=96&d=mm&r=g\",\"caption\":\"aborges\"},\"url\":\"https:\/\/www.rbc.com\/fr\/economique\/author\/aborges\/\"}]}<\/script>\n<!-- \/ Yoast SEO Premium plugin. -->","yoast_head_json":{"title":"Les baisses de taux n\u2019ont pas encore r\u00e9ussi \u00e0 relancer les march\u00e9s du logement du Canada - RBC Economique","robots":{"index":"index","follow":"follow","max-snippet":"max-snippet:-1","max-image-preview":"max-image-preview:large","max-video-preview":"max-video-preview:-1"},"canonical":"https:\/\/www.rbc.com\/fr\/economique\/analyse-pour-le-canada\/logement-au-canada\/etat-des-marches-immobiliers-locaux\/les-baisses-de-taux-nont-pas-encore-reussi-a-relancer-les-marches-du-logement-du-canada\/","og_locale":"fr_FR","og_type":"article","og_title":"Les baisses de taux n\u2019ont pas encore r\u00e9ussi \u00e0 relancer les march\u00e9s du logement du Canada","og_description":"Les baisses de taux op\u00e9r\u00e9es par la Banque du Canada n\u2019ont pas encore permis aux march\u00e9s du logement du Canada de se relever. Jusqu\u2019\u00e0 pr\u00e9sent, les march\u00e9s n\u2019ont pas vraiment r\u00e9agi \u00e0 ces baisses. Les premi\u00e8res donn\u00e9es sur les ventes de logements en ao\u00fbt n\u2019indiquent que de faibles augmentations par rapport \u00e0 juillet dans la [&hellip;]","og_url":"https:\/\/www.rbc.com\/fr\/economique\/analyse-pour-le-canada\/logement-au-canada\/etat-des-marches-immobiliers-locaux\/les-baisses-de-taux-nont-pas-encore-reussi-a-relancer-les-marches-du-logement-du-canada\/","og_site_name":"RBC Economique","article_published_time":"2024-09-06T12:42:40+00:00","article_modified_time":"2025-05-27T12:43:30+00:00","og_image":[{"width":2048,"height":988,"url":"https:\/\/www.rbc.com\/fr\/economique\/wp-content\/uploads\/sites\/24\/\/2025\/04\/Housing-blog-image-June-7_Banner-wide-scaled-1-1.webp?quality=80","type":"image\/webp"}],"author":"aborges","twitter_card":"summary_large_image","twitter_misc":{"Written by":"aborges","Est. reading time":"7 minutes"},"schema":{"@context":"https:\/\/schema.org","@graph":[{"@type":"Article","@id":"https:\/\/www.rbc.com\/fr\/economique\/analyse-pour-le-canada\/logement-au-canada\/etat-des-marches-immobiliers-locaux\/les-baisses-de-taux-nont-pas-encore-reussi-a-relancer-les-marches-du-logement-du-canada\/#article","isPartOf":{"@id":"https:\/\/www.rbc.com\/fr\/economique\/analyse-pour-le-canada\/logement-au-canada\/etat-des-marches-immobiliers-locaux\/les-baisses-de-taux-nont-pas-encore-reussi-a-relancer-les-marches-du-logement-du-canada\/"},"author":{"name":"aborges","@id":"https:\/\/www.rbc.com\/fr\/economique\/#\/schema\/person\/28886a806671993f43e2bff8e24d07a5"},"headline":"Les baisses de taux n\u2019ont pas encore r\u00e9ussi \u00e0 relancer les march\u00e9s du logement du Canada","datePublished":"2024-09-06T12:42:40+00:00","dateModified":"2025-05-27T12:43:30+00:00","mainEntityOfPage":{"@id":"https:\/\/www.rbc.com\/fr\/economique\/analyse-pour-le-canada\/logement-au-canada\/etat-des-marches-immobiliers-locaux\/les-baisses-de-taux-nont-pas-encore-reussi-a-relancer-les-marches-du-logement-du-canada\/"},"wordCount":1503,"image":{"@id":"https:\/\/www.rbc.com\/fr\/economique\/analyse-pour-le-canada\/logement-au-canada\/etat-des-marches-immobiliers-locaux\/les-baisses-de-taux-nont-pas-encore-reussi-a-relancer-les-marches-du-logement-du-canada\/#primaryimage"},"thumbnailUrl":"https:\/\/www.rbc.com\/fr\/economique\/wp-content\/uploads\/sites\/24\/\/2025\/04\/Housing-blog-image-June-7_Banner-wide-scaled-1-1.webp?quality=80","keywords":["\u00c9conomie","Logement"],"articleSection":["Analyse pour le Canada","\u00c9tat des march\u00e9s immobiliers locaux","Logement au Canada"],"inLanguage":"fr-FR"},{"@type":"WebPage","@id":"https:\/\/www.rbc.com\/fr\/economique\/analyse-pour-le-canada\/logement-au-canada\/etat-des-marches-immobiliers-locaux\/les-baisses-de-taux-nont-pas-encore-reussi-a-relancer-les-marches-du-logement-du-canada\/","url":"https:\/\/www.rbc.com\/fr\/economique\/analyse-pour-le-canada\/logement-au-canada\/etat-des-marches-immobiliers-locaux\/les-baisses-de-taux-nont-pas-encore-reussi-a-relancer-les-marches-du-logement-du-canada\/","name":"Les baisses de taux n\u2019ont pas encore r\u00e9ussi \u00e0 relancer les march\u00e9s du logement du Canada - RBC Economique","isPartOf":{"@id":"https:\/\/www.rbc.com\/fr\/economique\/#website"},"primaryImageOfPage":{"@id":"https:\/\/www.rbc.com\/fr\/economique\/analyse-pour-le-canada\/logement-au-canada\/etat-des-marches-immobiliers-locaux\/les-baisses-de-taux-nont-pas-encore-reussi-a-relancer-les-marches-du-logement-du-canada\/#primaryimage"},"image":{"@id":"https:\/\/www.rbc.com\/fr\/economique\/analyse-pour-le-canada\/logement-au-canada\/etat-des-marches-immobiliers-locaux\/les-baisses-de-taux-nont-pas-encore-reussi-a-relancer-les-marches-du-logement-du-canada\/#primaryimage"},"thumbnailUrl":"https:\/\/www.rbc.com\/fr\/economique\/wp-content\/uploads\/sites\/24\/\/2025\/04\/Housing-blog-image-June-7_Banner-wide-scaled-1-1.webp?quality=80","datePublished":"2024-09-06T12:42:40+00:00","dateModified":"2025-05-27T12:43:30+00:00","author":{"@id":"https:\/\/www.rbc.com\/fr\/economique\/#\/schema\/person\/28886a806671993f43e2bff8e24d07a5"},"breadcrumb":{"@id":"https:\/\/www.rbc.com\/fr\/economique\/analyse-pour-le-canada\/logement-au-canada\/etat-des-marches-immobiliers-locaux\/les-baisses-de-taux-nont-pas-encore-reussi-a-relancer-les-marches-du-logement-du-canada\/#breadcrumb"},"inLanguage":"fr-FR","potentialAction":[{"@type":"ReadAction","target":["https:\/\/www.rbc.com\/fr\/economique\/analyse-pour-le-canada\/logement-au-canada\/etat-des-marches-immobiliers-locaux\/les-baisses-de-taux-nont-pas-encore-reussi-a-relancer-les-marches-du-logement-du-canada\/"]}]},{"@type":"ImageObject","inLanguage":"fr-FR","@id":"https:\/\/www.rbc.com\/fr\/economique\/analyse-pour-le-canada\/logement-au-canada\/etat-des-marches-immobiliers-locaux\/les-baisses-de-taux-nont-pas-encore-reussi-a-relancer-les-marches-du-logement-du-canada\/#primaryimage","url":"https:\/\/www.rbc.com\/fr\/economique\/wp-content\/uploads\/sites\/24\/\/2025\/04\/Housing-blog-image-June-7_Banner-wide-scaled-1-1.webp?quality=80","contentUrl":"https:\/\/www.rbc.com\/fr\/economique\/wp-content\/uploads\/sites\/24\/\/2025\/04\/Housing-blog-image-June-7_Banner-wide-scaled-1-1.webp?quality=80","width":2048,"height":988},{"@type":"BreadcrumbList","@id":"https:\/\/www.rbc.com\/fr\/economique\/analyse-pour-le-canada\/logement-au-canada\/etat-des-marches-immobiliers-locaux\/les-baisses-de-taux-nont-pas-encore-reussi-a-relancer-les-marches-du-logement-du-canada\/#breadcrumb","itemListElement":[{"@type":"ListItem","position":1,"name":"Home","item":"https:\/\/www.rbc.com\/fr\/economique\/"},{"@type":"ListItem","position":2,"name":"Les baisses de taux n\u2019ont pas encore r\u00e9ussi \u00e0 relancer les march\u00e9s du logement du Canada"}]},{"@type":"WebSite","@id":"https:\/\/www.rbc.com\/fr\/economique\/#website","url":"https:\/\/www.rbc.com\/fr\/economique\/","name":"RBC Economique","description":"","potentialAction":[{"@type":"SearchAction","target":{"@type":"EntryPoint","urlTemplate":"https:\/\/www.rbc.com\/fr\/economique\/?s={search_term_string}"},"query-input":{"@type":"PropertyValueSpecification","valueRequired":true,"valueName":"search_term_string"}}],"inLanguage":"fr-FR"},{"@type":"Person","@id":"https:\/\/www.rbc.com\/fr\/economique\/#\/schema\/person\/28886a806671993f43e2bff8e24d07a5","name":"aborges","image":{"@type":"ImageObject","inLanguage":"fr-FR","@id":"https:\/\/secure.gravatar.com\/avatar\/9d25ae56a5fe286ea166399d25f675f05ba6a656fce0488b811ec6c5b18ede3a?s=96&d=mm&r=g","url":"https:\/\/secure.gravatar.com\/avatar\/9d25ae56a5fe286ea166399d25f675f05ba6a656fce0488b811ec6c5b18ede3a?s=96&d=mm&r=g","contentUrl":"https:\/\/secure.gravatar.com\/avatar\/9d25ae56a5fe286ea166399d25f675f05ba6a656fce0488b811ec6c5b18ede3a?s=96&d=mm&r=g","caption":"aborges"},"url":"https:\/\/www.rbc.com\/fr\/economique\/author\/aborges\/"}]}},"author_meta":{"display_name":"aborges","author_link":"https:\/\/www.rbc.com\/fr\/economique\/author\/aborges\/"},"featured_img":"https:\/\/www.rbc.com\/fr\/economique\/wp-content\/uploads\/sites\/24\/\/2025\/04\/Housing-blog-image-June-7_Banner-wide-scaled-1-1.webp?quality=80&w=300","jetpack_featured_media_url":"https:\/\/www.rbc.com\/fr\/economique\/wp-content\/uploads\/sites\/24\/\/2025\/04\/Housing-blog-image-June-7_Banner-wide-scaled-1-1.webp?quality=80","coauthors":[],"tax_additional":{"categories":{"linked":["<a href=\"https:\/\/www.rbc.com\/fr\/economique\/category\/analyse-pour-le-canada\/\" class=\"advgb-post-tax-term\">Analyse pour le Canada<\/a>","<a href=\"https:\/\/www.rbc.com\/fr\/economique\/category\/analyse-pour-le-canada\/logement-au-canada\/etat-des-marches-immobiliers-locaux\/\" class=\"advgb-post-tax-term\">\u00c9tat des march\u00e9s immobiliers locaux<\/a>","<a href=\"https:\/\/www.rbc.com\/fr\/economique\/category\/analyse-pour-le-canada\/logement-au-canada\/\" class=\"advgb-post-tax-term\">Logement au Canada<\/a>"],"unlinked":["<span class=\"advgb-post-tax-term\">Analyse pour le Canada<\/span>","<span class=\"advgb-post-tax-term\">\u00c9tat des march\u00e9s immobiliers locaux<\/span>","<span class=\"advgb-post-tax-term\">Logement au Canada<\/span>"]},"tags":{"linked":["<a href=\"https:\/\/www.rbc.com\/fr\/economique\/category\/analyse-pour-le-canada\/logement-au-canada\/\" class=\"advgb-post-tax-term\">\u00c9conomie<\/a>","<a href=\"https:\/\/www.rbc.com\/fr\/economique\/category\/analyse-pour-le-canada\/logement-au-canada\/\" class=\"advgb-post-tax-term\">Logement<\/a>"],"unlinked":["<span class=\"advgb-post-tax-term\">\u00c9conomie<\/span>","<span class=\"advgb-post-tax-term\">Logement<\/span>"]}},"comment_count":"0","relative_dates":{"created":"Publi\u00e9 2 ans il y a","modified":"Mis \u00e0 jour 11 mois il y a"},"absolute_dates":{"created":"Publi\u00e9 le 6 septembre 2024","modified":"Mise \u00e0 jour le 27 mai 2025"},"absolute_dates_time":{"created":"Publi\u00e9 le 6 septembre 2024 12:42  ","modified":"Mise \u00e0 jour le 27 mai 2025 12:43  "},"featured_img_caption":"","series_order":"","_links":{"self":[{"href":"https:\/\/www.rbc.com\/fr\/economique\/wp-json\/wp\/v2\/posts\/1309","targetHints":{"allow":["GET"]}}],"collection":[{"href":"https:\/\/www.rbc.com\/fr\/economique\/wp-json\/wp\/v2\/posts"}],"about":[{"href":"https:\/\/www.rbc.com\/fr\/economique\/wp-json\/wp\/v2\/types\/post"}],"author":[{"embeddable":true,"href":"https:\/\/www.rbc.com\/fr\/economique\/wp-json\/wp\/v2\/users\/135"}],"replies":[{"embeddable":true,"href":"https:\/\/www.rbc.com\/fr\/economique\/wp-json\/wp\/v2\/comments?post=1309"}],"version-history":[{"count":0,"href":"https:\/\/www.rbc.com\/fr\/economique\/wp-json\/wp\/v2\/posts\/1309\/revisions"}],"wp:featuredmedia":[{"embeddable":true,"href":"https:\/\/www.rbc.com\/fr\/economique\/wp-json\/wp\/v2\/media\/1307"}],"wp:attachment":[{"href":"https:\/\/www.rbc.com\/fr\/economique\/wp-json\/wp\/v2\/media?parent=1309"}],"wp:term":[{"taxonomy":"category","embeddable":true,"href":"https:\/\/www.rbc.com\/fr\/economique\/wp-json\/wp\/v2\/categories?post=1309"},{"taxonomy":"post_tag","embeddable":true,"href":"https:\/\/www.rbc.com\/fr\/economique\/wp-json\/wp\/v2\/tags?post=1309"},{"taxonomy":"rbc_econ_content_type","embeddable":true,"href":"https:\/\/www.rbc.com\/fr\/economique\/wp-json\/wp\/v2\/rbc_econ_content_type?post=1309"}],"curies":[{"name":"wp","href":"https:\/\/api.w.org\/{rel}","templated":true}]}}