{"id":1205,"date":"2023-11-08T12:40:20","date_gmt":"2023-11-08T12:40:20","guid":{"rendered":"https:\/\/www.rbc.com\/fr\/economique\/2023\/11\/08\/le-quebec-garde-le-cap-de-lequilibre-budgetaire-malgre-laffaiblissement-du-contexte-economique\/"},"modified":"2025-05-26T13:01:06","modified_gmt":"2025-05-26T13:01:06","slug":"le-quebec-garde-le-cap-de-lequilibre-budgetaire-malgre-laffaiblissement-du-contexte-economique","status":"publish","type":"post","link":"https:\/\/www.rbc.com\/fr\/economique\/analyse-pour-le-canada\/previsions-provinciales-et-budgetaires\/budgets-provinciaux-et-enonces-economiques\/le-quebec-garde-le-cap-de-lequilibre-budgetaire-malgre-laffaiblissement-du-contexte-economique\/","title":{"rendered":"Le Qu\u00e9bec garde le cap de l\u2019\u00e9quilibre budg\u00e9taire malgr\u00e9 l\u2019affaiblissement du contexte \u00e9conomique"},"content":{"rendered":"\n<h2 class=\"wp-block-heading\" id=\"h-points-saillants-du-point-sur-la-situation-economique-et-financiere-du-quebec\">Points saillants du point sur la situation \u00e9conomique et financi\u00e8re du Qu\u00e9bec<\/h2>\n\n\n\n<ul class=\"wp-block-rbc-list is-style-black-disc\">\n<li class=\"wp-block-rbc-list-item\">\n<p>Le r\u00e9sultat net du Qu\u00e9bec au cours de la p\u00e9riode de planification budg\u00e9taire est le m\u00eame que celui \u00e9tabli dans le budget de&nbsp;2023. La province pr\u00e9voit des d\u00e9ficits de 4,0&nbsp;milliards de dollars pour l\u2019exercice 2023-2024, de 3,0&nbsp;milliards de dollars pour l\u2019exercice 2024-2025, de 2,0&nbsp;milliards de dollars pour l\u2019exercice 2025-2026 et d\u2019un peu moins de 1,0&nbsp;milliard de dollars pour l\u2019exercice 2026-2027.<\/p>\n<\/li>\n\n\n\n<li class=\"wp-block-rbc-list-item\">\n<p>Le Qu\u00e9bec a r\u00e9vis\u00e9 \u00e0 la baisse ses projections du PIB r\u00e9el et nominal pour tenir compte du ralentissement de l\u2019activit\u00e9 \u00e9conomique en&nbsp;2024. Les projections du PIB r\u00e9el de la province ont \u00e9t\u00e9 r\u00e9duites de moiti\u00e9, passant de 1,4&nbsp;% \u00e0 0,7&nbsp;% l\u2019an prochain, tandis que les projections du PIB nominal ont \u00e9t\u00e9 abaiss\u00e9es de 3,4&nbsp;% \u00e0 3,8&nbsp;%.<\/p>\n<\/li>\n\n\n\n<li class=\"wp-block-rbc-list-item\">\n<p>Malgr\u00e9 l\u2019affaiblissement du contexte \u00e9conomique, le Qu\u00e9bec s\u2019attend toujours \u00e0 \u00e9quilibrer son budget d\u2019ici l\u2019exercice 2027-2028. Avant versements au Fonds des g\u00e9n\u00e9rations, l\u2019\u00e9quilibre serait atteint deux&nbsp;ans plus t\u00f4t (exercice 2025\u20112026).<\/p>\n<\/li>\n\n\n\n<li class=\"wp-block-rbc-list-item\">\n<p>La derni\u00e8re projection de d\u00e9ficit pour l\u2019exercice 2022-2023 est toutefois sup\u00e9rieure de 1,1&nbsp;milliard de dollars aux 5,0&nbsp;milliards de dollars pr\u00e9vus dans le budget de 2023. L\u2019estimation finale sera publi\u00e9e plus tard cette ann\u00e9e dans les comptes publics du Qu\u00e9bec.<\/p>\n<\/li>\n\n\n\n<li class=\"wp-block-rbc-list-item\">\n<p>L\u2019augmentation des revenus attendus compensera l\u2019augmentation des d\u00e9penses au cours du plan financier, bien que des r\u00e9ductions de la r\u00e9serve pour \u00e9ventualit\u00e9s et des versements au Fonds des g\u00e9n\u00e9rations de la province aient \u00e9t\u00e9 effectu\u00e9s pour maintenir le profil du d\u00e9ficit. La d\u00e9cision de r\u00e9duire la r\u00e9serve pour \u00e9ventualit\u00e9s est surprenante compte tenu de l\u2019incertitude \u00e9conomique persistante et du risque pour les d\u00e9penses que repr\u00e9sentent les&nbsp;<a href=\"https:\/\/www.montrealgazette.com\/news\/provincial-news\/article84906.html\" data-dig-id=\"LP-6118-39958f21\" data-dig-label=\"n\u00e9gociations collectives en cours\" data-dig-action=\"link click\" data-dig-category=\"LP\" class=\"rbc-link-format\">n\u00e9gociations collectives en cours<\/a>&nbsp;avec les syndicats repr\u00e9sentant les employ\u00e9s de l\u2019\u00c9tat.<\/p>\n<\/li>\n\n\n\n<li class=\"wp-block-rbc-list-item\">\n<p>Malgr\u00e9 l\u2019affaiblissement du contexte \u00e9conomique, le minist\u00e8re des Finances du Qu\u00e9bec a revu \u00e0 la hausse ses pr\u00e9visions de revenus pour l\u2019exercice 2023-2024 en raison de l\u2019augmentation des recettes provenant des taxes de consommation, des droits et des permis, ainsi que d\u2019une augmentation des transferts f\u00e9d\u00e9raux (+1,8&nbsp;milliard de dollars pour l\u2019exercice 2023-2024)&nbsp;\u2013 dont 900&nbsp;millions de dollars sont li\u00e9s au&nbsp;<a href=\"https:\/\/www.montrealgazette.com\/news\/provincial-news\/article85472.html\" data-dig-id=\"LP-6118-d8c82690\" data-dig-label=\"Fonds pour acc\u00e9l\u00e9rer la construction de logements\" data-dig-action=\"link click\" data-dig-category=\"LP\" class=\"rbc-link-format\">Fonds pour acc\u00e9l\u00e9rer la construction de logements<\/a>. Ces augmentations seront en partie compens\u00e9es par la baisse des revenus des imp\u00f4ts et des entreprises publiques.<\/p>\n<\/li>\n\n\n\n<li class=\"wp-block-rbc-list-item\">\n<p>Le profil d\u2019endettement de la province est r\u00e9vis\u00e9 l\u00e9g\u00e8rement \u00e0 la hausse par rapport au budget de&nbsp;2023. Le ratio de la dette nette au PIB est maintenant de 38,0&nbsp;% pour l\u2019exercice&nbsp;2023-2024, contre 37,4&nbsp;% auparavant. Les r\u00e9visions \u00e0 la hausse ont \u00e9t\u00e9 report\u00e9es \u00e0 l\u2019exercice&nbsp;2026-2027 avant de s\u2019\u00e9tablir \u00e0 35,9&nbsp;% au cours de l\u2019exercice&nbsp;2027-2028 (0,1&nbsp;point de pourcentage de moins que dans le budget de 2023). Le point important est que le ratio demeure sur une trajectoire descendante. Le gouvernement maintient son engagement de ramener son ratio de la dette nette au PIB \u00e0 30&nbsp;% d\u2019ici l\u2019exercice&nbsp;2037-2038.<\/p>\n<\/li>\n\n\n\n<li class=\"wp-block-rbc-list-item\">\n<p>En plus des r\u00e9ductions d\u2019imp\u00f4t sur le revenu des particuliers annonc\u00e9es dans le budget de&nbsp;2023, le ministre des Finances, \u00c9ric&nbsp;Girard, a pr\u00e9vu une indexation de 5,1&nbsp;% de l\u2019imp\u00f4t sur le revenu des particuliers et des prestations d\u2019assurance sociale \u00e0 compter du 1<sup>er<\/sup>&nbsp;janvier&nbsp;2024. Cette indexation devrait co\u00fbter au gouvernement provincial plus de 450&nbsp;millions de dollars en revenus perdus au cours de l\u2019exercice&nbsp;2023-2024 et 8,6&nbsp;milliards de dollars sur cinq&nbsp;ans jusqu\u2019\u00e0 l\u2019exercice&nbsp;2027-2028.<\/p>\n<\/li>\n\n\n\n<li class=\"wp-block-rbc-list-item\">\n<p>Le gouvernement du Qu\u00e9bec a \u00e9galement annonc\u00e9 des mesures cibl\u00e9es de 4,3&nbsp;milliards de dollars sur cinq&nbsp;ans pour le logement abordable (1,8&nbsp;milliard de dollars), l\u2019aide alimentaire et l\u2019aide aux personnes sans-abri (145&nbsp;millions de dollars), la formation de la main-d\u2019\u0153uvre (329&nbsp;millions de dollars), les efforts de transition climatique (961&nbsp;millions de dollars) et le renouvellement du cr\u00e9dit d\u2019imp\u00f4t \u00e0 l\u2019investissement et \u00e0 l\u2019innovation (1&nbsp;milliard de dollars). Le plan devrait co\u00fbter 1,1&nbsp;milliard de dollars au cours de l\u2019exercice 2023-2024.<\/p>\n<\/li>\n\n\n\n<li class=\"wp-block-rbc-list-item\">\n<p><strong>En conclusion&nbsp;:<\/strong>&nbsp;Malgr\u00e9 la d\u00e9t\u00e9rioration du contexte \u00e9conomique, la situation budg\u00e9taire globale du Qu\u00e9bec n\u2019a gu\u00e8re chang\u00e9 par rapport \u00e0 celle d\u00e9crite dans le budget de&nbsp;2023. La province pr\u00e9voit toujours \u00e9quilibrer son budget d\u2019ici l\u2019exercice 2027-2028 (apr\u00e8s versements au Fonds des g\u00e9n\u00e9rations) et demeure sur la bonne voie pour atteindre sa cible d\u2019endettement d\u2019ici 2037-2038. Gr\u00e2ce \u00e0 la souplesse budg\u00e9taire qu\u2019elle a acquise au cours des ann\u00e9es qui ont pr\u00e9c\u00e9d\u00e9 la pand\u00e9mie et aux transferts f\u00e9d\u00e9raux suppl\u00e9mentaires, la province est en mesure de stimuler les investissements dans le logement abordable, les efforts de transition climatique et d\u2019autres postes hautement prioritaires sans compromettre sa situation financi\u00e8re. Les coupes dans la r\u00e9serve pour \u00e9ventualit\u00e9s laissent toutefois moins de place aux chocs impr\u00e9vus \u00e0 l\u2019avenir.<\/p>\n<\/li>\n<\/ul>\n\n\n\n<div id=\"everviz-C6fM_bgd6\" class=\"everviz-C6fM_bgd6\" data-view=\"graph\"><\/div>\n\n\n\n<hr class=\"wp-block-separator has-text-color has-alpha-channel-opacity has-background is-style-wide wide\" style=\"background-color:#eeeeee;color:#eeeeee\" \/>\n\n\n\n<p class=\"mar-b mob-mar-b\"><em><strong>Rachel&nbsp;Battaglia<\/strong> <em>est \u00e9conomiste \u00e0 RBC. Elle est membre du groupe d\u2019Analyse macro\u00e9conomique et r\u00e9gionale qui fournit des analyses des perspectives macro\u00e9conomiques et des commentaires budg\u00e9taires.<\/em><\/em><\/p>\n","protected":false},"excerpt":{"rendered":"<p>Points saillants du point sur la situation \u00e9conomique et financi\u00e8re du Qu\u00e9bec Rachel&nbsp;Battaglia est \u00e9conomiste \u00e0 RBC. Elle est membre du groupe d\u2019Analyse macro\u00e9conomique et r\u00e9gionale qui fournit des analyses des perspectives macro\u00e9conomiques et des commentaires budg\u00e9taires.<\/p>\n","protected":false},"author":135,"featured_media":1204,"comment_status":"closed","ping_status":"closed","sticky":false,"template":"","format":"standard","meta":{"_acf_changed":false,"advgb_blocks_editor_width":"","advgb_blocks_columns_visual_guide":"","footnotes":""},"categories":[71,81,78],"tags":[14,32],"rbc_econ_content_type":[],"class_list":["post-1205","post","type-post","status-publish","format-standard","has-post-thumbnail","hentry","category-analyse-pour-le-canada","category-budgets-provinciaux-et-enonces-economiques","category-previsions-provinciales-et-budgetaires","tag-economie","tag-logement"],"acf":[],"yoast_head":"<!-- This site is optimized with the Yoast SEO Premium plugin v27.4 (Yoast SEO v27.4) - https:\/\/yoast.com\/product\/yoast-seo-premium-wordpress\/ -->\n<title>Le Qu\u00e9bec garde le cap de l\u2019\u00e9quilibre budg\u00e9taire malgr\u00e9 l\u2019affaiblissement du contexte \u00e9conomique - RBC Economique<\/title>\n<meta name=\"robots\" content=\"index, follow, max-snippet:-1, max-image-preview:large, max-video-preview:-1\" \/>\n<link rel=\"canonical\" href=\"https:\/\/www.rbc.com\/fr\/economique\/analyse-pour-le-canada\/previsions-provinciales-et-budgetaires\/budgets-provinciaux-et-enonces-economiques\/le-quebec-garde-le-cap-de-lequilibre-budgetaire-malgre-laffaiblissement-du-contexte-economique\/\" \/>\n<meta property=\"og:locale\" content=\"fr_FR\" \/>\n<meta property=\"og:type\" content=\"article\" \/>\n<meta property=\"og:title\" content=\"Le Qu\u00e9bec garde le cap de l\u2019\u00e9quilibre budg\u00e9taire malgr\u00e9 l\u2019affaiblissement du contexte \u00e9conomique\" \/>\n<meta property=\"og:description\" content=\"Points saillants du point sur la situation \u00e9conomique et financi\u00e8re du Qu\u00e9bec Rachel&nbsp;Battaglia est \u00e9conomiste \u00e0 RBC. Elle est membre du groupe d\u2019Analyse macro\u00e9conomique et r\u00e9gionale qui fournit des analyses des perspectives macro\u00e9conomiques et des commentaires budg\u00e9taires.\" \/>\n<meta property=\"og:url\" content=\"https:\/\/www.rbc.com\/fr\/economique\/analyse-pour-le-canada\/previsions-provinciales-et-budgetaires\/budgets-provinciaux-et-enonces-economiques\/le-quebec-garde-le-cap-de-lequilibre-budgetaire-malgre-laffaiblissement-du-contexte-economique\/\" \/>\n<meta property=\"og:site_name\" content=\"RBC Economique\" \/>\n<meta property=\"article:published_time\" content=\"2023-11-08T12:40:20+00:00\" \/>\n<meta property=\"article:modified_time\" content=\"2025-05-26T13:01:06+00:00\" \/>\n<meta property=\"og:image\" content=\"https:\/\/www.rbc.com\/fr\/economique\/wp-content\/uploads\/sites\/24\/\/2025\/04\/DL-Blog-Image-Template-BLANK_Banner-wide-1-scaled-1.webp?quality=80\" \/>\n\t<meta property=\"og:image:width\" content=\"2048\" \/>\n\t<meta property=\"og:image:height\" content=\"988\" \/>\n\t<meta property=\"og:image:type\" content=\"image\/webp\" \/>\n<meta name=\"author\" content=\"aborges\" \/>\n<meta name=\"twitter:card\" content=\"summary_large_image\" \/>\n<meta name=\"twitter:label1\" content=\"Written by\" \/>\n\t<meta name=\"twitter:data1\" content=\"aborges\" \/>\n\t<meta name=\"twitter:label2\" content=\"Est. reading time\" \/>\n\t<meta name=\"twitter:data2\" content=\"5 minutes\" \/>\n<script type=\"application\/ld+json\" class=\"yoast-schema-graph\">{\"@context\":\"https:\\\/\\\/schema.org\",\"@graph\":[{\"@type\":\"Article\",\"@id\":\"https:\\\/\\\/www.rbc.com\\\/fr\\\/economique\\\/analyse-pour-le-canada\\\/previsions-provinciales-et-budgetaires\\\/budgets-provinciaux-et-enonces-economiques\\\/le-quebec-garde-le-cap-de-lequilibre-budgetaire-malgre-laffaiblissement-du-contexte-economique\\\/#article\",\"isPartOf\":{\"@id\":\"https:\\\/\\\/www.rbc.com\\\/fr\\\/economique\\\/analyse-pour-le-canada\\\/previsions-provinciales-et-budgetaires\\\/budgets-provinciaux-et-enonces-economiques\\\/le-quebec-garde-le-cap-de-lequilibre-budgetaire-malgre-laffaiblissement-du-contexte-economique\\\/\"},\"author\":{\"name\":\"aborges\",\"@id\":\"https:\\\/\\\/www.rbc.com\\\/fr\\\/economique\\\/#\\\/schema\\\/person\\\/28886a806671993f43e2bff8e24d07a5\"},\"headline\":\"Le Qu\u00e9bec garde le cap de l\u2019\u00e9quilibre budg\u00e9taire malgr\u00e9 l\u2019affaiblissement du contexte \u00e9conomique\",\"datePublished\":\"2023-11-08T12:40:20+00:00\",\"dateModified\":\"2025-05-26T13:01:06+00:00\",\"mainEntityOfPage\":{\"@id\":\"https:\\\/\\\/www.rbc.com\\\/fr\\\/economique\\\/analyse-pour-le-canada\\\/previsions-provinciales-et-budgetaires\\\/budgets-provinciaux-et-enonces-economiques\\\/le-quebec-garde-le-cap-de-lequilibre-budgetaire-malgre-laffaiblissement-du-contexte-economique\\\/\"},\"wordCount\":943,\"image\":{\"@id\":\"https:\\\/\\\/www.rbc.com\\\/fr\\\/economique\\\/analyse-pour-le-canada\\\/previsions-provinciales-et-budgetaires\\\/budgets-provinciaux-et-enonces-economiques\\\/le-quebec-garde-le-cap-de-lequilibre-budgetaire-malgre-laffaiblissement-du-contexte-economique\\\/#primaryimage\"},\"thumbnailUrl\":\"https:\\\/\\\/www.rbc.com\\\/fr\\\/economique\\\/wp-content\\\/uploads\\\/sites\\\/24\\\/\\\/2025\\\/04\\\/DL-Blog-Image-Template-BLANK_Banner-wide-1-scaled-1.webp?quality=80\",\"keywords\":[\"\u00c9conomie\",\"Logement\"],\"articleSection\":[\"Analyse pour le Canada\",\"Budgets provinciaux et \u00e9nonc\u00e9s \u00e9conomiques\",\"Pr\u00e9visions provinciales et budg\u00e9taires\"],\"inLanguage\":\"fr-FR\"},{\"@type\":\"WebPage\",\"@id\":\"https:\\\/\\\/www.rbc.com\\\/fr\\\/economique\\\/analyse-pour-le-canada\\\/previsions-provinciales-et-budgetaires\\\/budgets-provinciaux-et-enonces-economiques\\\/le-quebec-garde-le-cap-de-lequilibre-budgetaire-malgre-laffaiblissement-du-contexte-economique\\\/\",\"url\":\"https:\\\/\\\/www.rbc.com\\\/fr\\\/economique\\\/analyse-pour-le-canada\\\/previsions-provinciales-et-budgetaires\\\/budgets-provinciaux-et-enonces-economiques\\\/le-quebec-garde-le-cap-de-lequilibre-budgetaire-malgre-laffaiblissement-du-contexte-economique\\\/\",\"name\":\"Le Qu\u00e9bec garde le cap de l\u2019\u00e9quilibre budg\u00e9taire malgr\u00e9 l\u2019affaiblissement du contexte \u00e9conomique - RBC Economique\",\"isPartOf\":{\"@id\":\"https:\\\/\\\/www.rbc.com\\\/fr\\\/economique\\\/#website\"},\"primaryImageOfPage\":{\"@id\":\"https:\\\/\\\/www.rbc.com\\\/fr\\\/economique\\\/analyse-pour-le-canada\\\/previsions-provinciales-et-budgetaires\\\/budgets-provinciaux-et-enonces-economiques\\\/le-quebec-garde-le-cap-de-lequilibre-budgetaire-malgre-laffaiblissement-du-contexte-economique\\\/#primaryimage\"},\"image\":{\"@id\":\"https:\\\/\\\/www.rbc.com\\\/fr\\\/economique\\\/analyse-pour-le-canada\\\/previsions-provinciales-et-budgetaires\\\/budgets-provinciaux-et-enonces-economiques\\\/le-quebec-garde-le-cap-de-lequilibre-budgetaire-malgre-laffaiblissement-du-contexte-economique\\\/#primaryimage\"},\"thumbnailUrl\":\"https:\\\/\\\/www.rbc.com\\\/fr\\\/economique\\\/wp-content\\\/uploads\\\/sites\\\/24\\\/\\\/2025\\\/04\\\/DL-Blog-Image-Template-BLANK_Banner-wide-1-scaled-1.webp?quality=80\",\"datePublished\":\"2023-11-08T12:40:20+00:00\",\"dateModified\":\"2025-05-26T13:01:06+00:00\",\"author\":{\"@id\":\"https:\\\/\\\/www.rbc.com\\\/fr\\\/economique\\\/#\\\/schema\\\/person\\\/28886a806671993f43e2bff8e24d07a5\"},\"breadcrumb\":{\"@id\":\"https:\\\/\\\/www.rbc.com\\\/fr\\\/economique\\\/analyse-pour-le-canada\\\/previsions-provinciales-et-budgetaires\\\/budgets-provinciaux-et-enonces-economiques\\\/le-quebec-garde-le-cap-de-lequilibre-budgetaire-malgre-laffaiblissement-du-contexte-economique\\\/#breadcrumb\"},\"inLanguage\":\"fr-FR\",\"potentialAction\":[{\"@type\":\"ReadAction\",\"target\":[\"https:\\\/\\\/www.rbc.com\\\/fr\\\/economique\\\/analyse-pour-le-canada\\\/previsions-provinciales-et-budgetaires\\\/budgets-provinciaux-et-enonces-economiques\\\/le-quebec-garde-le-cap-de-lequilibre-budgetaire-malgre-laffaiblissement-du-contexte-economique\\\/\"]}]},{\"@type\":\"ImageObject\",\"inLanguage\":\"fr-FR\",\"@id\":\"https:\\\/\\\/www.rbc.com\\\/fr\\\/economique\\\/analyse-pour-le-canada\\\/previsions-provinciales-et-budgetaires\\\/budgets-provinciaux-et-enonces-economiques\\\/le-quebec-garde-le-cap-de-lequilibre-budgetaire-malgre-laffaiblissement-du-contexte-economique\\\/#primaryimage\",\"url\":\"https:\\\/\\\/www.rbc.com\\\/fr\\\/economique\\\/wp-content\\\/uploads\\\/sites\\\/24\\\/\\\/2025\\\/04\\\/DL-Blog-Image-Template-BLANK_Banner-wide-1-scaled-1.webp?quality=80\",\"contentUrl\":\"https:\\\/\\\/www.rbc.com\\\/fr\\\/economique\\\/wp-content\\\/uploads\\\/sites\\\/24\\\/\\\/2025\\\/04\\\/DL-Blog-Image-Template-BLANK_Banner-wide-1-scaled-1.webp?quality=80\",\"width\":2048,\"height\":988},{\"@type\":\"BreadcrumbList\",\"@id\":\"https:\\\/\\\/www.rbc.com\\\/fr\\\/economique\\\/analyse-pour-le-canada\\\/previsions-provinciales-et-budgetaires\\\/budgets-provinciaux-et-enonces-economiques\\\/le-quebec-garde-le-cap-de-lequilibre-budgetaire-malgre-laffaiblissement-du-contexte-economique\\\/#breadcrumb\",\"itemListElement\":[{\"@type\":\"ListItem\",\"position\":1,\"name\":\"Home\",\"item\":\"https:\\\/\\\/www.rbc.com\\\/fr\\\/economique\\\/\"},{\"@type\":\"ListItem\",\"position\":2,\"name\":\"Le Qu\u00e9bec garde le cap de l\u2019\u00e9quilibre budg\u00e9taire malgr\u00e9 l\u2019affaiblissement du contexte \u00e9conomique\"}]},{\"@type\":\"WebSite\",\"@id\":\"https:\\\/\\\/www.rbc.com\\\/fr\\\/economique\\\/#website\",\"url\":\"https:\\\/\\\/www.rbc.com\\\/fr\\\/economique\\\/\",\"name\":\"RBC Economique\",\"description\":\"\",\"potentialAction\":[{\"@type\":\"SearchAction\",\"target\":{\"@type\":\"EntryPoint\",\"urlTemplate\":\"https:\\\/\\\/www.rbc.com\\\/fr\\\/economique\\\/?s={search_term_string}\"},\"query-input\":{\"@type\":\"PropertyValueSpecification\",\"valueRequired\":true,\"valueName\":\"search_term_string\"}}],\"inLanguage\":\"fr-FR\"},{\"@type\":\"Person\",\"@id\":\"https:\\\/\\\/www.rbc.com\\\/fr\\\/economique\\\/#\\\/schema\\\/person\\\/28886a806671993f43e2bff8e24d07a5\",\"name\":\"aborges\",\"image\":{\"@type\":\"ImageObject\",\"inLanguage\":\"fr-FR\",\"@id\":\"https:\\\/\\\/secure.gravatar.com\\\/avatar\\\/9d25ae56a5fe286ea166399d25f675f05ba6a656fce0488b811ec6c5b18ede3a?s=96&d=mm&r=g\",\"url\":\"https:\\\/\\\/secure.gravatar.com\\\/avatar\\\/9d25ae56a5fe286ea166399d25f675f05ba6a656fce0488b811ec6c5b18ede3a?s=96&d=mm&r=g\",\"contentUrl\":\"https:\\\/\\\/secure.gravatar.com\\\/avatar\\\/9d25ae56a5fe286ea166399d25f675f05ba6a656fce0488b811ec6c5b18ede3a?s=96&d=mm&r=g\",\"caption\":\"aborges\"},\"url\":\"https:\\\/\\\/www.rbc.com\\\/fr\\\/economique\\\/author\\\/aborges\\\/\"}]}<\/script>\n<!-- \/ Yoast SEO Premium plugin. -->","yoast_head_json":{"title":"Le Qu\u00e9bec garde le cap de l\u2019\u00e9quilibre budg\u00e9taire malgr\u00e9 l\u2019affaiblissement du contexte \u00e9conomique - RBC Economique","robots":{"index":"index","follow":"follow","max-snippet":"max-snippet:-1","max-image-preview":"max-image-preview:large","max-video-preview":"max-video-preview:-1"},"canonical":"https:\/\/www.rbc.com\/fr\/economique\/analyse-pour-le-canada\/previsions-provinciales-et-budgetaires\/budgets-provinciaux-et-enonces-economiques\/le-quebec-garde-le-cap-de-lequilibre-budgetaire-malgre-laffaiblissement-du-contexte-economique\/","og_locale":"fr_FR","og_type":"article","og_title":"Le Qu\u00e9bec garde le cap de l\u2019\u00e9quilibre budg\u00e9taire malgr\u00e9 l\u2019affaiblissement du contexte \u00e9conomique","og_description":"Points saillants du point sur la situation \u00e9conomique et financi\u00e8re du Qu\u00e9bec Rachel&nbsp;Battaglia est \u00e9conomiste \u00e0 RBC. Elle est membre du groupe d\u2019Analyse macro\u00e9conomique et r\u00e9gionale qui fournit des analyses des perspectives macro\u00e9conomiques et des commentaires budg\u00e9taires.","og_url":"https:\/\/www.rbc.com\/fr\/economique\/analyse-pour-le-canada\/previsions-provinciales-et-budgetaires\/budgets-provinciaux-et-enonces-economiques\/le-quebec-garde-le-cap-de-lequilibre-budgetaire-malgre-laffaiblissement-du-contexte-economique\/","og_site_name":"RBC Economique","article_published_time":"2023-11-08T12:40:20+00:00","article_modified_time":"2025-05-26T13:01:06+00:00","og_image":[{"width":2048,"height":988,"url":"https:\/\/www.rbc.com\/fr\/economique\/wp-content\/uploads\/sites\/24\/\/2025\/04\/DL-Blog-Image-Template-BLANK_Banner-wide-1-scaled-1.webp?quality=80","type":"image\/webp"}],"author":"aborges","twitter_card":"summary_large_image","twitter_misc":{"Written by":"aborges","Est. reading time":"5 minutes"},"schema":{"@context":"https:\/\/schema.org","@graph":[{"@type":"Article","@id":"https:\/\/www.rbc.com\/fr\/economique\/analyse-pour-le-canada\/previsions-provinciales-et-budgetaires\/budgets-provinciaux-et-enonces-economiques\/le-quebec-garde-le-cap-de-lequilibre-budgetaire-malgre-laffaiblissement-du-contexte-economique\/#article","isPartOf":{"@id":"https:\/\/www.rbc.com\/fr\/economique\/analyse-pour-le-canada\/previsions-provinciales-et-budgetaires\/budgets-provinciaux-et-enonces-economiques\/le-quebec-garde-le-cap-de-lequilibre-budgetaire-malgre-laffaiblissement-du-contexte-economique\/"},"author":{"name":"aborges","@id":"https:\/\/www.rbc.com\/fr\/economique\/#\/schema\/person\/28886a806671993f43e2bff8e24d07a5"},"headline":"Le Qu\u00e9bec garde le cap de l\u2019\u00e9quilibre budg\u00e9taire malgr\u00e9 l\u2019affaiblissement du contexte \u00e9conomique","datePublished":"2023-11-08T12:40:20+00:00","dateModified":"2025-05-26T13:01:06+00:00","mainEntityOfPage":{"@id":"https:\/\/www.rbc.com\/fr\/economique\/analyse-pour-le-canada\/previsions-provinciales-et-budgetaires\/budgets-provinciaux-et-enonces-economiques\/le-quebec-garde-le-cap-de-lequilibre-budgetaire-malgre-laffaiblissement-du-contexte-economique\/"},"wordCount":943,"image":{"@id":"https:\/\/www.rbc.com\/fr\/economique\/analyse-pour-le-canada\/previsions-provinciales-et-budgetaires\/budgets-provinciaux-et-enonces-economiques\/le-quebec-garde-le-cap-de-lequilibre-budgetaire-malgre-laffaiblissement-du-contexte-economique\/#primaryimage"},"thumbnailUrl":"https:\/\/www.rbc.com\/fr\/economique\/wp-content\/uploads\/sites\/24\/\/2025\/04\/DL-Blog-Image-Template-BLANK_Banner-wide-1-scaled-1.webp?quality=80","keywords":["\u00c9conomie","Logement"],"articleSection":["Analyse pour le Canada","Budgets provinciaux et \u00e9nonc\u00e9s \u00e9conomiques","Pr\u00e9visions provinciales et budg\u00e9taires"],"inLanguage":"fr-FR"},{"@type":"WebPage","@id":"https:\/\/www.rbc.com\/fr\/economique\/analyse-pour-le-canada\/previsions-provinciales-et-budgetaires\/budgets-provinciaux-et-enonces-economiques\/le-quebec-garde-le-cap-de-lequilibre-budgetaire-malgre-laffaiblissement-du-contexte-economique\/","url":"https:\/\/www.rbc.com\/fr\/economique\/analyse-pour-le-canada\/previsions-provinciales-et-budgetaires\/budgets-provinciaux-et-enonces-economiques\/le-quebec-garde-le-cap-de-lequilibre-budgetaire-malgre-laffaiblissement-du-contexte-economique\/","name":"Le Qu\u00e9bec garde le cap de l\u2019\u00e9quilibre budg\u00e9taire malgr\u00e9 l\u2019affaiblissement du contexte \u00e9conomique - RBC Economique","isPartOf":{"@id":"https:\/\/www.rbc.com\/fr\/economique\/#website"},"primaryImageOfPage":{"@id":"https:\/\/www.rbc.com\/fr\/economique\/analyse-pour-le-canada\/previsions-provinciales-et-budgetaires\/budgets-provinciaux-et-enonces-economiques\/le-quebec-garde-le-cap-de-lequilibre-budgetaire-malgre-laffaiblissement-du-contexte-economique\/#primaryimage"},"image":{"@id":"https:\/\/www.rbc.com\/fr\/economique\/analyse-pour-le-canada\/previsions-provinciales-et-budgetaires\/budgets-provinciaux-et-enonces-economiques\/le-quebec-garde-le-cap-de-lequilibre-budgetaire-malgre-laffaiblissement-du-contexte-economique\/#primaryimage"},"thumbnailUrl":"https:\/\/www.rbc.com\/fr\/economique\/wp-content\/uploads\/sites\/24\/\/2025\/04\/DL-Blog-Image-Template-BLANK_Banner-wide-1-scaled-1.webp?quality=80","datePublished":"2023-11-08T12:40:20+00:00","dateModified":"2025-05-26T13:01:06+00:00","author":{"@id":"https:\/\/www.rbc.com\/fr\/economique\/#\/schema\/person\/28886a806671993f43e2bff8e24d07a5"},"breadcrumb":{"@id":"https:\/\/www.rbc.com\/fr\/economique\/analyse-pour-le-canada\/previsions-provinciales-et-budgetaires\/budgets-provinciaux-et-enonces-economiques\/le-quebec-garde-le-cap-de-lequilibre-budgetaire-malgre-laffaiblissement-du-contexte-economique\/#breadcrumb"},"inLanguage":"fr-FR","potentialAction":[{"@type":"ReadAction","target":["https:\/\/www.rbc.com\/fr\/economique\/analyse-pour-le-canada\/previsions-provinciales-et-budgetaires\/budgets-provinciaux-et-enonces-economiques\/le-quebec-garde-le-cap-de-lequilibre-budgetaire-malgre-laffaiblissement-du-contexte-economique\/"]}]},{"@type":"ImageObject","inLanguage":"fr-FR","@id":"https:\/\/www.rbc.com\/fr\/economique\/analyse-pour-le-canada\/previsions-provinciales-et-budgetaires\/budgets-provinciaux-et-enonces-economiques\/le-quebec-garde-le-cap-de-lequilibre-budgetaire-malgre-laffaiblissement-du-contexte-economique\/#primaryimage","url":"https:\/\/www.rbc.com\/fr\/economique\/wp-content\/uploads\/sites\/24\/\/2025\/04\/DL-Blog-Image-Template-BLANK_Banner-wide-1-scaled-1.webp?quality=80","contentUrl":"https:\/\/www.rbc.com\/fr\/economique\/wp-content\/uploads\/sites\/24\/\/2025\/04\/DL-Blog-Image-Template-BLANK_Banner-wide-1-scaled-1.webp?quality=80","width":2048,"height":988},{"@type":"BreadcrumbList","@id":"https:\/\/www.rbc.com\/fr\/economique\/analyse-pour-le-canada\/previsions-provinciales-et-budgetaires\/budgets-provinciaux-et-enonces-economiques\/le-quebec-garde-le-cap-de-lequilibre-budgetaire-malgre-laffaiblissement-du-contexte-economique\/#breadcrumb","itemListElement":[{"@type":"ListItem","position":1,"name":"Home","item":"https:\/\/www.rbc.com\/fr\/economique\/"},{"@type":"ListItem","position":2,"name":"Le Qu\u00e9bec garde le cap de l\u2019\u00e9quilibre budg\u00e9taire malgr\u00e9 l\u2019affaiblissement du contexte \u00e9conomique"}]},{"@type":"WebSite","@id":"https:\/\/www.rbc.com\/fr\/economique\/#website","url":"https:\/\/www.rbc.com\/fr\/economique\/","name":"RBC Economique","description":"","potentialAction":[{"@type":"SearchAction","target":{"@type":"EntryPoint","urlTemplate":"https:\/\/www.rbc.com\/fr\/economique\/?s={search_term_string}"},"query-input":{"@type":"PropertyValueSpecification","valueRequired":true,"valueName":"search_term_string"}}],"inLanguage":"fr-FR"},{"@type":"Person","@id":"https:\/\/www.rbc.com\/fr\/economique\/#\/schema\/person\/28886a806671993f43e2bff8e24d07a5","name":"aborges","image":{"@type":"ImageObject","inLanguage":"fr-FR","@id":"https:\/\/secure.gravatar.com\/avatar\/9d25ae56a5fe286ea166399d25f675f05ba6a656fce0488b811ec6c5b18ede3a?s=96&d=mm&r=g","url":"https:\/\/secure.gravatar.com\/avatar\/9d25ae56a5fe286ea166399d25f675f05ba6a656fce0488b811ec6c5b18ede3a?s=96&d=mm&r=g","contentUrl":"https:\/\/secure.gravatar.com\/avatar\/9d25ae56a5fe286ea166399d25f675f05ba6a656fce0488b811ec6c5b18ede3a?s=96&d=mm&r=g","caption":"aborges"},"url":"https:\/\/www.rbc.com\/fr\/economique\/author\/aborges\/"}]}},"author_meta":{"display_name":"aborges","author_link":"https:\/\/www.rbc.com\/fr\/economique\/author\/aborges\/"},"featured_img":"https:\/\/www.rbc.com\/fr\/economique\/wp-content\/uploads\/sites\/24\/\/2025\/04\/DL-Blog-Image-Template-BLANK_Banner-wide-1-scaled-1.webp?quality=80&w=300","jetpack_featured_media_url":"https:\/\/www.rbc.com\/fr\/economique\/wp-content\/uploads\/sites\/24\/\/2025\/04\/DL-Blog-Image-Template-BLANK_Banner-wide-1-scaled-1.webp?quality=80","coauthors":[],"tax_additional":{"categories":{"linked":["<a href=\"https:\/\/www.rbc.com\/fr\/economique\/category\/analyse-pour-le-canada\/\" class=\"advgb-post-tax-term\">Analyse pour le Canada<\/a>","<a href=\"https:\/\/www.rbc.com\/fr\/economique\/category\/analyse-pour-le-canada\/previsions-provinciales-et-budgetaires\/budgets-provinciaux-et-enonces-economiques\/\" class=\"advgb-post-tax-term\">Budgets provinciaux et \u00e9nonc\u00e9s \u00e9conomiques<\/a>","<a href=\"https:\/\/www.rbc.com\/fr\/economique\/category\/analyse-pour-le-canada\/previsions-provinciales-et-budgetaires\/\" class=\"advgb-post-tax-term\">Pr\u00e9visions provinciales et budg\u00e9taires<\/a>"],"unlinked":["<span class=\"advgb-post-tax-term\">Analyse pour le Canada<\/span>","<span class=\"advgb-post-tax-term\">Budgets provinciaux et \u00e9nonc\u00e9s \u00e9conomiques<\/span>","<span class=\"advgb-post-tax-term\">Pr\u00e9visions provinciales et budg\u00e9taires<\/span>"]},"tags":{"linked":["<a href=\"https:\/\/www.rbc.com\/fr\/economique\/category\/analyse-pour-le-canada\/previsions-provinciales-et-budgetaires\/\" class=\"advgb-post-tax-term\">\u00c9conomie<\/a>","<a href=\"https:\/\/www.rbc.com\/fr\/economique\/category\/analyse-pour-le-canada\/previsions-provinciales-et-budgetaires\/\" class=\"advgb-post-tax-term\">Logement<\/a>"],"unlinked":["<span class=\"advgb-post-tax-term\">\u00c9conomie<\/span>","<span class=\"advgb-post-tax-term\">Logement<\/span>"]}},"comment_count":"0","relative_dates":{"created":"Publi\u00e9 2 ans il y a","modified":"Mis \u00e0 jour 11 mois il y a"},"absolute_dates":{"created":"Publi\u00e9 le 8 novembre 2023","modified":"Mise \u00e0 jour le 26 mai 2025"},"absolute_dates_time":{"created":"Publi\u00e9 le 8 novembre 2023 12:40  ","modified":"Mise \u00e0 jour le 26 mai 2025 1:01  "},"featured_img_caption":"","series_order":"","_links":{"self":[{"href":"https:\/\/www.rbc.com\/fr\/economique\/wp-json\/wp\/v2\/posts\/1205","targetHints":{"allow":["GET"]}}],"collection":[{"href":"https:\/\/www.rbc.com\/fr\/economique\/wp-json\/wp\/v2\/posts"}],"about":[{"href":"https:\/\/www.rbc.com\/fr\/economique\/wp-json\/wp\/v2\/types\/post"}],"author":[{"embeddable":true,"href":"https:\/\/www.rbc.com\/fr\/economique\/wp-json\/wp\/v2\/users\/135"}],"replies":[{"embeddable":true,"href":"https:\/\/www.rbc.com\/fr\/economique\/wp-json\/wp\/v2\/comments?post=1205"}],"version-history":[{"count":0,"href":"https:\/\/www.rbc.com\/fr\/economique\/wp-json\/wp\/v2\/posts\/1205\/revisions"}],"wp:featuredmedia":[{"embeddable":true,"href":"https:\/\/www.rbc.com\/fr\/economique\/wp-json\/wp\/v2\/media\/1204"}],"wp:attachment":[{"href":"https:\/\/www.rbc.com\/fr\/economique\/wp-json\/wp\/v2\/media?parent=1205"}],"wp:term":[{"taxonomy":"category","embeddable":true,"href":"https:\/\/www.rbc.com\/fr\/economique\/wp-json\/wp\/v2\/categories?post=1205"},{"taxonomy":"post_tag","embeddable":true,"href":"https:\/\/www.rbc.com\/fr\/economique\/wp-json\/wp\/v2\/tags?post=1205"},{"taxonomy":"rbc_econ_content_type","embeddable":true,"href":"https:\/\/www.rbc.com\/fr\/economique\/wp-json\/wp\/v2\/rbc_econ_content_type?post=1205"}],"curies":[{"name":"wp","href":"https:\/\/api.w.org\/{rel}","templated":true}]}}